{"id":67001,"date":"2023-11-29T22:42:57","date_gmt":"2023-11-30T03:42:57","guid":{"rendered":"https:\/\/nitu.mx\/?p=67001"},"modified":"2023-11-30T00:10:43","modified_gmt":"2023-11-30T05:10:43","slug":"opera-sedena-4-nuevos-aeropuertos-y-tiena-ya-12-a-su-cargo","status":"publish","type":"post","link":"https:\/\/nitu.mx\/index.php\/2023\/11\/29\/opera-sedena-4-nuevos-aeropuertos-y-tiena-ya-12-a-su-cargo\/","title":{"rendered":"Opera SEDENA 4 nuevos aeropuertos y tiena ya 12 a su cargo"},"content":{"rendered":"<p><span lang=\"ES-MX\" xml:lang=\"ES-MX\">La Secretar\u00eda de Infraestructura, Comunicaciones y Transportes (SICT), asign\u00f3 4 aeropuertos adicionales a los ya otorgados al Grupo Aeroportuario, Ferroviario y de Servicios Auxiliares Olmeca-Maya-Mexica, S.A. de C.V., el cual es operado por la Secretar\u00eda de la Defensa Nacional (SEDENA), llegando a 12 las nuevas terminales a\u00e9reas que operaran, son el de<\/span><span lang=\"ES-MX\" xml:lang=\"ES-MX\">\u00a0Uruapan, Michoac\u00e1n; de Palenque, Chiapas; Puerto Escondido en Oaxaca y el Hermanos Serd\u00e1n, en Puebla. Las cesiones se realizaron a trav\u00e9s de t\u00edtulos de concesi\u00f3n y fueron publicadas en el Diario Oficial de la Federaci\u00f3n (DOF).<\/span><\/p>\n<p><span lang=\"ES-MX\" xml:lang=\"ES-MX\">Tras dicha asignaci\u00f3n,\u00a0la SEDENA ahora controla los 12 aeropuertos, pero tambi\u00e9n la administraci\u00f3n de la terminal, explotaci\u00f3n comercial y venta de combustibles.<\/span><\/p>\n<p><span lang=\"ES-MX\" xml:lang=\"ES-MX\">La creaci\u00f3n de la empresa de participaci\u00f3n estatal mayoritaria GAFSACOMM, fue anunciada el pasado 13 de abril de 2022 por la Secretar\u00eda de Hacienda y Cr\u00e9dito P\u00fablico (SHCP).<\/span><\/p>\n<p><span lang=\"ES-MX\" xml:lang=\"ES-MX\">En entrevista,\u00a0el especialista en temas econ\u00f3micos y de transporte, Fernando G\u00f3mez Su\u00e1rez, coment\u00f3 que el gobierno, al realizar estas asignaciones, incrementa el \u201cestr\u00e9s\u201d en las finanzas p\u00fablicas mexicanas, ya que los 12 aeropuertos necesitar\u00e1n inversi\u00f3n para operar eficazmente. \u201cDicha inyecci\u00f3n tendr\u00e1 que venir de los contribuyentes mexicanos\u201d, coment\u00f3 el analista.<\/span><\/p>\n<p><span lang=\"ES-MX\" xml:lang=\"ES-MX\">Para el especialista,\u00a0la SEDENA tendr\u00eda que realizar un inventario para atender las carencias y necesidades de cada terminal a\u00e9rea; sin embargo, no mencion\u00f3 una cantidad en espec\u00edfico.<\/span>\u201cImplica disponer de mayores recursos, es un reto para la siguiente administraci\u00f3n presidencial\u201d, dijo G\u00f3mez Su\u00e1rez.<\/p>\n<p><span lang=\"ES-MX\" xml:lang=\"ES-MX\">El entrevistado se\u00f1al\u00f3 que \u201chay que esperar\u201d y observar c\u00f3mo se desarrollan las operaciones de los aeropuertos; sin embargo, coment\u00f3 que el ej\u00e9rcito no es especialista en \u201chacer crecer\u201d empresas.<\/span><\/p>\n","protected":false},"excerpt":{"rendered":"<p>La Secretar\u00eda de Infraestructura, Comunicaciones y Transportes (SICT), asign\u00f3 4 aeropuertos adicionales a los ya otorgados al Grupo Aeroportuario, Ferroviario y de Servicios Auxiliares Olmeca-Maya-Mexica, S.A. de C.V., el cual es operado por la Secretar\u00eda de la Defensa Nacional (SEDENA), llegando a 12 las nuevas terminales a\u00e9reas que operaran, son el de\u00a0Uruapan, Michoac\u00e1n; de Palenque, [&hellip;]<\/p>\n","protected":false},"author":2,"featured_media":67002,"comment_status":"open","ping_status":"open","sticky":false,"template":"","format":"standard","meta":{"footnotes":""},"categories":[19462],"tags":[7077,24056,5578],"yoast_head":"<!-- This site is optimized with the Yoast SEO plugin v22.2 - https:\/\/yoast.com\/wordpress\/plugins\/seo\/ -->\n<title>Opera SEDENA 4 nuevos aeropuertos y tiena ya 12 a su cargo - Nitu - Noticias de la Industria Turistica<\/title>\n<meta name=\"robots\" content=\"index, follow, max-snippet:-1, max-image-preview:large, max-video-preview:-1\" \/>\n<link rel=\"canonical\" href=\"https:\/\/nitu.mx\/index.php\/2023\/11\/29\/opera-sedena-4-nuevos-aeropuertos-y-tiena-ya-12-a-su-cargo\/\" \/>\n<meta name=\"twitter:card\" content=\"summary_large_image\" \/>\n<meta name=\"twitter:title\" content=\"Opera SEDENA 4 nuevos aeropuertos y tiena ya 12 a su cargo - Nitu - Noticias de la Industria Turistica\" \/>\n<meta name=\"twitter:description\" content=\"La Secretar\u00eda de Infraestructura, Comunicaciones y Transportes (SICT), asign\u00f3 4 aeropuertos adicionales a los ya otorgados al Grupo Aeroportuario, Ferroviario y de Servicios Auxiliares Olmeca-Maya-Mexica, S.A. de C.V., el cual es operado por la Secretar\u00eda de la Defensa Nacional (SEDENA), llegando a 12 las nuevas terminales a\u00e9reas que operaran, son el de\u00a0Uruapan, Michoac\u00e1n; de Palenque, [&hellip;]\" \/>\n<meta name=\"twitter:image\" content=\"https:\/\/nitu.mx\/wp-content\/uploads\/2023\/11\/aeropuerto-internacional-de-puebla-andres.jpeg\" \/>\n<meta name=\"twitter:creator\" content=\"@Arturo_Medina_G\" \/>\n<meta name=\"twitter:site\" content=\"@Arturo_Medina_G\" \/>\n<meta name=\"twitter:label1\" content=\"Escrito por\" \/>\n\t<meta name=\"twitter:data1\" content=\"Arturo Medina\" \/>\n\t<meta name=\"twitter:label2\" content=\"Tiempo de lectura\" \/>\n\t<meta name=\"twitter:data2\" content=\"1 minuto\" \/>\n<script type=\"application\/ld+json\" class=\"yoast-schema-graph\">{\"@context\":\"https:\/\/schema.org\",\"@graph\":[{\"@type\":\"Article\",\"@id\":\"https:\/\/nitu.mx\/index.php\/2023\/11\/29\/opera-sedena-4-nuevos-aeropuertos-y-tiena-ya-12-a-su-cargo\/#article\",\"isPartOf\":{\"@id\":\"https:\/\/nitu.mx\/index.php\/2023\/11\/29\/opera-sedena-4-nuevos-aeropuertos-y-tiena-ya-12-a-su-cargo\/\"},\"author\":{\"name\":\"Arturo Medina\",\"@id\":\"https:\/\/nitu.mx\/#\/schema\/person\/ae7a53426417292d3dd07b45a33e01bc\"},\"headline\":\"Opera SEDENA 4 nuevos aeropuertos y tiena ya 12 a su cargo\",\"datePublished\":\"2023-11-30T03:42:57+00:00\",\"dateModified\":\"2023-11-30T05:10:43+00:00\",\"mainEntityOfPage\":{\"@id\":\"https:\/\/nitu.mx\/index.php\/2023\/11\/29\/opera-sedena-4-nuevos-aeropuertos-y-tiena-ya-12-a-su-cargo\/\"},\"wordCount\":305,\"commentCount\":0,\"publisher\":{\"@id\":\"https:\/\/nitu.mx\/#\/schema\/person\/ae7a53426417292d3dd07b45a33e01bc\"},\"image\":{\"@id\":\"https:\/\/nitu.mx\/index.php\/2023\/11\/29\/opera-sedena-4-nuevos-aeropuertos-y-tiena-ya-12-a-su-cargo\/#primaryimage\"},\"thumbnailUrl\":\"https:\/\/nitu.mx\/wp-content\/uploads\/2023\/11\/aeropuerto-internacional-de-puebla-andres.jpeg\",\"keywords\":[\"DOF\",\"GAFSACOMM\",\"SEDENA\"],\"articleSection\":[\"Aeropuertos\"],\"inLanguage\":\"es-MX\",\"potentialAction\":[{\"@type\":\"CommentAction\",\"name\":\"Comment\",\"target\":[\"https:\/\/nitu.mx\/index.php\/2023\/11\/29\/opera-sedena-4-nuevos-aeropuertos-y-tiena-ya-12-a-su-cargo\/#respond\"]}]},{\"@type\":\"WebPage\",\"@id\":\"https:\/\/nitu.mx\/index.php\/2023\/11\/29\/opera-sedena-4-nuevos-aeropuertos-y-tiena-ya-12-a-su-cargo\/\",\"url\":\"https:\/\/nitu.mx\/index.php\/2023\/11\/29\/opera-sedena-4-nuevos-aeropuertos-y-tiena-ya-12-a-su-cargo\/\",\"name\":\"Opera SEDENA 4 nuevos aeropuertos y tiena ya 12 a su cargo - Nitu - Noticias de la Industria Turistica\",\"isPartOf\":{\"@id\":\"https:\/\/nitu.mx\/#website\"},\"primaryImageOfPage\":{\"@id\":\"https:\/\/nitu.mx\/index.php\/2023\/11\/29\/opera-sedena-4-nuevos-aeropuertos-y-tiena-ya-12-a-su-cargo\/#primaryimage\"},\"image\":{\"@id\":\"https:\/\/nitu.mx\/index.php\/2023\/11\/29\/opera-sedena-4-nuevos-aeropuertos-y-tiena-ya-12-a-su-cargo\/#primaryimage\"},\"thumbnailUrl\":\"https:\/\/nitu.mx\/wp-content\/uploads\/2023\/11\/aeropuerto-internacional-de-puebla-andres.jpeg\",\"datePublished\":\"2023-11-30T03:42:57+00:00\",\"dateModified\":\"2023-11-30T05:10:43+00:00\",\"breadcrumb\":{\"@id\":\"https:\/\/nitu.mx\/index.php\/2023\/11\/29\/opera-sedena-4-nuevos-aeropuertos-y-tiena-ya-12-a-su-cargo\/#breadcrumb\"},\"inLanguage\":\"es-MX\",\"potentialAction\":[{\"@type\":\"ReadAction\",\"target\":[\"https:\/\/nitu.mx\/index.php\/2023\/11\/29\/opera-sedena-4-nuevos-aeropuertos-y-tiena-ya-12-a-su-cargo\/\"]}]},{\"@type\":\"ImageObject\",\"inLanguage\":\"es-MX\",\"@id\":\"https:\/\/nitu.mx\/index.php\/2023\/11\/29\/opera-sedena-4-nuevos-aeropuertos-y-tiena-ya-12-a-su-cargo\/#primaryimage\",\"url\":\"https:\/\/nitu.mx\/wp-content\/uploads\/2023\/11\/aeropuerto-internacional-de-puebla-andres.jpeg\",\"contentUrl\":\"https:\/\/nitu.mx\/wp-content\/uploads\/2023\/11\/aeropuerto-internacional-de-puebla-andres.jpeg\",\"width\":1200,\"height\":747,\"caption\":\"Sedena\"},{\"@type\":\"BreadcrumbList\",\"@id\":\"https:\/\/nitu.mx\/index.php\/2023\/11\/29\/opera-sedena-4-nuevos-aeropuertos-y-tiena-ya-12-a-su-cargo\/#breadcrumb\",\"itemListElement\":[{\"@type\":\"ListItem\",\"position\":1,\"name\":\"Inicio\",\"item\":\"https:\/\/nitu.mx\/\"},{\"@type\":\"ListItem\",\"position\":2,\"name\":\"Opera SEDENA 4 nuevos aeropuertos y tiena ya 12 a su cargo\"}]},{\"@type\":\"WebSite\",\"@id\":\"https:\/\/nitu.mx\/#website\",\"url\":\"https:\/\/nitu.mx\/\",\"name\":\"Nitu - Noticias de la Industria Turistica\",\"description\":\"Noticias de la Industria Turistica\",\"publisher\":{\"@id\":\"https:\/\/nitu.mx\/#\/schema\/person\/ae7a53426417292d3dd07b45a33e01bc\"},\"alternateName\":\"Noticias de la Industria Turistica\",\"potentialAction\":[{\"@type\":\"SearchAction\",\"target\":{\"@type\":\"EntryPoint\",\"urlTemplate\":\"https:\/\/nitu.mx\/?s={search_term_string}\"},\"query-input\":\"required name=search_term_string\"}],\"inLanguage\":\"es-MX\"},{\"@type\":[\"Person\",\"Organization\"],\"@id\":\"https:\/\/nitu.mx\/#\/schema\/person\/ae7a53426417292d3dd07b45a33e01bc\",\"name\":\"Arturo Medina\",\"image\":{\"@type\":\"ImageObject\",\"inLanguage\":\"es-MX\",\"@id\":\"https:\/\/nitu.mx\/#\/schema\/person\/image\/\",\"url\":\"https:\/\/nitu.mx\/wp-content\/uploads\/2024\/04\/4A315622-1904-4D5C-B022-878CDC840E04-90x90-1.jpeg\",\"contentUrl\":\"https:\/\/nitu.mx\/wp-content\/uploads\/2024\/04\/4A315622-1904-4D5C-B022-878CDC840E04-90x90-1.jpeg\",\"width\":90,\"height\":90,\"caption\":\"Arturo Medina\"},\"logo\":{\"@id\":\"https:\/\/nitu.mx\/#\/schema\/person\/image\/\"},\"description\":\"Director NITU.mx, Egresado de la Escuela de Periodismo Carlos Septi\u00e9n Garc\u00eda. Periodista y analista especializado en turismo desde hace 35 a\u00f1os, radicado en Canc\u00fan Q.Roo. arturo@nitu.mx\",\"sameAs\":[\"https:\/\/nitu.mx\",\"https:\/\/www.facebook.com\/NITUmx\/\",\"medinacancun\",\"https:\/\/twitter.com\/@Arturo_Medina_G\"],\"url\":\"https:\/\/nitu.mx\/index.php\/author\/arturo-medina\/\"}]}<\/script>\n<!-- \/ Yoast SEO plugin. -->","yoast_head_json":{"title":"Opera SEDENA 4 nuevos aeropuertos y tiena ya 12 a su cargo - Nitu - Noticias de la Industria Turistica","robots":{"index":"index","follow":"follow","max-snippet":"max-snippet:-1","max-image-preview":"max-image-preview:large","max-video-preview":"max-video-preview:-1"},"canonical":"https:\/\/nitu.mx\/index.php\/2023\/11\/29\/opera-sedena-4-nuevos-aeropuertos-y-tiena-ya-12-a-su-cargo\/","twitter_card":"summary_large_image","twitter_title":"Opera SEDENA 4 nuevos aeropuertos y tiena ya 12 a su cargo - Nitu - Noticias de la Industria Turistica","twitter_description":"La Secretar\u00eda de Infraestructura, Comunicaciones y Transportes (SICT), asign\u00f3 4 aeropuertos adicionales a los ya otorgados al Grupo Aeroportuario, Ferroviario y de Servicios Auxiliares Olmeca-Maya-Mexica, S.A. de C.V., el cual es operado por la Secretar\u00eda de la Defensa Nacional (SEDENA), llegando a 12 las nuevas terminales a\u00e9reas que operaran, son el de\u00a0Uruapan, Michoac\u00e1n; de Palenque, [&hellip;]","twitter_image":"https:\/\/nitu.mx\/wp-content\/uploads\/2023\/11\/aeropuerto-internacional-de-puebla-andres.jpeg","twitter_creator":"@Arturo_Medina_G","twitter_site":"@Arturo_Medina_G","twitter_misc":{"Escrito por":"Arturo Medina","Tiempo de lectura":"1 minuto"},"schema":{"@context":"https:\/\/schema.org","@graph":[{"@type":"Article","@id":"https:\/\/nitu.mx\/index.php\/2023\/11\/29\/opera-sedena-4-nuevos-aeropuertos-y-tiena-ya-12-a-su-cargo\/#article","isPartOf":{"@id":"https:\/\/nitu.mx\/index.php\/2023\/11\/29\/opera-sedena-4-nuevos-aeropuertos-y-tiena-ya-12-a-su-cargo\/"},"author":{"name":"Arturo Medina","@id":"https:\/\/nitu.mx\/#\/schema\/person\/ae7a53426417292d3dd07b45a33e01bc"},"headline":"Opera SEDENA 4 nuevos aeropuertos y tiena ya 12 a su cargo","datePublished":"2023-11-30T03:42:57+00:00","dateModified":"2023-11-30T05:10:43+00:00","mainEntityOfPage":{"@id":"https:\/\/nitu.mx\/index.php\/2023\/11\/29\/opera-sedena-4-nuevos-aeropuertos-y-tiena-ya-12-a-su-cargo\/"},"wordCount":305,"commentCount":0,"publisher":{"@id":"https:\/\/nitu.mx\/#\/schema\/person\/ae7a53426417292d3dd07b45a33e01bc"},"image":{"@id":"https:\/\/nitu.mx\/index.php\/2023\/11\/29\/opera-sedena-4-nuevos-aeropuertos-y-tiena-ya-12-a-su-cargo\/#primaryimage"},"thumbnailUrl":"https:\/\/nitu.mx\/wp-content\/uploads\/2023\/11\/aeropuerto-internacional-de-puebla-andres.jpeg","keywords":["DOF","GAFSACOMM","SEDENA"],"articleSection":["Aeropuertos"],"inLanguage":"es-MX","potentialAction":[{"@type":"CommentAction","name":"Comment","target":["https:\/\/nitu.mx\/index.php\/2023\/11\/29\/opera-sedena-4-nuevos-aeropuertos-y-tiena-ya-12-a-su-cargo\/#respond"]}]},{"@type":"WebPage","@id":"https:\/\/nitu.mx\/index.php\/2023\/11\/29\/opera-sedena-4-nuevos-aeropuertos-y-tiena-ya-12-a-su-cargo\/","url":"https:\/\/nitu.mx\/index.php\/2023\/11\/29\/opera-sedena-4-nuevos-aeropuertos-y-tiena-ya-12-a-su-cargo\/","name":"Opera SEDENA 4 nuevos aeropuertos y tiena ya 12 a su cargo - Nitu - Noticias de la Industria Turistica","isPartOf":{"@id":"https:\/\/nitu.mx\/#website"},"primaryImageOfPage":{"@id":"https:\/\/nitu.mx\/index.php\/2023\/11\/29\/opera-sedena-4-nuevos-aeropuertos-y-tiena-ya-12-a-su-cargo\/#primaryimage"},"image":{"@id":"https:\/\/nitu.mx\/index.php\/2023\/11\/29\/opera-sedena-4-nuevos-aeropuertos-y-tiena-ya-12-a-su-cargo\/#primaryimage"},"thumbnailUrl":"https:\/\/nitu.mx\/wp-content\/uploads\/2023\/11\/aeropuerto-internacional-de-puebla-andres.jpeg","datePublished":"2023-11-30T03:42:57+00:00","dateModified":"2023-11-30T05:10:43+00:00","breadcrumb":{"@id":"https:\/\/nitu.mx\/index.php\/2023\/11\/29\/opera-sedena-4-nuevos-aeropuertos-y-tiena-ya-12-a-su-cargo\/#breadcrumb"},"inLanguage":"es-MX","potentialAction":[{"@type":"ReadAction","target":["https:\/\/nitu.mx\/index.php\/2023\/11\/29\/opera-sedena-4-nuevos-aeropuertos-y-tiena-ya-12-a-su-cargo\/"]}]},{"@type":"ImageObject","inLanguage":"es-MX","@id":"https:\/\/nitu.mx\/index.php\/2023\/11\/29\/opera-sedena-4-nuevos-aeropuertos-y-tiena-ya-12-a-su-cargo\/#primaryimage","url":"https:\/\/nitu.mx\/wp-content\/uploads\/2023\/11\/aeropuerto-internacional-de-puebla-andres.jpeg","contentUrl":"https:\/\/nitu.mx\/wp-content\/uploads\/2023\/11\/aeropuerto-internacional-de-puebla-andres.jpeg","width":1200,"height":747,"caption":"Sedena"},{"@type":"BreadcrumbList","@id":"https:\/\/nitu.mx\/index.php\/2023\/11\/29\/opera-sedena-4-nuevos-aeropuertos-y-tiena-ya-12-a-su-cargo\/#breadcrumb","itemListElement":[{"@type":"ListItem","position":1,"name":"Inicio","item":"https:\/\/nitu.mx\/"},{"@type":"ListItem","position":2,"name":"Opera SEDENA 4 nuevos aeropuertos y tiena ya 12 a su cargo"}]},{"@type":"WebSite","@id":"https:\/\/nitu.mx\/#website","url":"https:\/\/nitu.mx\/","name":"Nitu - Noticias de la Industria Turistica","description":"Noticias de la Industria Turistica","publisher":{"@id":"https:\/\/nitu.mx\/#\/schema\/person\/ae7a53426417292d3dd07b45a33e01bc"},"alternateName":"Noticias de la Industria Turistica","potentialAction":[{"@type":"SearchAction","target":{"@type":"EntryPoint","urlTemplate":"https:\/\/nitu.mx\/?s={search_term_string}"},"query-input":"required name=search_term_string"}],"inLanguage":"es-MX"},{"@type":["Person","Organization"],"@id":"https:\/\/nitu.mx\/#\/schema\/person\/ae7a53426417292d3dd07b45a33e01bc","name":"Arturo Medina","image":{"@type":"ImageObject","inLanguage":"es-MX","@id":"https:\/\/nitu.mx\/#\/schema\/person\/image\/","url":"https:\/\/nitu.mx\/wp-content\/uploads\/2024\/04\/4A315622-1904-4D5C-B022-878CDC840E04-90x90-1.jpeg","contentUrl":"https:\/\/nitu.mx\/wp-content\/uploads\/2024\/04\/4A315622-1904-4D5C-B022-878CDC840E04-90x90-1.jpeg","width":90,"height":90,"caption":"Arturo Medina"},"logo":{"@id":"https:\/\/nitu.mx\/#\/schema\/person\/image\/"},"description":"Director NITU.mx, Egresado de la Escuela de Periodismo Carlos Septi\u00e9n Garc\u00eda. Periodista y analista especializado en turismo desde hace 35 a\u00f1os, radicado en Canc\u00fan Q.Roo. arturo@nitu.mx","sameAs":["https:\/\/nitu.mx","https:\/\/www.facebook.com\/NITUmx\/","medinacancun","https:\/\/twitter.com\/@Arturo_Medina_G"],"url":"https:\/\/nitu.mx\/index.php\/author\/arturo-medina\/"}]}},"views":896,"_links":{"self":[{"href":"https:\/\/nitu.mx\/index.php\/wp-json\/wp\/v2\/posts\/67001"}],"collection":[{"href":"https:\/\/nitu.mx\/index.php\/wp-json\/wp\/v2\/posts"}],"about":[{"href":"https:\/\/nitu.mx\/index.php\/wp-json\/wp\/v2\/types\/post"}],"author":[{"embeddable":true,"href":"https:\/\/nitu.mx\/index.php\/wp-json\/wp\/v2\/users\/2"}],"replies":[{"embeddable":true,"href":"https:\/\/nitu.mx\/index.php\/wp-json\/wp\/v2\/comments?post=67001"}],"version-history":[{"count":2,"href":"https:\/\/nitu.mx\/index.php\/wp-json\/wp\/v2\/posts\/67001\/revisions"}],"predecessor-version":[{"id":67021,"href":"https:\/\/nitu.mx\/index.php\/wp-json\/wp\/v2\/posts\/67001\/revisions\/67021"}],"wp:featuredmedia":[{"embeddable":true,"href":"https:\/\/nitu.mx\/index.php\/wp-json\/wp\/v2\/media\/67002"}],"wp:attachment":[{"href":"https:\/\/nitu.mx\/index.php\/wp-json\/wp\/v2\/media?parent=67001"}],"wp:term":[{"taxonomy":"category","embeddable":true,"href":"https:\/\/nitu.mx\/index.php\/wp-json\/wp\/v2\/categories?post=67001"},{"taxonomy":"post_tag","embeddable":true,"href":"https:\/\/nitu.mx\/index.php\/wp-json\/wp\/v2\/tags?post=67001"}],"curies":[{"name":"wp","href":"https:\/\/api.w.org\/{rel}","templated":true}]}}