{"id":66938,"date":"2023-11-27T16:16:36","date_gmt":"2023-11-27T21:16:36","guid":{"rendered":"https:\/\/nitu.mx\/?p=66938"},"modified":"2023-11-27T16:19:02","modified_gmt":"2023-11-27T21:19:02","slug":"industria-vacacional-de-mexico-eua-y-canada-vs-los-ciberdelitos","status":"publish","type":"post","link":"https:\/\/nitu.mx\/index.php\/2023\/11\/27\/industria-vacacional-de-mexico-eua-y-canada-vs-los-ciberdelitos\/","title":{"rendered":"Industria vacacional de M\u00e9xico, EUA y Canad\u00e1 vs. los ciberdelitos"},"content":{"rendered":"<p>Las m\u00e1s importantes agrupaciones de la industria vacacional y de tiempo compartido de M\u00e9xico, Estados Unidos y Canad\u00e1 acordaron crear un frente com\u00fan para generar sinergias que permitan impulsar la promoci\u00f3n tur\u00edstica, trabajar en conjunto a favor del crecimiento de este sector y contrarrestar desaf\u00edos como el cibercrimen que provoca p\u00e9rdidas por m\u00e1s de 5 trillones de d\u00f3lares anuales en el mundo.<\/p>\n<p>La Asociaci\u00f3n de Complejos Vacacionales y Tur\u00edsticos (ACOTUR), la Asociaci\u00f3n Cooperativa de Intercambiadores de Resort (CARE); la Asociaci\u00f3n Canadiense de Viajes y Resorts (CRTA) y la American Resort Development Association (ARDA), entre otras, acordaron en el marco de la Conferencia GNEX-ACOTUR 2023, impulsar acciones que permitan consolidar el desarrollo sostenido de esta industria en esta regi\u00f3n considerada l\u00edder a nivel mundial por el n\u00famero de turistas y desarrollos hoteleros que operan bajo esta modalidad y la cual genera ventas superiores a los 15 billones de d\u00f3lares anuales.<\/p>\n<p>\u201cEsta es una industria en constante crecimiento y evoluci\u00f3n que requiere del trabajo en equipo de todas las asociaciones y empresas involucradas para seguir satisfaciendo las necesidades de los viajeros y sus familias con productos m\u00e1s flexibles, atractivos y seguros que se adecuen a las nuevas tendencias del mercado\u201d, coment\u00f3 Anna Kiseleva, Presidenta de ACOTUR, quien resalt\u00f3 el inter\u00e9s de los desarrolladores por seguir invirtiendo y haciendo negocios en M\u00e9xico.<\/p>\n<p>En ese sentido, la dirigente resalt\u00f3 que esta cumbre de turismo, que reuni\u00f3 a unos 150 directivos y representantes de las principales empresas y asociaciones tur\u00edsticas de la regi\u00f3n, les permiti\u00f3 analizar los retos y oportunidades que se presentan en este sector que sigue creciendo en forma exponencial con la apertura de nuevos desarrollos y generando ocupaciones de hasta un 80 por ciento en los principales destinos de estos tres pa\u00edses.<\/p>\n<p>Uno de los temas que se abord\u00f3 en el marco de la Conferencia GNEX-ACOTUR, fue el de la ciberseguridad y fraudes digitales, problemas que amenaza no s\u00f3lo a la industria tur\u00edstica sino a todos los sectores y compa\u00f1\u00edas exitosas a nivel global y que, tan s\u00f3lo en M\u00e9xico, genera p\u00e9rdidas por m\u00e1s de mil millones de d\u00f3lares a las empresas y usuarios.<br \/>\n\u201cEl cibercrimen es un lucrativo negocio que no se va acabar en el corto ni largo plazo. Hay que estar preparados porque la pregunta no es si me van a atacar, sino cu\u00e1ndo y qu\u00e9 tan preparado estoy\u201d, se\u00f1al\u00f3 Carlos Kornhauser, Director de la Unidad de Negocios de Gobierno, Riesgos y Cumplimiento de Cybolt, una de las empresas m\u00e1s prestigiosas en la protecci\u00f3n y seguridad de los datos digitales en M\u00e9xico y Latinoam\u00e9rica, con m\u00e1s de 25 a\u00f1os de experiencia.<\/p>\n<p>El directivo revel\u00f3 que actualmente ya no se trata de hackers individuales, sino de criminales organizados que por lo general atacan de tres maneras: el da\u00f1ar los accesos a las p\u00e1ginas web y servicios digitales para que nadie tenga acceso, el de secuestrar la informaci\u00f3n mediante cifrarlos para luego pedir un rescate econ\u00f3mico y el de robo de informaci\u00f3n para venderla en el mercado negro.<\/p>\n<p>En ese sentido, refiri\u00f3 que todav\u00eda falta mucho por trabajar en la protecci\u00f3n contra los ciberdelitos en M\u00e9xico, al estimar que apenas un 30 por ciento de las empresas cuentan con sistemas de protecci\u00f3n adecuados. A nivel mundial, a\u00f1adi\u00f3, este delito representa 5 trillones de d\u00f3lares, s\u00f3lo por debajo de lo que generan econom\u00edas como Estados Unidos y China.<br \/>\nEl representante de Cybolt precis\u00f3 que adem\u00e1s de mejorar las leyes para castigar este delito en nuestro pa\u00eds y de que las empresas inviertan m\u00e1s en programas de ciberseguridad tambi\u00e9n se requiere de sensibilizar a los colaboradores a utilizar con responsabilidad las redes sociales y evitar abrir correos de dudosa procedencia que permitan el acceso a estos delincuentes a las redes y bases de datos de las empresas.<\/p>\n<p>Finalmente, reconoci\u00f3 que eventos como GNEX-ACOTUR permiten que las grandes empresas y corporativos de otros pa\u00edses, con pr\u00e1cticas muy maduras en temas de seguridad cibern\u00e9tica, compartan sus experiencias con el resto de la industria de la regi\u00f3n lo que ha permitido avanzar en mejorar los niveles de seguridad de las compa\u00f1\u00edas en el Caribe Mexicano.<\/p>\n","protected":false},"excerpt":{"rendered":"<p>Las m\u00e1s importantes agrupaciones de la industria vacacional y de tiempo compartido de M\u00e9xico, Estados Unidos y Canad\u00e1 acordaron crear un frente com\u00fan para generar sinergias que permitan impulsar la promoci\u00f3n tur\u00edstica, trabajar en conjunto a favor del crecimiento de este sector y contrarrestar desaf\u00edos como el cibercrimen que provoca p\u00e9rdidas por m\u00e1s de 5 [&hellip;]<\/p>\n","protected":false},"author":2,"featured_media":66941,"comment_status":"open","ping_status":"open","sticky":false,"template":"","format":"standard","meta":{"footnotes":""},"categories":[2],"tags":[12619],"yoast_head":"<!-- This site is optimized with the Yoast SEO plugin v22.2 - https:\/\/yoast.com\/wordpress\/plugins\/seo\/ -->\n<title>Industria vacacional de M\u00e9xico, EUA y Canad\u00e1 vs. los ciberdelitos - Nitu - Noticias de la Industria Turistica<\/title>\n<meta name=\"robots\" content=\"index, follow, max-snippet:-1, max-image-preview:large, max-video-preview:-1\" \/>\n<link rel=\"canonical\" href=\"https:\/\/nitu.mx\/index.php\/2023\/11\/27\/industria-vacacional-de-mexico-eua-y-canada-vs-los-ciberdelitos\/\" \/>\n<meta name=\"twitter:card\" content=\"summary_large_image\" \/>\n<meta name=\"twitter:title\" content=\"Industria vacacional de M\u00e9xico, EUA y Canad\u00e1 vs. los ciberdelitos - Nitu - Noticias de la Industria Turistica\" \/>\n<meta name=\"twitter:description\" content=\"Las m\u00e1s importantes agrupaciones de la industria vacacional y de tiempo compartido de M\u00e9xico, Estados Unidos y Canad\u00e1 acordaron crear un frente com\u00fan para generar sinergias que permitan impulsar la promoci\u00f3n tur\u00edstica, trabajar en conjunto a favor del crecimiento de este sector y contrarrestar desaf\u00edos como el cibercrimen que provoca p\u00e9rdidas por m\u00e1s de 5 [&hellip;]\" \/>\n<meta name=\"twitter:image\" content=\"https:\/\/nitu.mx\/wp-content\/uploads\/2023\/11\/acotur-2.jpg\" \/>\n<meta name=\"twitter:creator\" content=\"@Arturo_Medina_G\" \/>\n<meta name=\"twitter:site\" content=\"@Arturo_Medina_G\" \/>\n<meta name=\"twitter:label1\" content=\"Escrito por\" \/>\n\t<meta name=\"twitter:data1\" content=\"Arturo Medina\" \/>\n\t<meta name=\"twitter:label2\" content=\"Tiempo de lectura\" \/>\n\t<meta name=\"twitter:data2\" content=\"4 minutos\" \/>\n<script type=\"application\/ld+json\" class=\"yoast-schema-graph\">{\"@context\":\"https:\/\/schema.org\",\"@graph\":[{\"@type\":\"Article\",\"@id\":\"https:\/\/nitu.mx\/index.php\/2023\/11\/27\/industria-vacacional-de-mexico-eua-y-canada-vs-los-ciberdelitos\/#article\",\"isPartOf\":{\"@id\":\"https:\/\/nitu.mx\/index.php\/2023\/11\/27\/industria-vacacional-de-mexico-eua-y-canada-vs-los-ciberdelitos\/\"},\"author\":{\"name\":\"Arturo Medina\",\"@id\":\"https:\/\/nitu.mx\/#\/schema\/person\/ae7a53426417292d3dd07b45a33e01bc\"},\"headline\":\"Industria vacacional de M\u00e9xico, EUA y Canad\u00e1 vs. los ciberdelitos\",\"datePublished\":\"2023-11-27T21:16:36+00:00\",\"dateModified\":\"2023-11-27T21:19:02+00:00\",\"mainEntityOfPage\":{\"@id\":\"https:\/\/nitu.mx\/index.php\/2023\/11\/27\/industria-vacacional-de-mexico-eua-y-canada-vs-los-ciberdelitos\/\"},\"wordCount\":744,\"commentCount\":0,\"publisher\":{\"@id\":\"https:\/\/nitu.mx\/#\/schema\/person\/ae7a53426417292d3dd07b45a33e01bc\"},\"image\":{\"@id\":\"https:\/\/nitu.mx\/index.php\/2023\/11\/27\/industria-vacacional-de-mexico-eua-y-canada-vs-los-ciberdelitos\/#primaryimage\"},\"thumbnailUrl\":\"https:\/\/nitu.mx\/wp-content\/uploads\/2023\/11\/acotur-2.jpg\",\"keywords\":[\"Asociaci\u00f3n de Complejos Vacacionales y Tur\u00edsticos (ACOTUR)\"],\"articleSection\":[\"Hoteles\"],\"inLanguage\":\"es-MX\",\"potentialAction\":[{\"@type\":\"CommentAction\",\"name\":\"Comment\",\"target\":[\"https:\/\/nitu.mx\/index.php\/2023\/11\/27\/industria-vacacional-de-mexico-eua-y-canada-vs-los-ciberdelitos\/#respond\"]}]},{\"@type\":\"WebPage\",\"@id\":\"https:\/\/nitu.mx\/index.php\/2023\/11\/27\/industria-vacacional-de-mexico-eua-y-canada-vs-los-ciberdelitos\/\",\"url\":\"https:\/\/nitu.mx\/index.php\/2023\/11\/27\/industria-vacacional-de-mexico-eua-y-canada-vs-los-ciberdelitos\/\",\"name\":\"Industria vacacional de M\u00e9xico, EUA y Canad\u00e1 vs. los ciberdelitos - Nitu - Noticias de la Industria Turistica\",\"isPartOf\":{\"@id\":\"https:\/\/nitu.mx\/#website\"},\"primaryImageOfPage\":{\"@id\":\"https:\/\/nitu.mx\/index.php\/2023\/11\/27\/industria-vacacional-de-mexico-eua-y-canada-vs-los-ciberdelitos\/#primaryimage\"},\"image\":{\"@id\":\"https:\/\/nitu.mx\/index.php\/2023\/11\/27\/industria-vacacional-de-mexico-eua-y-canada-vs-los-ciberdelitos\/#primaryimage\"},\"thumbnailUrl\":\"https:\/\/nitu.mx\/wp-content\/uploads\/2023\/11\/acotur-2.jpg\",\"datePublished\":\"2023-11-27T21:16:36+00:00\",\"dateModified\":\"2023-11-27T21:19:02+00:00\",\"breadcrumb\":{\"@id\":\"https:\/\/nitu.mx\/index.php\/2023\/11\/27\/industria-vacacional-de-mexico-eua-y-canada-vs-los-ciberdelitos\/#breadcrumb\"},\"inLanguage\":\"es-MX\",\"potentialAction\":[{\"@type\":\"ReadAction\",\"target\":[\"https:\/\/nitu.mx\/index.php\/2023\/11\/27\/industria-vacacional-de-mexico-eua-y-canada-vs-los-ciberdelitos\/\"]}]},{\"@type\":\"ImageObject\",\"inLanguage\":\"es-MX\",\"@id\":\"https:\/\/nitu.mx\/index.php\/2023\/11\/27\/industria-vacacional-de-mexico-eua-y-canada-vs-los-ciberdelitos\/#primaryimage\",\"url\":\"https:\/\/nitu.mx\/wp-content\/uploads\/2023\/11\/acotur-2.jpg\",\"contentUrl\":\"https:\/\/nitu.mx\/wp-content\/uploads\/2023\/11\/acotur-2.jpg\",\"width\":1323,\"height\":882},{\"@type\":\"BreadcrumbList\",\"@id\":\"https:\/\/nitu.mx\/index.php\/2023\/11\/27\/industria-vacacional-de-mexico-eua-y-canada-vs-los-ciberdelitos\/#breadcrumb\",\"itemListElement\":[{\"@type\":\"ListItem\",\"position\":1,\"name\":\"Inicio\",\"item\":\"https:\/\/nitu.mx\/\"},{\"@type\":\"ListItem\",\"position\":2,\"name\":\"Industria vacacional de M\u00e9xico, EUA y Canad\u00e1 vs. los ciberdelitos\"}]},{\"@type\":\"WebSite\",\"@id\":\"https:\/\/nitu.mx\/#website\",\"url\":\"https:\/\/nitu.mx\/\",\"name\":\"Nitu - Noticias de la Industria Turistica\",\"description\":\"Noticias de la Industria Turistica\",\"publisher\":{\"@id\":\"https:\/\/nitu.mx\/#\/schema\/person\/ae7a53426417292d3dd07b45a33e01bc\"},\"alternateName\":\"Noticias de la Industria Turistica\",\"potentialAction\":[{\"@type\":\"SearchAction\",\"target\":{\"@type\":\"EntryPoint\",\"urlTemplate\":\"https:\/\/nitu.mx\/?s={search_term_string}\"},\"query-input\":\"required name=search_term_string\"}],\"inLanguage\":\"es-MX\"},{\"@type\":[\"Person\",\"Organization\"],\"@id\":\"https:\/\/nitu.mx\/#\/schema\/person\/ae7a53426417292d3dd07b45a33e01bc\",\"name\":\"Arturo Medina\",\"image\":{\"@type\":\"ImageObject\",\"inLanguage\":\"es-MX\",\"@id\":\"https:\/\/nitu.mx\/#\/schema\/person\/image\/\",\"url\":\"https:\/\/nitu.mx\/wp-content\/uploads\/2024\/04\/4A315622-1904-4D5C-B022-878CDC840E04-90x90-1.jpeg\",\"contentUrl\":\"https:\/\/nitu.mx\/wp-content\/uploads\/2024\/04\/4A315622-1904-4D5C-B022-878CDC840E04-90x90-1.jpeg\",\"width\":90,\"height\":90,\"caption\":\"Arturo Medina\"},\"logo\":{\"@id\":\"https:\/\/nitu.mx\/#\/schema\/person\/image\/\"},\"description\":\"Director NITU.mx, Egresado de la Escuela de Periodismo Carlos Septi\u00e9n Garc\u00eda. Periodista y analista especializado en turismo desde hace 35 a\u00f1os, radicado en Canc\u00fan Q.Roo. arturo@nitu.mx\",\"sameAs\":[\"https:\/\/nitu.mx\",\"https:\/\/www.facebook.com\/NITUmx\/\",\"medinacancun\",\"https:\/\/twitter.com\/@Arturo_Medina_G\"],\"url\":\"https:\/\/nitu.mx\/index.php\/author\/arturo-medina\/\"}]}<\/script>\n<!-- \/ Yoast SEO plugin. -->","yoast_head_json":{"title":"Industria vacacional de M\u00e9xico, EUA y Canad\u00e1 vs. los ciberdelitos - Nitu - Noticias de la Industria Turistica","robots":{"index":"index","follow":"follow","max-snippet":"max-snippet:-1","max-image-preview":"max-image-preview:large","max-video-preview":"max-video-preview:-1"},"canonical":"https:\/\/nitu.mx\/index.php\/2023\/11\/27\/industria-vacacional-de-mexico-eua-y-canada-vs-los-ciberdelitos\/","twitter_card":"summary_large_image","twitter_title":"Industria vacacional de M\u00e9xico, EUA y Canad\u00e1 vs. los ciberdelitos - Nitu - Noticias de la Industria Turistica","twitter_description":"Las m\u00e1s importantes agrupaciones de la industria vacacional y de tiempo compartido de M\u00e9xico, Estados Unidos y Canad\u00e1 acordaron crear un frente com\u00fan para generar sinergias que permitan impulsar la promoci\u00f3n tur\u00edstica, trabajar en conjunto a favor del crecimiento de este sector y contrarrestar desaf\u00edos como el cibercrimen que provoca p\u00e9rdidas por m\u00e1s de 5 [&hellip;]","twitter_image":"https:\/\/nitu.mx\/wp-content\/uploads\/2023\/11\/acotur-2.jpg","twitter_creator":"@Arturo_Medina_G","twitter_site":"@Arturo_Medina_G","twitter_misc":{"Escrito por":"Arturo Medina","Tiempo de lectura":"4 minutos"},"schema":{"@context":"https:\/\/schema.org","@graph":[{"@type":"Article","@id":"https:\/\/nitu.mx\/index.php\/2023\/11\/27\/industria-vacacional-de-mexico-eua-y-canada-vs-los-ciberdelitos\/#article","isPartOf":{"@id":"https:\/\/nitu.mx\/index.php\/2023\/11\/27\/industria-vacacional-de-mexico-eua-y-canada-vs-los-ciberdelitos\/"},"author":{"name":"Arturo Medina","@id":"https:\/\/nitu.mx\/#\/schema\/person\/ae7a53426417292d3dd07b45a33e01bc"},"headline":"Industria vacacional de M\u00e9xico, EUA y Canad\u00e1 vs. los ciberdelitos","datePublished":"2023-11-27T21:16:36+00:00","dateModified":"2023-11-27T21:19:02+00:00","mainEntityOfPage":{"@id":"https:\/\/nitu.mx\/index.php\/2023\/11\/27\/industria-vacacional-de-mexico-eua-y-canada-vs-los-ciberdelitos\/"},"wordCount":744,"commentCount":0,"publisher":{"@id":"https:\/\/nitu.mx\/#\/schema\/person\/ae7a53426417292d3dd07b45a33e01bc"},"image":{"@id":"https:\/\/nitu.mx\/index.php\/2023\/11\/27\/industria-vacacional-de-mexico-eua-y-canada-vs-los-ciberdelitos\/#primaryimage"},"thumbnailUrl":"https:\/\/nitu.mx\/wp-content\/uploads\/2023\/11\/acotur-2.jpg","keywords":["Asociaci\u00f3n de Complejos Vacacionales y Tur\u00edsticos (ACOTUR)"],"articleSection":["Hoteles"],"inLanguage":"es-MX","potentialAction":[{"@type":"CommentAction","name":"Comment","target":["https:\/\/nitu.mx\/index.php\/2023\/11\/27\/industria-vacacional-de-mexico-eua-y-canada-vs-los-ciberdelitos\/#respond"]}]},{"@type":"WebPage","@id":"https:\/\/nitu.mx\/index.php\/2023\/11\/27\/industria-vacacional-de-mexico-eua-y-canada-vs-los-ciberdelitos\/","url":"https:\/\/nitu.mx\/index.php\/2023\/11\/27\/industria-vacacional-de-mexico-eua-y-canada-vs-los-ciberdelitos\/","name":"Industria vacacional de M\u00e9xico, EUA y Canad\u00e1 vs. los ciberdelitos - Nitu - Noticias de la Industria Turistica","isPartOf":{"@id":"https:\/\/nitu.mx\/#website"},"primaryImageOfPage":{"@id":"https:\/\/nitu.mx\/index.php\/2023\/11\/27\/industria-vacacional-de-mexico-eua-y-canada-vs-los-ciberdelitos\/#primaryimage"},"image":{"@id":"https:\/\/nitu.mx\/index.php\/2023\/11\/27\/industria-vacacional-de-mexico-eua-y-canada-vs-los-ciberdelitos\/#primaryimage"},"thumbnailUrl":"https:\/\/nitu.mx\/wp-content\/uploads\/2023\/11\/acotur-2.jpg","datePublished":"2023-11-27T21:16:36+00:00","dateModified":"2023-11-27T21:19:02+00:00","breadcrumb":{"@id":"https:\/\/nitu.mx\/index.php\/2023\/11\/27\/industria-vacacional-de-mexico-eua-y-canada-vs-los-ciberdelitos\/#breadcrumb"},"inLanguage":"es-MX","potentialAction":[{"@type":"ReadAction","target":["https:\/\/nitu.mx\/index.php\/2023\/11\/27\/industria-vacacional-de-mexico-eua-y-canada-vs-los-ciberdelitos\/"]}]},{"@type":"ImageObject","inLanguage":"es-MX","@id":"https:\/\/nitu.mx\/index.php\/2023\/11\/27\/industria-vacacional-de-mexico-eua-y-canada-vs-los-ciberdelitos\/#primaryimage","url":"https:\/\/nitu.mx\/wp-content\/uploads\/2023\/11\/acotur-2.jpg","contentUrl":"https:\/\/nitu.mx\/wp-content\/uploads\/2023\/11\/acotur-2.jpg","width":1323,"height":882},{"@type":"BreadcrumbList","@id":"https:\/\/nitu.mx\/index.php\/2023\/11\/27\/industria-vacacional-de-mexico-eua-y-canada-vs-los-ciberdelitos\/#breadcrumb","itemListElement":[{"@type":"ListItem","position":1,"name":"Inicio","item":"https:\/\/nitu.mx\/"},{"@type":"ListItem","position":2,"name":"Industria vacacional de M\u00e9xico, EUA y Canad\u00e1 vs. los ciberdelitos"}]},{"@type":"WebSite","@id":"https:\/\/nitu.mx\/#website","url":"https:\/\/nitu.mx\/","name":"Nitu - Noticias de la Industria Turistica","description":"Noticias de la Industria Turistica","publisher":{"@id":"https:\/\/nitu.mx\/#\/schema\/person\/ae7a53426417292d3dd07b45a33e01bc"},"alternateName":"Noticias de la Industria Turistica","potentialAction":[{"@type":"SearchAction","target":{"@type":"EntryPoint","urlTemplate":"https:\/\/nitu.mx\/?s={search_term_string}"},"query-input":"required name=search_term_string"}],"inLanguage":"es-MX"},{"@type":["Person","Organization"],"@id":"https:\/\/nitu.mx\/#\/schema\/person\/ae7a53426417292d3dd07b45a33e01bc","name":"Arturo Medina","image":{"@type":"ImageObject","inLanguage":"es-MX","@id":"https:\/\/nitu.mx\/#\/schema\/person\/image\/","url":"https:\/\/nitu.mx\/wp-content\/uploads\/2024\/04\/4A315622-1904-4D5C-B022-878CDC840E04-90x90-1.jpeg","contentUrl":"https:\/\/nitu.mx\/wp-content\/uploads\/2024\/04\/4A315622-1904-4D5C-B022-878CDC840E04-90x90-1.jpeg","width":90,"height":90,"caption":"Arturo Medina"},"logo":{"@id":"https:\/\/nitu.mx\/#\/schema\/person\/image\/"},"description":"Director NITU.mx, Egresado de la Escuela de Periodismo Carlos Septi\u00e9n Garc\u00eda. Periodista y analista especializado en turismo desde hace 35 a\u00f1os, radicado en Canc\u00fan Q.Roo. arturo@nitu.mx","sameAs":["https:\/\/nitu.mx","https:\/\/www.facebook.com\/NITUmx\/","medinacancun","https:\/\/twitter.com\/@Arturo_Medina_G"],"url":"https:\/\/nitu.mx\/index.php\/author\/arturo-medina\/"}]}},"views":267,"_links":{"self":[{"href":"https:\/\/nitu.mx\/index.php\/wp-json\/wp\/v2\/posts\/66938"}],"collection":[{"href":"https:\/\/nitu.mx\/index.php\/wp-json\/wp\/v2\/posts"}],"about":[{"href":"https:\/\/nitu.mx\/index.php\/wp-json\/wp\/v2\/types\/post"}],"author":[{"embeddable":true,"href":"https:\/\/nitu.mx\/index.php\/wp-json\/wp\/v2\/users\/2"}],"replies":[{"embeddable":true,"href":"https:\/\/nitu.mx\/index.php\/wp-json\/wp\/v2\/comments?post=66938"}],"version-history":[{"count":1,"href":"https:\/\/nitu.mx\/index.php\/wp-json\/wp\/v2\/posts\/66938\/revisions"}],"predecessor-version":[{"id":66939,"href":"https:\/\/nitu.mx\/index.php\/wp-json\/wp\/v2\/posts\/66938\/revisions\/66939"}],"wp:featuredmedia":[{"embeddable":true,"href":"https:\/\/nitu.mx\/index.php\/wp-json\/wp\/v2\/media\/66941"}],"wp:attachment":[{"href":"https:\/\/nitu.mx\/index.php\/wp-json\/wp\/v2\/media?parent=66938"}],"wp:term":[{"taxonomy":"category","embeddable":true,"href":"https:\/\/nitu.mx\/index.php\/wp-json\/wp\/v2\/categories?post=66938"},{"taxonomy":"post_tag","embeddable":true,"href":"https:\/\/nitu.mx\/index.php\/wp-json\/wp\/v2\/tags?post=66938"}],"curies":[{"name":"wp","href":"https:\/\/api.w.org\/{rel}","templated":true}]}}