{"id":66928,"date":"2023-11-24T01:46:50","date_gmt":"2023-11-24T06:46:50","guid":{"rendered":"https:\/\/nitu.mx\/?p=66928"},"modified":"2023-11-24T01:48:09","modified_gmt":"2023-11-24T06:48:09","slug":"viajes-corporativos-retoman-rumbo-pero-con-mas-medidas-de-prevencion","status":"publish","type":"post","link":"https:\/\/nitu.mx\/index.php\/2023\/11\/24\/viajes-corporativos-retoman-rumbo-pero-con-mas-medidas-de-prevencion\/","title":{"rendered":"Viajes corporativos retoman rumbo pero con m\u00e1s medidas de prevenci\u00f3n"},"content":{"rendered":"<p>El turismo de negocios ha experimentado un notable auge en las \u00faltimas d\u00e9cadas, convirti\u00e9ndose en una vertiente fundamental de esta industria. Si bien la pandemia<br \/>\nhab\u00eda puesto un freno a los viajes corporativos, hoy en d\u00eda est\u00e1n recuperando su flujo habitual, revel\u00f3 Carlos Bricka, country manager de Assist Card M\u00e9xico.<\/p>\n<p>Se trata de un fen\u00f3meno empresarial en constante evoluci\u00f3n que atrae a miles de profesionales y ejecutivos cada a\u00f1o, generando no solo ingresos para la industria, sino<br \/>\ntambi\u00e9n una oportunidad para expandir las relaciones comerciales internacionales.<\/p>\n<p>Sin embargo, viajar por negocios tambi\u00e9n implica enfrentarse a diversos riesgos y eventualidades, como accidentes, enfermedades, cancelaciones, p\u00e9rdidas de<br \/>\nequipaje, documentos, entre otros. Por eso, contar con una asistencia corporativa es fundamental para garantizar la tranquilidad y el \u00e9xito de los viajes.<\/p>\n<p>El costo de enfermarse en el extranjero puede variar seg\u00fan el destino. De acuerdo con cifras propias, una hospitalizaci\u00f3n por accidente en Brasil puede valer cerca de\u00a0 35 mil, una indigesti\u00f3n en Espa\u00f1a m\u00e1s de mil 500 y una insolaci\u00f3n en Miami USD 3 mil 500.<\/p>\n<p>Teniendo en cuenta que la prioridad es el bienestar de las personas, muchas compa\u00f1\u00edas invierten para que sus empleados viajen seguros y protegidos, con empresas de asistencia al viajero robustas y de primera l\u00ednea, que los cubran ante cualquier imprevisto m\u00e9dico o no m\u00e9dico.<\/p>\n<p>Por lo tanto, el servicio de asistencia al viajero se ha desarrollado espec\u00edficamente para acompa\u00f1ar al cliente ante lo inesperado y cubrir sus necesidades y exigencias,<br \/>\nofreci\u00e9ndoles la posibilidad de contar con asistencia m\u00e9dica ante una eventualidad, servicio de telemedicina las 24 horas, cobertura ante enfermedades preexistentes,<br \/>\nprotecci\u00f3n de equipaje, repatriaci\u00f3n sanitaria, entre otros.<\/p>\n<p>En conclusi\u00f3n, el turismo de negocios es una actividad que genera valor tanto para las relaciones entre profesionales como comerciales, visibiliza a las compa\u00f1\u00edas, invita a vivir experiencias multiculturales y adem\u00e1s es un gran actor dentro de la industria en general.\u00a0<a title=\"Ixtapa Zihuatanejo tendr\u00e1 presencia en puntos de venta de Assist Card\" href=\"https:\/\/nitu.mx\/index.php\/2023\/10\/19\/ixtapa-zihuatanejo-tendra-presencia-en-puntos-de-venta-de-assist-card\/\" rel=\"bookmark\">(Ixtapa Zihuatanejo tendr\u00e1 presencia en puntos de venta de Assist Card<\/a>).<\/p>\n","protected":false},"excerpt":{"rendered":"<p>El turismo de negocios ha experimentado un notable auge en las \u00faltimas d\u00e9cadas, convirti\u00e9ndose en una vertiente fundamental de esta industria. Si bien la pandemia hab\u00eda puesto un freno a los viajes corporativos, hoy en d\u00eda est\u00e1n recuperando su flujo habitual, revel\u00f3 Carlos Bricka, country manager de Assist Card M\u00e9xico. Se trata de un fen\u00f3meno [&hellip;]<\/p>\n","protected":false},"author":17,"featured_media":44153,"comment_status":"open","ping_status":"open","sticky":false,"template":"","format":"standard","meta":{"footnotes":""},"categories":[12],"tags":[18468,19969,12586],"yoast_head":"<!-- This site is optimized with the Yoast SEO plugin v22.2 - https:\/\/yoast.com\/wordpress\/plugins\/seo\/ -->\n<title>Viajes corporativos retoman rumbo pero con m\u00e1s medidas de prevenci\u00f3n - Nitu - Noticias de la Industria Turistica<\/title>\n<meta name=\"robots\" content=\"index, follow, max-snippet:-1, max-image-preview:large, max-video-preview:-1\" \/>\n<link rel=\"canonical\" href=\"https:\/\/nitu.mx\/index.php\/2023\/11\/24\/viajes-corporativos-retoman-rumbo-pero-con-mas-medidas-de-prevencion\/\" \/>\n<meta name=\"twitter:card\" content=\"summary_large_image\" \/>\n<meta name=\"twitter:title\" content=\"Viajes corporativos retoman rumbo pero con m\u00e1s medidas de prevenci\u00f3n - Nitu - Noticias de la Industria Turistica\" \/>\n<meta name=\"twitter:description\" content=\"El turismo de negocios ha experimentado un notable auge en las \u00faltimas d\u00e9cadas, convirti\u00e9ndose en una vertiente fundamental de esta industria. Si bien la pandemia hab\u00eda puesto un freno a los viajes corporativos, hoy en d\u00eda est\u00e1n recuperando su flujo habitual, revel\u00f3 Carlos Bricka, country manager de Assist Card M\u00e9xico. Se trata de un fen\u00f3meno [&hellip;]\" \/>\n<meta name=\"twitter:image\" content=\"https:\/\/nitu.mx\/wp-content\/uploads\/2020\/07\/Carlos-Bricka-Assist-Card.jpg\" \/>\n<meta name=\"twitter:creator\" content=\"@NITUmx\" \/>\n<meta name=\"twitter:site\" content=\"@Arturo_Medina_G\" \/>\n<meta name=\"twitter:label1\" content=\"Escrito por\" \/>\n\t<meta name=\"twitter:data1\" content=\"Redacci\u00f3n\" \/>\n\t<meta name=\"twitter:label2\" content=\"Tiempo de lectura\" \/>\n\t<meta name=\"twitter:data2\" content=\"2 minutos\" \/>\n<script type=\"application\/ld+json\" class=\"yoast-schema-graph\">{\"@context\":\"https:\/\/schema.org\",\"@graph\":[{\"@type\":\"Article\",\"@id\":\"https:\/\/nitu.mx\/index.php\/2023\/11\/24\/viajes-corporativos-retoman-rumbo-pero-con-mas-medidas-de-prevencion\/#article\",\"isPartOf\":{\"@id\":\"https:\/\/nitu.mx\/index.php\/2023\/11\/24\/viajes-corporativos-retoman-rumbo-pero-con-mas-medidas-de-prevencion\/\"},\"author\":{\"name\":\"Redacci\u00f3n\",\"@id\":\"https:\/\/nitu.mx\/#\/schema\/person\/4a28fe9bd65924f7c90623773daf1b0b\"},\"headline\":\"Viajes corporativos retoman rumbo pero con m\u00e1s medidas de prevenci\u00f3n\",\"datePublished\":\"2023-11-24T06:46:50+00:00\",\"dateModified\":\"2023-11-24T06:48:09+00:00\",\"mainEntityOfPage\":{\"@id\":\"https:\/\/nitu.mx\/index.php\/2023\/11\/24\/viajes-corporativos-retoman-rumbo-pero-con-mas-medidas-de-prevencion\/\"},\"wordCount\":362,\"commentCount\":0,\"publisher\":{\"@id\":\"https:\/\/nitu.mx\/#\/schema\/person\/ae7a53426417292d3dd07b45a33e01bc\"},\"image\":{\"@id\":\"https:\/\/nitu.mx\/index.php\/2023\/11\/24\/viajes-corporativos-retoman-rumbo-pero-con-mas-medidas-de-prevencion\/#primaryimage\"},\"thumbnailUrl\":\"https:\/\/nitu.mx\/wp-content\/uploads\/2020\/07\/Carlos-Bricka-Assist-Card.jpg\",\"keywords\":[\"Assist Card\",\"Carlos Bricka\",\"viajes corporativos\"],\"articleSection\":[\"Marketing\"],\"inLanguage\":\"es-MX\",\"potentialAction\":[{\"@type\":\"CommentAction\",\"name\":\"Comment\",\"target\":[\"https:\/\/nitu.mx\/index.php\/2023\/11\/24\/viajes-corporativos-retoman-rumbo-pero-con-mas-medidas-de-prevencion\/#respond\"]}]},{\"@type\":\"WebPage\",\"@id\":\"https:\/\/nitu.mx\/index.php\/2023\/11\/24\/viajes-corporativos-retoman-rumbo-pero-con-mas-medidas-de-prevencion\/\",\"url\":\"https:\/\/nitu.mx\/index.php\/2023\/11\/24\/viajes-corporativos-retoman-rumbo-pero-con-mas-medidas-de-prevencion\/\",\"name\":\"Viajes corporativos retoman rumbo pero con m\u00e1s medidas de prevenci\u00f3n - Nitu - Noticias de la Industria Turistica\",\"isPartOf\":{\"@id\":\"https:\/\/nitu.mx\/#website\"},\"primaryImageOfPage\":{\"@id\":\"https:\/\/nitu.mx\/index.php\/2023\/11\/24\/viajes-corporativos-retoman-rumbo-pero-con-mas-medidas-de-prevencion\/#primaryimage\"},\"image\":{\"@id\":\"https:\/\/nitu.mx\/index.php\/2023\/11\/24\/viajes-corporativos-retoman-rumbo-pero-con-mas-medidas-de-prevencion\/#primaryimage\"},\"thumbnailUrl\":\"https:\/\/nitu.mx\/wp-content\/uploads\/2020\/07\/Carlos-Bricka-Assist-Card.jpg\",\"datePublished\":\"2023-11-24T06:46:50+00:00\",\"dateModified\":\"2023-11-24T06:48:09+00:00\",\"breadcrumb\":{\"@id\":\"https:\/\/nitu.mx\/index.php\/2023\/11\/24\/viajes-corporativos-retoman-rumbo-pero-con-mas-medidas-de-prevencion\/#breadcrumb\"},\"inLanguage\":\"es-MX\",\"potentialAction\":[{\"@type\":\"ReadAction\",\"target\":[\"https:\/\/nitu.mx\/index.php\/2023\/11\/24\/viajes-corporativos-retoman-rumbo-pero-con-mas-medidas-de-prevencion\/\"]}]},{\"@type\":\"ImageObject\",\"inLanguage\":\"es-MX\",\"@id\":\"https:\/\/nitu.mx\/index.php\/2023\/11\/24\/viajes-corporativos-retoman-rumbo-pero-con-mas-medidas-de-prevencion\/#primaryimage\",\"url\":\"https:\/\/nitu.mx\/wp-content\/uploads\/2020\/07\/Carlos-Bricka-Assist-Card.jpg\",\"contentUrl\":\"https:\/\/nitu.mx\/wp-content\/uploads\/2020\/07\/Carlos-Bricka-Assist-Card.jpg\",\"width\":850,\"height\":480,\"caption\":\"Assist Caard viajes corporativos\"},{\"@type\":\"BreadcrumbList\",\"@id\":\"https:\/\/nitu.mx\/index.php\/2023\/11\/24\/viajes-corporativos-retoman-rumbo-pero-con-mas-medidas-de-prevencion\/#breadcrumb\",\"itemListElement\":[{\"@type\":\"ListItem\",\"position\":1,\"name\":\"Inicio\",\"item\":\"https:\/\/nitu.mx\/\"},{\"@type\":\"ListItem\",\"position\":2,\"name\":\"Viajes corporativos retoman rumbo pero con m\u00e1s medidas de prevenci\u00f3n\"}]},{\"@type\":\"WebSite\",\"@id\":\"https:\/\/nitu.mx\/#website\",\"url\":\"https:\/\/nitu.mx\/\",\"name\":\"Nitu - Noticias de la Industria Turistica\",\"description\":\"Noticias de la Industria Turistica\",\"publisher\":{\"@id\":\"https:\/\/nitu.mx\/#\/schema\/person\/ae7a53426417292d3dd07b45a33e01bc\"},\"alternateName\":\"Noticias de la Industria Turistica\",\"potentialAction\":[{\"@type\":\"SearchAction\",\"target\":{\"@type\":\"EntryPoint\",\"urlTemplate\":\"https:\/\/nitu.mx\/?s={search_term_string}\"},\"query-input\":\"required name=search_term_string\"}],\"inLanguage\":\"es-MX\"},{\"@type\":[\"Person\",\"Organization\"],\"@id\":\"https:\/\/nitu.mx\/#\/schema\/person\/ae7a53426417292d3dd07b45a33e01bc\",\"name\":\"Arturo Medina\",\"image\":{\"@type\":\"ImageObject\",\"inLanguage\":\"es-MX\",\"@id\":\"https:\/\/nitu.mx\/#\/schema\/person\/image\/\",\"url\":\"https:\/\/nitu.mx\/wp-content\/uploads\/2024\/04\/4A315622-1904-4D5C-B022-878CDC840E04-90x90-1.jpeg\",\"contentUrl\":\"https:\/\/nitu.mx\/wp-content\/uploads\/2024\/04\/4A315622-1904-4D5C-B022-878CDC840E04-90x90-1.jpeg\",\"width\":90,\"height\":90,\"caption\":\"Arturo Medina\"},\"logo\":{\"@id\":\"https:\/\/nitu.mx\/#\/schema\/person\/image\/\"},\"description\":\"Director NITU.mx, Egresado de la Escuela de Periodismo Carlos Septi\u00e9n Garc\u00eda. Periodista y analista especializado en turismo desde hace 35 a\u00f1os, radicado en Canc\u00fan Q.Roo. arturo@nitu.mx\",\"sameAs\":[\"https:\/\/nitu.mx\",\"https:\/\/www.facebook.com\/NITUmx\/\",\"medinacancun\",\"https:\/\/twitter.com\/@Arturo_Medina_G\"]},{\"@type\":\"Person\",\"@id\":\"https:\/\/nitu.mx\/#\/schema\/person\/4a28fe9bd65924f7c90623773daf1b0b\",\"name\":\"Redacci\u00f3n\",\"image\":{\"@type\":\"ImageObject\",\"inLanguage\":\"es-MX\",\"@id\":\"https:\/\/nitu.mx\/#\/schema\/person\/image\/\",\"url\":\"https:\/\/secure.gravatar.com\/avatar\/5dd011c8ccfc5cd7e4c81e42252aab38?s=96&d=mm&r=g\",\"contentUrl\":\"https:\/\/secure.gravatar.com\/avatar\/5dd011c8ccfc5cd7e4c81e42252aab38?s=96&d=mm&r=g\",\"caption\":\"Redacci\u00f3n\"},\"url\":\"https:\/\/nitu.mx\/index.php\/author\/redaccion\/\"}]}<\/script>\n<!-- \/ Yoast SEO plugin. -->","yoast_head_json":{"title":"Viajes corporativos retoman rumbo pero con m\u00e1s medidas de prevenci\u00f3n - Nitu - Noticias de la Industria Turistica","robots":{"index":"index","follow":"follow","max-snippet":"max-snippet:-1","max-image-preview":"max-image-preview:large","max-video-preview":"max-video-preview:-1"},"canonical":"https:\/\/nitu.mx\/index.php\/2023\/11\/24\/viajes-corporativos-retoman-rumbo-pero-con-mas-medidas-de-prevencion\/","twitter_card":"summary_large_image","twitter_title":"Viajes corporativos retoman rumbo pero con m\u00e1s medidas de prevenci\u00f3n - Nitu - Noticias de la Industria Turistica","twitter_description":"El turismo de negocios ha experimentado un notable auge en las \u00faltimas d\u00e9cadas, convirti\u00e9ndose en una vertiente fundamental de esta industria. Si bien la pandemia hab\u00eda puesto un freno a los viajes corporativos, hoy en d\u00eda est\u00e1n recuperando su flujo habitual, revel\u00f3 Carlos Bricka, country manager de Assist Card M\u00e9xico. Se trata de un fen\u00f3meno [&hellip;]","twitter_image":"https:\/\/nitu.mx\/wp-content\/uploads\/2020\/07\/Carlos-Bricka-Assist-Card.jpg","twitter_creator":"@NITUmx","twitter_site":"@Arturo_Medina_G","twitter_misc":{"Escrito por":"Redacci\u00f3n","Tiempo de lectura":"2 minutos"},"schema":{"@context":"https:\/\/schema.org","@graph":[{"@type":"Article","@id":"https:\/\/nitu.mx\/index.php\/2023\/11\/24\/viajes-corporativos-retoman-rumbo-pero-con-mas-medidas-de-prevencion\/#article","isPartOf":{"@id":"https:\/\/nitu.mx\/index.php\/2023\/11\/24\/viajes-corporativos-retoman-rumbo-pero-con-mas-medidas-de-prevencion\/"},"author":{"name":"Redacci\u00f3n","@id":"https:\/\/nitu.mx\/#\/schema\/person\/4a28fe9bd65924f7c90623773daf1b0b"},"headline":"Viajes corporativos retoman rumbo pero con m\u00e1s medidas de prevenci\u00f3n","datePublished":"2023-11-24T06:46:50+00:00","dateModified":"2023-11-24T06:48:09+00:00","mainEntityOfPage":{"@id":"https:\/\/nitu.mx\/index.php\/2023\/11\/24\/viajes-corporativos-retoman-rumbo-pero-con-mas-medidas-de-prevencion\/"},"wordCount":362,"commentCount":0,"publisher":{"@id":"https:\/\/nitu.mx\/#\/schema\/person\/ae7a53426417292d3dd07b45a33e01bc"},"image":{"@id":"https:\/\/nitu.mx\/index.php\/2023\/11\/24\/viajes-corporativos-retoman-rumbo-pero-con-mas-medidas-de-prevencion\/#primaryimage"},"thumbnailUrl":"https:\/\/nitu.mx\/wp-content\/uploads\/2020\/07\/Carlos-Bricka-Assist-Card.jpg","keywords":["Assist Card","Carlos Bricka","viajes corporativos"],"articleSection":["Marketing"],"inLanguage":"es-MX","potentialAction":[{"@type":"CommentAction","name":"Comment","target":["https:\/\/nitu.mx\/index.php\/2023\/11\/24\/viajes-corporativos-retoman-rumbo-pero-con-mas-medidas-de-prevencion\/#respond"]}]},{"@type":"WebPage","@id":"https:\/\/nitu.mx\/index.php\/2023\/11\/24\/viajes-corporativos-retoman-rumbo-pero-con-mas-medidas-de-prevencion\/","url":"https:\/\/nitu.mx\/index.php\/2023\/11\/24\/viajes-corporativos-retoman-rumbo-pero-con-mas-medidas-de-prevencion\/","name":"Viajes corporativos retoman rumbo pero con m\u00e1s medidas de prevenci\u00f3n - Nitu - Noticias de la Industria Turistica","isPartOf":{"@id":"https:\/\/nitu.mx\/#website"},"primaryImageOfPage":{"@id":"https:\/\/nitu.mx\/index.php\/2023\/11\/24\/viajes-corporativos-retoman-rumbo-pero-con-mas-medidas-de-prevencion\/#primaryimage"},"image":{"@id":"https:\/\/nitu.mx\/index.php\/2023\/11\/24\/viajes-corporativos-retoman-rumbo-pero-con-mas-medidas-de-prevencion\/#primaryimage"},"thumbnailUrl":"https:\/\/nitu.mx\/wp-content\/uploads\/2020\/07\/Carlos-Bricka-Assist-Card.jpg","datePublished":"2023-11-24T06:46:50+00:00","dateModified":"2023-11-24T06:48:09+00:00","breadcrumb":{"@id":"https:\/\/nitu.mx\/index.php\/2023\/11\/24\/viajes-corporativos-retoman-rumbo-pero-con-mas-medidas-de-prevencion\/#breadcrumb"},"inLanguage":"es-MX","potentialAction":[{"@type":"ReadAction","target":["https:\/\/nitu.mx\/index.php\/2023\/11\/24\/viajes-corporativos-retoman-rumbo-pero-con-mas-medidas-de-prevencion\/"]}]},{"@type":"ImageObject","inLanguage":"es-MX","@id":"https:\/\/nitu.mx\/index.php\/2023\/11\/24\/viajes-corporativos-retoman-rumbo-pero-con-mas-medidas-de-prevencion\/#primaryimage","url":"https:\/\/nitu.mx\/wp-content\/uploads\/2020\/07\/Carlos-Bricka-Assist-Card.jpg","contentUrl":"https:\/\/nitu.mx\/wp-content\/uploads\/2020\/07\/Carlos-Bricka-Assist-Card.jpg","width":850,"height":480,"caption":"Assist Caard viajes corporativos"},{"@type":"BreadcrumbList","@id":"https:\/\/nitu.mx\/index.php\/2023\/11\/24\/viajes-corporativos-retoman-rumbo-pero-con-mas-medidas-de-prevencion\/#breadcrumb","itemListElement":[{"@type":"ListItem","position":1,"name":"Inicio","item":"https:\/\/nitu.mx\/"},{"@type":"ListItem","position":2,"name":"Viajes corporativos retoman rumbo pero con m\u00e1s medidas de prevenci\u00f3n"}]},{"@type":"WebSite","@id":"https:\/\/nitu.mx\/#website","url":"https:\/\/nitu.mx\/","name":"Nitu - Noticias de la Industria Turistica","description":"Noticias de la Industria Turistica","publisher":{"@id":"https:\/\/nitu.mx\/#\/schema\/person\/ae7a53426417292d3dd07b45a33e01bc"},"alternateName":"Noticias de la Industria Turistica","potentialAction":[{"@type":"SearchAction","target":{"@type":"EntryPoint","urlTemplate":"https:\/\/nitu.mx\/?s={search_term_string}"},"query-input":"required name=search_term_string"}],"inLanguage":"es-MX"},{"@type":["Person","Organization"],"@id":"https:\/\/nitu.mx\/#\/schema\/person\/ae7a53426417292d3dd07b45a33e01bc","name":"Arturo Medina","image":{"@type":"ImageObject","inLanguage":"es-MX","@id":"https:\/\/nitu.mx\/#\/schema\/person\/image\/","url":"https:\/\/nitu.mx\/wp-content\/uploads\/2024\/04\/4A315622-1904-4D5C-B022-878CDC840E04-90x90-1.jpeg","contentUrl":"https:\/\/nitu.mx\/wp-content\/uploads\/2024\/04\/4A315622-1904-4D5C-B022-878CDC840E04-90x90-1.jpeg","width":90,"height":90,"caption":"Arturo Medina"},"logo":{"@id":"https:\/\/nitu.mx\/#\/schema\/person\/image\/"},"description":"Director NITU.mx, Egresado de la Escuela de Periodismo Carlos Septi\u00e9n Garc\u00eda. Periodista y analista especializado en turismo desde hace 35 a\u00f1os, radicado en Canc\u00fan Q.Roo. arturo@nitu.mx","sameAs":["https:\/\/nitu.mx","https:\/\/www.facebook.com\/NITUmx\/","medinacancun","https:\/\/twitter.com\/@Arturo_Medina_G"]},{"@type":"Person","@id":"https:\/\/nitu.mx\/#\/schema\/person\/4a28fe9bd65924f7c90623773daf1b0b","name":"Redacci\u00f3n","image":{"@type":"ImageObject","inLanguage":"es-MX","@id":"https:\/\/nitu.mx\/#\/schema\/person\/image\/","url":"https:\/\/secure.gravatar.com\/avatar\/5dd011c8ccfc5cd7e4c81e42252aab38?s=96&d=mm&r=g","contentUrl":"https:\/\/secure.gravatar.com\/avatar\/5dd011c8ccfc5cd7e4c81e42252aab38?s=96&d=mm&r=g","caption":"Redacci\u00f3n"},"url":"https:\/\/nitu.mx\/index.php\/author\/redaccion\/"}]}},"views":579,"_links":{"self":[{"href":"https:\/\/nitu.mx\/index.php\/wp-json\/wp\/v2\/posts\/66928"}],"collection":[{"href":"https:\/\/nitu.mx\/index.php\/wp-json\/wp\/v2\/posts"}],"about":[{"href":"https:\/\/nitu.mx\/index.php\/wp-json\/wp\/v2\/types\/post"}],"author":[{"embeddable":true,"href":"https:\/\/nitu.mx\/index.php\/wp-json\/wp\/v2\/users\/17"}],"replies":[{"embeddable":true,"href":"https:\/\/nitu.mx\/index.php\/wp-json\/wp\/v2\/comments?post=66928"}],"version-history":[{"count":2,"href":"https:\/\/nitu.mx\/index.php\/wp-json\/wp\/v2\/posts\/66928\/revisions"}],"predecessor-version":[{"id":66930,"href":"https:\/\/nitu.mx\/index.php\/wp-json\/wp\/v2\/posts\/66928\/revisions\/66930"}],"wp:featuredmedia":[{"embeddable":true,"href":"https:\/\/nitu.mx\/index.php\/wp-json\/wp\/v2\/media\/44153"}],"wp:attachment":[{"href":"https:\/\/nitu.mx\/index.php\/wp-json\/wp\/v2\/media?parent=66928"}],"wp:term":[{"taxonomy":"category","embeddable":true,"href":"https:\/\/nitu.mx\/index.php\/wp-json\/wp\/v2\/categories?post=66928"},{"taxonomy":"post_tag","embeddable":true,"href":"https:\/\/nitu.mx\/index.php\/wp-json\/wp\/v2\/tags?post=66928"}],"curies":[{"name":"wp","href":"https:\/\/api.w.org\/{rel}","templated":true}]}}