{"id":66671,"date":"2023-11-08T00:25:02","date_gmt":"2023-11-08T05:25:02","guid":{"rendered":"https:\/\/nitu.mx\/?p=66671"},"modified":"2023-11-08T00:30:35","modified_gmt":"2023-11-08T05:30:35","slug":"san-luis-potosi-llega-a-cdmx-con-la-oferta-turistica-de-sus-6-pueblos-magicos-y-barrio-magico","status":"publish","type":"post","link":"https:\/\/nitu.mx\/index.php\/2023\/11\/08\/san-luis-potosi-llega-a-cdmx-con-la-oferta-turistica-de-sus-6-pueblos-magicos-y-barrio-magico\/","title":{"rendered":"San Luis Potos\u00ed llega a CDMX con la oferta tur\u00edstica de sus 6 Pueblos M\u00e1gicos y Barrio M\u00e1gico"},"content":{"rendered":"<p style=\"font-weight: 400;\">El titular de la Unidad de Innovaci\u00f3n y Pol\u00edtica Tur\u00edstica, Mauricio Reyna Guerrero, y\u00a0el secretario de Turismo de San Luis Potos\u00ed,\u00a0Juan Carlos Machinena Morales, inauguraron la exposici\u00f3n \u201c\u00a1Vive! San Luis Potos\u00ed, Cultural y Surrealista\u201d,<strong>\u00a0<\/strong>que estar\u00e1 vigente en el espacio Punto M\u00e9xico de la Secretar\u00eda de Turismo (Sectur) durante el mes de noviembre.<\/p>\n<p style=\"font-weight: 400;\">En representaci\u00f3n del secretario de Turismo federal, Miguel Torruco Marqu\u00e9s, Mauricio Reyna Guerrero destac\u00f3 los atractivos tur\u00edsticos con los que cuenta la entidad, como sus 6 Pueblos M\u00e1gicos: Real de Catorce, Xilitla, Aquism\u00f3n, Santa Mar\u00eda del R\u00edo, Ciudad del Ma\u00edz y Tierra Nueva.<\/p>\n<p style=\"font-weight: 400;\">En este sentido asegur\u00f3 que el nombramiento como Pueblo M\u00e1gico es un importante motivador de viaje que permite un crecimiento del 13% de su\u00a0valor\u00a0agregado\u00a0censal\u00a0bruto.<\/p>\n<p style=\"font-weight: 400;\">Adem\u00e1s, destac\u00f3 el nombramiento como Barrio M\u00e1gico al barrio de Tlaxcala, en la capital potosina,\u00a0distintivo\u00a0que se otorga a lugares emblem\u00e1ticos ubicados en ciudades capitales o del interior del pa\u00eds, que reflejan el \u201cesp\u00edritu\u201d y esencia de una ciudad, con el prop\u00f3sito de ampliar y diversificar la oferta tur\u00edstica, e incrementar el flujo tur\u00edstico en los destinos, as\u00ed como la derrama econ\u00f3mica y el gasto per c\u00e1pita en beneficio de las poblaciones locales.<\/p>\n<p style=\"font-weight: 400;\">Enfatiz\u00f3 que estos dos distintivos forman una marca muy poderosa que establece un circuito de visita y un centro distribuidor estrat\u00e9gico para San Luis Potos\u00ed.<\/p>\n<p style=\"font-weight: 400;\">\u201cHoy es una ventaja competitiva a nivel nacional e internacional tener 177 Pueblos M\u00e1gicos, y esto se ha demostrado en la presencia de todo lo que hemos estado haciendo alrededor del Tianguis de Pueblos M\u00e1gicos y el Tianguis Internacional de Pueblos M\u00e1gicos\u201d declar\u00f3.<\/p>\n<p style=\"font-weight: 400;\">Invit\u00f3 a los asistentes a participar en la pr\u00f3xima edici\u00f3n del Tianguis de Pueblos M\u00e1gicos en Hidalgo, del 22 al 25 de noviembre; as\u00ed mismo refiri\u00f3 que el pr\u00f3ximo a\u00f1o se realizar\u00e1 la tercera edici\u00f3n del Tianguis Internacional de Pueblos M\u00e1gicos en San Antonio, Texas.<\/p>\n<p style=\"font-weight: 400;\">Al mencionar los conversatorios que se llevar\u00e1n a cabo en Punto M\u00e9xico durante el mes de noviembre apunt\u00f3 que en esta exposici\u00f3n \u201chay mucho para ver, para comprar, para escuchar y para descubrir y creo que de esto se trata esta edici\u00f3n de San Luis Potos\u00ed en Punto M\u00e9xico\u201d.<\/p>\n<p style=\"font-weight: 400;\">Por su parte, el secretario de Turismo de San Luis Potos\u00ed, Juan Carlos Machinena Morales, precis\u00f3 que, palpitando con fuerza desde el coraz\u00f3n de M\u00e9xico, el territorio de San Luis Potos\u00ed es escenario de algunos de los sitios m\u00e1s espectaculares del planeta, extraordinarios abismos, ca\u00eddas de agua que hacen cimbrar la monta\u00f1a, bosques de niebla, h\u00e1bitat de extraordinarias especies, veneros de agua que irrigan con su frescura extensas regiones de la Huasteca y Zona Media, agrestes desiertos llenos de vida y paisajes surrealistas que atesoran el pasado minero y la grandeza de sus Pueblos M\u00e1gicos.<\/p>\n<p style=\"font-weight: 400;\">\u201cEl turismo en San Luis Potos\u00ed ya despeg\u00f3 al ser un estado pujante y modernista que da a conocer su riqueza a trav\u00e9s de Punto M\u00e9xico, epicentro del turismo donde se ofertar\u00e1n todos los atractivos potosinos a visitantes nacionales y extranjeros, sorprendi\u00e9ndose con sitios de ensue\u00f1o y creaciones majestuosas de sus artesanos\u201d, coment\u00f3.<\/p>\n<p style=\"font-weight: 400;\">La exposici\u00f3n\u00a0\u201c\u00a1Vive! San Luis Potos\u00ed, Cultural y Surrealista\u201d,\u00a0en Punto M\u00e9xico, estar\u00e1 vigente en el mes de noviembre en Av. Presidente\u00a0Masaryk No. 172, esq. con Hegel, col. Bosques de Chapultepec, alcald\u00eda Miguel Hidalgo, Ciudad de\u00a0M\u00e9xico, en un horario de lunes a s\u00e1bado de 9:00 a 19:00 horas, domingos y d\u00edas festivos de 9:00 a 18:00 horas.\u00a0<a title=\"Hyatt Regency San Luis Potos\u00ed, primer hotel de la cadena en el destino\" href=\"https:\/\/nitu.mx\/index.php\/2023\/03\/17\/hyatt-regency-san-luis-potosi-primer-hotel-de-la-cadena-en-el-destino\/\" rel=\"bookmark\">(Hyatt Regency San Luis Potos\u00ed, primer hotel de la cadena en el destino).<\/a><\/p>\n","protected":false},"excerpt":{"rendered":"<p>El titular de la Unidad de Innovaci\u00f3n y Pol\u00edtica Tur\u00edstica, Mauricio Reyna Guerrero, y\u00a0el secretario de Turismo de San Luis Potos\u00ed,\u00a0Juan Carlos Machinena Morales, inauguraron la exposici\u00f3n \u201c\u00a1Vive! San Luis Potos\u00ed, Cultural y Surrealista\u201d,\u00a0que estar\u00e1 vigente en el espacio Punto M\u00e9xico de la Secretar\u00eda de Turismo (Sectur) durante el mes de noviembre. En representaci\u00f3n del [&hellip;]<\/p>\n","protected":false},"author":17,"featured_media":66672,"comment_status":"open","ping_status":"open","sticky":false,"template":"","format":"standard","meta":{"footnotes":""},"categories":[5],"tags":[24261,335,602,93],"yoast_head":"<!-- This site is optimized with the Yoast SEO plugin v22.2 - https:\/\/yoast.com\/wordpress\/plugins\/seo\/ -->\n<title>San Luis Potos\u00ed llega a CDMX con la oferta tur\u00edstica de sus 6 Pueblos M\u00e1gicos y Barrio M\u00e1gico - Nitu - Noticias de la Industria Turistica<\/title>\n<meta name=\"robots\" content=\"index, follow, max-snippet:-1, max-image-preview:large, max-video-preview:-1\" \/>\n<link rel=\"canonical\" href=\"https:\/\/nitu.mx\/index.php\/2023\/11\/08\/san-luis-potosi-llega-a-cdmx-con-la-oferta-turistica-de-sus-6-pueblos-magicos-y-barrio-magico\/\" \/>\n<meta name=\"twitter:card\" content=\"summary_large_image\" \/>\n<meta name=\"twitter:title\" content=\"San Luis Potos\u00ed llega a CDMX con la oferta tur\u00edstica de sus 6 Pueblos M\u00e1gicos y Barrio M\u00e1gico - Nitu - Noticias de la Industria Turistica\" \/>\n<meta name=\"twitter:description\" content=\"El titular de la Unidad de Innovaci\u00f3n y Pol\u00edtica Tur\u00edstica, Mauricio Reyna Guerrero, y\u00a0el secretario de Turismo de San Luis Potos\u00ed,\u00a0Juan Carlos Machinena Morales, inauguraron la exposici\u00f3n \u201c\u00a1Vive! San Luis Potos\u00ed, Cultural y Surrealista\u201d,\u00a0que estar\u00e1 vigente en el espacio Punto M\u00e9xico de la Secretar\u00eda de Turismo (Sectur) durante el mes de noviembre. En representaci\u00f3n del [&hellip;]\" \/>\n<meta name=\"twitter:image\" content=\"https:\/\/nitu.mx\/wp-content\/uploads\/2023\/11\/Punto-M\u00e9xico-San-Luis-Potos\u00ed.jpg\" \/>\n<meta name=\"twitter:creator\" content=\"@NITUmx\" \/>\n<meta name=\"twitter:site\" content=\"@Arturo_Medina_G\" \/>\n<meta name=\"twitter:label1\" content=\"Escrito por\" \/>\n\t<meta name=\"twitter:data1\" content=\"Redacci\u00f3n\" \/>\n\t<meta name=\"twitter:label2\" content=\"Tiempo de lectura\" \/>\n\t<meta name=\"twitter:data2\" content=\"3 minutos\" \/>\n<script type=\"application\/ld+json\" class=\"yoast-schema-graph\">{\"@context\":\"https:\/\/schema.org\",\"@graph\":[{\"@type\":\"Article\",\"@id\":\"https:\/\/nitu.mx\/index.php\/2023\/11\/08\/san-luis-potosi-llega-a-cdmx-con-la-oferta-turistica-de-sus-6-pueblos-magicos-y-barrio-magico\/#article\",\"isPartOf\":{\"@id\":\"https:\/\/nitu.mx\/index.php\/2023\/11\/08\/san-luis-potosi-llega-a-cdmx-con-la-oferta-turistica-de-sus-6-pueblos-magicos-y-barrio-magico\/\"},\"author\":{\"name\":\"Redacci\u00f3n\",\"@id\":\"https:\/\/nitu.mx\/#\/schema\/person\/4a28fe9bd65924f7c90623773daf1b0b\"},\"headline\":\"San Luis Potos\u00ed llega a CDMX con la oferta tur\u00edstica de sus 6 Pueblos M\u00e1gicos y Barrio M\u00e1gico\",\"datePublished\":\"2023-11-08T05:25:02+00:00\",\"dateModified\":\"2023-11-08T05:30:35+00:00\",\"mainEntityOfPage\":{\"@id\":\"https:\/\/nitu.mx\/index.php\/2023\/11\/08\/san-luis-potosi-llega-a-cdmx-con-la-oferta-turistica-de-sus-6-pueblos-magicos-y-barrio-magico\/\"},\"wordCount\":651,\"commentCount\":0,\"publisher\":{\"@id\":\"https:\/\/nitu.mx\/#\/schema\/person\/ae7a53426417292d3dd07b45a33e01bc\"},\"image\":{\"@id\":\"https:\/\/nitu.mx\/index.php\/2023\/11\/08\/san-luis-potosi-llega-a-cdmx-con-la-oferta-turistica-de-sus-6-pueblos-magicos-y-barrio-magico\/#primaryimage\"},\"thumbnailUrl\":\"https:\/\/nitu.mx\/wp-content\/uploads\/2023\/11\/Punto-M\u00e9xico-San-Luis-Potos\u00ed.jpg\",\"keywords\":[\"Juan Carlos Machinena\",\"Pueblos M\u00e1gicos\",\"San Luis Potos\u00ed\",\"Sectur\"],\"articleSection\":[\"Destinos\"],\"inLanguage\":\"es-MX\",\"potentialAction\":[{\"@type\":\"CommentAction\",\"name\":\"Comment\",\"target\":[\"https:\/\/nitu.mx\/index.php\/2023\/11\/08\/san-luis-potosi-llega-a-cdmx-con-la-oferta-turistica-de-sus-6-pueblos-magicos-y-barrio-magico\/#respond\"]}]},{\"@type\":\"WebPage\",\"@id\":\"https:\/\/nitu.mx\/index.php\/2023\/11\/08\/san-luis-potosi-llega-a-cdmx-con-la-oferta-turistica-de-sus-6-pueblos-magicos-y-barrio-magico\/\",\"url\":\"https:\/\/nitu.mx\/index.php\/2023\/11\/08\/san-luis-potosi-llega-a-cdmx-con-la-oferta-turistica-de-sus-6-pueblos-magicos-y-barrio-magico\/\",\"name\":\"San Luis Potos\u00ed llega a CDMX con la oferta tur\u00edstica de sus 6 Pueblos M\u00e1gicos y Barrio M\u00e1gico - Nitu - Noticias de la Industria Turistica\",\"isPartOf\":{\"@id\":\"https:\/\/nitu.mx\/#website\"},\"primaryImageOfPage\":{\"@id\":\"https:\/\/nitu.mx\/index.php\/2023\/11\/08\/san-luis-potosi-llega-a-cdmx-con-la-oferta-turistica-de-sus-6-pueblos-magicos-y-barrio-magico\/#primaryimage\"},\"image\":{\"@id\":\"https:\/\/nitu.mx\/index.php\/2023\/11\/08\/san-luis-potosi-llega-a-cdmx-con-la-oferta-turistica-de-sus-6-pueblos-magicos-y-barrio-magico\/#primaryimage\"},\"thumbnailUrl\":\"https:\/\/nitu.mx\/wp-content\/uploads\/2023\/11\/Punto-M\u00e9xico-San-Luis-Potos\u00ed.jpg\",\"datePublished\":\"2023-11-08T05:25:02+00:00\",\"dateModified\":\"2023-11-08T05:30:35+00:00\",\"breadcrumb\":{\"@id\":\"https:\/\/nitu.mx\/index.php\/2023\/11\/08\/san-luis-potosi-llega-a-cdmx-con-la-oferta-turistica-de-sus-6-pueblos-magicos-y-barrio-magico\/#breadcrumb\"},\"inLanguage\":\"es-MX\",\"potentialAction\":[{\"@type\":\"ReadAction\",\"target\":[\"https:\/\/nitu.mx\/index.php\/2023\/11\/08\/san-luis-potosi-llega-a-cdmx-con-la-oferta-turistica-de-sus-6-pueblos-magicos-y-barrio-magico\/\"]}]},{\"@type\":\"ImageObject\",\"inLanguage\":\"es-MX\",\"@id\":\"https:\/\/nitu.mx\/index.php\/2023\/11\/08\/san-luis-potosi-llega-a-cdmx-con-la-oferta-turistica-de-sus-6-pueblos-magicos-y-barrio-magico\/#primaryimage\",\"url\":\"https:\/\/nitu.mx\/wp-content\/uploads\/2023\/11\/Punto-M\u00e9xico-San-Luis-Potos\u00ed.jpg\",\"contentUrl\":\"https:\/\/nitu.mx\/wp-content\/uploads\/2023\/11\/Punto-M\u00e9xico-San-Luis-Potos\u00ed.jpg\",\"width\":1200,\"height\":675,\"caption\":\"San Luis Potos\u00ed\"},{\"@type\":\"BreadcrumbList\",\"@id\":\"https:\/\/nitu.mx\/index.php\/2023\/11\/08\/san-luis-potosi-llega-a-cdmx-con-la-oferta-turistica-de-sus-6-pueblos-magicos-y-barrio-magico\/#breadcrumb\",\"itemListElement\":[{\"@type\":\"ListItem\",\"position\":1,\"name\":\"Inicio\",\"item\":\"https:\/\/nitu.mx\/\"},{\"@type\":\"ListItem\",\"position\":2,\"name\":\"San Luis Potos\u00ed llega a CDMX con la oferta tur\u00edstica de sus 6 Pueblos M\u00e1gicos y Barrio M\u00e1gico\"}]},{\"@type\":\"WebSite\",\"@id\":\"https:\/\/nitu.mx\/#website\",\"url\":\"https:\/\/nitu.mx\/\",\"name\":\"Nitu - Noticias de la Industria Turistica\",\"description\":\"Noticias de la Industria Turistica\",\"publisher\":{\"@id\":\"https:\/\/nitu.mx\/#\/schema\/person\/ae7a53426417292d3dd07b45a33e01bc\"},\"alternateName\":\"Noticias de la Industria Turistica\",\"potentialAction\":[{\"@type\":\"SearchAction\",\"target\":{\"@type\":\"EntryPoint\",\"urlTemplate\":\"https:\/\/nitu.mx\/?s={search_term_string}\"},\"query-input\":\"required name=search_term_string\"}],\"inLanguage\":\"es-MX\"},{\"@type\":[\"Person\",\"Organization\"],\"@id\":\"https:\/\/nitu.mx\/#\/schema\/person\/ae7a53426417292d3dd07b45a33e01bc\",\"name\":\"Arturo Medina\",\"image\":{\"@type\":\"ImageObject\",\"inLanguage\":\"es-MX\",\"@id\":\"https:\/\/nitu.mx\/#\/schema\/person\/image\/\",\"url\":\"https:\/\/nitu.mx\/wp-content\/uploads\/2024\/04\/4A315622-1904-4D5C-B022-878CDC840E04-90x90-1.jpeg\",\"contentUrl\":\"https:\/\/nitu.mx\/wp-content\/uploads\/2024\/04\/4A315622-1904-4D5C-B022-878CDC840E04-90x90-1.jpeg\",\"width\":90,\"height\":90,\"caption\":\"Arturo Medina\"},\"logo\":{\"@id\":\"https:\/\/nitu.mx\/#\/schema\/person\/image\/\"},\"description\":\"Director NITU.mx, Egresado de la Escuela de Periodismo Carlos Septi\u00e9n Garc\u00eda. Periodista y analista especializado en turismo desde hace 35 a\u00f1os, radicado en Canc\u00fan Q.Roo. arturo@nitu.mx\",\"sameAs\":[\"https:\/\/nitu.mx\",\"https:\/\/www.facebook.com\/NITUmx\/\",\"medinacancun\",\"https:\/\/twitter.com\/@Arturo_Medina_G\"]},{\"@type\":\"Person\",\"@id\":\"https:\/\/nitu.mx\/#\/schema\/person\/4a28fe9bd65924f7c90623773daf1b0b\",\"name\":\"Redacci\u00f3n\",\"image\":{\"@type\":\"ImageObject\",\"inLanguage\":\"es-MX\",\"@id\":\"https:\/\/nitu.mx\/#\/schema\/person\/image\/\",\"url\":\"https:\/\/secure.gravatar.com\/avatar\/5dd011c8ccfc5cd7e4c81e42252aab38?s=96&d=mm&r=g\",\"contentUrl\":\"https:\/\/secure.gravatar.com\/avatar\/5dd011c8ccfc5cd7e4c81e42252aab38?s=96&d=mm&r=g\",\"caption\":\"Redacci\u00f3n\"},\"url\":\"https:\/\/nitu.mx\/index.php\/author\/redaccion\/\"}]}<\/script>\n<!-- \/ Yoast SEO plugin. -->","yoast_head_json":{"title":"San Luis Potos\u00ed llega a CDMX con la oferta tur\u00edstica de sus 6 Pueblos M\u00e1gicos y Barrio M\u00e1gico - Nitu - Noticias de la Industria Turistica","robots":{"index":"index","follow":"follow","max-snippet":"max-snippet:-1","max-image-preview":"max-image-preview:large","max-video-preview":"max-video-preview:-1"},"canonical":"https:\/\/nitu.mx\/index.php\/2023\/11\/08\/san-luis-potosi-llega-a-cdmx-con-la-oferta-turistica-de-sus-6-pueblos-magicos-y-barrio-magico\/","twitter_card":"summary_large_image","twitter_title":"San Luis Potos\u00ed llega a CDMX con la oferta tur\u00edstica de sus 6 Pueblos M\u00e1gicos y Barrio M\u00e1gico - Nitu - Noticias de la Industria Turistica","twitter_description":"El titular de la Unidad de Innovaci\u00f3n y Pol\u00edtica Tur\u00edstica, Mauricio Reyna Guerrero, y\u00a0el secretario de Turismo de San Luis Potos\u00ed,\u00a0Juan Carlos Machinena Morales, inauguraron la exposici\u00f3n \u201c\u00a1Vive! San Luis Potos\u00ed, Cultural y Surrealista\u201d,\u00a0que estar\u00e1 vigente en el espacio Punto M\u00e9xico de la Secretar\u00eda de Turismo (Sectur) durante el mes de noviembre. En representaci\u00f3n del [&hellip;]","twitter_image":"https:\/\/nitu.mx\/wp-content\/uploads\/2023\/11\/Punto-M\u00e9xico-San-Luis-Potos\u00ed.jpg","twitter_creator":"@NITUmx","twitter_site":"@Arturo_Medina_G","twitter_misc":{"Escrito por":"Redacci\u00f3n","Tiempo de lectura":"3 minutos"},"schema":{"@context":"https:\/\/schema.org","@graph":[{"@type":"Article","@id":"https:\/\/nitu.mx\/index.php\/2023\/11\/08\/san-luis-potosi-llega-a-cdmx-con-la-oferta-turistica-de-sus-6-pueblos-magicos-y-barrio-magico\/#article","isPartOf":{"@id":"https:\/\/nitu.mx\/index.php\/2023\/11\/08\/san-luis-potosi-llega-a-cdmx-con-la-oferta-turistica-de-sus-6-pueblos-magicos-y-barrio-magico\/"},"author":{"name":"Redacci\u00f3n","@id":"https:\/\/nitu.mx\/#\/schema\/person\/4a28fe9bd65924f7c90623773daf1b0b"},"headline":"San Luis Potos\u00ed llega a CDMX con la oferta tur\u00edstica de sus 6 Pueblos M\u00e1gicos y Barrio M\u00e1gico","datePublished":"2023-11-08T05:25:02+00:00","dateModified":"2023-11-08T05:30:35+00:00","mainEntityOfPage":{"@id":"https:\/\/nitu.mx\/index.php\/2023\/11\/08\/san-luis-potosi-llega-a-cdmx-con-la-oferta-turistica-de-sus-6-pueblos-magicos-y-barrio-magico\/"},"wordCount":651,"commentCount":0,"publisher":{"@id":"https:\/\/nitu.mx\/#\/schema\/person\/ae7a53426417292d3dd07b45a33e01bc"},"image":{"@id":"https:\/\/nitu.mx\/index.php\/2023\/11\/08\/san-luis-potosi-llega-a-cdmx-con-la-oferta-turistica-de-sus-6-pueblos-magicos-y-barrio-magico\/#primaryimage"},"thumbnailUrl":"https:\/\/nitu.mx\/wp-content\/uploads\/2023\/11\/Punto-M\u00e9xico-San-Luis-Potos\u00ed.jpg","keywords":["Juan Carlos Machinena","Pueblos M\u00e1gicos","San Luis Potos\u00ed","Sectur"],"articleSection":["Destinos"],"inLanguage":"es-MX","potentialAction":[{"@type":"CommentAction","name":"Comment","target":["https:\/\/nitu.mx\/index.php\/2023\/11\/08\/san-luis-potosi-llega-a-cdmx-con-la-oferta-turistica-de-sus-6-pueblos-magicos-y-barrio-magico\/#respond"]}]},{"@type":"WebPage","@id":"https:\/\/nitu.mx\/index.php\/2023\/11\/08\/san-luis-potosi-llega-a-cdmx-con-la-oferta-turistica-de-sus-6-pueblos-magicos-y-barrio-magico\/","url":"https:\/\/nitu.mx\/index.php\/2023\/11\/08\/san-luis-potosi-llega-a-cdmx-con-la-oferta-turistica-de-sus-6-pueblos-magicos-y-barrio-magico\/","name":"San Luis Potos\u00ed llega a CDMX con la oferta tur\u00edstica de sus 6 Pueblos M\u00e1gicos y Barrio M\u00e1gico - Nitu - Noticias de la Industria Turistica","isPartOf":{"@id":"https:\/\/nitu.mx\/#website"},"primaryImageOfPage":{"@id":"https:\/\/nitu.mx\/index.php\/2023\/11\/08\/san-luis-potosi-llega-a-cdmx-con-la-oferta-turistica-de-sus-6-pueblos-magicos-y-barrio-magico\/#primaryimage"},"image":{"@id":"https:\/\/nitu.mx\/index.php\/2023\/11\/08\/san-luis-potosi-llega-a-cdmx-con-la-oferta-turistica-de-sus-6-pueblos-magicos-y-barrio-magico\/#primaryimage"},"thumbnailUrl":"https:\/\/nitu.mx\/wp-content\/uploads\/2023\/11\/Punto-M\u00e9xico-San-Luis-Potos\u00ed.jpg","datePublished":"2023-11-08T05:25:02+00:00","dateModified":"2023-11-08T05:30:35+00:00","breadcrumb":{"@id":"https:\/\/nitu.mx\/index.php\/2023\/11\/08\/san-luis-potosi-llega-a-cdmx-con-la-oferta-turistica-de-sus-6-pueblos-magicos-y-barrio-magico\/#breadcrumb"},"inLanguage":"es-MX","potentialAction":[{"@type":"ReadAction","target":["https:\/\/nitu.mx\/index.php\/2023\/11\/08\/san-luis-potosi-llega-a-cdmx-con-la-oferta-turistica-de-sus-6-pueblos-magicos-y-barrio-magico\/"]}]},{"@type":"ImageObject","inLanguage":"es-MX","@id":"https:\/\/nitu.mx\/index.php\/2023\/11\/08\/san-luis-potosi-llega-a-cdmx-con-la-oferta-turistica-de-sus-6-pueblos-magicos-y-barrio-magico\/#primaryimage","url":"https:\/\/nitu.mx\/wp-content\/uploads\/2023\/11\/Punto-M\u00e9xico-San-Luis-Potos\u00ed.jpg","contentUrl":"https:\/\/nitu.mx\/wp-content\/uploads\/2023\/11\/Punto-M\u00e9xico-San-Luis-Potos\u00ed.jpg","width":1200,"height":675,"caption":"San Luis Potos\u00ed"},{"@type":"BreadcrumbList","@id":"https:\/\/nitu.mx\/index.php\/2023\/11\/08\/san-luis-potosi-llega-a-cdmx-con-la-oferta-turistica-de-sus-6-pueblos-magicos-y-barrio-magico\/#breadcrumb","itemListElement":[{"@type":"ListItem","position":1,"name":"Inicio","item":"https:\/\/nitu.mx\/"},{"@type":"ListItem","position":2,"name":"San Luis Potos\u00ed llega a CDMX con la oferta tur\u00edstica de sus 6 Pueblos M\u00e1gicos y Barrio M\u00e1gico"}]},{"@type":"WebSite","@id":"https:\/\/nitu.mx\/#website","url":"https:\/\/nitu.mx\/","name":"Nitu - Noticias de la Industria Turistica","description":"Noticias de la Industria Turistica","publisher":{"@id":"https:\/\/nitu.mx\/#\/schema\/person\/ae7a53426417292d3dd07b45a33e01bc"},"alternateName":"Noticias de la Industria Turistica","potentialAction":[{"@type":"SearchAction","target":{"@type":"EntryPoint","urlTemplate":"https:\/\/nitu.mx\/?s={search_term_string}"},"query-input":"required name=search_term_string"}],"inLanguage":"es-MX"},{"@type":["Person","Organization"],"@id":"https:\/\/nitu.mx\/#\/schema\/person\/ae7a53426417292d3dd07b45a33e01bc","name":"Arturo Medina","image":{"@type":"ImageObject","inLanguage":"es-MX","@id":"https:\/\/nitu.mx\/#\/schema\/person\/image\/","url":"https:\/\/nitu.mx\/wp-content\/uploads\/2024\/04\/4A315622-1904-4D5C-B022-878CDC840E04-90x90-1.jpeg","contentUrl":"https:\/\/nitu.mx\/wp-content\/uploads\/2024\/04\/4A315622-1904-4D5C-B022-878CDC840E04-90x90-1.jpeg","width":90,"height":90,"caption":"Arturo Medina"},"logo":{"@id":"https:\/\/nitu.mx\/#\/schema\/person\/image\/"},"description":"Director NITU.mx, Egresado de la Escuela de Periodismo Carlos Septi\u00e9n Garc\u00eda. Periodista y analista especializado en turismo desde hace 35 a\u00f1os, radicado en Canc\u00fan Q.Roo. arturo@nitu.mx","sameAs":["https:\/\/nitu.mx","https:\/\/www.facebook.com\/NITUmx\/","medinacancun","https:\/\/twitter.com\/@Arturo_Medina_G"]},{"@type":"Person","@id":"https:\/\/nitu.mx\/#\/schema\/person\/4a28fe9bd65924f7c90623773daf1b0b","name":"Redacci\u00f3n","image":{"@type":"ImageObject","inLanguage":"es-MX","@id":"https:\/\/nitu.mx\/#\/schema\/person\/image\/","url":"https:\/\/secure.gravatar.com\/avatar\/5dd011c8ccfc5cd7e4c81e42252aab38?s=96&d=mm&r=g","contentUrl":"https:\/\/secure.gravatar.com\/avatar\/5dd011c8ccfc5cd7e4c81e42252aab38?s=96&d=mm&r=g","caption":"Redacci\u00f3n"},"url":"https:\/\/nitu.mx\/index.php\/author\/redaccion\/"}]}},"views":613,"_links":{"self":[{"href":"https:\/\/nitu.mx\/index.php\/wp-json\/wp\/v2\/posts\/66671"}],"collection":[{"href":"https:\/\/nitu.mx\/index.php\/wp-json\/wp\/v2\/posts"}],"about":[{"href":"https:\/\/nitu.mx\/index.php\/wp-json\/wp\/v2\/types\/post"}],"author":[{"embeddable":true,"href":"https:\/\/nitu.mx\/index.php\/wp-json\/wp\/v2\/users\/17"}],"replies":[{"embeddable":true,"href":"https:\/\/nitu.mx\/index.php\/wp-json\/wp\/v2\/comments?post=66671"}],"version-history":[{"count":2,"href":"https:\/\/nitu.mx\/index.php\/wp-json\/wp\/v2\/posts\/66671\/revisions"}],"predecessor-version":[{"id":66675,"href":"https:\/\/nitu.mx\/index.php\/wp-json\/wp\/v2\/posts\/66671\/revisions\/66675"}],"wp:featuredmedia":[{"embeddable":true,"href":"https:\/\/nitu.mx\/index.php\/wp-json\/wp\/v2\/media\/66672"}],"wp:attachment":[{"href":"https:\/\/nitu.mx\/index.php\/wp-json\/wp\/v2\/media?parent=66671"}],"wp:term":[{"taxonomy":"category","embeddable":true,"href":"https:\/\/nitu.mx\/index.php\/wp-json\/wp\/v2\/categories?post=66671"},{"taxonomy":"post_tag","embeddable":true,"href":"https:\/\/nitu.mx\/index.php\/wp-json\/wp\/v2\/tags?post=66671"}],"curies":[{"name":"wp","href":"https:\/\/api.w.org\/{rel}","templated":true}]}}