{"id":66537,"date":"2023-11-01T01:02:33","date_gmt":"2023-11-01T06:02:33","guid":{"rendered":"https:\/\/nitu.mx\/?p=66537"},"modified":"2023-11-01T02:14:21","modified_gmt":"2023-11-01T07:14:21","slug":"ofrecen-hotelelros-de-cancun-empleo-a-trabajadores-de-la-industria-afectados-en-acapulco","status":"publish","type":"post","link":"https:\/\/nitu.mx\/index.php\/2023\/11\/01\/ofrecen-hotelelros-de-cancun-empleo-a-trabajadores-de-la-industria-afectados-en-acapulco\/","title":{"rendered":"Ofrecen hoteleros de Canc\u00fan empleo a trabajadores de la industria afectados en Acapulco"},"content":{"rendered":"<p>Ante los da\u00f1os del hurac\u00e1n OTIS que devast\u00f3 Acapulco, y la crisis de desempleo que pudiera ocurrir, desde la Asociaci\u00f3n de Hoteles de Canc\u00fan, Puerto Morelos e Isla Mujeres se envi\u00f3 una carta a la Asociaci\u00f3n de Hoteles de Acapulco, para ofrecer empleo a los trabajadores de la industria que no puedan integrarse al \u00e1rea laboral emergente que seguramente ser\u00e1 la construcci\u00f3n, explic\u00f3 Jes\u00fas Almaguer Salazar, presidente de la Asociaci\u00f3n.<\/p>\n<p>Almaguer dijo que la decisi\u00f3n de hacer esta invitaci\u00f3n fue tomada por el Consejo de la Asociaci\u00f3n.\u00a0 Por ahora estar\u00e1n enfocados en la comunicaci\u00f3n directa con los hoteleros de Acapulco, para conocer cu\u00e1les son las necesidades y adecuarlo a lo que tambi\u00e9n hace falta en los destinos de Quintana Roo, considerando que los trabajadores podr\u00edan llegar a cualquiera de los destinos tur\u00edsticos de Quintana Roo.<\/p>\n<p>El l\u00edder hotelero asegur\u00f3 que en el caso de la preparaci\u00f3n para casos de emergencia, dijo que siempre est\u00e1n preparados y que ojala este a\u00f1o termine tranquilo.<\/p>\n<p>La invitaci\u00f3n a los guerrerenses a sumarse a la planta laboral del Caribe Mexicano, no solo es para Canc\u00fan, pues la invitaci\u00f3n corri\u00f3 tambi\u00e9n por el Consejo Hotelero del Caribe Mexicano.<\/p>\n<p>Los hoteleros de Canc\u00fan, no esperan una gran recuperaci\u00f3n en el puente por d\u00eda de muertos, pero s\u00ed un incremento en el turismo canadiense para finales de noviembre que ayudara a mejorar los n\u00fameros del mes.\u00a0<a title=\"Se integra RIU por primera vez a la Asociaci\u00f3n de Hoteles de Canc\u00fan\" href=\"https:\/\/nitu.mx\/index.php\/2021\/12\/17\/se-integra-riu-por-primera-vez-a-la-asociacion-de-hoteles-de-cancun\/\" rel=\"bookmark\">(Se integra RIU por primera vez a la Asociaci\u00f3n de Hoteles de Canc\u00fan<\/a>).<\/p>\n","protected":false},"excerpt":{"rendered":"<p>Ante los da\u00f1os del hurac\u00e1n OTIS que devast\u00f3 Acapulco, y la crisis de desempleo que pudiera ocurrir, desde la Asociaci\u00f3n de Hoteles de Canc\u00fan, Puerto Morelos e Isla Mujeres se envi\u00f3 una carta a la Asociaci\u00f3n de Hoteles de Acapulco, para ofrecer empleo a los trabajadores de la industria que no puedan integrarse al \u00e1rea [&hellip;]<\/p>\n","protected":false},"author":2,"featured_media":66539,"comment_status":"open","ping_status":"open","sticky":false,"template":"","format":"standard","meta":{"footnotes":""},"categories":[2],"tags":[40,21954,83,24244,91],"yoast_head":"<!-- This site is optimized with the Yoast SEO plugin v22.2 - https:\/\/yoast.com\/wordpress\/plugins\/seo\/ -->\n<title>Ofrecen hoteleros de Canc\u00fan empleo a trabajadores de la industria afectados en Acapulco - Nitu - Noticias de la Industria Turistica<\/title>\n<meta name=\"robots\" content=\"index, follow, max-snippet:-1, max-image-preview:large, max-video-preview:-1\" \/>\n<link rel=\"canonical\" href=\"https:\/\/nitu.mx\/index.php\/2023\/11\/01\/ofrecen-hotelelros-de-cancun-empleo-a-trabajadores-de-la-industria-afectados-en-acapulco\/\" \/>\n<meta name=\"twitter:card\" content=\"summary_large_image\" \/>\n<meta name=\"twitter:title\" content=\"Ofrecen hoteleros de Canc\u00fan empleo a trabajadores de la industria afectados en Acapulco - Nitu - Noticias de la Industria Turistica\" \/>\n<meta name=\"twitter:description\" content=\"Ante los da\u00f1os del hurac\u00e1n OTIS que devast\u00f3 Acapulco, y la crisis de desempleo que pudiera ocurrir, desde la Asociaci\u00f3n de Hoteles de Canc\u00fan, Puerto Morelos e Isla Mujeres se envi\u00f3 una carta a la Asociaci\u00f3n de Hoteles de Acapulco, para ofrecer empleo a los trabajadores de la industria que no puedan integrarse al \u00e1rea [&hellip;]\" \/>\n<meta name=\"twitter:image\" content=\"https:\/\/nitu.mx\/wp-content\/uploads\/2023\/10\/otis-acapulco.jpg\" \/>\n<meta name=\"twitter:creator\" content=\"@Arturo_Medina_G\" \/>\n<meta name=\"twitter:site\" content=\"@Arturo_Medina_G\" \/>\n<meta name=\"twitter:label1\" content=\"Escrito por\" \/>\n\t<meta name=\"twitter:data1\" content=\"Arturo Medina\" \/>\n\t<meta name=\"twitter:label2\" content=\"Tiempo de lectura\" \/>\n\t<meta name=\"twitter:data2\" content=\"1 minuto\" \/>\n<script type=\"application\/ld+json\" class=\"yoast-schema-graph\">{\"@context\":\"https:\/\/schema.org\",\"@graph\":[{\"@type\":\"Article\",\"@id\":\"https:\/\/nitu.mx\/index.php\/2023\/11\/01\/ofrecen-hotelelros-de-cancun-empleo-a-trabajadores-de-la-industria-afectados-en-acapulco\/#article\",\"isPartOf\":{\"@id\":\"https:\/\/nitu.mx\/index.php\/2023\/11\/01\/ofrecen-hotelelros-de-cancun-empleo-a-trabajadores-de-la-industria-afectados-en-acapulco\/\"},\"author\":{\"name\":\"Arturo Medina\",\"@id\":\"https:\/\/nitu.mx\/#\/schema\/person\/ae7a53426417292d3dd07b45a33e01bc\"},\"headline\":\"Ofrecen hoteleros de Canc\u00fan empleo a trabajadores de la industria afectados en Acapulco\",\"datePublished\":\"2023-11-01T06:02:33+00:00\",\"dateModified\":\"2023-11-01T07:14:21+00:00\",\"mainEntityOfPage\":{\"@id\":\"https:\/\/nitu.mx\/index.php\/2023\/11\/01\/ofrecen-hotelelros-de-cancun-empleo-a-trabajadores-de-la-industria-afectados-en-acapulco\/\"},\"wordCount\":287,\"commentCount\":0,\"publisher\":{\"@id\":\"https:\/\/nitu.mx\/#\/schema\/person\/ae7a53426417292d3dd07b45a33e01bc\"},\"image\":{\"@id\":\"https:\/\/nitu.mx\/index.php\/2023\/11\/01\/ofrecen-hotelelros-de-cancun-empleo-a-trabajadores-de-la-industria-afectados-en-acapulco\/#primaryimage\"},\"thumbnailUrl\":\"https:\/\/nitu.mx\/wp-content\/uploads\/2023\/10\/otis-acapulco.jpg\",\"keywords\":[\"Acapulco\",\"Asociaci\u00f3n de hoteles de Canc\u00fan Puerto Morelos e Isla Mujeres\",\"Caribe mexicano\",\"empleo temporal\",\"Jes\u00fas Almaguer Salazar\"],\"articleSection\":[\"Hoteles\"],\"inLanguage\":\"es-MX\",\"potentialAction\":[{\"@type\":\"CommentAction\",\"name\":\"Comment\",\"target\":[\"https:\/\/nitu.mx\/index.php\/2023\/11\/01\/ofrecen-hotelelros-de-cancun-empleo-a-trabajadores-de-la-industria-afectados-en-acapulco\/#respond\"]}]},{\"@type\":\"WebPage\",\"@id\":\"https:\/\/nitu.mx\/index.php\/2023\/11\/01\/ofrecen-hotelelros-de-cancun-empleo-a-trabajadores-de-la-industria-afectados-en-acapulco\/\",\"url\":\"https:\/\/nitu.mx\/index.php\/2023\/11\/01\/ofrecen-hotelelros-de-cancun-empleo-a-trabajadores-de-la-industria-afectados-en-acapulco\/\",\"name\":\"Ofrecen hoteleros de Canc\u00fan empleo a trabajadores de la industria afectados en Acapulco - Nitu - Noticias de la Industria Turistica\",\"isPartOf\":{\"@id\":\"https:\/\/nitu.mx\/#website\"},\"primaryImageOfPage\":{\"@id\":\"https:\/\/nitu.mx\/index.php\/2023\/11\/01\/ofrecen-hotelelros-de-cancun-empleo-a-trabajadores-de-la-industria-afectados-en-acapulco\/#primaryimage\"},\"image\":{\"@id\":\"https:\/\/nitu.mx\/index.php\/2023\/11\/01\/ofrecen-hotelelros-de-cancun-empleo-a-trabajadores-de-la-industria-afectados-en-acapulco\/#primaryimage\"},\"thumbnailUrl\":\"https:\/\/nitu.mx\/wp-content\/uploads\/2023\/10\/otis-acapulco.jpg\",\"datePublished\":\"2023-11-01T06:02:33+00:00\",\"dateModified\":\"2023-11-01T07:14:21+00:00\",\"breadcrumb\":{\"@id\":\"https:\/\/nitu.mx\/index.php\/2023\/11\/01\/ofrecen-hotelelros-de-cancun-empleo-a-trabajadores-de-la-industria-afectados-en-acapulco\/#breadcrumb\"},\"inLanguage\":\"es-MX\",\"potentialAction\":[{\"@type\":\"ReadAction\",\"target\":[\"https:\/\/nitu.mx\/index.php\/2023\/11\/01\/ofrecen-hotelelros-de-cancun-empleo-a-trabajadores-de-la-industria-afectados-en-acapulco\/\"]}]},{\"@type\":\"ImageObject\",\"inLanguage\":\"es-MX\",\"@id\":\"https:\/\/nitu.mx\/index.php\/2023\/11\/01\/ofrecen-hotelelros-de-cancun-empleo-a-trabajadores-de-la-industria-afectados-en-acapulco\/#primaryimage\",\"url\":\"https:\/\/nitu.mx\/wp-content\/uploads\/2023\/10\/otis-acapulco.jpg\",\"contentUrl\":\"https:\/\/nitu.mx\/wp-content\/uploads\/2023\/10\/otis-acapulco.jpg\",\"width\":980,\"height\":551,\"caption\":\"Otis Acapulco\"},{\"@type\":\"BreadcrumbList\",\"@id\":\"https:\/\/nitu.mx\/index.php\/2023\/11\/01\/ofrecen-hotelelros-de-cancun-empleo-a-trabajadores-de-la-industria-afectados-en-acapulco\/#breadcrumb\",\"itemListElement\":[{\"@type\":\"ListItem\",\"position\":1,\"name\":\"Inicio\",\"item\":\"https:\/\/nitu.mx\/\"},{\"@type\":\"ListItem\",\"position\":2,\"name\":\"Ofrecen hoteleros de Canc\u00fan empleo a trabajadores de la industria afectados en Acapulco\"}]},{\"@type\":\"WebSite\",\"@id\":\"https:\/\/nitu.mx\/#website\",\"url\":\"https:\/\/nitu.mx\/\",\"name\":\"Nitu - Noticias de la Industria Turistica\",\"description\":\"Noticias de la Industria Turistica\",\"publisher\":{\"@id\":\"https:\/\/nitu.mx\/#\/schema\/person\/ae7a53426417292d3dd07b45a33e01bc\"},\"alternateName\":\"Noticias de la Industria Turistica\",\"potentialAction\":[{\"@type\":\"SearchAction\",\"target\":{\"@type\":\"EntryPoint\",\"urlTemplate\":\"https:\/\/nitu.mx\/?s={search_term_string}\"},\"query-input\":\"required name=search_term_string\"}],\"inLanguage\":\"es-MX\"},{\"@type\":[\"Person\",\"Organization\"],\"@id\":\"https:\/\/nitu.mx\/#\/schema\/person\/ae7a53426417292d3dd07b45a33e01bc\",\"name\":\"Arturo Medina\",\"image\":{\"@type\":\"ImageObject\",\"inLanguage\":\"es-MX\",\"@id\":\"https:\/\/nitu.mx\/#\/schema\/person\/image\/\",\"url\":\"https:\/\/nitu.mx\/wp-content\/uploads\/2024\/04\/4A315622-1904-4D5C-B022-878CDC840E04-90x90-1.jpeg\",\"contentUrl\":\"https:\/\/nitu.mx\/wp-content\/uploads\/2024\/04\/4A315622-1904-4D5C-B022-878CDC840E04-90x90-1.jpeg\",\"width\":90,\"height\":90,\"caption\":\"Arturo Medina\"},\"logo\":{\"@id\":\"https:\/\/nitu.mx\/#\/schema\/person\/image\/\"},\"description\":\"Director NITU.mx, Egresado de la Escuela de Periodismo Carlos Septi\u00e9n Garc\u00eda. Periodista y analista especializado en turismo desde hace 35 a\u00f1os, radicado en Canc\u00fan Q.Roo. arturo@nitu.mx\",\"sameAs\":[\"https:\/\/nitu.mx\",\"https:\/\/www.facebook.com\/NITUmx\/\",\"medinacancun\",\"https:\/\/twitter.com\/@Arturo_Medina_G\"],\"url\":\"https:\/\/nitu.mx\/index.php\/author\/arturo-medina\/\"}]}<\/script>\n<!-- \/ Yoast SEO plugin. -->","yoast_head_json":{"title":"Ofrecen hoteleros de Canc\u00fan empleo a trabajadores de la industria afectados en Acapulco - Nitu - Noticias de la Industria Turistica","robots":{"index":"index","follow":"follow","max-snippet":"max-snippet:-1","max-image-preview":"max-image-preview:large","max-video-preview":"max-video-preview:-1"},"canonical":"https:\/\/nitu.mx\/index.php\/2023\/11\/01\/ofrecen-hotelelros-de-cancun-empleo-a-trabajadores-de-la-industria-afectados-en-acapulco\/","twitter_card":"summary_large_image","twitter_title":"Ofrecen hoteleros de Canc\u00fan empleo a trabajadores de la industria afectados en Acapulco - Nitu - Noticias de la Industria Turistica","twitter_description":"Ante los da\u00f1os del hurac\u00e1n OTIS que devast\u00f3 Acapulco, y la crisis de desempleo que pudiera ocurrir, desde la Asociaci\u00f3n de Hoteles de Canc\u00fan, Puerto Morelos e Isla Mujeres se envi\u00f3 una carta a la Asociaci\u00f3n de Hoteles de Acapulco, para ofrecer empleo a los trabajadores de la industria que no puedan integrarse al \u00e1rea [&hellip;]","twitter_image":"https:\/\/nitu.mx\/wp-content\/uploads\/2023\/10\/otis-acapulco.jpg","twitter_creator":"@Arturo_Medina_G","twitter_site":"@Arturo_Medina_G","twitter_misc":{"Escrito por":"Arturo Medina","Tiempo de lectura":"1 minuto"},"schema":{"@context":"https:\/\/schema.org","@graph":[{"@type":"Article","@id":"https:\/\/nitu.mx\/index.php\/2023\/11\/01\/ofrecen-hotelelros-de-cancun-empleo-a-trabajadores-de-la-industria-afectados-en-acapulco\/#article","isPartOf":{"@id":"https:\/\/nitu.mx\/index.php\/2023\/11\/01\/ofrecen-hotelelros-de-cancun-empleo-a-trabajadores-de-la-industria-afectados-en-acapulco\/"},"author":{"name":"Arturo Medina","@id":"https:\/\/nitu.mx\/#\/schema\/person\/ae7a53426417292d3dd07b45a33e01bc"},"headline":"Ofrecen hoteleros de Canc\u00fan empleo a trabajadores de la industria afectados en Acapulco","datePublished":"2023-11-01T06:02:33+00:00","dateModified":"2023-11-01T07:14:21+00:00","mainEntityOfPage":{"@id":"https:\/\/nitu.mx\/index.php\/2023\/11\/01\/ofrecen-hotelelros-de-cancun-empleo-a-trabajadores-de-la-industria-afectados-en-acapulco\/"},"wordCount":287,"commentCount":0,"publisher":{"@id":"https:\/\/nitu.mx\/#\/schema\/person\/ae7a53426417292d3dd07b45a33e01bc"},"image":{"@id":"https:\/\/nitu.mx\/index.php\/2023\/11\/01\/ofrecen-hotelelros-de-cancun-empleo-a-trabajadores-de-la-industria-afectados-en-acapulco\/#primaryimage"},"thumbnailUrl":"https:\/\/nitu.mx\/wp-content\/uploads\/2023\/10\/otis-acapulco.jpg","keywords":["Acapulco","Asociaci\u00f3n de hoteles de Canc\u00fan Puerto Morelos e Isla Mujeres","Caribe mexicano","empleo temporal","Jes\u00fas Almaguer Salazar"],"articleSection":["Hoteles"],"inLanguage":"es-MX","potentialAction":[{"@type":"CommentAction","name":"Comment","target":["https:\/\/nitu.mx\/index.php\/2023\/11\/01\/ofrecen-hotelelros-de-cancun-empleo-a-trabajadores-de-la-industria-afectados-en-acapulco\/#respond"]}]},{"@type":"WebPage","@id":"https:\/\/nitu.mx\/index.php\/2023\/11\/01\/ofrecen-hotelelros-de-cancun-empleo-a-trabajadores-de-la-industria-afectados-en-acapulco\/","url":"https:\/\/nitu.mx\/index.php\/2023\/11\/01\/ofrecen-hotelelros-de-cancun-empleo-a-trabajadores-de-la-industria-afectados-en-acapulco\/","name":"Ofrecen hoteleros de Canc\u00fan empleo a trabajadores de la industria afectados en Acapulco - Nitu - Noticias de la Industria Turistica","isPartOf":{"@id":"https:\/\/nitu.mx\/#website"},"primaryImageOfPage":{"@id":"https:\/\/nitu.mx\/index.php\/2023\/11\/01\/ofrecen-hotelelros-de-cancun-empleo-a-trabajadores-de-la-industria-afectados-en-acapulco\/#primaryimage"},"image":{"@id":"https:\/\/nitu.mx\/index.php\/2023\/11\/01\/ofrecen-hotelelros-de-cancun-empleo-a-trabajadores-de-la-industria-afectados-en-acapulco\/#primaryimage"},"thumbnailUrl":"https:\/\/nitu.mx\/wp-content\/uploads\/2023\/10\/otis-acapulco.jpg","datePublished":"2023-11-01T06:02:33+00:00","dateModified":"2023-11-01T07:14:21+00:00","breadcrumb":{"@id":"https:\/\/nitu.mx\/index.php\/2023\/11\/01\/ofrecen-hotelelros-de-cancun-empleo-a-trabajadores-de-la-industria-afectados-en-acapulco\/#breadcrumb"},"inLanguage":"es-MX","potentialAction":[{"@type":"ReadAction","target":["https:\/\/nitu.mx\/index.php\/2023\/11\/01\/ofrecen-hotelelros-de-cancun-empleo-a-trabajadores-de-la-industria-afectados-en-acapulco\/"]}]},{"@type":"ImageObject","inLanguage":"es-MX","@id":"https:\/\/nitu.mx\/index.php\/2023\/11\/01\/ofrecen-hotelelros-de-cancun-empleo-a-trabajadores-de-la-industria-afectados-en-acapulco\/#primaryimage","url":"https:\/\/nitu.mx\/wp-content\/uploads\/2023\/10\/otis-acapulco.jpg","contentUrl":"https:\/\/nitu.mx\/wp-content\/uploads\/2023\/10\/otis-acapulco.jpg","width":980,"height":551,"caption":"Otis Acapulco"},{"@type":"BreadcrumbList","@id":"https:\/\/nitu.mx\/index.php\/2023\/11\/01\/ofrecen-hotelelros-de-cancun-empleo-a-trabajadores-de-la-industria-afectados-en-acapulco\/#breadcrumb","itemListElement":[{"@type":"ListItem","position":1,"name":"Inicio","item":"https:\/\/nitu.mx\/"},{"@type":"ListItem","position":2,"name":"Ofrecen hoteleros de Canc\u00fan empleo a trabajadores de la industria afectados en Acapulco"}]},{"@type":"WebSite","@id":"https:\/\/nitu.mx\/#website","url":"https:\/\/nitu.mx\/","name":"Nitu - Noticias de la Industria Turistica","description":"Noticias de la Industria Turistica","publisher":{"@id":"https:\/\/nitu.mx\/#\/schema\/person\/ae7a53426417292d3dd07b45a33e01bc"},"alternateName":"Noticias de la Industria Turistica","potentialAction":[{"@type":"SearchAction","target":{"@type":"EntryPoint","urlTemplate":"https:\/\/nitu.mx\/?s={search_term_string}"},"query-input":"required name=search_term_string"}],"inLanguage":"es-MX"},{"@type":["Person","Organization"],"@id":"https:\/\/nitu.mx\/#\/schema\/person\/ae7a53426417292d3dd07b45a33e01bc","name":"Arturo Medina","image":{"@type":"ImageObject","inLanguage":"es-MX","@id":"https:\/\/nitu.mx\/#\/schema\/person\/image\/","url":"https:\/\/nitu.mx\/wp-content\/uploads\/2024\/04\/4A315622-1904-4D5C-B022-878CDC840E04-90x90-1.jpeg","contentUrl":"https:\/\/nitu.mx\/wp-content\/uploads\/2024\/04\/4A315622-1904-4D5C-B022-878CDC840E04-90x90-1.jpeg","width":90,"height":90,"caption":"Arturo Medina"},"logo":{"@id":"https:\/\/nitu.mx\/#\/schema\/person\/image\/"},"description":"Director NITU.mx, Egresado de la Escuela de Periodismo Carlos Septi\u00e9n Garc\u00eda. Periodista y analista especializado en turismo desde hace 35 a\u00f1os, radicado en Canc\u00fan Q.Roo. arturo@nitu.mx","sameAs":["https:\/\/nitu.mx","https:\/\/www.facebook.com\/NITUmx\/","medinacancun","https:\/\/twitter.com\/@Arturo_Medina_G"],"url":"https:\/\/nitu.mx\/index.php\/author\/arturo-medina\/"}]}},"views":438,"_links":{"self":[{"href":"https:\/\/nitu.mx\/index.php\/wp-json\/wp\/v2\/posts\/66537"}],"collection":[{"href":"https:\/\/nitu.mx\/index.php\/wp-json\/wp\/v2\/posts"}],"about":[{"href":"https:\/\/nitu.mx\/index.php\/wp-json\/wp\/v2\/types\/post"}],"author":[{"embeddable":true,"href":"https:\/\/nitu.mx\/index.php\/wp-json\/wp\/v2\/users\/2"}],"replies":[{"embeddable":true,"href":"https:\/\/nitu.mx\/index.php\/wp-json\/wp\/v2\/comments?post=66537"}],"version-history":[{"count":4,"href":"https:\/\/nitu.mx\/index.php\/wp-json\/wp\/v2\/posts\/66537\/revisions"}],"predecessor-version":[{"id":66557,"href":"https:\/\/nitu.mx\/index.php\/wp-json\/wp\/v2\/posts\/66537\/revisions\/66557"}],"wp:featuredmedia":[{"embeddable":true,"href":"https:\/\/nitu.mx\/index.php\/wp-json\/wp\/v2\/media\/66539"}],"wp:attachment":[{"href":"https:\/\/nitu.mx\/index.php\/wp-json\/wp\/v2\/media?parent=66537"}],"wp:term":[{"taxonomy":"category","embeddable":true,"href":"https:\/\/nitu.mx\/index.php\/wp-json\/wp\/v2\/categories?post=66537"},{"taxonomy":"post_tag","embeddable":true,"href":"https:\/\/nitu.mx\/index.php\/wp-json\/wp\/v2\/tags?post=66537"}],"curies":[{"name":"wp","href":"https:\/\/api.w.org\/{rel}","templated":true}]}}