{"id":66525,"date":"2023-10-31T02:12:58","date_gmt":"2023-10-31T07:12:58","guid":{"rendered":"https:\/\/nitu.mx\/?p=66525"},"modified":"2023-10-31T02:12:58","modified_gmt":"2023-10-31T07:12:58","slug":"mitm-americas-2023-en-queretaro-deja-ventas-por-mas-de-150-millones-de-euros","status":"publish","type":"post","link":"https:\/\/nitu.mx\/index.php\/2023\/10\/31\/mitm-americas-2023-en-queretaro-deja-ventas-por-mas-de-150-millones-de-euros\/","title":{"rendered":"MITM Am\u00e9ricas 2023 en Quer\u00e9taro deja ventas por m\u00e1s de 150 millones de euros"},"content":{"rendered":"<p>Con ventas por 150 millones de euros y m\u00e1s de mil 300 citas de negocios, concluy\u00f3 la vig\u00e9sima quinta edici\u00f3n del Meeting and Incentive Travel Market (MITM Am\u00e9ricas 2023), que se realiz\u00f3 en Quer\u00e9taro con la participaci\u00f3n de 80 empresas del segmento de turismo de reuniones procedentes de 17 pa\u00edses.<\/p>\n<p>La secretaria de Turismo estatal, Adriana Vega V\u00e1zquez Mellado, destac\u00f3 que el MITM Am\u00e9ricas 2023 es considerado uno de los eventos m\u00e1s importantes para el segmento de reuniones (MICE) a nivel internacional, que genera encuentros de negocios de alto impacto para esta industria.<\/p>\n<p>Dijo que este encuentro de profesionales, se consolida como una plataforma para posicionar a la industria de reuniones, viajes de incentivo, congresos, convenciones, exposiciones y ferias, adem\u00e1s de ser una opci\u00f3n que ayuda a elevar el nivel del turismo durante todo el a\u00f1o en la entidad.<\/p>\n<p>&#8220;No es casualidad que este evento haya tenido lugar en Quer\u00e9taro, aqu\u00ed tenemos un peso espec\u00edfico a la hora de crear oportunidades de negocio. Por nuestras condiciones de certeza y dinamismo econ\u00f3mico, por nuestra riqueza humana, cultural y natural inigualables y por nuestros empresarios y recintos de clase mundial&#8221;, dijo la secretaria, al referirse al potencial que tiene el segmento del turismo de reuniones en la entidad.<\/p>\n<p>Record\u00f3 que Quer\u00e9taro ha tenido, durante 2023, un proceso de recuperaci\u00f3n despu\u00e9s de la pandemia de Covid-19, y comparando los a\u00f1os 2019 y 2023, se registra un incremento de 11 puntos porcentuales en la ocupaci\u00f3n hotelera, as\u00ed como un crecimiento de 27 por ciento en pasajeros a\u00e9reos, y se ha registrado un incremento sustancial en la generaci\u00f3n de derrama econ\u00f3mica generada por el turismo.<\/p>\n<p>En tanto, Charo Trabado, CEO de la empresa MITM Events, afirm\u00f3 que esta reuni\u00f3n de profesionales de la industria MICE, represent\u00f3 una oportunidad para que empresas compradoras nacionales e internacionales, directores y ejecutivos de empresas organizadoras de eventos, tour-operadores, agencias y asociaciones, establecieran citas de negocios, contacto con nuevos clientes, integrar cadenas de valor y expandir sus negocios.\u00a0<a title=\"Conexstur promover\u00e1 los destinos de Quer\u00e9taro ante el turismo internacional\" href=\"https:\/\/nitu.mx\/index.php\/2023\/09\/19\/conexstur-promovera-los-destinos-de-queretaro-ante-el-turismo-internacional\/\" rel=\"bookmark\">(Conexstur promover\u00e1 los destinos de Quer\u00e9taro ante el turismo internacional<\/a>).<\/p>\n","protected":false},"excerpt":{"rendered":"<p>Con ventas por 150 millones de euros y m\u00e1s de mil 300 citas de negocios, concluy\u00f3 la vig\u00e9sima quinta edici\u00f3n del Meeting and Incentive Travel Market (MITM Am\u00e9ricas 2023), que se realiz\u00f3 en Quer\u00e9taro con la participaci\u00f3n de 80 empresas del segmento de turismo de reuniones procedentes de 17 pa\u00edses. La secretaria de Turismo estatal, [&hellip;]<\/p>\n","protected":false},"author":17,"featured_media":66526,"comment_status":"open","ping_status":"open","sticky":false,"template":"","format":"standard","meta":{"footnotes":""},"categories":[5],"tags":[24120,970,24243,61],"yoast_head":"<!-- This site is optimized with the Yoast SEO plugin v22.2 - https:\/\/yoast.com\/wordpress\/plugins\/seo\/ -->\n<title>MITM Am\u00e9ricas 2023 en Quer\u00e9taro deja ventas por m\u00e1s de 150 millones de euros - Nitu - Noticias de la Industria Turistica<\/title>\n<meta name=\"robots\" content=\"index, follow, max-snippet:-1, max-image-preview:large, max-video-preview:-1\" \/>\n<link rel=\"canonical\" href=\"https:\/\/nitu.mx\/index.php\/2023\/10\/31\/mitm-americas-2023-en-queretaro-deja-ventas-por-mas-de-150-millones-de-euros\/\" \/>\n<meta name=\"twitter:card\" content=\"summary_large_image\" \/>\n<meta name=\"twitter:title\" content=\"MITM Am\u00e9ricas 2023 en Quer\u00e9taro deja ventas por m\u00e1s de 150 millones de euros - Nitu - Noticias de la Industria Turistica\" \/>\n<meta name=\"twitter:description\" content=\"Con ventas por 150 millones de euros y m\u00e1s de mil 300 citas de negocios, concluy\u00f3 la vig\u00e9sima quinta edici\u00f3n del Meeting and Incentive Travel Market (MITM Am\u00e9ricas 2023), que se realiz\u00f3 en Quer\u00e9taro con la participaci\u00f3n de 80 empresas del segmento de turismo de reuniones procedentes de 17 pa\u00edses. La secretaria de Turismo estatal, [&hellip;]\" \/>\n<meta name=\"twitter:image\" content=\"https:\/\/nitu.mx\/wp-content\/uploads\/2023\/10\/Quer\u00e9taro-MITM-2023.jpg\" \/>\n<meta name=\"twitter:creator\" content=\"@NITUmx\" \/>\n<meta name=\"twitter:site\" content=\"@Arturo_Medina_G\" \/>\n<meta name=\"twitter:label1\" content=\"Escrito por\" \/>\n\t<meta name=\"twitter:data1\" content=\"Redacci\u00f3n\" \/>\n\t<meta name=\"twitter:label2\" content=\"Tiempo de lectura\" \/>\n\t<meta name=\"twitter:data2\" content=\"2 minutos\" \/>\n<script type=\"application\/ld+json\" class=\"yoast-schema-graph\">{\"@context\":\"https:\/\/schema.org\",\"@graph\":[{\"@type\":\"Article\",\"@id\":\"https:\/\/nitu.mx\/index.php\/2023\/10\/31\/mitm-americas-2023-en-queretaro-deja-ventas-por-mas-de-150-millones-de-euros\/#article\",\"isPartOf\":{\"@id\":\"https:\/\/nitu.mx\/index.php\/2023\/10\/31\/mitm-americas-2023-en-queretaro-deja-ventas-por-mas-de-150-millones-de-euros\/\"},\"author\":{\"name\":\"Redacci\u00f3n\",\"@id\":\"https:\/\/nitu.mx\/#\/schema\/person\/4a28fe9bd65924f7c90623773daf1b0b\"},\"headline\":\"MITM Am\u00e9ricas 2023 en Quer\u00e9taro deja ventas por m\u00e1s de 150 millones de euros\",\"datePublished\":\"2023-10-31T07:12:58+00:00\",\"dateModified\":\"2023-10-31T07:12:58+00:00\",\"mainEntityOfPage\":{\"@id\":\"https:\/\/nitu.mx\/index.php\/2023\/10\/31\/mitm-americas-2023-en-queretaro-deja-ventas-por-mas-de-150-millones-de-euros\/\"},\"wordCount\":368,\"commentCount\":0,\"publisher\":{\"@id\":\"https:\/\/nitu.mx\/#\/schema\/person\/ae7a53426417292d3dd07b45a33e01bc\"},\"image\":{\"@id\":\"https:\/\/nitu.mx\/index.php\/2023\/10\/31\/mitm-americas-2023-en-queretaro-deja-ventas-por-mas-de-150-millones-de-euros\/#primaryimage\"},\"thumbnailUrl\":\"https:\/\/nitu.mx\/wp-content\/uploads\/2023\/10\/Quer\u00e9taro-MITM-2023.jpg\",\"keywords\":[\"Adriana Vega V\u00e1zquez Mellado\",\"MICE\",\"MITM Am\u00e9ricas\",\"Quer\u00e9taro\"],\"articleSection\":[\"Destinos\"],\"inLanguage\":\"es-MX\",\"potentialAction\":[{\"@type\":\"CommentAction\",\"name\":\"Comment\",\"target\":[\"https:\/\/nitu.mx\/index.php\/2023\/10\/31\/mitm-americas-2023-en-queretaro-deja-ventas-por-mas-de-150-millones-de-euros\/#respond\"]}]},{\"@type\":\"WebPage\",\"@id\":\"https:\/\/nitu.mx\/index.php\/2023\/10\/31\/mitm-americas-2023-en-queretaro-deja-ventas-por-mas-de-150-millones-de-euros\/\",\"url\":\"https:\/\/nitu.mx\/index.php\/2023\/10\/31\/mitm-americas-2023-en-queretaro-deja-ventas-por-mas-de-150-millones-de-euros\/\",\"name\":\"MITM Am\u00e9ricas 2023 en Quer\u00e9taro deja ventas por m\u00e1s de 150 millones de euros - Nitu - Noticias de la Industria Turistica\",\"isPartOf\":{\"@id\":\"https:\/\/nitu.mx\/#website\"},\"primaryImageOfPage\":{\"@id\":\"https:\/\/nitu.mx\/index.php\/2023\/10\/31\/mitm-americas-2023-en-queretaro-deja-ventas-por-mas-de-150-millones-de-euros\/#primaryimage\"},\"image\":{\"@id\":\"https:\/\/nitu.mx\/index.php\/2023\/10\/31\/mitm-americas-2023-en-queretaro-deja-ventas-por-mas-de-150-millones-de-euros\/#primaryimage\"},\"thumbnailUrl\":\"https:\/\/nitu.mx\/wp-content\/uploads\/2023\/10\/Quer\u00e9taro-MITM-2023.jpg\",\"datePublished\":\"2023-10-31T07:12:58+00:00\",\"dateModified\":\"2023-10-31T07:12:58+00:00\",\"breadcrumb\":{\"@id\":\"https:\/\/nitu.mx\/index.php\/2023\/10\/31\/mitm-americas-2023-en-queretaro-deja-ventas-por-mas-de-150-millones-de-euros\/#breadcrumb\"},\"inLanguage\":\"es-MX\",\"potentialAction\":[{\"@type\":\"ReadAction\",\"target\":[\"https:\/\/nitu.mx\/index.php\/2023\/10\/31\/mitm-americas-2023-en-queretaro-deja-ventas-por-mas-de-150-millones-de-euros\/\"]}]},{\"@type\":\"ImageObject\",\"inLanguage\":\"es-MX\",\"@id\":\"https:\/\/nitu.mx\/index.php\/2023\/10\/31\/mitm-americas-2023-en-queretaro-deja-ventas-por-mas-de-150-millones-de-euros\/#primaryimage\",\"url\":\"https:\/\/nitu.mx\/wp-content\/uploads\/2023\/10\/Quer\u00e9taro-MITM-2023.jpg\",\"contentUrl\":\"https:\/\/nitu.mx\/wp-content\/uploads\/2023\/10\/Quer\u00e9taro-MITM-2023.jpg\",\"width\":1200,\"height\":675,\"caption\":\"Quer\u00e9taro\"},{\"@type\":\"BreadcrumbList\",\"@id\":\"https:\/\/nitu.mx\/index.php\/2023\/10\/31\/mitm-americas-2023-en-queretaro-deja-ventas-por-mas-de-150-millones-de-euros\/#breadcrumb\",\"itemListElement\":[{\"@type\":\"ListItem\",\"position\":1,\"name\":\"Inicio\",\"item\":\"https:\/\/nitu.mx\/\"},{\"@type\":\"ListItem\",\"position\":2,\"name\":\"MITM Am\u00e9ricas 2023 en Quer\u00e9taro deja ventas por m\u00e1s de 150 millones de euros\"}]},{\"@type\":\"WebSite\",\"@id\":\"https:\/\/nitu.mx\/#website\",\"url\":\"https:\/\/nitu.mx\/\",\"name\":\"Nitu - Noticias de la Industria Turistica\",\"description\":\"Noticias de la Industria Turistica\",\"publisher\":{\"@id\":\"https:\/\/nitu.mx\/#\/schema\/person\/ae7a53426417292d3dd07b45a33e01bc\"},\"alternateName\":\"Noticias de la Industria Turistica\",\"potentialAction\":[{\"@type\":\"SearchAction\",\"target\":{\"@type\":\"EntryPoint\",\"urlTemplate\":\"https:\/\/nitu.mx\/?s={search_term_string}\"},\"query-input\":\"required name=search_term_string\"}],\"inLanguage\":\"es-MX\"},{\"@type\":[\"Person\",\"Organization\"],\"@id\":\"https:\/\/nitu.mx\/#\/schema\/person\/ae7a53426417292d3dd07b45a33e01bc\",\"name\":\"Arturo Medina\",\"image\":{\"@type\":\"ImageObject\",\"inLanguage\":\"es-MX\",\"@id\":\"https:\/\/nitu.mx\/#\/schema\/person\/image\/\",\"url\":\"https:\/\/nitu.mx\/wp-content\/uploads\/2024\/04\/4A315622-1904-4D5C-B022-878CDC840E04-90x90-1.jpeg\",\"contentUrl\":\"https:\/\/nitu.mx\/wp-content\/uploads\/2024\/04\/4A315622-1904-4D5C-B022-878CDC840E04-90x90-1.jpeg\",\"width\":90,\"height\":90,\"caption\":\"Arturo Medina\"},\"logo\":{\"@id\":\"https:\/\/nitu.mx\/#\/schema\/person\/image\/\"},\"description\":\"Director NITU.mx, Egresado de la Escuela de Periodismo Carlos Septi\u00e9n Garc\u00eda. Periodista y analista especializado en turismo desde hace 35 a\u00f1os, radicado en Canc\u00fan Q.Roo. arturo@nitu.mx\",\"sameAs\":[\"https:\/\/nitu.mx\",\"https:\/\/www.facebook.com\/NITUmx\/\",\"medinacancun\",\"https:\/\/twitter.com\/@Arturo_Medina_G\"]},{\"@type\":\"Person\",\"@id\":\"https:\/\/nitu.mx\/#\/schema\/person\/4a28fe9bd65924f7c90623773daf1b0b\",\"name\":\"Redacci\u00f3n\",\"image\":{\"@type\":\"ImageObject\",\"inLanguage\":\"es-MX\",\"@id\":\"https:\/\/nitu.mx\/#\/schema\/person\/image\/\",\"url\":\"https:\/\/secure.gravatar.com\/avatar\/5dd011c8ccfc5cd7e4c81e42252aab38?s=96&d=mm&r=g\",\"contentUrl\":\"https:\/\/secure.gravatar.com\/avatar\/5dd011c8ccfc5cd7e4c81e42252aab38?s=96&d=mm&r=g\",\"caption\":\"Redacci\u00f3n\"},\"url\":\"https:\/\/nitu.mx\/index.php\/author\/redaccion\/\"}]}<\/script>\n<!-- \/ Yoast SEO plugin. -->","yoast_head_json":{"title":"MITM Am\u00e9ricas 2023 en Quer\u00e9taro deja ventas por m\u00e1s de 150 millones de euros - Nitu - Noticias de la Industria Turistica","robots":{"index":"index","follow":"follow","max-snippet":"max-snippet:-1","max-image-preview":"max-image-preview:large","max-video-preview":"max-video-preview:-1"},"canonical":"https:\/\/nitu.mx\/index.php\/2023\/10\/31\/mitm-americas-2023-en-queretaro-deja-ventas-por-mas-de-150-millones-de-euros\/","twitter_card":"summary_large_image","twitter_title":"MITM Am\u00e9ricas 2023 en Quer\u00e9taro deja ventas por m\u00e1s de 150 millones de euros - Nitu - Noticias de la Industria Turistica","twitter_description":"Con ventas por 150 millones de euros y m\u00e1s de mil 300 citas de negocios, concluy\u00f3 la vig\u00e9sima quinta edici\u00f3n del Meeting and Incentive Travel Market (MITM Am\u00e9ricas 2023), que se realiz\u00f3 en Quer\u00e9taro con la participaci\u00f3n de 80 empresas del segmento de turismo de reuniones procedentes de 17 pa\u00edses. La secretaria de Turismo estatal, [&hellip;]","twitter_image":"https:\/\/nitu.mx\/wp-content\/uploads\/2023\/10\/Quer\u00e9taro-MITM-2023.jpg","twitter_creator":"@NITUmx","twitter_site":"@Arturo_Medina_G","twitter_misc":{"Escrito por":"Redacci\u00f3n","Tiempo de lectura":"2 minutos"},"schema":{"@context":"https:\/\/schema.org","@graph":[{"@type":"Article","@id":"https:\/\/nitu.mx\/index.php\/2023\/10\/31\/mitm-americas-2023-en-queretaro-deja-ventas-por-mas-de-150-millones-de-euros\/#article","isPartOf":{"@id":"https:\/\/nitu.mx\/index.php\/2023\/10\/31\/mitm-americas-2023-en-queretaro-deja-ventas-por-mas-de-150-millones-de-euros\/"},"author":{"name":"Redacci\u00f3n","@id":"https:\/\/nitu.mx\/#\/schema\/person\/4a28fe9bd65924f7c90623773daf1b0b"},"headline":"MITM Am\u00e9ricas 2023 en Quer\u00e9taro deja ventas por m\u00e1s de 150 millones de euros","datePublished":"2023-10-31T07:12:58+00:00","dateModified":"2023-10-31T07:12:58+00:00","mainEntityOfPage":{"@id":"https:\/\/nitu.mx\/index.php\/2023\/10\/31\/mitm-americas-2023-en-queretaro-deja-ventas-por-mas-de-150-millones-de-euros\/"},"wordCount":368,"commentCount":0,"publisher":{"@id":"https:\/\/nitu.mx\/#\/schema\/person\/ae7a53426417292d3dd07b45a33e01bc"},"image":{"@id":"https:\/\/nitu.mx\/index.php\/2023\/10\/31\/mitm-americas-2023-en-queretaro-deja-ventas-por-mas-de-150-millones-de-euros\/#primaryimage"},"thumbnailUrl":"https:\/\/nitu.mx\/wp-content\/uploads\/2023\/10\/Quer\u00e9taro-MITM-2023.jpg","keywords":["Adriana Vega V\u00e1zquez Mellado","MICE","MITM Am\u00e9ricas","Quer\u00e9taro"],"articleSection":["Destinos"],"inLanguage":"es-MX","potentialAction":[{"@type":"CommentAction","name":"Comment","target":["https:\/\/nitu.mx\/index.php\/2023\/10\/31\/mitm-americas-2023-en-queretaro-deja-ventas-por-mas-de-150-millones-de-euros\/#respond"]}]},{"@type":"WebPage","@id":"https:\/\/nitu.mx\/index.php\/2023\/10\/31\/mitm-americas-2023-en-queretaro-deja-ventas-por-mas-de-150-millones-de-euros\/","url":"https:\/\/nitu.mx\/index.php\/2023\/10\/31\/mitm-americas-2023-en-queretaro-deja-ventas-por-mas-de-150-millones-de-euros\/","name":"MITM Am\u00e9ricas 2023 en Quer\u00e9taro deja ventas por m\u00e1s de 150 millones de euros - Nitu - Noticias de la Industria Turistica","isPartOf":{"@id":"https:\/\/nitu.mx\/#website"},"primaryImageOfPage":{"@id":"https:\/\/nitu.mx\/index.php\/2023\/10\/31\/mitm-americas-2023-en-queretaro-deja-ventas-por-mas-de-150-millones-de-euros\/#primaryimage"},"image":{"@id":"https:\/\/nitu.mx\/index.php\/2023\/10\/31\/mitm-americas-2023-en-queretaro-deja-ventas-por-mas-de-150-millones-de-euros\/#primaryimage"},"thumbnailUrl":"https:\/\/nitu.mx\/wp-content\/uploads\/2023\/10\/Quer\u00e9taro-MITM-2023.jpg","datePublished":"2023-10-31T07:12:58+00:00","dateModified":"2023-10-31T07:12:58+00:00","breadcrumb":{"@id":"https:\/\/nitu.mx\/index.php\/2023\/10\/31\/mitm-americas-2023-en-queretaro-deja-ventas-por-mas-de-150-millones-de-euros\/#breadcrumb"},"inLanguage":"es-MX","potentialAction":[{"@type":"ReadAction","target":["https:\/\/nitu.mx\/index.php\/2023\/10\/31\/mitm-americas-2023-en-queretaro-deja-ventas-por-mas-de-150-millones-de-euros\/"]}]},{"@type":"ImageObject","inLanguage":"es-MX","@id":"https:\/\/nitu.mx\/index.php\/2023\/10\/31\/mitm-americas-2023-en-queretaro-deja-ventas-por-mas-de-150-millones-de-euros\/#primaryimage","url":"https:\/\/nitu.mx\/wp-content\/uploads\/2023\/10\/Quer\u00e9taro-MITM-2023.jpg","contentUrl":"https:\/\/nitu.mx\/wp-content\/uploads\/2023\/10\/Quer\u00e9taro-MITM-2023.jpg","width":1200,"height":675,"caption":"Quer\u00e9taro"},{"@type":"BreadcrumbList","@id":"https:\/\/nitu.mx\/index.php\/2023\/10\/31\/mitm-americas-2023-en-queretaro-deja-ventas-por-mas-de-150-millones-de-euros\/#breadcrumb","itemListElement":[{"@type":"ListItem","position":1,"name":"Inicio","item":"https:\/\/nitu.mx\/"},{"@type":"ListItem","position":2,"name":"MITM Am\u00e9ricas 2023 en Quer\u00e9taro deja ventas por m\u00e1s de 150 millones de euros"}]},{"@type":"WebSite","@id":"https:\/\/nitu.mx\/#website","url":"https:\/\/nitu.mx\/","name":"Nitu - Noticias de la Industria Turistica","description":"Noticias de la Industria Turistica","publisher":{"@id":"https:\/\/nitu.mx\/#\/schema\/person\/ae7a53426417292d3dd07b45a33e01bc"},"alternateName":"Noticias de la Industria Turistica","potentialAction":[{"@type":"SearchAction","target":{"@type":"EntryPoint","urlTemplate":"https:\/\/nitu.mx\/?s={search_term_string}"},"query-input":"required name=search_term_string"}],"inLanguage":"es-MX"},{"@type":["Person","Organization"],"@id":"https:\/\/nitu.mx\/#\/schema\/person\/ae7a53426417292d3dd07b45a33e01bc","name":"Arturo Medina","image":{"@type":"ImageObject","inLanguage":"es-MX","@id":"https:\/\/nitu.mx\/#\/schema\/person\/image\/","url":"https:\/\/nitu.mx\/wp-content\/uploads\/2024\/04\/4A315622-1904-4D5C-B022-878CDC840E04-90x90-1.jpeg","contentUrl":"https:\/\/nitu.mx\/wp-content\/uploads\/2024\/04\/4A315622-1904-4D5C-B022-878CDC840E04-90x90-1.jpeg","width":90,"height":90,"caption":"Arturo Medina"},"logo":{"@id":"https:\/\/nitu.mx\/#\/schema\/person\/image\/"},"description":"Director NITU.mx, Egresado de la Escuela de Periodismo Carlos Septi\u00e9n Garc\u00eda. Periodista y analista especializado en turismo desde hace 35 a\u00f1os, radicado en Canc\u00fan Q.Roo. arturo@nitu.mx","sameAs":["https:\/\/nitu.mx","https:\/\/www.facebook.com\/NITUmx\/","medinacancun","https:\/\/twitter.com\/@Arturo_Medina_G"]},{"@type":"Person","@id":"https:\/\/nitu.mx\/#\/schema\/person\/4a28fe9bd65924f7c90623773daf1b0b","name":"Redacci\u00f3n","image":{"@type":"ImageObject","inLanguage":"es-MX","@id":"https:\/\/nitu.mx\/#\/schema\/person\/image\/","url":"https:\/\/secure.gravatar.com\/avatar\/5dd011c8ccfc5cd7e4c81e42252aab38?s=96&d=mm&r=g","contentUrl":"https:\/\/secure.gravatar.com\/avatar\/5dd011c8ccfc5cd7e4c81e42252aab38?s=96&d=mm&r=g","caption":"Redacci\u00f3n"},"url":"https:\/\/nitu.mx\/index.php\/author\/redaccion\/"}]}},"views":1088,"_links":{"self":[{"href":"https:\/\/nitu.mx\/index.php\/wp-json\/wp\/v2\/posts\/66525"}],"collection":[{"href":"https:\/\/nitu.mx\/index.php\/wp-json\/wp\/v2\/posts"}],"about":[{"href":"https:\/\/nitu.mx\/index.php\/wp-json\/wp\/v2\/types\/post"}],"author":[{"embeddable":true,"href":"https:\/\/nitu.mx\/index.php\/wp-json\/wp\/v2\/users\/17"}],"replies":[{"embeddable":true,"href":"https:\/\/nitu.mx\/index.php\/wp-json\/wp\/v2\/comments?post=66525"}],"version-history":[{"count":1,"href":"https:\/\/nitu.mx\/index.php\/wp-json\/wp\/v2\/posts\/66525\/revisions"}],"predecessor-version":[{"id":66527,"href":"https:\/\/nitu.mx\/index.php\/wp-json\/wp\/v2\/posts\/66525\/revisions\/66527"}],"wp:featuredmedia":[{"embeddable":true,"href":"https:\/\/nitu.mx\/index.php\/wp-json\/wp\/v2\/media\/66526"}],"wp:attachment":[{"href":"https:\/\/nitu.mx\/index.php\/wp-json\/wp\/v2\/media?parent=66525"}],"wp:term":[{"taxonomy":"category","embeddable":true,"href":"https:\/\/nitu.mx\/index.php\/wp-json\/wp\/v2\/categories?post=66525"},{"taxonomy":"post_tag","embeddable":true,"href":"https:\/\/nitu.mx\/index.php\/wp-json\/wp\/v2\/tags?post=66525"}],"curies":[{"name":"wp","href":"https:\/\/api.w.org\/{rel}","templated":true}]}}