{"id":66332,"date":"2023-10-19T00:28:47","date_gmt":"2023-10-19T05:28:47","guid":{"rendered":"https:\/\/nitu.mx\/?p=66332"},"modified":"2023-10-19T00:48:29","modified_gmt":"2023-10-19T05:48:29","slug":"recupera-mexico-niveles-de-turismo-canadiense-pre-pandemia-afirma-sectur","status":"publish","type":"post","link":"https:\/\/nitu.mx\/index.php\/2023\/10\/19\/recupera-mexico-niveles-de-turismo-canadiense-pre-pandemia-afirma-sectur\/","title":{"rendered":"Recupera M\u00e9xico niveles de turismo canadiense pre pandemia, afirma Sectur"},"content":{"rendered":"<p style=\"font-weight: 400;\">El turismo canadiense, el segundo mercado de turistas internacionales m\u00e1s importante hacia nuestro pa\u00eds, se encuentra en franca recuperaci\u00f3n, al registrar de enero-agosto de 2023, la llegada de un mill\u00f3n 636 mil turistas v\u00eda a\u00e9rea, lo que representa 58.9% m\u00e1s a lo registrado en el mismo periodo de 2022 y superando tambi\u00e9n en 2% a las llegadas de los primeros ocho meses de 2019, a\u00f1o previo a la pandemia; asegur\u00f3 Miguel Torruco Marqu\u00e9s, secretario de Turismo federal.<\/p>\n<p style=\"font-weight: 400;\">Destac\u00f3 que, de acuerdo con informaci\u00f3n de la Unidad de Pol\u00edtica Migratoria, Registro e Identidad de Personas de la Secretar\u00eda de Gobernaci\u00f3n (Segob), la recuperaci\u00f3n del gasto de turistas de Canad\u00e1 v\u00eda a\u00e9rea tambi\u00e9n presenta una firme recuperaci\u00f3n, al registrar mil 883 millones de d\u00f3lares, entre enero y agosto de 2023, esto es 61.6% m\u00e1s que en el mismo periodo de 2022 y 14.6% superior a lo captado en el mismo lapso de 2019.<\/p>\n<p style=\"font-weight: 400;\">Indic\u00f3 que en el periodo enero-agosto de 2023, contin\u00faa la tendencia de recuperaci\u00f3n de 2022, al registrar 10 mil vuelos con un mill\u00f3n 536 mil pasajeros, esto es, 56.2% m\u00e1s y 76.1% m\u00e1s, respectivamente, comparado con el mismo periodo del a\u00f1o pasado.<\/p>\n<p style=\"font-weight: 400;\">Torruco Marqu\u00e9s destac\u00f3 que esta tendencia de recuperaci\u00f3n firme de turistas provenientes de Canad\u00e1 a M\u00e9xico v\u00eda a\u00e9rea, inici\u00f3 en 2022, al registrarse un mill\u00f3n 759 mil turistas, equivalente a 249.4% m\u00e1s, que el a\u00f1o previo; en cuanto a derrama econ\u00f3mica, se captaron mil 945 millones de d\u00f3lares, es decir, 248.3% m\u00e1s comparado con 2021; y 10 mil 550 vuelos, lo que representa un incremento de 257.3% m\u00e1s respecto a 2021.<\/p>\n<p style=\"font-weight: 400;\">Agreg\u00f3 en los primeros ocho meses de 2023, los principales aeropuertos a los que han llegado los turistas canadienses fueron: Canc\u00fan, Puerto Vallarta y Ciudad de M\u00e9xico.<\/p>\n<p style=\"font-weight: 400;\">El secretario de Turismo se\u00f1al\u00f3 que de 2018 a 2023, M\u00e9xico ha tenido conectividad a\u00e9rea con 9 provincias canadienses de las cuales destacan en volumen de llegada de pasajeros: Ontario, British Columbia, Alberta y Quebec, que suman en estos a\u00f1os un total de 9 millones 72 mil pasajeros, que representan el 94.9% del total del mercado canadiense.<\/p>\n<p style=\"font-weight: 400;\">Refiri\u00f3 que, de enero a agosto de 2023, las principales rutas provenientes de Canad\u00e1 son: Toronto-Canc\u00fan, Montreal-Canc\u00fan, Toronto-Ciudad de M\u00e9xico, Vancouver-Ciudad de M\u00e9xico, Montreal-Ciudad de M\u00e9xico, Calgary-Canc\u00fan, Vancouver-Puerto Vallarta, Calgary-Puerto Vallarta, Vancouver-Canc\u00fan y Vancouver-San Jos\u00e9 del Cabo, las cuales suman un mill\u00f3n 37 mil pasajeros, que representan 67.5% del total.<\/p>\n<p>De acuerdo con las expectativas, al cierre de 2023 la llegada de turistas canadienses v\u00eda a\u00e9rea ser\u00e1 de 2 millones 338 mil, equivalente a un crecimiento del 32.9% m\u00e1s respecto a 2022 y una recuperaci\u00f3n del 1.2% a lo observado en 2019; asimismo, registrar\u00e1n un gasto de 2 mil 701 millones de d\u00f3lares, esto es 38.6% superior al de 2022 y 15.5% m\u00e1s al gasto observado en 2019.\u00a0<a title=\"Calgary, \u00faltima parada de la Operaci\u00f3n Toca Puertas para atraer viajeros de Canad\u00e1\" href=\"https:\/\/nitu.mx\/index.php\/2023\/09\/01\/calgary-ultima-parada-de-la-operacion-toca-puertas-en-canada-para-atraer-viajeros\/\" rel=\"bookmark\">(Calgary, \u00faltima parada de la Operaci\u00f3n Toca Puertas para atraer viajeros de Canad\u00e1<\/a>).<\/p>\n","protected":false},"excerpt":{"rendered":"<p>El turismo canadiense, el segundo mercado de turistas internacionales m\u00e1s importante hacia nuestro pa\u00eds, se encuentra en franca recuperaci\u00f3n, al registrar de enero-agosto de 2023, la llegada de un mill\u00f3n 636 mil turistas v\u00eda a\u00e9rea, lo que representa 58.9% m\u00e1s a lo registrado en el mismo periodo de 2022 y superando tambi\u00e9n en 2% a [&hellip;]<\/p>\n","protected":false},"author":17,"featured_media":50011,"comment_status":"open","ping_status":"open","sticky":false,"template":"","format":"standard","meta":{"footnotes":""},"categories":[5],"tags":[43,910,93,15202],"yoast_head":"<!-- This site is optimized with the Yoast SEO plugin v22.2 - https:\/\/yoast.com\/wordpress\/plugins\/seo\/ -->\n<title>Recupera M\u00e9xico niveles de turismo canadiense pre pandemia, afirma Sectur - Nitu - Noticias de la Industria Turistica<\/title>\n<meta name=\"robots\" content=\"index, follow, max-snippet:-1, max-image-preview:large, max-video-preview:-1\" \/>\n<link rel=\"canonical\" href=\"https:\/\/nitu.mx\/index.php\/2023\/10\/19\/recupera-mexico-niveles-de-turismo-canadiense-pre-pandemia-afirma-sectur\/\" \/>\n<meta name=\"twitter:card\" content=\"summary_large_image\" \/>\n<meta name=\"twitter:title\" content=\"Recupera M\u00e9xico niveles de turismo canadiense pre pandemia, afirma Sectur - Nitu - Noticias de la Industria Turistica\" \/>\n<meta name=\"twitter:description\" content=\"El turismo canadiense, el segundo mercado de turistas internacionales m\u00e1s importante hacia nuestro pa\u00eds, se encuentra en franca recuperaci\u00f3n, al registrar de enero-agosto de 2023, la llegada de un mill\u00f3n 636 mil turistas v\u00eda a\u00e9rea, lo que representa 58.9% m\u00e1s a lo registrado en el mismo periodo de 2022 y superando tambi\u00e9n en 2% a [&hellip;]\" \/>\n<meta name=\"twitter:image\" content=\"https:\/\/nitu.mx\/wp-content\/uploads\/2021\/01\/Turismo-canadiense.jpg\" \/>\n<meta name=\"twitter:creator\" content=\"@NITUmx\" \/>\n<meta name=\"twitter:site\" content=\"@Arturo_Medina_G\" \/>\n<meta name=\"twitter:label1\" content=\"Escrito por\" \/>\n\t<meta name=\"twitter:data1\" content=\"Redacci\u00f3n\" \/>\n\t<meta name=\"twitter:label2\" content=\"Tiempo de lectura\" \/>\n\t<meta name=\"twitter:data2\" content=\"2 minutos\" \/>\n<script type=\"application\/ld+json\" class=\"yoast-schema-graph\">{\"@context\":\"https:\/\/schema.org\",\"@graph\":[{\"@type\":\"Article\",\"@id\":\"https:\/\/nitu.mx\/index.php\/2023\/10\/19\/recupera-mexico-niveles-de-turismo-canadiense-pre-pandemia-afirma-sectur\/#article\",\"isPartOf\":{\"@id\":\"https:\/\/nitu.mx\/index.php\/2023\/10\/19\/recupera-mexico-niveles-de-turismo-canadiense-pre-pandemia-afirma-sectur\/\"},\"author\":{\"name\":\"Redacci\u00f3n\",\"@id\":\"https:\/\/nitu.mx\/#\/schema\/person\/4a28fe9bd65924f7c90623773daf1b0b\"},\"headline\":\"Recupera M\u00e9xico niveles de turismo canadiense pre pandemia, afirma Sectur\",\"datePublished\":\"2023-10-19T05:28:47+00:00\",\"dateModified\":\"2023-10-19T05:48:29+00:00\",\"mainEntityOfPage\":{\"@id\":\"https:\/\/nitu.mx\/index.php\/2023\/10\/19\/recupera-mexico-niveles-de-turismo-canadiense-pre-pandemia-afirma-sectur\/\"},\"wordCount\":500,\"commentCount\":0,\"publisher\":{\"@id\":\"https:\/\/nitu.mx\/#\/schema\/person\/ae7a53426417292d3dd07b45a33e01bc\"},\"image\":{\"@id\":\"https:\/\/nitu.mx\/index.php\/2023\/10\/19\/recupera-mexico-niveles-de-turismo-canadiense-pre-pandemia-afirma-sectur\/#primaryimage\"},\"thumbnailUrl\":\"https:\/\/nitu.mx\/wp-content\/uploads\/2021\/01\/Turismo-canadiense.jpg\",\"keywords\":[\"Canc\u00fan\",\"Miguel Torruco\",\"Sectur\",\"turismo canadiense\"],\"articleSection\":[\"Destinos\"],\"inLanguage\":\"es-MX\",\"potentialAction\":[{\"@type\":\"CommentAction\",\"name\":\"Comment\",\"target\":[\"https:\/\/nitu.mx\/index.php\/2023\/10\/19\/recupera-mexico-niveles-de-turismo-canadiense-pre-pandemia-afirma-sectur\/#respond\"]}]},{\"@type\":\"WebPage\",\"@id\":\"https:\/\/nitu.mx\/index.php\/2023\/10\/19\/recupera-mexico-niveles-de-turismo-canadiense-pre-pandemia-afirma-sectur\/\",\"url\":\"https:\/\/nitu.mx\/index.php\/2023\/10\/19\/recupera-mexico-niveles-de-turismo-canadiense-pre-pandemia-afirma-sectur\/\",\"name\":\"Recupera M\u00e9xico niveles de turismo canadiense pre pandemia, afirma Sectur - Nitu - Noticias de la Industria Turistica\",\"isPartOf\":{\"@id\":\"https:\/\/nitu.mx\/#website\"},\"primaryImageOfPage\":{\"@id\":\"https:\/\/nitu.mx\/index.php\/2023\/10\/19\/recupera-mexico-niveles-de-turismo-canadiense-pre-pandemia-afirma-sectur\/#primaryimage\"},\"image\":{\"@id\":\"https:\/\/nitu.mx\/index.php\/2023\/10\/19\/recupera-mexico-niveles-de-turismo-canadiense-pre-pandemia-afirma-sectur\/#primaryimage\"},\"thumbnailUrl\":\"https:\/\/nitu.mx\/wp-content\/uploads\/2021\/01\/Turismo-canadiense.jpg\",\"datePublished\":\"2023-10-19T05:28:47+00:00\",\"dateModified\":\"2023-10-19T05:48:29+00:00\",\"breadcrumb\":{\"@id\":\"https:\/\/nitu.mx\/index.php\/2023\/10\/19\/recupera-mexico-niveles-de-turismo-canadiense-pre-pandemia-afirma-sectur\/#breadcrumb\"},\"inLanguage\":\"es-MX\",\"potentialAction\":[{\"@type\":\"ReadAction\",\"target\":[\"https:\/\/nitu.mx\/index.php\/2023\/10\/19\/recupera-mexico-niveles-de-turismo-canadiense-pre-pandemia-afirma-sectur\/\"]}]},{\"@type\":\"ImageObject\",\"inLanguage\":\"es-MX\",\"@id\":\"https:\/\/nitu.mx\/index.php\/2023\/10\/19\/recupera-mexico-niveles-de-turismo-canadiense-pre-pandemia-afirma-sectur\/#primaryimage\",\"url\":\"https:\/\/nitu.mx\/wp-content\/uploads\/2021\/01\/Turismo-canadiense.jpg\",\"contentUrl\":\"https:\/\/nitu.mx\/wp-content\/uploads\/2021\/01\/Turismo-canadiense.jpg\",\"width\":1200,\"height\":675,\"caption\":\"Canad\u00e1 turismo canadiense\"},{\"@type\":\"BreadcrumbList\",\"@id\":\"https:\/\/nitu.mx\/index.php\/2023\/10\/19\/recupera-mexico-niveles-de-turismo-canadiense-pre-pandemia-afirma-sectur\/#breadcrumb\",\"itemListElement\":[{\"@type\":\"ListItem\",\"position\":1,\"name\":\"Inicio\",\"item\":\"https:\/\/nitu.mx\/\"},{\"@type\":\"ListItem\",\"position\":2,\"name\":\"Recupera M\u00e9xico niveles de turismo canadiense pre pandemia, afirma Sectur\"}]},{\"@type\":\"WebSite\",\"@id\":\"https:\/\/nitu.mx\/#website\",\"url\":\"https:\/\/nitu.mx\/\",\"name\":\"Nitu - Noticias de la Industria Turistica\",\"description\":\"Noticias de la Industria Turistica\",\"publisher\":{\"@id\":\"https:\/\/nitu.mx\/#\/schema\/person\/ae7a53426417292d3dd07b45a33e01bc\"},\"alternateName\":\"Noticias de la Industria Turistica\",\"potentialAction\":[{\"@type\":\"SearchAction\",\"target\":{\"@type\":\"EntryPoint\",\"urlTemplate\":\"https:\/\/nitu.mx\/?s={search_term_string}\"},\"query-input\":\"required name=search_term_string\"}],\"inLanguage\":\"es-MX\"},{\"@type\":[\"Person\",\"Organization\"],\"@id\":\"https:\/\/nitu.mx\/#\/schema\/person\/ae7a53426417292d3dd07b45a33e01bc\",\"name\":\"Arturo Medina\",\"image\":{\"@type\":\"ImageObject\",\"inLanguage\":\"es-MX\",\"@id\":\"https:\/\/nitu.mx\/#\/schema\/person\/image\/\",\"url\":\"https:\/\/nitu.mx\/wp-content\/uploads\/2024\/04\/4A315622-1904-4D5C-B022-878CDC840E04-90x90-1.jpeg\",\"contentUrl\":\"https:\/\/nitu.mx\/wp-content\/uploads\/2024\/04\/4A315622-1904-4D5C-B022-878CDC840E04-90x90-1.jpeg\",\"width\":90,\"height\":90,\"caption\":\"Arturo Medina\"},\"logo\":{\"@id\":\"https:\/\/nitu.mx\/#\/schema\/person\/image\/\"},\"description\":\"Director NITU.mx, Egresado de la Escuela de Periodismo Carlos Septi\u00e9n Garc\u00eda. Periodista y analista especializado en turismo desde hace 35 a\u00f1os, radicado en Canc\u00fan Q.Roo. arturo@nitu.mx\",\"sameAs\":[\"https:\/\/nitu.mx\",\"https:\/\/www.facebook.com\/NITUmx\/\",\"medinacancun\",\"https:\/\/twitter.com\/@Arturo_Medina_G\"]},{\"@type\":\"Person\",\"@id\":\"https:\/\/nitu.mx\/#\/schema\/person\/4a28fe9bd65924f7c90623773daf1b0b\",\"name\":\"Redacci\u00f3n\",\"image\":{\"@type\":\"ImageObject\",\"inLanguage\":\"es-MX\",\"@id\":\"https:\/\/nitu.mx\/#\/schema\/person\/image\/\",\"url\":\"https:\/\/secure.gravatar.com\/avatar\/5dd011c8ccfc5cd7e4c81e42252aab38?s=96&d=mm&r=g\",\"contentUrl\":\"https:\/\/secure.gravatar.com\/avatar\/5dd011c8ccfc5cd7e4c81e42252aab38?s=96&d=mm&r=g\",\"caption\":\"Redacci\u00f3n\"},\"url\":\"https:\/\/nitu.mx\/index.php\/author\/redaccion\/\"}]}<\/script>\n<!-- \/ Yoast SEO plugin. -->","yoast_head_json":{"title":"Recupera M\u00e9xico niveles de turismo canadiense pre pandemia, afirma Sectur - Nitu - Noticias de la Industria Turistica","robots":{"index":"index","follow":"follow","max-snippet":"max-snippet:-1","max-image-preview":"max-image-preview:large","max-video-preview":"max-video-preview:-1"},"canonical":"https:\/\/nitu.mx\/index.php\/2023\/10\/19\/recupera-mexico-niveles-de-turismo-canadiense-pre-pandemia-afirma-sectur\/","twitter_card":"summary_large_image","twitter_title":"Recupera M\u00e9xico niveles de turismo canadiense pre pandemia, afirma Sectur - Nitu - Noticias de la Industria Turistica","twitter_description":"El turismo canadiense, el segundo mercado de turistas internacionales m\u00e1s importante hacia nuestro pa\u00eds, se encuentra en franca recuperaci\u00f3n, al registrar de enero-agosto de 2023, la llegada de un mill\u00f3n 636 mil turistas v\u00eda a\u00e9rea, lo que representa 58.9% m\u00e1s a lo registrado en el mismo periodo de 2022 y superando tambi\u00e9n en 2% a [&hellip;]","twitter_image":"https:\/\/nitu.mx\/wp-content\/uploads\/2021\/01\/Turismo-canadiense.jpg","twitter_creator":"@NITUmx","twitter_site":"@Arturo_Medina_G","twitter_misc":{"Escrito por":"Redacci\u00f3n","Tiempo de lectura":"2 minutos"},"schema":{"@context":"https:\/\/schema.org","@graph":[{"@type":"Article","@id":"https:\/\/nitu.mx\/index.php\/2023\/10\/19\/recupera-mexico-niveles-de-turismo-canadiense-pre-pandemia-afirma-sectur\/#article","isPartOf":{"@id":"https:\/\/nitu.mx\/index.php\/2023\/10\/19\/recupera-mexico-niveles-de-turismo-canadiense-pre-pandemia-afirma-sectur\/"},"author":{"name":"Redacci\u00f3n","@id":"https:\/\/nitu.mx\/#\/schema\/person\/4a28fe9bd65924f7c90623773daf1b0b"},"headline":"Recupera M\u00e9xico niveles de turismo canadiense pre pandemia, afirma Sectur","datePublished":"2023-10-19T05:28:47+00:00","dateModified":"2023-10-19T05:48:29+00:00","mainEntityOfPage":{"@id":"https:\/\/nitu.mx\/index.php\/2023\/10\/19\/recupera-mexico-niveles-de-turismo-canadiense-pre-pandemia-afirma-sectur\/"},"wordCount":500,"commentCount":0,"publisher":{"@id":"https:\/\/nitu.mx\/#\/schema\/person\/ae7a53426417292d3dd07b45a33e01bc"},"image":{"@id":"https:\/\/nitu.mx\/index.php\/2023\/10\/19\/recupera-mexico-niveles-de-turismo-canadiense-pre-pandemia-afirma-sectur\/#primaryimage"},"thumbnailUrl":"https:\/\/nitu.mx\/wp-content\/uploads\/2021\/01\/Turismo-canadiense.jpg","keywords":["Canc\u00fan","Miguel Torruco","Sectur","turismo canadiense"],"articleSection":["Destinos"],"inLanguage":"es-MX","potentialAction":[{"@type":"CommentAction","name":"Comment","target":["https:\/\/nitu.mx\/index.php\/2023\/10\/19\/recupera-mexico-niveles-de-turismo-canadiense-pre-pandemia-afirma-sectur\/#respond"]}]},{"@type":"WebPage","@id":"https:\/\/nitu.mx\/index.php\/2023\/10\/19\/recupera-mexico-niveles-de-turismo-canadiense-pre-pandemia-afirma-sectur\/","url":"https:\/\/nitu.mx\/index.php\/2023\/10\/19\/recupera-mexico-niveles-de-turismo-canadiense-pre-pandemia-afirma-sectur\/","name":"Recupera M\u00e9xico niveles de turismo canadiense pre pandemia, afirma Sectur - Nitu - Noticias de la Industria Turistica","isPartOf":{"@id":"https:\/\/nitu.mx\/#website"},"primaryImageOfPage":{"@id":"https:\/\/nitu.mx\/index.php\/2023\/10\/19\/recupera-mexico-niveles-de-turismo-canadiense-pre-pandemia-afirma-sectur\/#primaryimage"},"image":{"@id":"https:\/\/nitu.mx\/index.php\/2023\/10\/19\/recupera-mexico-niveles-de-turismo-canadiense-pre-pandemia-afirma-sectur\/#primaryimage"},"thumbnailUrl":"https:\/\/nitu.mx\/wp-content\/uploads\/2021\/01\/Turismo-canadiense.jpg","datePublished":"2023-10-19T05:28:47+00:00","dateModified":"2023-10-19T05:48:29+00:00","breadcrumb":{"@id":"https:\/\/nitu.mx\/index.php\/2023\/10\/19\/recupera-mexico-niveles-de-turismo-canadiense-pre-pandemia-afirma-sectur\/#breadcrumb"},"inLanguage":"es-MX","potentialAction":[{"@type":"ReadAction","target":["https:\/\/nitu.mx\/index.php\/2023\/10\/19\/recupera-mexico-niveles-de-turismo-canadiense-pre-pandemia-afirma-sectur\/"]}]},{"@type":"ImageObject","inLanguage":"es-MX","@id":"https:\/\/nitu.mx\/index.php\/2023\/10\/19\/recupera-mexico-niveles-de-turismo-canadiense-pre-pandemia-afirma-sectur\/#primaryimage","url":"https:\/\/nitu.mx\/wp-content\/uploads\/2021\/01\/Turismo-canadiense.jpg","contentUrl":"https:\/\/nitu.mx\/wp-content\/uploads\/2021\/01\/Turismo-canadiense.jpg","width":1200,"height":675,"caption":"Canad\u00e1 turismo canadiense"},{"@type":"BreadcrumbList","@id":"https:\/\/nitu.mx\/index.php\/2023\/10\/19\/recupera-mexico-niveles-de-turismo-canadiense-pre-pandemia-afirma-sectur\/#breadcrumb","itemListElement":[{"@type":"ListItem","position":1,"name":"Inicio","item":"https:\/\/nitu.mx\/"},{"@type":"ListItem","position":2,"name":"Recupera M\u00e9xico niveles de turismo canadiense pre pandemia, afirma Sectur"}]},{"@type":"WebSite","@id":"https:\/\/nitu.mx\/#website","url":"https:\/\/nitu.mx\/","name":"Nitu - Noticias de la Industria Turistica","description":"Noticias de la Industria Turistica","publisher":{"@id":"https:\/\/nitu.mx\/#\/schema\/person\/ae7a53426417292d3dd07b45a33e01bc"},"alternateName":"Noticias de la Industria Turistica","potentialAction":[{"@type":"SearchAction","target":{"@type":"EntryPoint","urlTemplate":"https:\/\/nitu.mx\/?s={search_term_string}"},"query-input":"required name=search_term_string"}],"inLanguage":"es-MX"},{"@type":["Person","Organization"],"@id":"https:\/\/nitu.mx\/#\/schema\/person\/ae7a53426417292d3dd07b45a33e01bc","name":"Arturo Medina","image":{"@type":"ImageObject","inLanguage":"es-MX","@id":"https:\/\/nitu.mx\/#\/schema\/person\/image\/","url":"https:\/\/nitu.mx\/wp-content\/uploads\/2024\/04\/4A315622-1904-4D5C-B022-878CDC840E04-90x90-1.jpeg","contentUrl":"https:\/\/nitu.mx\/wp-content\/uploads\/2024\/04\/4A315622-1904-4D5C-B022-878CDC840E04-90x90-1.jpeg","width":90,"height":90,"caption":"Arturo Medina"},"logo":{"@id":"https:\/\/nitu.mx\/#\/schema\/person\/image\/"},"description":"Director NITU.mx, Egresado de la Escuela de Periodismo Carlos Septi\u00e9n Garc\u00eda. Periodista y analista especializado en turismo desde hace 35 a\u00f1os, radicado en Canc\u00fan Q.Roo. arturo@nitu.mx","sameAs":["https:\/\/nitu.mx","https:\/\/www.facebook.com\/NITUmx\/","medinacancun","https:\/\/twitter.com\/@Arturo_Medina_G"]},{"@type":"Person","@id":"https:\/\/nitu.mx\/#\/schema\/person\/4a28fe9bd65924f7c90623773daf1b0b","name":"Redacci\u00f3n","image":{"@type":"ImageObject","inLanguage":"es-MX","@id":"https:\/\/nitu.mx\/#\/schema\/person\/image\/","url":"https:\/\/secure.gravatar.com\/avatar\/5dd011c8ccfc5cd7e4c81e42252aab38?s=96&d=mm&r=g","contentUrl":"https:\/\/secure.gravatar.com\/avatar\/5dd011c8ccfc5cd7e4c81e42252aab38?s=96&d=mm&r=g","caption":"Redacci\u00f3n"},"url":"https:\/\/nitu.mx\/index.php\/author\/redaccion\/"}]}},"views":834,"_links":{"self":[{"href":"https:\/\/nitu.mx\/index.php\/wp-json\/wp\/v2\/posts\/66332"}],"collection":[{"href":"https:\/\/nitu.mx\/index.php\/wp-json\/wp\/v2\/posts"}],"about":[{"href":"https:\/\/nitu.mx\/index.php\/wp-json\/wp\/v2\/types\/post"}],"author":[{"embeddable":true,"href":"https:\/\/nitu.mx\/index.php\/wp-json\/wp\/v2\/users\/17"}],"replies":[{"embeddable":true,"href":"https:\/\/nitu.mx\/index.php\/wp-json\/wp\/v2\/comments?post=66332"}],"version-history":[{"count":2,"href":"https:\/\/nitu.mx\/index.php\/wp-json\/wp\/v2\/posts\/66332\/revisions"}],"predecessor-version":[{"id":66335,"href":"https:\/\/nitu.mx\/index.php\/wp-json\/wp\/v2\/posts\/66332\/revisions\/66335"}],"wp:featuredmedia":[{"embeddable":true,"href":"https:\/\/nitu.mx\/index.php\/wp-json\/wp\/v2\/media\/50011"}],"wp:attachment":[{"href":"https:\/\/nitu.mx\/index.php\/wp-json\/wp\/v2\/media?parent=66332"}],"wp:term":[{"taxonomy":"category","embeddable":true,"href":"https:\/\/nitu.mx\/index.php\/wp-json\/wp\/v2\/categories?post=66332"},{"taxonomy":"post_tag","embeddable":true,"href":"https:\/\/nitu.mx\/index.php\/wp-json\/wp\/v2\/tags?post=66332"}],"curies":[{"name":"wp","href":"https:\/\/api.w.org\/{rel}","templated":true}]}}