{"id":66261,"date":"2023-10-16T01:25:21","date_gmt":"2023-10-16T06:25:21","guid":{"rendered":"https:\/\/nitu.mx\/?p=66261"},"modified":"2023-10-16T01:25:21","modified_gmt":"2023-10-16T06:25:21","slug":"con-olor-a-desaire-de-sectur-culmino-la-edicion-35-de-cancun-travel-mart","status":"publish","type":"post","link":"https:\/\/nitu.mx\/index.php\/2023\/10\/16\/con-olor-a-desaire-de-sectur-culmino-la-edicion-35-de-cancun-travel-mart\/","title":{"rendered":"Con olor a desaire de SECTUR, culmin\u00f3 la edici\u00f3n 35 de Canc\u00fan Travel Mart"},"content":{"rendered":"<p>Independientemente de lo exitosa que haya resultado la edici\u00f3n 35 del Canc\u00fan Travel Mart, que dicho sea de paso present\u00f3 n\u00fameros r\u00e9cord, sin duda qued\u00f3 un dejo de desaire del la Secretaria de Turismo federal, ya que por un lado su titular Miguel Torruco no hizo acto de presencia y por otro lado su represente, el subsecretario Humberto Hernandez Hadad, balcone\u00f3 en su discurso oficial temas que en lo privado hab\u00eda platicado con los hoteleros.<\/p>\n<p>Parece incre\u00edble que desprecie venir a Canc\u00fan que es la joya de la corona en cuanto a turismo, es Quintana Roo por donde se recauda mas del 40% de las divisas que gastan en M\u00e9xico los turistas, es la Asociaci\u00f3n de Hoteles de Canc\u00fan, Puerto Morelos e Isla Mujeres la que le ha acompa\u00f1ado a sus, cuestionadas y despreciadas por otros, Toca Puertas desde la dirigencia pasada hasta la actual que encabeza Jes\u00fas Almaguer.<\/p>\n<p>Quiz\u00e1 no le guste pisar Canc\u00fan en un evento en el que hay que ver a la cara a todo el sector turismo que como al subsecretario, se le ponen sobre la mesa los temas relevantes que est\u00e1n pendientes de resolver o atender, el tema es que esa es su chamba.<\/p>\n<p>Hoy m\u00e1s que nunca la labor del secretario de Turismo federal es de gesti\u00f3n, ante la falta de recursos para poder hacer promoci\u00f3n, la gestor\u00eda sin embargo es fundamental, y qui\u00e9n si no para poder acercarse a sus compa\u00f1eros de gabinete para resolver por ejemplo con Relaciones Exteriores el tema de las visas de los brasile\u00f1os, o con el de la Guardia Nacional que pueda aumentar su presencia en el aeropuerto y en la carretera Canc\u00fan-Tulum, o con Migraci\u00f3n que no deja de asediar turistas sudamericanos.<\/p>\n<p>Pero el tema coyuntural que friccion\u00f3 hasta el rojo vivo en el Travel Mart, fue el de los espacios en las ferias tur\u00edsticas, una vez que el gobierno de Mara Lezama apoy\u00f3 la petici\u00f3n de Torruco para que el Caribe Mexicano volviera a formar parte del Pabell\u00f3n M\u00e9xico en las ferias tur\u00edsticas, y por consiguiente las empresas asociaciones y gobiernos municipales que se quieran sumar, que habitualmente son un buen n\u00famero, por mucho m\u00e1s que cualquier otro destino.<\/p>\n<p>Esta adhesi\u00f3n no ha sido bien resuelta por la empresa CREA, que tiene la concesi\u00f3n del manejo de la marca M\u00c9XICO, lo que ha incomodado a los empresarios pues quedan ubicados en sitios muy reducidos pagando cantidades fuera de la realidad, y por otro lado muy mal ubicados en las ferias a las que han asistido.<\/p>\n<p>Finalmente, la gesti\u00f3n del secretario ha pasado sin mucho lucimiento ante la falta de presupuesto, y se ha avocado a sus ferias de Pueblos M\u00e1gicos, en donde por cierto tambi\u00e9n ha sido apoyado por Quintana Roo, al Tianguis Tur\u00edstico y sus &#8220;Toca Puertas\u201d, pero est\u00e1 terminando muy alejado del sector, no solo de la gente del Caribe Mexicano, incluso ha tenido distanciamiento con el CNET.\u00a0<a title=\"Balance similar al 2022 al culminar Travel Mart\" href=\"https:\/\/nitu.mx\/index.php\/2023\/10\/16\/balance-similar-al-2022-al-culminar-travel-mart\/\" rel=\"bookmark\">(Balance similar al 2022 al culminar Travel Mart<\/a>).<\/p>\n","protected":false},"excerpt":{"rendered":"<p>Independientemente de lo exitosa que haya resultado la edici\u00f3n 35 del Canc\u00fan Travel Mart, que dicho sea de paso present\u00f3 n\u00fameros r\u00e9cord, sin duda qued\u00f3 un dejo de desaire del la Secretaria de Turismo federal, ya que por un lado su titular Miguel Torruco no hizo acto de presencia y por otro lado su represente, [&hellip;]<\/p>\n","protected":false},"author":2,"featured_media":66263,"comment_status":"open","ping_status":"open","sticky":false,"template":"","format":"standard","meta":{"footnotes":""},"categories":[2],"tags":[6305,910,93],"yoast_head":"<!-- This site is optimized with the Yoast SEO plugin v22.2 - https:\/\/yoast.com\/wordpress\/plugins\/seo\/ -->\n<title>Con olor a desaire de SECTUR, culmin\u00f3 la edici\u00f3n 35 de Canc\u00fan Travel Mart - Nitu - Noticias de la Industria Turistica<\/title>\n<meta name=\"robots\" content=\"index, follow, max-snippet:-1, max-image-preview:large, max-video-preview:-1\" \/>\n<link rel=\"canonical\" href=\"https:\/\/nitu.mx\/index.php\/2023\/10\/16\/con-olor-a-desaire-de-sectur-culmino-la-edicion-35-de-cancun-travel-mart\/\" \/>\n<meta name=\"twitter:card\" content=\"summary_large_image\" \/>\n<meta name=\"twitter:title\" content=\"Con olor a desaire de SECTUR, culmin\u00f3 la edici\u00f3n 35 de Canc\u00fan Travel Mart - Nitu - Noticias de la Industria Turistica\" \/>\n<meta name=\"twitter:description\" content=\"Independientemente de lo exitosa que haya resultado la edici\u00f3n 35 del Canc\u00fan Travel Mart, que dicho sea de paso present\u00f3 n\u00fameros r\u00e9cord, sin duda qued\u00f3 un dejo de desaire del la Secretaria de Turismo federal, ya que por un lado su titular Miguel Torruco no hizo acto de presencia y por otro lado su represente, [&hellip;]\" \/>\n<meta name=\"twitter:image\" content=\"https:\/\/nitu.mx\/wp-content\/uploads\/2023\/10\/torruco.jpeg\" \/>\n<meta name=\"twitter:creator\" content=\"@Arturo_Medina_G\" \/>\n<meta name=\"twitter:site\" content=\"@Arturo_Medina_G\" \/>\n<meta name=\"twitter:label1\" content=\"Escrito por\" \/>\n\t<meta name=\"twitter:data1\" content=\"Arturo Medina\" \/>\n\t<meta name=\"twitter:label2\" content=\"Tiempo de lectura\" \/>\n\t<meta name=\"twitter:data2\" content=\"3 minutos\" \/>\n<script type=\"application\/ld+json\" class=\"yoast-schema-graph\">{\"@context\":\"https:\/\/schema.org\",\"@graph\":[{\"@type\":\"Article\",\"@id\":\"https:\/\/nitu.mx\/index.php\/2023\/10\/16\/con-olor-a-desaire-de-sectur-culmino-la-edicion-35-de-cancun-travel-mart\/#article\",\"isPartOf\":{\"@id\":\"https:\/\/nitu.mx\/index.php\/2023\/10\/16\/con-olor-a-desaire-de-sectur-culmino-la-edicion-35-de-cancun-travel-mart\/\"},\"author\":{\"name\":\"Arturo Medina\",\"@id\":\"https:\/\/nitu.mx\/#\/schema\/person\/ae7a53426417292d3dd07b45a33e01bc\"},\"headline\":\"Con olor a desaire de SECTUR, culmin\u00f3 la edici\u00f3n 35 de Canc\u00fan Travel Mart\",\"datePublished\":\"2023-10-16T06:25:21+00:00\",\"dateModified\":\"2023-10-16T06:25:21+00:00\",\"mainEntityOfPage\":{\"@id\":\"https:\/\/nitu.mx\/index.php\/2023\/10\/16\/con-olor-a-desaire-de-sectur-culmino-la-edicion-35-de-cancun-travel-mart\/\"},\"wordCount\":542,\"commentCount\":0,\"publisher\":{\"@id\":\"https:\/\/nitu.mx\/#\/schema\/person\/ae7a53426417292d3dd07b45a33e01bc\"},\"image\":{\"@id\":\"https:\/\/nitu.mx\/index.php\/2023\/10\/16\/con-olor-a-desaire-de-sectur-culmino-la-edicion-35-de-cancun-travel-mart\/#primaryimage\"},\"thumbnailUrl\":\"https:\/\/nitu.mx\/wp-content\/uploads\/2023\/10\/torruco.jpeg\",\"keywords\":[\"Canc\u00fan Travel Mart\",\"Miguel Torruco\",\"Sectur\"],\"articleSection\":[\"Hoteles\"],\"inLanguage\":\"es-MX\",\"potentialAction\":[{\"@type\":\"CommentAction\",\"name\":\"Comment\",\"target\":[\"https:\/\/nitu.mx\/index.php\/2023\/10\/16\/con-olor-a-desaire-de-sectur-culmino-la-edicion-35-de-cancun-travel-mart\/#respond\"]}]},{\"@type\":\"WebPage\",\"@id\":\"https:\/\/nitu.mx\/index.php\/2023\/10\/16\/con-olor-a-desaire-de-sectur-culmino-la-edicion-35-de-cancun-travel-mart\/\",\"url\":\"https:\/\/nitu.mx\/index.php\/2023\/10\/16\/con-olor-a-desaire-de-sectur-culmino-la-edicion-35-de-cancun-travel-mart\/\",\"name\":\"Con olor a desaire de SECTUR, culmin\u00f3 la edici\u00f3n 35 de Canc\u00fan Travel Mart - Nitu - Noticias de la Industria Turistica\",\"isPartOf\":{\"@id\":\"https:\/\/nitu.mx\/#website\"},\"primaryImageOfPage\":{\"@id\":\"https:\/\/nitu.mx\/index.php\/2023\/10\/16\/con-olor-a-desaire-de-sectur-culmino-la-edicion-35-de-cancun-travel-mart\/#primaryimage\"},\"image\":{\"@id\":\"https:\/\/nitu.mx\/index.php\/2023\/10\/16\/con-olor-a-desaire-de-sectur-culmino-la-edicion-35-de-cancun-travel-mart\/#primaryimage\"},\"thumbnailUrl\":\"https:\/\/nitu.mx\/wp-content\/uploads\/2023\/10\/torruco.jpeg\",\"datePublished\":\"2023-10-16T06:25:21+00:00\",\"dateModified\":\"2023-10-16T06:25:21+00:00\",\"breadcrumb\":{\"@id\":\"https:\/\/nitu.mx\/index.php\/2023\/10\/16\/con-olor-a-desaire-de-sectur-culmino-la-edicion-35-de-cancun-travel-mart\/#breadcrumb\"},\"inLanguage\":\"es-MX\",\"potentialAction\":[{\"@type\":\"ReadAction\",\"target\":[\"https:\/\/nitu.mx\/index.php\/2023\/10\/16\/con-olor-a-desaire-de-sectur-culmino-la-edicion-35-de-cancun-travel-mart\/\"]}]},{\"@type\":\"ImageObject\",\"inLanguage\":\"es-MX\",\"@id\":\"https:\/\/nitu.mx\/index.php\/2023\/10\/16\/con-olor-a-desaire-de-sectur-culmino-la-edicion-35-de-cancun-travel-mart\/#primaryimage\",\"url\":\"https:\/\/nitu.mx\/wp-content\/uploads\/2023\/10\/torruco.jpeg\",\"contentUrl\":\"https:\/\/nitu.mx\/wp-content\/uploads\/2023\/10\/torruco.jpeg\",\"width\":800,\"height\":530},{\"@type\":\"BreadcrumbList\",\"@id\":\"https:\/\/nitu.mx\/index.php\/2023\/10\/16\/con-olor-a-desaire-de-sectur-culmino-la-edicion-35-de-cancun-travel-mart\/#breadcrumb\",\"itemListElement\":[{\"@type\":\"ListItem\",\"position\":1,\"name\":\"Inicio\",\"item\":\"https:\/\/nitu.mx\/\"},{\"@type\":\"ListItem\",\"position\":2,\"name\":\"Con olor a desaire de SECTUR, culmin\u00f3 la edici\u00f3n 35 de Canc\u00fan Travel Mart\"}]},{\"@type\":\"WebSite\",\"@id\":\"https:\/\/nitu.mx\/#website\",\"url\":\"https:\/\/nitu.mx\/\",\"name\":\"Nitu - Noticias de la Industria Turistica\",\"description\":\"Noticias de la Industria Turistica\",\"publisher\":{\"@id\":\"https:\/\/nitu.mx\/#\/schema\/person\/ae7a53426417292d3dd07b45a33e01bc\"},\"alternateName\":\"Noticias de la Industria Turistica\",\"potentialAction\":[{\"@type\":\"SearchAction\",\"target\":{\"@type\":\"EntryPoint\",\"urlTemplate\":\"https:\/\/nitu.mx\/?s={search_term_string}\"},\"query-input\":\"required name=search_term_string\"}],\"inLanguage\":\"es-MX\"},{\"@type\":[\"Person\",\"Organization\"],\"@id\":\"https:\/\/nitu.mx\/#\/schema\/person\/ae7a53426417292d3dd07b45a33e01bc\",\"name\":\"Arturo Medina\",\"image\":{\"@type\":\"ImageObject\",\"inLanguage\":\"es-MX\",\"@id\":\"https:\/\/nitu.mx\/#\/schema\/person\/image\/\",\"url\":\"https:\/\/nitu.mx\/wp-content\/uploads\/2024\/04\/4A315622-1904-4D5C-B022-878CDC840E04-90x90-1.jpeg\",\"contentUrl\":\"https:\/\/nitu.mx\/wp-content\/uploads\/2024\/04\/4A315622-1904-4D5C-B022-878CDC840E04-90x90-1.jpeg\",\"width\":90,\"height\":90,\"caption\":\"Arturo Medina\"},\"logo\":{\"@id\":\"https:\/\/nitu.mx\/#\/schema\/person\/image\/\"},\"description\":\"Director NITU.mx, Egresado de la Escuela de Periodismo Carlos Septi\u00e9n Garc\u00eda. Periodista y analista especializado en turismo desde hace 35 a\u00f1os, radicado en Canc\u00fan Q.Roo. arturo@nitu.mx\",\"sameAs\":[\"https:\/\/nitu.mx\",\"https:\/\/www.facebook.com\/NITUmx\/\",\"medinacancun\",\"https:\/\/twitter.com\/@Arturo_Medina_G\"],\"url\":\"https:\/\/nitu.mx\/index.php\/author\/arturo-medina\/\"}]}<\/script>\n<!-- \/ Yoast SEO plugin. -->","yoast_head_json":{"title":"Con olor a desaire de SECTUR, culmin\u00f3 la edici\u00f3n 35 de Canc\u00fan Travel Mart - Nitu - Noticias de la Industria Turistica","robots":{"index":"index","follow":"follow","max-snippet":"max-snippet:-1","max-image-preview":"max-image-preview:large","max-video-preview":"max-video-preview:-1"},"canonical":"https:\/\/nitu.mx\/index.php\/2023\/10\/16\/con-olor-a-desaire-de-sectur-culmino-la-edicion-35-de-cancun-travel-mart\/","twitter_card":"summary_large_image","twitter_title":"Con olor a desaire de SECTUR, culmin\u00f3 la edici\u00f3n 35 de Canc\u00fan Travel Mart - Nitu - Noticias de la Industria Turistica","twitter_description":"Independientemente de lo exitosa que haya resultado la edici\u00f3n 35 del Canc\u00fan Travel Mart, que dicho sea de paso present\u00f3 n\u00fameros r\u00e9cord, sin duda qued\u00f3 un dejo de desaire del la Secretaria de Turismo federal, ya que por un lado su titular Miguel Torruco no hizo acto de presencia y por otro lado su represente, [&hellip;]","twitter_image":"https:\/\/nitu.mx\/wp-content\/uploads\/2023\/10\/torruco.jpeg","twitter_creator":"@Arturo_Medina_G","twitter_site":"@Arturo_Medina_G","twitter_misc":{"Escrito por":"Arturo Medina","Tiempo de lectura":"3 minutos"},"schema":{"@context":"https:\/\/schema.org","@graph":[{"@type":"Article","@id":"https:\/\/nitu.mx\/index.php\/2023\/10\/16\/con-olor-a-desaire-de-sectur-culmino-la-edicion-35-de-cancun-travel-mart\/#article","isPartOf":{"@id":"https:\/\/nitu.mx\/index.php\/2023\/10\/16\/con-olor-a-desaire-de-sectur-culmino-la-edicion-35-de-cancun-travel-mart\/"},"author":{"name":"Arturo Medina","@id":"https:\/\/nitu.mx\/#\/schema\/person\/ae7a53426417292d3dd07b45a33e01bc"},"headline":"Con olor a desaire de SECTUR, culmin\u00f3 la edici\u00f3n 35 de Canc\u00fan Travel Mart","datePublished":"2023-10-16T06:25:21+00:00","dateModified":"2023-10-16T06:25:21+00:00","mainEntityOfPage":{"@id":"https:\/\/nitu.mx\/index.php\/2023\/10\/16\/con-olor-a-desaire-de-sectur-culmino-la-edicion-35-de-cancun-travel-mart\/"},"wordCount":542,"commentCount":0,"publisher":{"@id":"https:\/\/nitu.mx\/#\/schema\/person\/ae7a53426417292d3dd07b45a33e01bc"},"image":{"@id":"https:\/\/nitu.mx\/index.php\/2023\/10\/16\/con-olor-a-desaire-de-sectur-culmino-la-edicion-35-de-cancun-travel-mart\/#primaryimage"},"thumbnailUrl":"https:\/\/nitu.mx\/wp-content\/uploads\/2023\/10\/torruco.jpeg","keywords":["Canc\u00fan Travel Mart","Miguel Torruco","Sectur"],"articleSection":["Hoteles"],"inLanguage":"es-MX","potentialAction":[{"@type":"CommentAction","name":"Comment","target":["https:\/\/nitu.mx\/index.php\/2023\/10\/16\/con-olor-a-desaire-de-sectur-culmino-la-edicion-35-de-cancun-travel-mart\/#respond"]}]},{"@type":"WebPage","@id":"https:\/\/nitu.mx\/index.php\/2023\/10\/16\/con-olor-a-desaire-de-sectur-culmino-la-edicion-35-de-cancun-travel-mart\/","url":"https:\/\/nitu.mx\/index.php\/2023\/10\/16\/con-olor-a-desaire-de-sectur-culmino-la-edicion-35-de-cancun-travel-mart\/","name":"Con olor a desaire de SECTUR, culmin\u00f3 la edici\u00f3n 35 de Canc\u00fan Travel Mart - Nitu - Noticias de la Industria Turistica","isPartOf":{"@id":"https:\/\/nitu.mx\/#website"},"primaryImageOfPage":{"@id":"https:\/\/nitu.mx\/index.php\/2023\/10\/16\/con-olor-a-desaire-de-sectur-culmino-la-edicion-35-de-cancun-travel-mart\/#primaryimage"},"image":{"@id":"https:\/\/nitu.mx\/index.php\/2023\/10\/16\/con-olor-a-desaire-de-sectur-culmino-la-edicion-35-de-cancun-travel-mart\/#primaryimage"},"thumbnailUrl":"https:\/\/nitu.mx\/wp-content\/uploads\/2023\/10\/torruco.jpeg","datePublished":"2023-10-16T06:25:21+00:00","dateModified":"2023-10-16T06:25:21+00:00","breadcrumb":{"@id":"https:\/\/nitu.mx\/index.php\/2023\/10\/16\/con-olor-a-desaire-de-sectur-culmino-la-edicion-35-de-cancun-travel-mart\/#breadcrumb"},"inLanguage":"es-MX","potentialAction":[{"@type":"ReadAction","target":["https:\/\/nitu.mx\/index.php\/2023\/10\/16\/con-olor-a-desaire-de-sectur-culmino-la-edicion-35-de-cancun-travel-mart\/"]}]},{"@type":"ImageObject","inLanguage":"es-MX","@id":"https:\/\/nitu.mx\/index.php\/2023\/10\/16\/con-olor-a-desaire-de-sectur-culmino-la-edicion-35-de-cancun-travel-mart\/#primaryimage","url":"https:\/\/nitu.mx\/wp-content\/uploads\/2023\/10\/torruco.jpeg","contentUrl":"https:\/\/nitu.mx\/wp-content\/uploads\/2023\/10\/torruco.jpeg","width":800,"height":530},{"@type":"BreadcrumbList","@id":"https:\/\/nitu.mx\/index.php\/2023\/10\/16\/con-olor-a-desaire-de-sectur-culmino-la-edicion-35-de-cancun-travel-mart\/#breadcrumb","itemListElement":[{"@type":"ListItem","position":1,"name":"Inicio","item":"https:\/\/nitu.mx\/"},{"@type":"ListItem","position":2,"name":"Con olor a desaire de SECTUR, culmin\u00f3 la edici\u00f3n 35 de Canc\u00fan Travel Mart"}]},{"@type":"WebSite","@id":"https:\/\/nitu.mx\/#website","url":"https:\/\/nitu.mx\/","name":"Nitu - Noticias de la Industria Turistica","description":"Noticias de la Industria Turistica","publisher":{"@id":"https:\/\/nitu.mx\/#\/schema\/person\/ae7a53426417292d3dd07b45a33e01bc"},"alternateName":"Noticias de la Industria Turistica","potentialAction":[{"@type":"SearchAction","target":{"@type":"EntryPoint","urlTemplate":"https:\/\/nitu.mx\/?s={search_term_string}"},"query-input":"required name=search_term_string"}],"inLanguage":"es-MX"},{"@type":["Person","Organization"],"@id":"https:\/\/nitu.mx\/#\/schema\/person\/ae7a53426417292d3dd07b45a33e01bc","name":"Arturo Medina","image":{"@type":"ImageObject","inLanguage":"es-MX","@id":"https:\/\/nitu.mx\/#\/schema\/person\/image\/","url":"https:\/\/nitu.mx\/wp-content\/uploads\/2024\/04\/4A315622-1904-4D5C-B022-878CDC840E04-90x90-1.jpeg","contentUrl":"https:\/\/nitu.mx\/wp-content\/uploads\/2024\/04\/4A315622-1904-4D5C-B022-878CDC840E04-90x90-1.jpeg","width":90,"height":90,"caption":"Arturo Medina"},"logo":{"@id":"https:\/\/nitu.mx\/#\/schema\/person\/image\/"},"description":"Director NITU.mx, Egresado de la Escuela de Periodismo Carlos Septi\u00e9n Garc\u00eda. Periodista y analista especializado en turismo desde hace 35 a\u00f1os, radicado en Canc\u00fan Q.Roo. arturo@nitu.mx","sameAs":["https:\/\/nitu.mx","https:\/\/www.facebook.com\/NITUmx\/","medinacancun","https:\/\/twitter.com\/@Arturo_Medina_G"],"url":"https:\/\/nitu.mx\/index.php\/author\/arturo-medina\/"}]}},"views":1029,"_links":{"self":[{"href":"https:\/\/nitu.mx\/index.php\/wp-json\/wp\/v2\/posts\/66261"}],"collection":[{"href":"https:\/\/nitu.mx\/index.php\/wp-json\/wp\/v2\/posts"}],"about":[{"href":"https:\/\/nitu.mx\/index.php\/wp-json\/wp\/v2\/types\/post"}],"author":[{"embeddable":true,"href":"https:\/\/nitu.mx\/index.php\/wp-json\/wp\/v2\/users\/2"}],"replies":[{"embeddable":true,"href":"https:\/\/nitu.mx\/index.php\/wp-json\/wp\/v2\/comments?post=66261"}],"version-history":[{"count":3,"href":"https:\/\/nitu.mx\/index.php\/wp-json\/wp\/v2\/posts\/66261\/revisions"}],"predecessor-version":[{"id":66269,"href":"https:\/\/nitu.mx\/index.php\/wp-json\/wp\/v2\/posts\/66261\/revisions\/66269"}],"wp:featuredmedia":[{"embeddable":true,"href":"https:\/\/nitu.mx\/index.php\/wp-json\/wp\/v2\/media\/66263"}],"wp:attachment":[{"href":"https:\/\/nitu.mx\/index.php\/wp-json\/wp\/v2\/media?parent=66261"}],"wp:term":[{"taxonomy":"category","embeddable":true,"href":"https:\/\/nitu.mx\/index.php\/wp-json\/wp\/v2\/categories?post=66261"},{"taxonomy":"post_tag","embeddable":true,"href":"https:\/\/nitu.mx\/index.php\/wp-json\/wp\/v2\/tags?post=66261"}],"curies":[{"name":"wp","href":"https:\/\/api.w.org\/{rel}","templated":true}]}}