{"id":66140,"date":"2023-09-19T23:27:57","date_gmt":"2023-09-20T04:27:57","guid":{"rendered":"https:\/\/www.dev.nitu.mx\/?p=66140"},"modified":"2023-09-19T23:57:49","modified_gmt":"2023-09-20T04:57:49","slug":"conexstur-promovera-los-destinos-de-queretaro-ante-el-turismo-internacional","status":"publish","type":"post","link":"https:\/\/nitu.mx\/index.php\/2023\/09\/19\/conexstur-promovera-los-destinos-de-queretaro-ante-el-turismo-internacional\/","title":{"rendered":"Conexstur promover\u00e1 los destinos de Quer\u00e9taro ante el turismo internacional"},"content":{"rendered":"<p>El Consejo Nacional de Exportadores de Servicios Tur\u00edsticos (Conexstur) y la Secretar\u00eda de Turismo de Quer\u00e9taro firm\u00f3 un convenio que permitir\u00e1 impulsar la promoci\u00f3n y venta de los diferentes atractivos tur\u00edsticos de la entidad en los principales mercados internacionales.<\/p>\n<p>La firma estuvo a cargo de Rodrigo Ibarra, director de Promoci\u00f3n Tur\u00edstica de Sectur Quer\u00e9taro, en representaci\u00f3n de la secretaria Adriana Vega V\u00e1zquez Mellado, y V\u00edctor Enr\u00edquez, Presidente de Conexstur.<\/p>\n<p>Rodrigo Ibarra destac\u00f3 que Quer\u00e9taro se consolida como un destino tur\u00edstico por excelencia, que en 2022 recibi\u00f3 dos millones de turistas y report\u00f3 una derrama econ\u00f3mica de 10 mil millones de pesos, y afirm\u00f3 que el sector aporta el 19.4% del PIB estatal.<\/p>\n<p>Resalt\u00f3 que la estrategia para el desarrollo del turismo en el estado se sustenta en tres ejes: sustentabilidad, inclusi\u00f3n y tecnolog\u00eda, mismos que se alinean a las metas de la agenda 2030 de la ONU.<\/p>\n<p>Adem\u00e1s, destac\u00f3 algunos de los principales logros obtenidos en materia tur\u00edstica, entre los que destacan el reciente nombramiento de Pinal de Amoles como Pueblo M\u00e1gico y la ratificaci\u00f3n de esta denominaci\u00f3n para Bernal, Cadereyta, Jalpan de Serra, Tequisquiapan, San Joaqu\u00edn y Amealco.<\/p>\n<p>De igual forma, mencion\u00f3 la obtenci\u00f3n de la Certificaci\u00f3n Internacional Earthcheck que reconoce a la Sierra Gorda como un destino tur\u00edstico sustentable y la adhesi\u00f3n del estado de Quer\u00e9taro a la Organizaci\u00f3n Mundial de Turismo (OMT).<\/p>\n<p>El funcionario dijo que entre los principales atractivos que ofrece Quer\u00e9taro a los visitantes incluyen: la regi\u00f3n del vino, vuelo en globo, el mirador cuatro palos, los jardines cerveceros, la isla Tzibanz\u00e1, el centro hist\u00f3rico de Quer\u00e9taro, asadores campestres, talleres artesanales de Amealco, las misiones franciscanas y su red de hoteles boutique.<\/p>\n<p>Detall\u00f3 que se realizan diversas acciones para fortalecer los productos tur\u00edsticos del estado, como los proyectos de desarrollo de las rutas religiosas de San Jun\u00edpero Serra y el Camino Inici\u00e1tico de Santiago.<\/p>\n<p>Quer\u00e9taro tiene m\u00e1s de 800 establecimientos de hospedaje con m\u00e1s de 18 mil habitaciones, y reporta un promedio de ocupaci\u00f3n hotelera de 51.8 por ciento en este a\u00f1o.<\/p>\n<p>Por su parte, V\u00edctor Enr\u00edquez, presidente de Conexstur, destac\u00f3 que Quer\u00e9taro es uno de los principales destinos de viaje en el centro del pa\u00eds, que ofrece una gran variedad de atractivos como la Ruta del Arte, Queso y Vino, la imponente Sierra Gorda, sus Pueblos M\u00e1gicos y una gastronom\u00eda que forma parte del patrimonio de la humanidad.<\/p>\n<p>Resalt\u00f3 que Conexstur es una asociaci\u00f3n de tour operadores receptivos creada en 2010, con amplia participaci\u00f3n en el mercado tur\u00edstico, formada por empresas mexicanas l\u00edderes en el ramo. Conforma una red de m\u00e1s de 37 mil contactos en 118 pa\u00edses de cinco continentes. Su principal misi\u00f3n es atraer turismo internacional a M\u00e9xico.\u00a0<a title=\"Conexstur conoce las grandes historias que se viven en Guanajuato\" href=\"https:\/\/www.dev.nitu.mx\/index.php\/2023\/08\/25\/conexstur-conoce-las-grandes-historias-que-se-viven-en-guanajuato\/\" rel=\"bookmark\">(Conexstur conoce las grandes historias que se viven en Guanajuato<\/a>).<\/p>\n","protected":false},"excerpt":{"rendered":"<p>El Consejo Nacional de Exportadores de Servicios Tur\u00edsticos (Conexstur) y la Secretar\u00eda de Turismo de Quer\u00e9taro firm\u00f3 un convenio que permitir\u00e1 impulsar la promoci\u00f3n y venta de los diferentes atractivos tur\u00edsticos de la entidad en los principales mercados internacionales. La firma estuvo a cargo de Rodrigo Ibarra, director de Promoci\u00f3n Tur\u00edstica de Sectur Quer\u00e9taro, en [&hellip;]<\/p>\n","protected":false},"author":18,"featured_media":66143,"comment_status":"open","ping_status":"open","sticky":false,"template":"","format":"standard","meta":{"footnotes":""},"categories":[3],"tags":[1121,335,61,93,23707],"yoast_head":"<!-- This site is optimized with the Yoast SEO plugin v22.2 - https:\/\/yoast.com\/wordpress\/plugins\/seo\/ -->\n<title>Conexstur promover\u00e1 los destinos de Quer\u00e9taro ante el turismo internacional - Nitu - Noticias de la Industria Turistica<\/title>\n<meta name=\"robots\" content=\"index, follow, max-snippet:-1, max-image-preview:large, max-video-preview:-1\" \/>\n<link rel=\"canonical\" href=\"https:\/\/nitu.mx\/index.php\/2023\/09\/19\/conexstur-promovera-los-destinos-de-queretaro-ante-el-turismo-internacional\/\" \/>\n<meta name=\"twitter:card\" content=\"summary_large_image\" \/>\n<meta name=\"twitter:title\" content=\"Conexstur promover\u00e1 los destinos de Quer\u00e9taro ante el turismo internacional - Nitu - Noticias de la Industria Turistica\" \/>\n<meta name=\"twitter:description\" content=\"El Consejo Nacional de Exportadores de Servicios Tur\u00edsticos (Conexstur) y la Secretar\u00eda de Turismo de Quer\u00e9taro firm\u00f3 un convenio que permitir\u00e1 impulsar la promoci\u00f3n y venta de los diferentes atractivos tur\u00edsticos de la entidad en los principales mercados internacionales. La firma estuvo a cargo de Rodrigo Ibarra, director de Promoci\u00f3n Tur\u00edstica de Sectur Quer\u00e9taro, en [&hellip;]\" \/>\n<meta name=\"twitter:image\" content=\"https:\/\/nitu.mx\/wp-content\/uploads\/2023\/09\/Conexstur-Quer\u00e9taro.jpeg\" \/>\n<meta name=\"twitter:creator\" content=\"@NITUmx\" \/>\n<meta name=\"twitter:site\" content=\"@Arturo_Medina_G\" \/>\n<meta name=\"twitter:label1\" content=\"Escrito por\" \/>\n\t<meta name=\"twitter:data1\" content=\"Guadalupe Sixto\" \/>\n\t<meta name=\"twitter:label2\" content=\"Tiempo de lectura\" \/>\n\t<meta name=\"twitter:data2\" content=\"3 minutos\" \/>\n<script type=\"application\/ld+json\" class=\"yoast-schema-graph\">{\"@context\":\"https:\/\/schema.org\",\"@graph\":[{\"@type\":\"Article\",\"@id\":\"https:\/\/nitu.mx\/index.php\/2023\/09\/19\/conexstur-promovera-los-destinos-de-queretaro-ante-el-turismo-internacional\/#article\",\"isPartOf\":{\"@id\":\"https:\/\/nitu.mx\/index.php\/2023\/09\/19\/conexstur-promovera-los-destinos-de-queretaro-ante-el-turismo-internacional\/\"},\"author\":{\"name\":\"Guadalupe Sixto\",\"@id\":\"https:\/\/nitu.mx\/#\/schema\/person\/3df3082b5e46037e3f13614d28ee0b77\"},\"headline\":\"Conexstur promover\u00e1 los destinos de Quer\u00e9taro ante el turismo internacional\",\"datePublished\":\"2023-09-20T04:27:57+00:00\",\"dateModified\":\"2023-09-20T04:57:49+00:00\",\"mainEntityOfPage\":{\"@id\":\"https:\/\/nitu.mx\/index.php\/2023\/09\/19\/conexstur-promovera-los-destinos-de-queretaro-ante-el-turismo-internacional\/\"},\"wordCount\":512,\"commentCount\":0,\"publisher\":{\"@id\":\"https:\/\/nitu.mx\/#\/schema\/person\/ae7a53426417292d3dd07b45a33e01bc\"},\"image\":{\"@id\":\"https:\/\/nitu.mx\/index.php\/2023\/09\/19\/conexstur-promovera-los-destinos-de-queretaro-ante-el-turismo-internacional\/#primaryimage\"},\"thumbnailUrl\":\"https:\/\/nitu.mx\/wp-content\/uploads\/2023\/09\/Conexstur-Quer\u00e9taro.jpeg\",\"keywords\":[\"Conexstur\",\"Pueblos M\u00e1gicos\",\"Quer\u00e9taro\",\"Sectur\",\"V\u00edctor Enr\u00edquez\"],\"articleSection\":[\"Agencias de Viajes\"],\"inLanguage\":\"es-MX\",\"potentialAction\":[{\"@type\":\"CommentAction\",\"name\":\"Comment\",\"target\":[\"https:\/\/nitu.mx\/index.php\/2023\/09\/19\/conexstur-promovera-los-destinos-de-queretaro-ante-el-turismo-internacional\/#respond\"]}]},{\"@type\":\"WebPage\",\"@id\":\"https:\/\/nitu.mx\/index.php\/2023\/09\/19\/conexstur-promovera-los-destinos-de-queretaro-ante-el-turismo-internacional\/\",\"url\":\"https:\/\/nitu.mx\/index.php\/2023\/09\/19\/conexstur-promovera-los-destinos-de-queretaro-ante-el-turismo-internacional\/\",\"name\":\"Conexstur promover\u00e1 los destinos de Quer\u00e9taro ante el turismo internacional - Nitu - Noticias de la Industria Turistica\",\"isPartOf\":{\"@id\":\"https:\/\/nitu.mx\/#website\"},\"primaryImageOfPage\":{\"@id\":\"https:\/\/nitu.mx\/index.php\/2023\/09\/19\/conexstur-promovera-los-destinos-de-queretaro-ante-el-turismo-internacional\/#primaryimage\"},\"image\":{\"@id\":\"https:\/\/nitu.mx\/index.php\/2023\/09\/19\/conexstur-promovera-los-destinos-de-queretaro-ante-el-turismo-internacional\/#primaryimage\"},\"thumbnailUrl\":\"https:\/\/nitu.mx\/wp-content\/uploads\/2023\/09\/Conexstur-Quer\u00e9taro.jpeg\",\"datePublished\":\"2023-09-20T04:27:57+00:00\",\"dateModified\":\"2023-09-20T04:57:49+00:00\",\"breadcrumb\":{\"@id\":\"https:\/\/nitu.mx\/index.php\/2023\/09\/19\/conexstur-promovera-los-destinos-de-queretaro-ante-el-turismo-internacional\/#breadcrumb\"},\"inLanguage\":\"es-MX\",\"potentialAction\":[{\"@type\":\"ReadAction\",\"target\":[\"https:\/\/nitu.mx\/index.php\/2023\/09\/19\/conexstur-promovera-los-destinos-de-queretaro-ante-el-turismo-internacional\/\"]}]},{\"@type\":\"ImageObject\",\"inLanguage\":\"es-MX\",\"@id\":\"https:\/\/nitu.mx\/index.php\/2023\/09\/19\/conexstur-promovera-los-destinos-de-queretaro-ante-el-turismo-internacional\/#primaryimage\",\"url\":\"https:\/\/nitu.mx\/wp-content\/uploads\/2023\/09\/Conexstur-Quer\u00e9taro.jpeg\",\"contentUrl\":\"https:\/\/nitu.mx\/wp-content\/uploads\/2023\/09\/Conexstur-Quer\u00e9taro.jpeg\",\"width\":1200,\"height\":675,\"caption\":\"Conexstur\"},{\"@type\":\"BreadcrumbList\",\"@id\":\"https:\/\/nitu.mx\/index.php\/2023\/09\/19\/conexstur-promovera-los-destinos-de-queretaro-ante-el-turismo-internacional\/#breadcrumb\",\"itemListElement\":[{\"@type\":\"ListItem\",\"position\":1,\"name\":\"Inicio\",\"item\":\"https:\/\/nitu.mx\/\"},{\"@type\":\"ListItem\",\"position\":2,\"name\":\"Conexstur promover\u00e1 los destinos de Quer\u00e9taro ante el turismo internacional\"}]},{\"@type\":\"WebSite\",\"@id\":\"https:\/\/nitu.mx\/#website\",\"url\":\"https:\/\/nitu.mx\/\",\"name\":\"Nitu - Noticias de la Industria Turistica\",\"description\":\"Noticias de la Industria Turistica\",\"publisher\":{\"@id\":\"https:\/\/nitu.mx\/#\/schema\/person\/ae7a53426417292d3dd07b45a33e01bc\"},\"alternateName\":\"Noticias de la Industria Turistica\",\"potentialAction\":[{\"@type\":\"SearchAction\",\"target\":{\"@type\":\"EntryPoint\",\"urlTemplate\":\"https:\/\/nitu.mx\/?s={search_term_string}\"},\"query-input\":\"required name=search_term_string\"}],\"inLanguage\":\"es-MX\"},{\"@type\":[\"Person\",\"Organization\"],\"@id\":\"https:\/\/nitu.mx\/#\/schema\/person\/ae7a53426417292d3dd07b45a33e01bc\",\"name\":\"Arturo Medina\",\"image\":{\"@type\":\"ImageObject\",\"inLanguage\":\"es-MX\",\"@id\":\"https:\/\/nitu.mx\/#\/schema\/person\/image\/\",\"url\":\"https:\/\/nitu.mx\/wp-content\/uploads\/2024\/04\/4A315622-1904-4D5C-B022-878CDC840E04-90x90-1.jpeg\",\"contentUrl\":\"https:\/\/nitu.mx\/wp-content\/uploads\/2024\/04\/4A315622-1904-4D5C-B022-878CDC840E04-90x90-1.jpeg\",\"width\":90,\"height\":90,\"caption\":\"Arturo Medina\"},\"logo\":{\"@id\":\"https:\/\/nitu.mx\/#\/schema\/person\/image\/\"},\"description\":\"Director NITU.mx, Egresado de la Escuela de Periodismo Carlos Septi\u00e9n Garc\u00eda. Periodista y analista especializado en turismo desde hace 35 a\u00f1os, radicado en Canc\u00fan Q.Roo. arturo@nitu.mx\",\"sameAs\":[\"https:\/\/nitu.mx\",\"https:\/\/www.facebook.com\/NITUmx\/\",\"medinacancun\",\"https:\/\/twitter.com\/@Arturo_Medina_G\"]},{\"@type\":\"Person\",\"@id\":\"https:\/\/nitu.mx\/#\/schema\/person\/3df3082b5e46037e3f13614d28ee0b77\",\"name\":\"Guadalupe Sixto\",\"image\":{\"@type\":\"ImageObject\",\"inLanguage\":\"es-MX\",\"@id\":\"https:\/\/nitu.mx\/#\/schema\/person\/image\/\",\"url\":\"https:\/\/secure.gravatar.com\/avatar\/13914e1b0e1919e91f9539de4dc584c4?s=96&d=mm&r=g\",\"contentUrl\":\"https:\/\/secure.gravatar.com\/avatar\/13914e1b0e1919e91f9539de4dc584c4?s=96&d=mm&r=g\",\"caption\":\"Guadalupe Sixto\"},\"url\":\"https:\/\/nitu.mx\/index.php\/author\/gsixto\/\"}]}<\/script>\n<!-- \/ Yoast SEO plugin. -->","yoast_head_json":{"title":"Conexstur promover\u00e1 los destinos de Quer\u00e9taro ante el turismo internacional - Nitu - Noticias de la Industria Turistica","robots":{"index":"index","follow":"follow","max-snippet":"max-snippet:-1","max-image-preview":"max-image-preview:large","max-video-preview":"max-video-preview:-1"},"canonical":"https:\/\/nitu.mx\/index.php\/2023\/09\/19\/conexstur-promovera-los-destinos-de-queretaro-ante-el-turismo-internacional\/","twitter_card":"summary_large_image","twitter_title":"Conexstur promover\u00e1 los destinos de Quer\u00e9taro ante el turismo internacional - Nitu - Noticias de la Industria Turistica","twitter_description":"El Consejo Nacional de Exportadores de Servicios Tur\u00edsticos (Conexstur) y la Secretar\u00eda de Turismo de Quer\u00e9taro firm\u00f3 un convenio que permitir\u00e1 impulsar la promoci\u00f3n y venta de los diferentes atractivos tur\u00edsticos de la entidad en los principales mercados internacionales. La firma estuvo a cargo de Rodrigo Ibarra, director de Promoci\u00f3n Tur\u00edstica de Sectur Quer\u00e9taro, en [&hellip;]","twitter_image":"https:\/\/nitu.mx\/wp-content\/uploads\/2023\/09\/Conexstur-Quer\u00e9taro.jpeg","twitter_creator":"@NITUmx","twitter_site":"@Arturo_Medina_G","twitter_misc":{"Escrito por":"Guadalupe Sixto","Tiempo de lectura":"3 minutos"},"schema":{"@context":"https:\/\/schema.org","@graph":[{"@type":"Article","@id":"https:\/\/nitu.mx\/index.php\/2023\/09\/19\/conexstur-promovera-los-destinos-de-queretaro-ante-el-turismo-internacional\/#article","isPartOf":{"@id":"https:\/\/nitu.mx\/index.php\/2023\/09\/19\/conexstur-promovera-los-destinos-de-queretaro-ante-el-turismo-internacional\/"},"author":{"name":"Guadalupe Sixto","@id":"https:\/\/nitu.mx\/#\/schema\/person\/3df3082b5e46037e3f13614d28ee0b77"},"headline":"Conexstur promover\u00e1 los destinos de Quer\u00e9taro ante el turismo internacional","datePublished":"2023-09-20T04:27:57+00:00","dateModified":"2023-09-20T04:57:49+00:00","mainEntityOfPage":{"@id":"https:\/\/nitu.mx\/index.php\/2023\/09\/19\/conexstur-promovera-los-destinos-de-queretaro-ante-el-turismo-internacional\/"},"wordCount":512,"commentCount":0,"publisher":{"@id":"https:\/\/nitu.mx\/#\/schema\/person\/ae7a53426417292d3dd07b45a33e01bc"},"image":{"@id":"https:\/\/nitu.mx\/index.php\/2023\/09\/19\/conexstur-promovera-los-destinos-de-queretaro-ante-el-turismo-internacional\/#primaryimage"},"thumbnailUrl":"https:\/\/nitu.mx\/wp-content\/uploads\/2023\/09\/Conexstur-Quer\u00e9taro.jpeg","keywords":["Conexstur","Pueblos M\u00e1gicos","Quer\u00e9taro","Sectur","V\u00edctor Enr\u00edquez"],"articleSection":["Agencias de Viajes"],"inLanguage":"es-MX","potentialAction":[{"@type":"CommentAction","name":"Comment","target":["https:\/\/nitu.mx\/index.php\/2023\/09\/19\/conexstur-promovera-los-destinos-de-queretaro-ante-el-turismo-internacional\/#respond"]}]},{"@type":"WebPage","@id":"https:\/\/nitu.mx\/index.php\/2023\/09\/19\/conexstur-promovera-los-destinos-de-queretaro-ante-el-turismo-internacional\/","url":"https:\/\/nitu.mx\/index.php\/2023\/09\/19\/conexstur-promovera-los-destinos-de-queretaro-ante-el-turismo-internacional\/","name":"Conexstur promover\u00e1 los destinos de Quer\u00e9taro ante el turismo internacional - Nitu - Noticias de la Industria Turistica","isPartOf":{"@id":"https:\/\/nitu.mx\/#website"},"primaryImageOfPage":{"@id":"https:\/\/nitu.mx\/index.php\/2023\/09\/19\/conexstur-promovera-los-destinos-de-queretaro-ante-el-turismo-internacional\/#primaryimage"},"image":{"@id":"https:\/\/nitu.mx\/index.php\/2023\/09\/19\/conexstur-promovera-los-destinos-de-queretaro-ante-el-turismo-internacional\/#primaryimage"},"thumbnailUrl":"https:\/\/nitu.mx\/wp-content\/uploads\/2023\/09\/Conexstur-Quer\u00e9taro.jpeg","datePublished":"2023-09-20T04:27:57+00:00","dateModified":"2023-09-20T04:57:49+00:00","breadcrumb":{"@id":"https:\/\/nitu.mx\/index.php\/2023\/09\/19\/conexstur-promovera-los-destinos-de-queretaro-ante-el-turismo-internacional\/#breadcrumb"},"inLanguage":"es-MX","potentialAction":[{"@type":"ReadAction","target":["https:\/\/nitu.mx\/index.php\/2023\/09\/19\/conexstur-promovera-los-destinos-de-queretaro-ante-el-turismo-internacional\/"]}]},{"@type":"ImageObject","inLanguage":"es-MX","@id":"https:\/\/nitu.mx\/index.php\/2023\/09\/19\/conexstur-promovera-los-destinos-de-queretaro-ante-el-turismo-internacional\/#primaryimage","url":"https:\/\/nitu.mx\/wp-content\/uploads\/2023\/09\/Conexstur-Quer\u00e9taro.jpeg","contentUrl":"https:\/\/nitu.mx\/wp-content\/uploads\/2023\/09\/Conexstur-Quer\u00e9taro.jpeg","width":1200,"height":675,"caption":"Conexstur"},{"@type":"BreadcrumbList","@id":"https:\/\/nitu.mx\/index.php\/2023\/09\/19\/conexstur-promovera-los-destinos-de-queretaro-ante-el-turismo-internacional\/#breadcrumb","itemListElement":[{"@type":"ListItem","position":1,"name":"Inicio","item":"https:\/\/nitu.mx\/"},{"@type":"ListItem","position":2,"name":"Conexstur promover\u00e1 los destinos de Quer\u00e9taro ante el turismo internacional"}]},{"@type":"WebSite","@id":"https:\/\/nitu.mx\/#website","url":"https:\/\/nitu.mx\/","name":"Nitu - Noticias de la Industria Turistica","description":"Noticias de la Industria Turistica","publisher":{"@id":"https:\/\/nitu.mx\/#\/schema\/person\/ae7a53426417292d3dd07b45a33e01bc"},"alternateName":"Noticias de la Industria Turistica","potentialAction":[{"@type":"SearchAction","target":{"@type":"EntryPoint","urlTemplate":"https:\/\/nitu.mx\/?s={search_term_string}"},"query-input":"required name=search_term_string"}],"inLanguage":"es-MX"},{"@type":["Person","Organization"],"@id":"https:\/\/nitu.mx\/#\/schema\/person\/ae7a53426417292d3dd07b45a33e01bc","name":"Arturo Medina","image":{"@type":"ImageObject","inLanguage":"es-MX","@id":"https:\/\/nitu.mx\/#\/schema\/person\/image\/","url":"https:\/\/nitu.mx\/wp-content\/uploads\/2024\/04\/4A315622-1904-4D5C-B022-878CDC840E04-90x90-1.jpeg","contentUrl":"https:\/\/nitu.mx\/wp-content\/uploads\/2024\/04\/4A315622-1904-4D5C-B022-878CDC840E04-90x90-1.jpeg","width":90,"height":90,"caption":"Arturo Medina"},"logo":{"@id":"https:\/\/nitu.mx\/#\/schema\/person\/image\/"},"description":"Director NITU.mx, Egresado de la Escuela de Periodismo Carlos Septi\u00e9n Garc\u00eda. Periodista y analista especializado en turismo desde hace 35 a\u00f1os, radicado en Canc\u00fan Q.Roo. arturo@nitu.mx","sameAs":["https:\/\/nitu.mx","https:\/\/www.facebook.com\/NITUmx\/","medinacancun","https:\/\/twitter.com\/@Arturo_Medina_G"]},{"@type":"Person","@id":"https:\/\/nitu.mx\/#\/schema\/person\/3df3082b5e46037e3f13614d28ee0b77","name":"Guadalupe Sixto","image":{"@type":"ImageObject","inLanguage":"es-MX","@id":"https:\/\/nitu.mx\/#\/schema\/person\/image\/","url":"https:\/\/secure.gravatar.com\/avatar\/13914e1b0e1919e91f9539de4dc584c4?s=96&d=mm&r=g","contentUrl":"https:\/\/secure.gravatar.com\/avatar\/13914e1b0e1919e91f9539de4dc584c4?s=96&d=mm&r=g","caption":"Guadalupe Sixto"},"url":"https:\/\/nitu.mx\/index.php\/author\/gsixto\/"}]}},"views":542,"_links":{"self":[{"href":"https:\/\/nitu.mx\/index.php\/wp-json\/wp\/v2\/posts\/66140"}],"collection":[{"href":"https:\/\/nitu.mx\/index.php\/wp-json\/wp\/v2\/posts"}],"about":[{"href":"https:\/\/nitu.mx\/index.php\/wp-json\/wp\/v2\/types\/post"}],"author":[{"embeddable":true,"href":"https:\/\/nitu.mx\/index.php\/wp-json\/wp\/v2\/users\/18"}],"replies":[{"embeddable":true,"href":"https:\/\/nitu.mx\/index.php\/wp-json\/wp\/v2\/comments?post=66140"}],"version-history":[{"count":1,"href":"https:\/\/nitu.mx\/index.php\/wp-json\/wp\/v2\/posts\/66140\/revisions"}],"predecessor-version":[{"id":66141,"href":"https:\/\/nitu.mx\/index.php\/wp-json\/wp\/v2\/posts\/66140\/revisions\/66141"}],"wp:featuredmedia":[{"embeddable":true,"href":"https:\/\/nitu.mx\/index.php\/wp-json\/wp\/v2\/media\/66143"}],"wp:attachment":[{"href":"https:\/\/nitu.mx\/index.php\/wp-json\/wp\/v2\/media?parent=66140"}],"wp:term":[{"taxonomy":"category","embeddable":true,"href":"https:\/\/nitu.mx\/index.php\/wp-json\/wp\/v2\/categories?post=66140"},{"taxonomy":"post_tag","embeddable":true,"href":"https:\/\/nitu.mx\/index.php\/wp-json\/wp\/v2\/tags?post=66140"}],"curies":[{"name":"wp","href":"https:\/\/api.w.org\/{rel}","templated":true}]}}