{"id":66104,"date":"2023-09-19T01:19:18","date_gmt":"2023-09-19T06:19:18","guid":{"rendered":"https:\/\/www.dev.nitu.mx\/?p=66104"},"modified":"2023-09-19T01:19:18","modified_gmt":"2023-09-19T06:19:18","slug":"cumple-angeles-verdes-63-anos-al-servicio-del-turismo-carretero","status":"publish","type":"post","link":"https:\/\/nitu.mx\/index.php\/2023\/09\/19\/cumple-angeles-verdes-63-anos-al-servicio-del-turismo-carretero\/","title":{"rendered":"Cumple \u00c1ngeles Verdes 63 a\u00f1os al servicio del turismo carretero"},"content":{"rendered":"<p style=\"font-weight: 400;\">El secretario de Turismo del Gobierno de M\u00e9xico, Miguel Torruco Marqu\u00e9s, destac\u00f3 que, a sus 63 a\u00f1os de servicio al turismo carretero, la Direcci\u00f3n General de Servicios al Turista \u00c1ngeles Verdes, se est\u00e1 modernizando como nunca, luego de ser una corporaci\u00f3n en decadencia por descuido de administraciones pasadas.<\/p>\n<p style=\"font-weight: 400;\">Al conmemorar el 63 Aniversario de la Corporaci\u00f3n m\u00e1s longeva de la Administraci\u00f3n P\u00fablica Federal, el titular de la Secretar\u00eda de Turismo (Sectur) subray\u00f3 que, tras 20 a\u00f1os de abandono, \u00c1ngeles Verdes contaba con unidades vehiculares con m\u00e1s de 900 mil kil\u00f3metros recorridos, 176 se hab\u00edan dado de baja por inservibles, ten\u00edan uniformes deteriorados, y cero tecnolog\u00eda.<\/p>\n<p style=\"font-weight: 400;\">Puntualiz\u00f3 que los \u00c1ngeles Verdes siempre han sido la mejor carta de presentaci\u00f3n de Sectur, por tal raz\u00f3n, en la actual administraci\u00f3n, gracias al apoyo del presidente Andr\u00e9s Manuel L\u00f3pez Obrador a este programa, atraviesan por un importante proceso de modernizaci\u00f3n, que concluir\u00e1 con la renovaci\u00f3n del parque vehicular, entre otras acciones.<\/p>\n<p style=\"font-weight: 400;\">Se\u00f1al\u00f3 que, al t\u00e9rmino de 2023, se habr\u00e1 renovado el 40% de las unidades y para el siguiente a\u00f1o se habr\u00e1 concluido el 60% restante, gracias tambi\u00e9n a la estrecha colaboraci\u00f3n con los gobiernos estatales, quienes se han comprometido a contribuir con una unidad, por cada veh\u00edculo que aporte Sectur.<\/p>\n<p style=\"font-weight: 400;\">Torruco Marqu\u00e9s felicit\u00f3 a los m\u00e1s de 700 elementos que integran \u00c1ngeles Verdes, por ser fieles y estar \u201cal pie del ca\u00f1\u00f3n\u201d como grandes aliados del importante turismo carretero, al brindar auxilio mec\u00e1nico e informaci\u00f3n tur\u00edstica, ahora en 223 tramos carreteros que comprenden m\u00e1s de 37 mil kil\u00f3metros de recorrido, en las 32 entidades federativas del pa\u00eds.<\/p>\n<p style=\"font-weight: 400;\">Enfatiz\u00f3 que, con el fin de dar una atenci\u00f3n m\u00e1s oportuna y eficiente al turismo carretero, en mayo de 2022 se puso en marcha el Centro de Geointeligencia (CGO) \u201cAlfonso Garc\u00eda Gonz\u00e1lez\u201d, nombrado as\u00ed en honor al creador de este programa, y desde el cual se ubica en tiempo real al turista que requiere auxilio, indicarle cu\u00e1l es la unidad que lo apoyar\u00e1, as\u00ed como el tiempo que tardar\u00e1 en llegar.<\/p>\n<p style=\"font-weight: 400;\">As\u00ed mismo, se lanz\u00f3 la aplicaci\u00f3n m\u00f3vil \u00c1ngeles Verdes, disponible en los sistemas iOS y Android, que junto con el n\u00famero de marcaci\u00f3n gratuita 078, permiten dar una atenci\u00f3n oportuna al turista nacional e internacional que circula a lo largo y ancho de las principales carreteras de M\u00e9xico.<\/p>\n<p style=\"font-weight: 400;\">Resalt\u00f3 que, aunado a estas acciones, se llev\u00f3 a cabo la entrega de uniformes nuevos para los elementos de esta instituci\u00f3n, los cuales est\u00e1n debidamente dise\u00f1ados para las labores cotidianas que realizan.<\/p>\n<p style=\"font-weight: 400;\">El secretario de Turismo, acompa\u00f1ado del director general del Aeropuerto Internacional Felipe \u00c1ngeles (AIFA), general Isidoro Pastor Rom\u00e1n, inaugur\u00f3 oficialmente el M\u00f3dulo de Atenci\u00f3n al Turista de Sectur, que opera en esta terminal desde su inauguraci\u00f3n en marzo de 2022.<\/p>\n<p style=\"font-weight: 400;\">Adem\u00e1s, realiz\u00f3 la entrega de una unidad vehicular de \u00c1ngeles Verdes en el AIFA, cumpliendo as\u00ed el compromiso que hizo con el general Pastor Rom\u00e1n, la cual se integra a la que ya opera en este aeropuerto, misma que cuenta con remolque, con el prop\u00f3sito de atender a los usuarios que transitan en los circuitos y pasos a desnivel que conectan a los turistas que llegan y salen de esta zona, en un tramo de aproximadamente 40 kil\u00f3metros.<\/p>\n<p style=\"font-weight: 400;\">\u201cVamos adelante ofreciendo un mejor servicio con nuestros legendarios queridos \u00c1ngeles Verdes\u201d, refiri\u00f3 Torruco Marqu\u00e9s al se\u00f1alar que en 2019 el turismo carretero represent\u00f3 el 82% del total de desplazamientos, con 258 millones de ciudadanos nacionales que se desplazaron por todo el pa\u00eds, y de cerca de 90 millones que se hospedaron en hotel, con una derrama de 150 mil millones\u00a0de\u00a0d\u00f3lares.<\/p>\n<p style=\"font-weight: 400;\">El director general del AIFA, Isidoro Pastor Rom\u00e1n, reconoci\u00f3 el apoyo incondicional otorgado por el secretario Torruco Marqu\u00e9s, y destac\u00f3 su labor dentro de la gama de funcionarios que han apoyado el proyecto AIFA. \u201cHoy tenemos una nueva unidad de los \u00c1ngeles Verdes, que se suma con la que ya se cuenta, que operan los 365 d\u00edas del a\u00f1o en el pol\u00edgono\u00a0aeroportuario\u201d a\u00f1adi\u00f3.<\/p>\n<p style=\"font-weight: 400;\">Como parte de la celebraci\u00f3n por el 63 Aniversario de \u00c1ngeles Verdes, el titular de Sectur encabez\u00f3 la entrega de reconocimientos a destacados elementos de esta instituci\u00f3n, por los a\u00f1os de servicio, profesionalismo y actitud hacia el turismo carretero de M\u00e9xico.<\/p>\n<p style=\"font-weight: 400;\">A esta ceremonia asisti\u00f3 el secretario de Turismo de San Luis Potos\u00ed, Juan Carlos Machinena Morales, en esta ocasi\u00f3n en representaci\u00f3n de su se\u00f1ora madre, Mar\u00eda Mercedes Morales, quien form\u00f3 parte de la corporaci\u00f3n \u00c1ngeles Verdes.<\/p>\n<p style=\"font-weight: 400;\">En su oportunidad, el secretario de Turismo de San Luis Potos\u00ed, Juan Carlos Machinena, se dijo agradecido por el reconocimiento brindado por la Secretar\u00eda de Turismo, a trav\u00e9s de su titular Miguel Torruco, a su madre, Mar\u00eda Mercedes Morales, por haber fungido como una de las fundadoras e iniciadoras del programa \u00c1ngeles Verdes.<\/p>\n<p style=\"font-weight: 400;\">Tambi\u00e9n, fue un honor recibir en la Secretar\u00eda de Turismo a la se\u00f1ora Ilvya Garc\u00eda Cacho y al se\u00f1or Alfonso Garc\u00eda Garc\u00eda, hija y nieto, respectivamente, de Alfonso Garc\u00eda Gonz\u00e1lez, fundador del programa \u00c1ngeles Verdes, quienes externaron su benepl\u00e1cito por ver c\u00f3mo se ha transformado y modernizado esta corporaci\u00f3n, ahora Direcci\u00f3n General de Servicios al Turista. En su visita, recorrieron las instalaciones del CGO y se les brind\u00f3 una explicaci\u00f3n del funcionamiento de \u00e9ste.<\/p>\n<p style=\"font-weight: 400;\">Garc\u00eda Cacho ponder\u00f3 el papel de los \u00c1ngeles Verdes en las carreteras del pa\u00eds al enaltecer el nombre de M\u00e9xico. As\u00ed mismo, agradeci\u00f3 al secretario Torruco por la distinci\u00f3n y reconocimiento a su se\u00f1or padre, y por la modernizaci\u00f3n de este importante\u00a0programa.<\/p>\n<p style=\"font-weight: 400;\">Al concluir la ceremonia, Torruco Marqu\u00e9s reafirm\u00f3: \u201cMi reconocimiento a todos y cada uno de los integrantes de esta legendaria corporaci\u00f3n. Muchas felicidades por estos primeros 63 a\u00f1os al servicio del turismo carretero y que sean muchos m\u00e1s. Larga vida a los queridos \u00c1ngeles Verdes\u201d.\u00a0\u00a0<a title=\"\u00c1ngeles Verdes reactiva operaciones en la isla de Cozumel con 63 km de cobertura\" href=\"https:\/\/www.dev.nitu.mx\/index.php\/2023\/06\/19\/angeles-verdes-reactiva-operaciones-en-la-isla-de-cozumel-con-63-km-de-cobertura\/\" rel=\"bookmark\">(\u00c1ngeles Verdes reactiva operaciones en la isla de Cozumel con 63 km de cobertura<\/a>).<\/p>\n","protected":false},"excerpt":{"rendered":"<p>El secretario de Turismo del Gobierno de M\u00e9xico, Miguel Torruco Marqu\u00e9s, destac\u00f3 que, a sus 63 a\u00f1os de servicio al turismo carretero, la Direcci\u00f3n General de Servicios al Turista \u00c1ngeles Verdes, se est\u00e1 modernizando como nunca, luego de ser una corporaci\u00f3n en decadencia por descuido de administraciones pasadas. Al conmemorar el 63 Aniversario de la [&hellip;]<\/p>\n","protected":false},"author":17,"featured_media":66105,"comment_status":"open","ping_status":"open","sticky":false,"template":"","format":"standard","meta":{"footnotes":""},"categories":[6],"tags":[21925,2383,910,93],"yoast_head":"<!-- This site is optimized with the Yoast SEO plugin v22.2 - https:\/\/yoast.com\/wordpress\/plugins\/seo\/ -->\n<title>Cumple \u00c1ngeles Verdes 63 a\u00f1os al servicio del turismo carretero - Nitu - Noticias de la Industria Turistica<\/title>\n<meta name=\"robots\" content=\"index, follow, max-snippet:-1, max-image-preview:large, max-video-preview:-1\" \/>\n<link rel=\"canonical\" href=\"https:\/\/nitu.mx\/index.php\/2023\/09\/19\/cumple-angeles-verdes-63-anos-al-servicio-del-turismo-carretero\/\" \/>\n<meta name=\"twitter:card\" content=\"summary_large_image\" \/>\n<meta name=\"twitter:title\" content=\"Cumple \u00c1ngeles Verdes 63 a\u00f1os al servicio del turismo carretero - Nitu - Noticias de la Industria Turistica\" \/>\n<meta name=\"twitter:description\" content=\"El secretario de Turismo del Gobierno de M\u00e9xico, Miguel Torruco Marqu\u00e9s, destac\u00f3 que, a sus 63 a\u00f1os de servicio al turismo carretero, la Direcci\u00f3n General de Servicios al Turista \u00c1ngeles Verdes, se est\u00e1 modernizando como nunca, luego de ser una corporaci\u00f3n en decadencia por descuido de administraciones pasadas. Al conmemorar el 63 Aniversario de la [&hellip;]\" \/>\n<meta name=\"twitter:image\" content=\"https:\/\/nitu.mx\/wp-content\/uploads\/2023\/09\/\u00c1ngeles-Verdes-AIFA.jpeg\" \/>\n<meta name=\"twitter:creator\" content=\"@NITUmx\" \/>\n<meta name=\"twitter:site\" content=\"@Arturo_Medina_G\" \/>\n<meta name=\"twitter:label1\" content=\"Escrito por\" \/>\n\t<meta name=\"twitter:data1\" content=\"Redacci\u00f3n\" \/>\n\t<meta name=\"twitter:label2\" content=\"Tiempo de lectura\" \/>\n\t<meta name=\"twitter:data2\" content=\"5 minutos\" \/>\n<script type=\"application\/ld+json\" class=\"yoast-schema-graph\">{\"@context\":\"https:\/\/schema.org\",\"@graph\":[{\"@type\":\"Article\",\"@id\":\"https:\/\/nitu.mx\/index.php\/2023\/09\/19\/cumple-angeles-verdes-63-anos-al-servicio-del-turismo-carretero\/#article\",\"isPartOf\":{\"@id\":\"https:\/\/nitu.mx\/index.php\/2023\/09\/19\/cumple-angeles-verdes-63-anos-al-servicio-del-turismo-carretero\/\"},\"author\":{\"name\":\"Redacci\u00f3n\",\"@id\":\"https:\/\/nitu.mx\/#\/schema\/person\/4a28fe9bd65924f7c90623773daf1b0b\"},\"headline\":\"Cumple \u00c1ngeles Verdes 63 a\u00f1os al servicio del turismo carretero\",\"datePublished\":\"2023-09-19T06:19:18+00:00\",\"dateModified\":\"2023-09-19T06:19:18+00:00\",\"mainEntityOfPage\":{\"@id\":\"https:\/\/nitu.mx\/index.php\/2023\/09\/19\/cumple-angeles-verdes-63-anos-al-servicio-del-turismo-carretero\/\"},\"wordCount\":1058,\"commentCount\":0,\"publisher\":{\"@id\":\"https:\/\/nitu.mx\/#\/schema\/person\/ae7a53426417292d3dd07b45a33e01bc\"},\"image\":{\"@id\":\"https:\/\/nitu.mx\/index.php\/2023\/09\/19\/cumple-angeles-verdes-63-anos-al-servicio-del-turismo-carretero\/#primaryimage\"},\"thumbnailUrl\":\"https:\/\/nitu.mx\/wp-content\/uploads\/2023\/09\/\u00c1ngeles-Verdes-AIFA.jpeg\",\"keywords\":[\"AIFA\",\"Angeles Verdes\",\"Miguel Torruco\",\"Sectur\"],\"articleSection\":[\"M\u00e9xico\"],\"inLanguage\":\"es-MX\",\"potentialAction\":[{\"@type\":\"CommentAction\",\"name\":\"Comment\",\"target\":[\"https:\/\/nitu.mx\/index.php\/2023\/09\/19\/cumple-angeles-verdes-63-anos-al-servicio-del-turismo-carretero\/#respond\"]}]},{\"@type\":\"WebPage\",\"@id\":\"https:\/\/nitu.mx\/index.php\/2023\/09\/19\/cumple-angeles-verdes-63-anos-al-servicio-del-turismo-carretero\/\",\"url\":\"https:\/\/nitu.mx\/index.php\/2023\/09\/19\/cumple-angeles-verdes-63-anos-al-servicio-del-turismo-carretero\/\",\"name\":\"Cumple \u00c1ngeles Verdes 63 a\u00f1os al servicio del turismo carretero - Nitu - Noticias de la Industria Turistica\",\"isPartOf\":{\"@id\":\"https:\/\/nitu.mx\/#website\"},\"primaryImageOfPage\":{\"@id\":\"https:\/\/nitu.mx\/index.php\/2023\/09\/19\/cumple-angeles-verdes-63-anos-al-servicio-del-turismo-carretero\/#primaryimage\"},\"image\":{\"@id\":\"https:\/\/nitu.mx\/index.php\/2023\/09\/19\/cumple-angeles-verdes-63-anos-al-servicio-del-turismo-carretero\/#primaryimage\"},\"thumbnailUrl\":\"https:\/\/nitu.mx\/wp-content\/uploads\/2023\/09\/\u00c1ngeles-Verdes-AIFA.jpeg\",\"datePublished\":\"2023-09-19T06:19:18+00:00\",\"dateModified\":\"2023-09-19T06:19:18+00:00\",\"breadcrumb\":{\"@id\":\"https:\/\/nitu.mx\/index.php\/2023\/09\/19\/cumple-angeles-verdes-63-anos-al-servicio-del-turismo-carretero\/#breadcrumb\"},\"inLanguage\":\"es-MX\",\"potentialAction\":[{\"@type\":\"ReadAction\",\"target\":[\"https:\/\/nitu.mx\/index.php\/2023\/09\/19\/cumple-angeles-verdes-63-anos-al-servicio-del-turismo-carretero\/\"]}]},{\"@type\":\"ImageObject\",\"inLanguage\":\"es-MX\",\"@id\":\"https:\/\/nitu.mx\/index.php\/2023\/09\/19\/cumple-angeles-verdes-63-anos-al-servicio-del-turismo-carretero\/#primaryimage\",\"url\":\"https:\/\/nitu.mx\/wp-content\/uploads\/2023\/09\/\u00c1ngeles-Verdes-AIFA.jpeg\",\"contentUrl\":\"https:\/\/nitu.mx\/wp-content\/uploads\/2023\/09\/\u00c1ngeles-Verdes-AIFA.jpeg\",\"width\":1200,\"height\":675,\"caption\":\"\u00c1ngeles Verdes\"},{\"@type\":\"BreadcrumbList\",\"@id\":\"https:\/\/nitu.mx\/index.php\/2023\/09\/19\/cumple-angeles-verdes-63-anos-al-servicio-del-turismo-carretero\/#breadcrumb\",\"itemListElement\":[{\"@type\":\"ListItem\",\"position\":1,\"name\":\"Inicio\",\"item\":\"https:\/\/nitu.mx\/\"},{\"@type\":\"ListItem\",\"position\":2,\"name\":\"Cumple \u00c1ngeles Verdes 63 a\u00f1os al servicio del turismo carretero\"}]},{\"@type\":\"WebSite\",\"@id\":\"https:\/\/nitu.mx\/#website\",\"url\":\"https:\/\/nitu.mx\/\",\"name\":\"Nitu - Noticias de la Industria Turistica\",\"description\":\"Noticias de la Industria Turistica\",\"publisher\":{\"@id\":\"https:\/\/nitu.mx\/#\/schema\/person\/ae7a53426417292d3dd07b45a33e01bc\"},\"alternateName\":\"Noticias de la Industria Turistica\",\"potentialAction\":[{\"@type\":\"SearchAction\",\"target\":{\"@type\":\"EntryPoint\",\"urlTemplate\":\"https:\/\/nitu.mx\/?s={search_term_string}\"},\"query-input\":\"required name=search_term_string\"}],\"inLanguage\":\"es-MX\"},{\"@type\":[\"Person\",\"Organization\"],\"@id\":\"https:\/\/nitu.mx\/#\/schema\/person\/ae7a53426417292d3dd07b45a33e01bc\",\"name\":\"Arturo Medina\",\"image\":{\"@type\":\"ImageObject\",\"inLanguage\":\"es-MX\",\"@id\":\"https:\/\/nitu.mx\/#\/schema\/person\/image\/\",\"url\":\"https:\/\/nitu.mx\/wp-content\/uploads\/2024\/04\/4A315622-1904-4D5C-B022-878CDC840E04-90x90-1.jpeg\",\"contentUrl\":\"https:\/\/nitu.mx\/wp-content\/uploads\/2024\/04\/4A315622-1904-4D5C-B022-878CDC840E04-90x90-1.jpeg\",\"width\":90,\"height\":90,\"caption\":\"Arturo Medina\"},\"logo\":{\"@id\":\"https:\/\/nitu.mx\/#\/schema\/person\/image\/\"},\"description\":\"Director NITU.mx, Egresado de la Escuela de Periodismo Carlos Septi\u00e9n Garc\u00eda. Periodista y analista especializado en turismo desde hace 35 a\u00f1os, radicado en Canc\u00fan Q.Roo. arturo@nitu.mx\",\"sameAs\":[\"https:\/\/nitu.mx\",\"https:\/\/www.facebook.com\/NITUmx\/\",\"medinacancun\",\"https:\/\/twitter.com\/@Arturo_Medina_G\"]},{\"@type\":\"Person\",\"@id\":\"https:\/\/nitu.mx\/#\/schema\/person\/4a28fe9bd65924f7c90623773daf1b0b\",\"name\":\"Redacci\u00f3n\",\"image\":{\"@type\":\"ImageObject\",\"inLanguage\":\"es-MX\",\"@id\":\"https:\/\/nitu.mx\/#\/schema\/person\/image\/\",\"url\":\"https:\/\/secure.gravatar.com\/avatar\/5dd011c8ccfc5cd7e4c81e42252aab38?s=96&d=mm&r=g\",\"contentUrl\":\"https:\/\/secure.gravatar.com\/avatar\/5dd011c8ccfc5cd7e4c81e42252aab38?s=96&d=mm&r=g\",\"caption\":\"Redacci\u00f3n\"},\"url\":\"https:\/\/nitu.mx\/index.php\/author\/redaccion\/\"}]}<\/script>\n<!-- \/ Yoast SEO plugin. -->","yoast_head_json":{"title":"Cumple \u00c1ngeles Verdes 63 a\u00f1os al servicio del turismo carretero - Nitu - Noticias de la Industria Turistica","robots":{"index":"index","follow":"follow","max-snippet":"max-snippet:-1","max-image-preview":"max-image-preview:large","max-video-preview":"max-video-preview:-1"},"canonical":"https:\/\/nitu.mx\/index.php\/2023\/09\/19\/cumple-angeles-verdes-63-anos-al-servicio-del-turismo-carretero\/","twitter_card":"summary_large_image","twitter_title":"Cumple \u00c1ngeles Verdes 63 a\u00f1os al servicio del turismo carretero - Nitu - Noticias de la Industria Turistica","twitter_description":"El secretario de Turismo del Gobierno de M\u00e9xico, Miguel Torruco Marqu\u00e9s, destac\u00f3 que, a sus 63 a\u00f1os de servicio al turismo carretero, la Direcci\u00f3n General de Servicios al Turista \u00c1ngeles Verdes, se est\u00e1 modernizando como nunca, luego de ser una corporaci\u00f3n en decadencia por descuido de administraciones pasadas. Al conmemorar el 63 Aniversario de la [&hellip;]","twitter_image":"https:\/\/nitu.mx\/wp-content\/uploads\/2023\/09\/\u00c1ngeles-Verdes-AIFA.jpeg","twitter_creator":"@NITUmx","twitter_site":"@Arturo_Medina_G","twitter_misc":{"Escrito por":"Redacci\u00f3n","Tiempo de lectura":"5 minutos"},"schema":{"@context":"https:\/\/schema.org","@graph":[{"@type":"Article","@id":"https:\/\/nitu.mx\/index.php\/2023\/09\/19\/cumple-angeles-verdes-63-anos-al-servicio-del-turismo-carretero\/#article","isPartOf":{"@id":"https:\/\/nitu.mx\/index.php\/2023\/09\/19\/cumple-angeles-verdes-63-anos-al-servicio-del-turismo-carretero\/"},"author":{"name":"Redacci\u00f3n","@id":"https:\/\/nitu.mx\/#\/schema\/person\/4a28fe9bd65924f7c90623773daf1b0b"},"headline":"Cumple \u00c1ngeles Verdes 63 a\u00f1os al servicio del turismo carretero","datePublished":"2023-09-19T06:19:18+00:00","dateModified":"2023-09-19T06:19:18+00:00","mainEntityOfPage":{"@id":"https:\/\/nitu.mx\/index.php\/2023\/09\/19\/cumple-angeles-verdes-63-anos-al-servicio-del-turismo-carretero\/"},"wordCount":1058,"commentCount":0,"publisher":{"@id":"https:\/\/nitu.mx\/#\/schema\/person\/ae7a53426417292d3dd07b45a33e01bc"},"image":{"@id":"https:\/\/nitu.mx\/index.php\/2023\/09\/19\/cumple-angeles-verdes-63-anos-al-servicio-del-turismo-carretero\/#primaryimage"},"thumbnailUrl":"https:\/\/nitu.mx\/wp-content\/uploads\/2023\/09\/\u00c1ngeles-Verdes-AIFA.jpeg","keywords":["AIFA","Angeles Verdes","Miguel Torruco","Sectur"],"articleSection":["M\u00e9xico"],"inLanguage":"es-MX","potentialAction":[{"@type":"CommentAction","name":"Comment","target":["https:\/\/nitu.mx\/index.php\/2023\/09\/19\/cumple-angeles-verdes-63-anos-al-servicio-del-turismo-carretero\/#respond"]}]},{"@type":"WebPage","@id":"https:\/\/nitu.mx\/index.php\/2023\/09\/19\/cumple-angeles-verdes-63-anos-al-servicio-del-turismo-carretero\/","url":"https:\/\/nitu.mx\/index.php\/2023\/09\/19\/cumple-angeles-verdes-63-anos-al-servicio-del-turismo-carretero\/","name":"Cumple \u00c1ngeles Verdes 63 a\u00f1os al servicio del turismo carretero - Nitu - Noticias de la Industria Turistica","isPartOf":{"@id":"https:\/\/nitu.mx\/#website"},"primaryImageOfPage":{"@id":"https:\/\/nitu.mx\/index.php\/2023\/09\/19\/cumple-angeles-verdes-63-anos-al-servicio-del-turismo-carretero\/#primaryimage"},"image":{"@id":"https:\/\/nitu.mx\/index.php\/2023\/09\/19\/cumple-angeles-verdes-63-anos-al-servicio-del-turismo-carretero\/#primaryimage"},"thumbnailUrl":"https:\/\/nitu.mx\/wp-content\/uploads\/2023\/09\/\u00c1ngeles-Verdes-AIFA.jpeg","datePublished":"2023-09-19T06:19:18+00:00","dateModified":"2023-09-19T06:19:18+00:00","breadcrumb":{"@id":"https:\/\/nitu.mx\/index.php\/2023\/09\/19\/cumple-angeles-verdes-63-anos-al-servicio-del-turismo-carretero\/#breadcrumb"},"inLanguage":"es-MX","potentialAction":[{"@type":"ReadAction","target":["https:\/\/nitu.mx\/index.php\/2023\/09\/19\/cumple-angeles-verdes-63-anos-al-servicio-del-turismo-carretero\/"]}]},{"@type":"ImageObject","inLanguage":"es-MX","@id":"https:\/\/nitu.mx\/index.php\/2023\/09\/19\/cumple-angeles-verdes-63-anos-al-servicio-del-turismo-carretero\/#primaryimage","url":"https:\/\/nitu.mx\/wp-content\/uploads\/2023\/09\/\u00c1ngeles-Verdes-AIFA.jpeg","contentUrl":"https:\/\/nitu.mx\/wp-content\/uploads\/2023\/09\/\u00c1ngeles-Verdes-AIFA.jpeg","width":1200,"height":675,"caption":"\u00c1ngeles Verdes"},{"@type":"BreadcrumbList","@id":"https:\/\/nitu.mx\/index.php\/2023\/09\/19\/cumple-angeles-verdes-63-anos-al-servicio-del-turismo-carretero\/#breadcrumb","itemListElement":[{"@type":"ListItem","position":1,"name":"Inicio","item":"https:\/\/nitu.mx\/"},{"@type":"ListItem","position":2,"name":"Cumple \u00c1ngeles Verdes 63 a\u00f1os al servicio del turismo carretero"}]},{"@type":"WebSite","@id":"https:\/\/nitu.mx\/#website","url":"https:\/\/nitu.mx\/","name":"Nitu - Noticias de la Industria Turistica","description":"Noticias de la Industria Turistica","publisher":{"@id":"https:\/\/nitu.mx\/#\/schema\/person\/ae7a53426417292d3dd07b45a33e01bc"},"alternateName":"Noticias de la Industria Turistica","potentialAction":[{"@type":"SearchAction","target":{"@type":"EntryPoint","urlTemplate":"https:\/\/nitu.mx\/?s={search_term_string}"},"query-input":"required name=search_term_string"}],"inLanguage":"es-MX"},{"@type":["Person","Organization"],"@id":"https:\/\/nitu.mx\/#\/schema\/person\/ae7a53426417292d3dd07b45a33e01bc","name":"Arturo Medina","image":{"@type":"ImageObject","inLanguage":"es-MX","@id":"https:\/\/nitu.mx\/#\/schema\/person\/image\/","url":"https:\/\/nitu.mx\/wp-content\/uploads\/2024\/04\/4A315622-1904-4D5C-B022-878CDC840E04-90x90-1.jpeg","contentUrl":"https:\/\/nitu.mx\/wp-content\/uploads\/2024\/04\/4A315622-1904-4D5C-B022-878CDC840E04-90x90-1.jpeg","width":90,"height":90,"caption":"Arturo Medina"},"logo":{"@id":"https:\/\/nitu.mx\/#\/schema\/person\/image\/"},"description":"Director NITU.mx, Egresado de la Escuela de Periodismo Carlos Septi\u00e9n Garc\u00eda. Periodista y analista especializado en turismo desde hace 35 a\u00f1os, radicado en Canc\u00fan Q.Roo. arturo@nitu.mx","sameAs":["https:\/\/nitu.mx","https:\/\/www.facebook.com\/NITUmx\/","medinacancun","https:\/\/twitter.com\/@Arturo_Medina_G"]},{"@type":"Person","@id":"https:\/\/nitu.mx\/#\/schema\/person\/4a28fe9bd65924f7c90623773daf1b0b","name":"Redacci\u00f3n","image":{"@type":"ImageObject","inLanguage":"es-MX","@id":"https:\/\/nitu.mx\/#\/schema\/person\/image\/","url":"https:\/\/secure.gravatar.com\/avatar\/5dd011c8ccfc5cd7e4c81e42252aab38?s=96&d=mm&r=g","contentUrl":"https:\/\/secure.gravatar.com\/avatar\/5dd011c8ccfc5cd7e4c81e42252aab38?s=96&d=mm&r=g","caption":"Redacci\u00f3n"},"url":"https:\/\/nitu.mx\/index.php\/author\/redaccion\/"}]}},"views":630,"_links":{"self":[{"href":"https:\/\/nitu.mx\/index.php\/wp-json\/wp\/v2\/posts\/66104"}],"collection":[{"href":"https:\/\/nitu.mx\/index.php\/wp-json\/wp\/v2\/posts"}],"about":[{"href":"https:\/\/nitu.mx\/index.php\/wp-json\/wp\/v2\/types\/post"}],"author":[{"embeddable":true,"href":"https:\/\/nitu.mx\/index.php\/wp-json\/wp\/v2\/users\/17"}],"replies":[{"embeddable":true,"href":"https:\/\/nitu.mx\/index.php\/wp-json\/wp\/v2\/comments?post=66104"}],"version-history":[{"count":1,"href":"https:\/\/nitu.mx\/index.php\/wp-json\/wp\/v2\/posts\/66104\/revisions"}],"predecessor-version":[{"id":66106,"href":"https:\/\/nitu.mx\/index.php\/wp-json\/wp\/v2\/posts\/66104\/revisions\/66106"}],"wp:featuredmedia":[{"embeddable":true,"href":"https:\/\/nitu.mx\/index.php\/wp-json\/wp\/v2\/media\/66105"}],"wp:attachment":[{"href":"https:\/\/nitu.mx\/index.php\/wp-json\/wp\/v2\/media?parent=66104"}],"wp:term":[{"taxonomy":"category","embeddable":true,"href":"https:\/\/nitu.mx\/index.php\/wp-json\/wp\/v2\/categories?post=66104"},{"taxonomy":"post_tag","embeddable":true,"href":"https:\/\/nitu.mx\/index.php\/wp-json\/wp\/v2\/tags?post=66104"}],"curies":[{"name":"wp","href":"https:\/\/api.w.org\/{rel}","templated":true}]}}