{"id":66064,"date":"2023-09-14T00:21:39","date_gmt":"2023-09-14T05:21:39","guid":{"rendered":"https:\/\/www.dev.nitu.mx\/?p=66064"},"modified":"2023-09-14T00:36:40","modified_gmt":"2023-09-14T05:36:40","slug":"scott-beck-nombrado-presidente-y-director-ejecutivo-de-la-asociacion-de-viajes-de-san-francisco","status":"publish","type":"post","link":"https:\/\/nitu.mx\/index.php\/2023\/09\/14\/scott-beck-nombrado-presidente-y-director-ejecutivo-de-la-asociacion-de-viajes-de-san-francisco\/","title":{"rendered":"Scott Beck, nombrado presidente y director ejecutivo de la Asociaci\u00f3n de Viajes de San Francisco"},"content":{"rendered":"<p>La Asociaci\u00f3n de Viajes de San Francisco anunci\u00f3 el nombramiento de Scott Beck como presidente y director ejecutivo. Beck sucede a Joe D&#8217;Alessandro, quien se jubilar\u00e1 en diciembre despu\u00e9s de casi 18 a\u00f1os al frente de la organizaci\u00f3n oficial de marketing de destinos de San Francisco.<\/p>\n<p>Beck se unir\u00e1 a San Francisco Travel el 30 de octubre de 2023. Actualmente, es presidente y director ejecutivo de Destination Toronto, donde lidera los esfuerzos de ventas y marketing para el destino m\u00e1s visitado de Canad\u00e1 y la cuarta ciudad m\u00e1s grande de Am\u00e9rica del Norte, supervisando un presupuesto operativo anual de 28 millones de d\u00f3lares y trabajando en apoyo de la econom\u00eda de visitantes de 7.600 millones de d\u00f3lares de Toronto.<\/p>\n<p>Como presidente y director ejecutivo de San Francisco Travel, Beck supervisar\u00e1 una de las organizaciones de promoci\u00f3n tur\u00edstica con la membres\u00eda m\u00e1s grandes de los Estados Unidos.<\/p>\n<p>&#8220;San Francisco es una de las ciudades m\u00e1s importantes del mundo para los viajeros estadounidenses e internacionales, y estoy encantado de unirme al equipo de San Francisco Travel para seguir mostrando todo lo que tiene para ofrecer&#8221;, dijo Beck. &#8220;Una industria tur\u00edstica fuerte es vital para la econom\u00eda, las empresas locales y los vecindarios de la ciudad, y estoy apasionadamente comprometido a ayudar a administrar la recuperaci\u00f3n tur\u00edstica que est\u00e1 en marcha para la ciudad de San Francisco&#8221;.<\/p>\n<p>Beck recientemente complet\u00f3 su tiempo en la Junta Directiva de la Sociedad Estadounidense de Ejecutivos de Asociaciones (ASAE) y, antes de mudarse a Canad\u00e1, estuvo en la Junta Directiva de la Asociaci\u00f3n de Viajes de EE. UU. Form\u00f3 parte del Comit\u00e9 Ejecutivo de Destinations International durante seis a\u00f1os y fue presidente de la junta internacional. Ha formado parte de numerosas juntas directivas y fue nombrado &#8220;CEO del a\u00f1o de Utah Business&#8221;.\u00a0<a title=\"Impulsan turismo, conectividad e inversiones de San Francisco y Oakland a M\u00e9xico\" href=\"https:\/\/www.dev.nitu.mx\/index.php\/2023\/08\/23\/impulsan-turismo-conectividad-e-inversiones-de-san-francisco-y-oakland-a-mexico\/\" rel=\"bookmark\">(Impulsan turismo, conectividad e inversiones de San Francisco y Oakland a M\u00e9xico<\/a>).<\/p>\n","protected":false},"excerpt":{"rendered":"<p>La Asociaci\u00f3n de Viajes de San Francisco anunci\u00f3 el nombramiento de Scott Beck como presidente y director ejecutivo. Beck sucede a Joe D&#8217;Alessandro, quien se jubilar\u00e1 en diciembre despu\u00e9s de casi 18 a\u00f1os al frente de la organizaci\u00f3n oficial de marketing de destinos de San Francisco. Beck se unir\u00e1 a San Francisco Travel el 30 [&hellip;]<\/p>\n","protected":false},"author":17,"featured_media":66065,"comment_status":"open","ping_status":"open","sticky":false,"template":"","format":"standard","meta":{"footnotes":""},"categories":[7],"tags":[24178,24179,1524,24177],"yoast_head":"<!-- This site is optimized with the Yoast SEO plugin v22.2 - https:\/\/yoast.com\/wordpress\/plugins\/seo\/ -->\n<title>Scott Beck, nombrado presidente y director ejecutivo de la Asociaci\u00f3n de Viajes de San Francisco - Nitu - Noticias de la Industria Turistica<\/title>\n<meta name=\"robots\" content=\"index, follow, max-snippet:-1, max-image-preview:large, max-video-preview:-1\" \/>\n<link rel=\"canonical\" href=\"https:\/\/nitu.mx\/index.php\/2023\/09\/14\/scott-beck-nombrado-presidente-y-director-ejecutivo-de-la-asociacion-de-viajes-de-san-francisco\/\" \/>\n<meta name=\"twitter:card\" content=\"summary_large_image\" \/>\n<meta name=\"twitter:title\" content=\"Scott Beck, nombrado presidente y director ejecutivo de la Asociaci\u00f3n de Viajes de San Francisco - Nitu - Noticias de la Industria Turistica\" \/>\n<meta name=\"twitter:description\" content=\"La Asociaci\u00f3n de Viajes de San Francisco anunci\u00f3 el nombramiento de Scott Beck como presidente y director ejecutivo. Beck sucede a Joe D&#8217;Alessandro, quien se jubilar\u00e1 en diciembre despu\u00e9s de casi 18 a\u00f1os al frente de la organizaci\u00f3n oficial de marketing de destinos de San Francisco. Beck se unir\u00e1 a San Francisco Travel el 30 [&hellip;]\" \/>\n<meta name=\"twitter:image\" content=\"https:\/\/nitu.mx\/wp-content\/uploads\/2023\/09\/San-Francisco-Scott-Beck.jpg\" \/>\n<meta name=\"twitter:creator\" content=\"@NITUmx\" \/>\n<meta name=\"twitter:site\" content=\"@Arturo_Medina_G\" \/>\n<meta name=\"twitter:label1\" content=\"Escrito por\" \/>\n\t<meta name=\"twitter:data1\" content=\"Redacci\u00f3n\" \/>\n\t<meta name=\"twitter:label2\" content=\"Tiempo de lectura\" \/>\n\t<meta name=\"twitter:data2\" content=\"2 minutos\" \/>\n<script type=\"application\/ld+json\" class=\"yoast-schema-graph\">{\"@context\":\"https:\/\/schema.org\",\"@graph\":[{\"@type\":\"Article\",\"@id\":\"https:\/\/nitu.mx\/index.php\/2023\/09\/14\/scott-beck-nombrado-presidente-y-director-ejecutivo-de-la-asociacion-de-viajes-de-san-francisco\/#article\",\"isPartOf\":{\"@id\":\"https:\/\/nitu.mx\/index.php\/2023\/09\/14\/scott-beck-nombrado-presidente-y-director-ejecutivo-de-la-asociacion-de-viajes-de-san-francisco\/\"},\"author\":{\"name\":\"Redacci\u00f3n\",\"@id\":\"https:\/\/nitu.mx\/#\/schema\/person\/4a28fe9bd65924f7c90623773daf1b0b\"},\"headline\":\"Scott Beck, nombrado presidente y director ejecutivo de la Asociaci\u00f3n de Viajes de San Francisco\",\"datePublished\":\"2023-09-14T05:21:39+00:00\",\"dateModified\":\"2023-09-14T05:36:40+00:00\",\"mainEntityOfPage\":{\"@id\":\"https:\/\/nitu.mx\/index.php\/2023\/09\/14\/scott-beck-nombrado-presidente-y-director-ejecutivo-de-la-asociacion-de-viajes-de-san-francisco\/\"},\"wordCount\":342,\"commentCount\":0,\"publisher\":{\"@id\":\"https:\/\/nitu.mx\/#\/schema\/person\/ae7a53426417292d3dd07b45a33e01bc\"},\"image\":{\"@id\":\"https:\/\/nitu.mx\/index.php\/2023\/09\/14\/scott-beck-nombrado-presidente-y-director-ejecutivo-de-la-asociacion-de-viajes-de-san-francisco\/#primaryimage\"},\"thumbnailUrl\":\"https:\/\/nitu.mx\/wp-content\/uploads\/2023\/09\/San-Francisco-Scott-Beck.jpg\",\"keywords\":[\"Asociaci\u00f3n de Viajes de San Francisco\",\"Joe D'Alessandro\",\"San Francisco\",\"Scott Beck\"],\"articleSection\":[\"Estados Unidos\"],\"inLanguage\":\"es-MX\",\"potentialAction\":[{\"@type\":\"CommentAction\",\"name\":\"Comment\",\"target\":[\"https:\/\/nitu.mx\/index.php\/2023\/09\/14\/scott-beck-nombrado-presidente-y-director-ejecutivo-de-la-asociacion-de-viajes-de-san-francisco\/#respond\"]}]},{\"@type\":\"WebPage\",\"@id\":\"https:\/\/nitu.mx\/index.php\/2023\/09\/14\/scott-beck-nombrado-presidente-y-director-ejecutivo-de-la-asociacion-de-viajes-de-san-francisco\/\",\"url\":\"https:\/\/nitu.mx\/index.php\/2023\/09\/14\/scott-beck-nombrado-presidente-y-director-ejecutivo-de-la-asociacion-de-viajes-de-san-francisco\/\",\"name\":\"Scott Beck, nombrado presidente y director ejecutivo de la Asociaci\u00f3n de Viajes de San Francisco - Nitu - Noticias de la Industria Turistica\",\"isPartOf\":{\"@id\":\"https:\/\/nitu.mx\/#website\"},\"primaryImageOfPage\":{\"@id\":\"https:\/\/nitu.mx\/index.php\/2023\/09\/14\/scott-beck-nombrado-presidente-y-director-ejecutivo-de-la-asociacion-de-viajes-de-san-francisco\/#primaryimage\"},\"image\":{\"@id\":\"https:\/\/nitu.mx\/index.php\/2023\/09\/14\/scott-beck-nombrado-presidente-y-director-ejecutivo-de-la-asociacion-de-viajes-de-san-francisco\/#primaryimage\"},\"thumbnailUrl\":\"https:\/\/nitu.mx\/wp-content\/uploads\/2023\/09\/San-Francisco-Scott-Beck.jpg\",\"datePublished\":\"2023-09-14T05:21:39+00:00\",\"dateModified\":\"2023-09-14T05:36:40+00:00\",\"breadcrumb\":{\"@id\":\"https:\/\/nitu.mx\/index.php\/2023\/09\/14\/scott-beck-nombrado-presidente-y-director-ejecutivo-de-la-asociacion-de-viajes-de-san-francisco\/#breadcrumb\"},\"inLanguage\":\"es-MX\",\"potentialAction\":[{\"@type\":\"ReadAction\",\"target\":[\"https:\/\/nitu.mx\/index.php\/2023\/09\/14\/scott-beck-nombrado-presidente-y-director-ejecutivo-de-la-asociacion-de-viajes-de-san-francisco\/\"]}]},{\"@type\":\"ImageObject\",\"inLanguage\":\"es-MX\",\"@id\":\"https:\/\/nitu.mx\/index.php\/2023\/09\/14\/scott-beck-nombrado-presidente-y-director-ejecutivo-de-la-asociacion-de-viajes-de-san-francisco\/#primaryimage\",\"url\":\"https:\/\/nitu.mx\/wp-content\/uploads\/2023\/09\/San-Francisco-Scott-Beck.jpg\",\"contentUrl\":\"https:\/\/nitu.mx\/wp-content\/uploads\/2023\/09\/San-Francisco-Scott-Beck.jpg\",\"width\":1200,\"height\":675,\"caption\":\"San Francisco\"},{\"@type\":\"BreadcrumbList\",\"@id\":\"https:\/\/nitu.mx\/index.php\/2023\/09\/14\/scott-beck-nombrado-presidente-y-director-ejecutivo-de-la-asociacion-de-viajes-de-san-francisco\/#breadcrumb\",\"itemListElement\":[{\"@type\":\"ListItem\",\"position\":1,\"name\":\"Inicio\",\"item\":\"https:\/\/nitu.mx\/\"},{\"@type\":\"ListItem\",\"position\":2,\"name\":\"Scott Beck, nombrado presidente y director ejecutivo de la Asociaci\u00f3n de Viajes de San Francisco\"}]},{\"@type\":\"WebSite\",\"@id\":\"https:\/\/nitu.mx\/#website\",\"url\":\"https:\/\/nitu.mx\/\",\"name\":\"Nitu - Noticias de la Industria Turistica\",\"description\":\"Noticias de la Industria Turistica\",\"publisher\":{\"@id\":\"https:\/\/nitu.mx\/#\/schema\/person\/ae7a53426417292d3dd07b45a33e01bc\"},\"alternateName\":\"Noticias de la Industria Turistica\",\"potentialAction\":[{\"@type\":\"SearchAction\",\"target\":{\"@type\":\"EntryPoint\",\"urlTemplate\":\"https:\/\/nitu.mx\/?s={search_term_string}\"},\"query-input\":\"required name=search_term_string\"}],\"inLanguage\":\"es-MX\"},{\"@type\":[\"Person\",\"Organization\"],\"@id\":\"https:\/\/nitu.mx\/#\/schema\/person\/ae7a53426417292d3dd07b45a33e01bc\",\"name\":\"Arturo Medina\",\"image\":{\"@type\":\"ImageObject\",\"inLanguage\":\"es-MX\",\"@id\":\"https:\/\/nitu.mx\/#\/schema\/person\/image\/\",\"url\":\"https:\/\/nitu.mx\/wp-content\/uploads\/2024\/04\/4A315622-1904-4D5C-B022-878CDC840E04-90x90-1.jpeg\",\"contentUrl\":\"https:\/\/nitu.mx\/wp-content\/uploads\/2024\/04\/4A315622-1904-4D5C-B022-878CDC840E04-90x90-1.jpeg\",\"width\":90,\"height\":90,\"caption\":\"Arturo Medina\"},\"logo\":{\"@id\":\"https:\/\/nitu.mx\/#\/schema\/person\/image\/\"},\"description\":\"Director NITU.mx, Egresado de la Escuela de Periodismo Carlos Septi\u00e9n Garc\u00eda. Periodista y analista especializado en turismo desde hace 35 a\u00f1os, radicado en Canc\u00fan Q.Roo. arturo@nitu.mx\",\"sameAs\":[\"https:\/\/nitu.mx\",\"https:\/\/www.facebook.com\/NITUmx\/\",\"medinacancun\",\"https:\/\/twitter.com\/@Arturo_Medina_G\"]},{\"@type\":\"Person\",\"@id\":\"https:\/\/nitu.mx\/#\/schema\/person\/4a28fe9bd65924f7c90623773daf1b0b\",\"name\":\"Redacci\u00f3n\",\"image\":{\"@type\":\"ImageObject\",\"inLanguage\":\"es-MX\",\"@id\":\"https:\/\/nitu.mx\/#\/schema\/person\/image\/\",\"url\":\"https:\/\/secure.gravatar.com\/avatar\/5dd011c8ccfc5cd7e4c81e42252aab38?s=96&d=mm&r=g\",\"contentUrl\":\"https:\/\/secure.gravatar.com\/avatar\/5dd011c8ccfc5cd7e4c81e42252aab38?s=96&d=mm&r=g\",\"caption\":\"Redacci\u00f3n\"},\"url\":\"https:\/\/nitu.mx\/index.php\/author\/redaccion\/\"}]}<\/script>\n<!-- \/ Yoast SEO plugin. -->","yoast_head_json":{"title":"Scott Beck, nombrado presidente y director ejecutivo de la Asociaci\u00f3n de Viajes de San Francisco - Nitu - Noticias de la Industria Turistica","robots":{"index":"index","follow":"follow","max-snippet":"max-snippet:-1","max-image-preview":"max-image-preview:large","max-video-preview":"max-video-preview:-1"},"canonical":"https:\/\/nitu.mx\/index.php\/2023\/09\/14\/scott-beck-nombrado-presidente-y-director-ejecutivo-de-la-asociacion-de-viajes-de-san-francisco\/","twitter_card":"summary_large_image","twitter_title":"Scott Beck, nombrado presidente y director ejecutivo de la Asociaci\u00f3n de Viajes de San Francisco - Nitu - Noticias de la Industria Turistica","twitter_description":"La Asociaci\u00f3n de Viajes de San Francisco anunci\u00f3 el nombramiento de Scott Beck como presidente y director ejecutivo. Beck sucede a Joe D&#8217;Alessandro, quien se jubilar\u00e1 en diciembre despu\u00e9s de casi 18 a\u00f1os al frente de la organizaci\u00f3n oficial de marketing de destinos de San Francisco. Beck se unir\u00e1 a San Francisco Travel el 30 [&hellip;]","twitter_image":"https:\/\/nitu.mx\/wp-content\/uploads\/2023\/09\/San-Francisco-Scott-Beck.jpg","twitter_creator":"@NITUmx","twitter_site":"@Arturo_Medina_G","twitter_misc":{"Escrito por":"Redacci\u00f3n","Tiempo de lectura":"2 minutos"},"schema":{"@context":"https:\/\/schema.org","@graph":[{"@type":"Article","@id":"https:\/\/nitu.mx\/index.php\/2023\/09\/14\/scott-beck-nombrado-presidente-y-director-ejecutivo-de-la-asociacion-de-viajes-de-san-francisco\/#article","isPartOf":{"@id":"https:\/\/nitu.mx\/index.php\/2023\/09\/14\/scott-beck-nombrado-presidente-y-director-ejecutivo-de-la-asociacion-de-viajes-de-san-francisco\/"},"author":{"name":"Redacci\u00f3n","@id":"https:\/\/nitu.mx\/#\/schema\/person\/4a28fe9bd65924f7c90623773daf1b0b"},"headline":"Scott Beck, nombrado presidente y director ejecutivo de la Asociaci\u00f3n de Viajes de San Francisco","datePublished":"2023-09-14T05:21:39+00:00","dateModified":"2023-09-14T05:36:40+00:00","mainEntityOfPage":{"@id":"https:\/\/nitu.mx\/index.php\/2023\/09\/14\/scott-beck-nombrado-presidente-y-director-ejecutivo-de-la-asociacion-de-viajes-de-san-francisco\/"},"wordCount":342,"commentCount":0,"publisher":{"@id":"https:\/\/nitu.mx\/#\/schema\/person\/ae7a53426417292d3dd07b45a33e01bc"},"image":{"@id":"https:\/\/nitu.mx\/index.php\/2023\/09\/14\/scott-beck-nombrado-presidente-y-director-ejecutivo-de-la-asociacion-de-viajes-de-san-francisco\/#primaryimage"},"thumbnailUrl":"https:\/\/nitu.mx\/wp-content\/uploads\/2023\/09\/San-Francisco-Scott-Beck.jpg","keywords":["Asociaci\u00f3n de Viajes de San Francisco","Joe D'Alessandro","San Francisco","Scott Beck"],"articleSection":["Estados Unidos"],"inLanguage":"es-MX","potentialAction":[{"@type":"CommentAction","name":"Comment","target":["https:\/\/nitu.mx\/index.php\/2023\/09\/14\/scott-beck-nombrado-presidente-y-director-ejecutivo-de-la-asociacion-de-viajes-de-san-francisco\/#respond"]}]},{"@type":"WebPage","@id":"https:\/\/nitu.mx\/index.php\/2023\/09\/14\/scott-beck-nombrado-presidente-y-director-ejecutivo-de-la-asociacion-de-viajes-de-san-francisco\/","url":"https:\/\/nitu.mx\/index.php\/2023\/09\/14\/scott-beck-nombrado-presidente-y-director-ejecutivo-de-la-asociacion-de-viajes-de-san-francisco\/","name":"Scott Beck, nombrado presidente y director ejecutivo de la Asociaci\u00f3n de Viajes de San Francisco - Nitu - Noticias de la Industria Turistica","isPartOf":{"@id":"https:\/\/nitu.mx\/#website"},"primaryImageOfPage":{"@id":"https:\/\/nitu.mx\/index.php\/2023\/09\/14\/scott-beck-nombrado-presidente-y-director-ejecutivo-de-la-asociacion-de-viajes-de-san-francisco\/#primaryimage"},"image":{"@id":"https:\/\/nitu.mx\/index.php\/2023\/09\/14\/scott-beck-nombrado-presidente-y-director-ejecutivo-de-la-asociacion-de-viajes-de-san-francisco\/#primaryimage"},"thumbnailUrl":"https:\/\/nitu.mx\/wp-content\/uploads\/2023\/09\/San-Francisco-Scott-Beck.jpg","datePublished":"2023-09-14T05:21:39+00:00","dateModified":"2023-09-14T05:36:40+00:00","breadcrumb":{"@id":"https:\/\/nitu.mx\/index.php\/2023\/09\/14\/scott-beck-nombrado-presidente-y-director-ejecutivo-de-la-asociacion-de-viajes-de-san-francisco\/#breadcrumb"},"inLanguage":"es-MX","potentialAction":[{"@type":"ReadAction","target":["https:\/\/nitu.mx\/index.php\/2023\/09\/14\/scott-beck-nombrado-presidente-y-director-ejecutivo-de-la-asociacion-de-viajes-de-san-francisco\/"]}]},{"@type":"ImageObject","inLanguage":"es-MX","@id":"https:\/\/nitu.mx\/index.php\/2023\/09\/14\/scott-beck-nombrado-presidente-y-director-ejecutivo-de-la-asociacion-de-viajes-de-san-francisco\/#primaryimage","url":"https:\/\/nitu.mx\/wp-content\/uploads\/2023\/09\/San-Francisco-Scott-Beck.jpg","contentUrl":"https:\/\/nitu.mx\/wp-content\/uploads\/2023\/09\/San-Francisco-Scott-Beck.jpg","width":1200,"height":675,"caption":"San Francisco"},{"@type":"BreadcrumbList","@id":"https:\/\/nitu.mx\/index.php\/2023\/09\/14\/scott-beck-nombrado-presidente-y-director-ejecutivo-de-la-asociacion-de-viajes-de-san-francisco\/#breadcrumb","itemListElement":[{"@type":"ListItem","position":1,"name":"Inicio","item":"https:\/\/nitu.mx\/"},{"@type":"ListItem","position":2,"name":"Scott Beck, nombrado presidente y director ejecutivo de la Asociaci\u00f3n de Viajes de San Francisco"}]},{"@type":"WebSite","@id":"https:\/\/nitu.mx\/#website","url":"https:\/\/nitu.mx\/","name":"Nitu - Noticias de la Industria Turistica","description":"Noticias de la Industria Turistica","publisher":{"@id":"https:\/\/nitu.mx\/#\/schema\/person\/ae7a53426417292d3dd07b45a33e01bc"},"alternateName":"Noticias de la Industria Turistica","potentialAction":[{"@type":"SearchAction","target":{"@type":"EntryPoint","urlTemplate":"https:\/\/nitu.mx\/?s={search_term_string}"},"query-input":"required name=search_term_string"}],"inLanguage":"es-MX"},{"@type":["Person","Organization"],"@id":"https:\/\/nitu.mx\/#\/schema\/person\/ae7a53426417292d3dd07b45a33e01bc","name":"Arturo Medina","image":{"@type":"ImageObject","inLanguage":"es-MX","@id":"https:\/\/nitu.mx\/#\/schema\/person\/image\/","url":"https:\/\/nitu.mx\/wp-content\/uploads\/2024\/04\/4A315622-1904-4D5C-B022-878CDC840E04-90x90-1.jpeg","contentUrl":"https:\/\/nitu.mx\/wp-content\/uploads\/2024\/04\/4A315622-1904-4D5C-B022-878CDC840E04-90x90-1.jpeg","width":90,"height":90,"caption":"Arturo Medina"},"logo":{"@id":"https:\/\/nitu.mx\/#\/schema\/person\/image\/"},"description":"Director NITU.mx, Egresado de la Escuela de Periodismo Carlos Septi\u00e9n Garc\u00eda. Periodista y analista especializado en turismo desde hace 35 a\u00f1os, radicado en Canc\u00fan Q.Roo. arturo@nitu.mx","sameAs":["https:\/\/nitu.mx","https:\/\/www.facebook.com\/NITUmx\/","medinacancun","https:\/\/twitter.com\/@Arturo_Medina_G"]},{"@type":"Person","@id":"https:\/\/nitu.mx\/#\/schema\/person\/4a28fe9bd65924f7c90623773daf1b0b","name":"Redacci\u00f3n","image":{"@type":"ImageObject","inLanguage":"es-MX","@id":"https:\/\/nitu.mx\/#\/schema\/person\/image\/","url":"https:\/\/secure.gravatar.com\/avatar\/5dd011c8ccfc5cd7e4c81e42252aab38?s=96&d=mm&r=g","contentUrl":"https:\/\/secure.gravatar.com\/avatar\/5dd011c8ccfc5cd7e4c81e42252aab38?s=96&d=mm&r=g","caption":"Redacci\u00f3n"},"url":"https:\/\/nitu.mx\/index.php\/author\/redaccion\/"}]}},"views":557,"_links":{"self":[{"href":"https:\/\/nitu.mx\/index.php\/wp-json\/wp\/v2\/posts\/66064"}],"collection":[{"href":"https:\/\/nitu.mx\/index.php\/wp-json\/wp\/v2\/posts"}],"about":[{"href":"https:\/\/nitu.mx\/index.php\/wp-json\/wp\/v2\/types\/post"}],"author":[{"embeddable":true,"href":"https:\/\/nitu.mx\/index.php\/wp-json\/wp\/v2\/users\/17"}],"replies":[{"embeddable":true,"href":"https:\/\/nitu.mx\/index.php\/wp-json\/wp\/v2\/comments?post=66064"}],"version-history":[{"count":1,"href":"https:\/\/nitu.mx\/index.php\/wp-json\/wp\/v2\/posts\/66064\/revisions"}],"predecessor-version":[{"id":66066,"href":"https:\/\/nitu.mx\/index.php\/wp-json\/wp\/v2\/posts\/66064\/revisions\/66066"}],"wp:featuredmedia":[{"embeddable":true,"href":"https:\/\/nitu.mx\/index.php\/wp-json\/wp\/v2\/media\/66065"}],"wp:attachment":[{"href":"https:\/\/nitu.mx\/index.php\/wp-json\/wp\/v2\/media?parent=66064"}],"wp:term":[{"taxonomy":"category","embeddable":true,"href":"https:\/\/nitu.mx\/index.php\/wp-json\/wp\/v2\/categories?post=66064"},{"taxonomy":"post_tag","embeddable":true,"href":"https:\/\/nitu.mx\/index.php\/wp-json\/wp\/v2\/tags?post=66064"}],"curies":[{"name":"wp","href":"https:\/\/api.w.org\/{rel}","templated":true}]}}