{"id":65867,"date":"2023-08-28T00:42:09","date_gmt":"2023-08-28T05:42:09","guid":{"rendered":"https:\/\/www.dev.nitu.mx\/?p=65867"},"modified":"2023-08-28T00:42:09","modified_gmt":"2023-08-28T05:42:09","slug":"gobernadora-mara-lezama-coordina-apertura-de-aeropuerto-en-tulum","status":"publish","type":"post","link":"https:\/\/nitu.mx\/index.php\/2023\/08\/28\/gobernadora-mara-lezama-coordina-apertura-de-aeropuerto-en-tulum\/","title":{"rendered":"Gobernadora Mara Lezama coordina apertura de aeropuerto en Tulum"},"content":{"rendered":"<p>La puesta en operaci\u00f3n del nuevo Aeropuerto Internacional \u201cFelipe Carrillo Puerto\u201d de Tulum, en diciembre pr\u00f3ximo, traer\u00e1 prosperidad compartida, justicia social, empleos directos e indirectos y, sin duda, potencializar\u00e1 la zona centro y sur del estado, afirm\u00f3 la gobernadora de Quintana Roo, Mara Lezama Espinosa, al sostener una reuni\u00f3n con titulares a cargo de dicha obra y funcionarios del estado.<\/p>\n<p>Durante el encuentro con el director general del Grupo Aeroportuario, Ferroviario de Servicios Auxiliares y Conexos, Olmeca-Maya, S.A. de C.V., General de Divisi\u00f3n DEM Ren\u00e9 Trujillo Miranda, establecieron diversas rutas de trabajo que permitan la operaci\u00f3n sin contratiempos del nuevo aeropuerto.<\/p>\n<p>Con la participaci\u00f3n de titulares de diversas secretar\u00edas del Gobierno del Estado definieron una agenda de trabajo en temas como conexi\u00f3n carretera, las posibilidades de cooperaci\u00f3n para el transporte de servicios y asistencia vial, mejoras para garantizar la conectividad y la comunicaci\u00f3n eficiente, as\u00ed como la instalaci\u00f3n de una estaci\u00f3n de bomberos.<\/p>\n<p>Por su parte, la gobernadora de Quintana Roo, Mara Lezama destac\u00f3 el trabajo coordinado con el Gobierno de M\u00e9xico en esta obra que ser\u00e1 el cuarto aeropuerto de Quintana Roo y que durante la primera semana estar\u00e1 moviendo a 6 mil 400 pasajeros.<\/p>\n<p>Asimismo, dijo que las aerol\u00edneas Viva Aerobus, Aerom\u00e9xico y ahora Mexicana de Aviaci\u00f3n han anunciado operaciones desde el primer d\u00eda de diciembre en el aeropuerto de Tulum. \u201cY estamos seguras que seguir\u00e1n sum\u00e1ndose m\u00e1s de otros lugares del mundo\u201d, enfatiz\u00f3. (<a title=\"Desde mil pesos el boleto redondo con Viva Aerobus en la ruta  AIFA \u2013 Tulum en diciembre\" href=\"https:\/\/www.dev.nitu.mx\/index.php\/2023\/08\/25\/desde-mil-pesos-el-boleto-redondo-con-viva-aerobus-en-la-ruta-aifa-tulum-en-diciembre\/\" rel=\"bookmark\">Desde mil pesos el boleto redondo con Viva Aerobus en la ruta AIFA \u2013 Tulum en diciembre<\/a>).<\/p>\n<p>El general Trujillo Miranda confirm\u00f3 que el \u201cFelipe Carrillo Puerto\u201d iniciar\u00e1 operaciones el 1 de diciembre pr\u00f3ximo, por lo que ya se est\u00e1 organizando el proceso para la inauguraci\u00f3n. Explic\u00f3 que las instalaciones constan de la terminal de pasajeros, la pista con mayor longitud en el pa\u00eds, el FBO o terminal exclusiva para vuelos privados.<\/p>\n<p>Particip\u00f3 el secretario de Turismo, Bernardo Cueto Riestra quien record\u00f3 el potencial que tiene Tulum en materia hotelera, considerando que hay alrededor de 20 mil habitaciones, a las que se suman las ubicadas en la Riviera Maya, zona de influencia del nuevo aeropuerto, as\u00ed como Bacalar y Chetumal.<\/p>\n<p>Tambi\u00e9n participaron en esta reuni\u00f3n el Gral. Gpo. PA DEMA Javier Diego Campillo, Administrador del Aeropuerto de Tulum; Cor. I.C. Rodolfo Paz S\u00e1nchez, Ingeniero Residente de Obra del Frente 2; Myr. FAIA Andr\u00e9s L\u00f3pez Vel\u00e1zquez, Gerencia de Operaciones; Artemio Santos, Jefe de Oficina de la Gobernadora; Cristina Torres G\u00f3mez, secretaria de Gobierno; Diego Casta\u00f1\u00f3n, Presidente Municipal de Tulum; Armando Lara De Nigris y \u00c1ngel Rivero, Secretario Particular de la Gobernadora. (<a title=\"Se suma Aerom\u00e9xico a la oferta a\u00e9rea en nuevo aeropuerto de Tulum\" href=\"https:\/\/www.dev.nitu.mx\/index.php\/2023\/08\/25\/se-suma-aeromexico-a-la-oferta-aerea-en-nuevo-aeropuerto-de-tulum\/\" rel=\"bookmark\">Se suma Aerom\u00e9xico a la oferta a\u00e9rea en nuevo aeropuerto de Tulum<\/a>)<\/p>\n","protected":false},"excerpt":{"rendered":"<p>La puesta en operaci\u00f3n del nuevo Aeropuerto Internacional \u201cFelipe Carrillo Puerto\u201d de Tulum, en diciembre pr\u00f3ximo, traer\u00e1 prosperidad compartida, justicia social, empleos directos e indirectos y, sin duda, potencializar\u00e1 la zona centro y sur del estado, afirm\u00f3 la gobernadora de Quintana Roo, Mara Lezama Espinosa, al sostener una reuni\u00f3n con titulares a cargo de dicha [&hellip;]<\/p>\n","protected":false},"author":2,"featured_media":65868,"comment_status":"open","ping_status":"open","sticky":false,"template":"","format":"standard","meta":{"footnotes":""},"categories":[19462],"tags":[24156,14028,390],"yoast_head":"<!-- This site is optimized with the Yoast SEO plugin v22.2 - https:\/\/yoast.com\/wordpress\/plugins\/seo\/ -->\n<title>Gobernadora Mara Lezama coordina apertura de aeropuerto en Tulum - Nitu - Noticias de la Industria Turistica<\/title>\n<meta name=\"robots\" content=\"index, follow, max-snippet:-1, max-image-preview:large, max-video-preview:-1\" \/>\n<link rel=\"canonical\" href=\"https:\/\/nitu.mx\/index.php\/2023\/08\/28\/gobernadora-mara-lezama-coordina-apertura-de-aeropuerto-en-tulum\/\" \/>\n<meta name=\"twitter:card\" content=\"summary_large_image\" \/>\n<meta name=\"twitter:title\" content=\"Gobernadora Mara Lezama coordina apertura de aeropuerto en Tulum - Nitu - Noticias de la Industria Turistica\" \/>\n<meta name=\"twitter:description\" content=\"La puesta en operaci\u00f3n del nuevo Aeropuerto Internacional \u201cFelipe Carrillo Puerto\u201d de Tulum, en diciembre pr\u00f3ximo, traer\u00e1 prosperidad compartida, justicia social, empleos directos e indirectos y, sin duda, potencializar\u00e1 la zona centro y sur del estado, afirm\u00f3 la gobernadora de Quintana Roo, Mara Lezama Espinosa, al sostener una reuni\u00f3n con titulares a cargo de dicha [&hellip;]\" \/>\n<meta name=\"twitter:image\" content=\"https:\/\/nitu.mx\/wp-content\/uploads\/2023\/08\/Mara003-7.jpg\" \/>\n<meta name=\"twitter:creator\" content=\"@Arturo_Medina_G\" \/>\n<meta name=\"twitter:site\" content=\"@Arturo_Medina_G\" \/>\n<meta name=\"twitter:label1\" content=\"Escrito por\" \/>\n\t<meta name=\"twitter:data1\" content=\"Arturo Medina\" \/>\n\t<meta name=\"twitter:label2\" content=\"Tiempo de lectura\" \/>\n\t<meta name=\"twitter:data2\" content=\"2 minutos\" \/>\n<script type=\"application\/ld+json\" class=\"yoast-schema-graph\">{\"@context\":\"https:\/\/schema.org\",\"@graph\":[{\"@type\":\"Article\",\"@id\":\"https:\/\/nitu.mx\/index.php\/2023\/08\/28\/gobernadora-mara-lezama-coordina-apertura-de-aeropuerto-en-tulum\/#article\",\"isPartOf\":{\"@id\":\"https:\/\/nitu.mx\/index.php\/2023\/08\/28\/gobernadora-mara-lezama-coordina-apertura-de-aeropuerto-en-tulum\/\"},\"author\":{\"name\":\"Arturo Medina\",\"@id\":\"https:\/\/nitu.mx\/#\/schema\/person\/ae7a53426417292d3dd07b45a33e01bc\"},\"headline\":\"Gobernadora Mara Lezama coordina apertura de aeropuerto en Tulum\",\"datePublished\":\"2023-08-28T05:42:09+00:00\",\"dateModified\":\"2023-08-28T05:42:09+00:00\",\"mainEntityOfPage\":{\"@id\":\"https:\/\/nitu.mx\/index.php\/2023\/08\/28\/gobernadora-mara-lezama-coordina-apertura-de-aeropuerto-en-tulum\/\"},\"wordCount\":477,\"commentCount\":0,\"publisher\":{\"@id\":\"https:\/\/nitu.mx\/#\/schema\/person\/ae7a53426417292d3dd07b45a33e01bc\"},\"image\":{\"@id\":\"https:\/\/nitu.mx\/index.php\/2023\/08\/28\/gobernadora-mara-lezama-coordina-apertura-de-aeropuerto-en-tulum\/#primaryimage\"},\"thumbnailUrl\":\"https:\/\/nitu.mx\/wp-content\/uploads\/2023\/08\/Mara003-7.jpg\",\"keywords\":[\"Aeropuerto Felipe Carrillo Puerto\",\"Mara Lezama\",\"Tulum\"],\"articleSection\":[\"Aeropuertos\"],\"inLanguage\":\"es-MX\",\"potentialAction\":[{\"@type\":\"CommentAction\",\"name\":\"Comment\",\"target\":[\"https:\/\/nitu.mx\/index.php\/2023\/08\/28\/gobernadora-mara-lezama-coordina-apertura-de-aeropuerto-en-tulum\/#respond\"]}]},{\"@type\":\"WebPage\",\"@id\":\"https:\/\/nitu.mx\/index.php\/2023\/08\/28\/gobernadora-mara-lezama-coordina-apertura-de-aeropuerto-en-tulum\/\",\"url\":\"https:\/\/nitu.mx\/index.php\/2023\/08\/28\/gobernadora-mara-lezama-coordina-apertura-de-aeropuerto-en-tulum\/\",\"name\":\"Gobernadora Mara Lezama coordina apertura de aeropuerto en Tulum - Nitu - Noticias de la Industria Turistica\",\"isPartOf\":{\"@id\":\"https:\/\/nitu.mx\/#website\"},\"primaryImageOfPage\":{\"@id\":\"https:\/\/nitu.mx\/index.php\/2023\/08\/28\/gobernadora-mara-lezama-coordina-apertura-de-aeropuerto-en-tulum\/#primaryimage\"},\"image\":{\"@id\":\"https:\/\/nitu.mx\/index.php\/2023\/08\/28\/gobernadora-mara-lezama-coordina-apertura-de-aeropuerto-en-tulum\/#primaryimage\"},\"thumbnailUrl\":\"https:\/\/nitu.mx\/wp-content\/uploads\/2023\/08\/Mara003-7.jpg\",\"datePublished\":\"2023-08-28T05:42:09+00:00\",\"dateModified\":\"2023-08-28T05:42:09+00:00\",\"breadcrumb\":{\"@id\":\"https:\/\/nitu.mx\/index.php\/2023\/08\/28\/gobernadora-mara-lezama-coordina-apertura-de-aeropuerto-en-tulum\/#breadcrumb\"},\"inLanguage\":\"es-MX\",\"potentialAction\":[{\"@type\":\"ReadAction\",\"target\":[\"https:\/\/nitu.mx\/index.php\/2023\/08\/28\/gobernadora-mara-lezama-coordina-apertura-de-aeropuerto-en-tulum\/\"]}]},{\"@type\":\"ImageObject\",\"inLanguage\":\"es-MX\",\"@id\":\"https:\/\/nitu.mx\/index.php\/2023\/08\/28\/gobernadora-mara-lezama-coordina-apertura-de-aeropuerto-en-tulum\/#primaryimage\",\"url\":\"https:\/\/nitu.mx\/wp-content\/uploads\/2023\/08\/Mara003-7.jpg\",\"contentUrl\":\"https:\/\/nitu.mx\/wp-content\/uploads\/2023\/08\/Mara003-7.jpg\",\"width\":1403,\"height\":936,\"caption\":\"Aeropuerto de Tulum\"},{\"@type\":\"BreadcrumbList\",\"@id\":\"https:\/\/nitu.mx\/index.php\/2023\/08\/28\/gobernadora-mara-lezama-coordina-apertura-de-aeropuerto-en-tulum\/#breadcrumb\",\"itemListElement\":[{\"@type\":\"ListItem\",\"position\":1,\"name\":\"Inicio\",\"item\":\"https:\/\/nitu.mx\/\"},{\"@type\":\"ListItem\",\"position\":2,\"name\":\"Gobernadora Mara Lezama coordina apertura de aeropuerto en Tulum\"}]},{\"@type\":\"WebSite\",\"@id\":\"https:\/\/nitu.mx\/#website\",\"url\":\"https:\/\/nitu.mx\/\",\"name\":\"Nitu - Noticias de la Industria Turistica\",\"description\":\"Noticias de la Industria Turistica\",\"publisher\":{\"@id\":\"https:\/\/nitu.mx\/#\/schema\/person\/ae7a53426417292d3dd07b45a33e01bc\"},\"alternateName\":\"Noticias de la Industria Turistica\",\"potentialAction\":[{\"@type\":\"SearchAction\",\"target\":{\"@type\":\"EntryPoint\",\"urlTemplate\":\"https:\/\/nitu.mx\/?s={search_term_string}\"},\"query-input\":\"required name=search_term_string\"}],\"inLanguage\":\"es-MX\"},{\"@type\":[\"Person\",\"Organization\"],\"@id\":\"https:\/\/nitu.mx\/#\/schema\/person\/ae7a53426417292d3dd07b45a33e01bc\",\"name\":\"Arturo Medina\",\"image\":{\"@type\":\"ImageObject\",\"inLanguage\":\"es-MX\",\"@id\":\"https:\/\/nitu.mx\/#\/schema\/person\/image\/\",\"url\":\"https:\/\/nitu.mx\/wp-content\/uploads\/2024\/04\/4A315622-1904-4D5C-B022-878CDC840E04-90x90-1.jpeg\",\"contentUrl\":\"https:\/\/nitu.mx\/wp-content\/uploads\/2024\/04\/4A315622-1904-4D5C-B022-878CDC840E04-90x90-1.jpeg\",\"width\":90,\"height\":90,\"caption\":\"Arturo Medina\"},\"logo\":{\"@id\":\"https:\/\/nitu.mx\/#\/schema\/person\/image\/\"},\"description\":\"Director NITU.mx, Egresado de la Escuela de Periodismo Carlos Septi\u00e9n Garc\u00eda. Periodista y analista especializado en turismo desde hace 35 a\u00f1os, radicado en Canc\u00fan Q.Roo. arturo@nitu.mx\",\"sameAs\":[\"https:\/\/nitu.mx\",\"https:\/\/www.facebook.com\/NITUmx\/\",\"medinacancun\",\"https:\/\/twitter.com\/@Arturo_Medina_G\"],\"url\":\"https:\/\/nitu.mx\/index.php\/author\/arturo-medina\/\"}]}<\/script>\n<!-- \/ Yoast SEO plugin. -->","yoast_head_json":{"title":"Gobernadora Mara Lezama coordina apertura de aeropuerto en Tulum - Nitu - Noticias de la Industria Turistica","robots":{"index":"index","follow":"follow","max-snippet":"max-snippet:-1","max-image-preview":"max-image-preview:large","max-video-preview":"max-video-preview:-1"},"canonical":"https:\/\/nitu.mx\/index.php\/2023\/08\/28\/gobernadora-mara-lezama-coordina-apertura-de-aeropuerto-en-tulum\/","twitter_card":"summary_large_image","twitter_title":"Gobernadora Mara Lezama coordina apertura de aeropuerto en Tulum - Nitu - Noticias de la Industria Turistica","twitter_description":"La puesta en operaci\u00f3n del nuevo Aeropuerto Internacional \u201cFelipe Carrillo Puerto\u201d de Tulum, en diciembre pr\u00f3ximo, traer\u00e1 prosperidad compartida, justicia social, empleos directos e indirectos y, sin duda, potencializar\u00e1 la zona centro y sur del estado, afirm\u00f3 la gobernadora de Quintana Roo, Mara Lezama Espinosa, al sostener una reuni\u00f3n con titulares a cargo de dicha [&hellip;]","twitter_image":"https:\/\/nitu.mx\/wp-content\/uploads\/2023\/08\/Mara003-7.jpg","twitter_creator":"@Arturo_Medina_G","twitter_site":"@Arturo_Medina_G","twitter_misc":{"Escrito por":"Arturo Medina","Tiempo de lectura":"2 minutos"},"schema":{"@context":"https:\/\/schema.org","@graph":[{"@type":"Article","@id":"https:\/\/nitu.mx\/index.php\/2023\/08\/28\/gobernadora-mara-lezama-coordina-apertura-de-aeropuerto-en-tulum\/#article","isPartOf":{"@id":"https:\/\/nitu.mx\/index.php\/2023\/08\/28\/gobernadora-mara-lezama-coordina-apertura-de-aeropuerto-en-tulum\/"},"author":{"name":"Arturo Medina","@id":"https:\/\/nitu.mx\/#\/schema\/person\/ae7a53426417292d3dd07b45a33e01bc"},"headline":"Gobernadora Mara Lezama coordina apertura de aeropuerto en Tulum","datePublished":"2023-08-28T05:42:09+00:00","dateModified":"2023-08-28T05:42:09+00:00","mainEntityOfPage":{"@id":"https:\/\/nitu.mx\/index.php\/2023\/08\/28\/gobernadora-mara-lezama-coordina-apertura-de-aeropuerto-en-tulum\/"},"wordCount":477,"commentCount":0,"publisher":{"@id":"https:\/\/nitu.mx\/#\/schema\/person\/ae7a53426417292d3dd07b45a33e01bc"},"image":{"@id":"https:\/\/nitu.mx\/index.php\/2023\/08\/28\/gobernadora-mara-lezama-coordina-apertura-de-aeropuerto-en-tulum\/#primaryimage"},"thumbnailUrl":"https:\/\/nitu.mx\/wp-content\/uploads\/2023\/08\/Mara003-7.jpg","keywords":["Aeropuerto Felipe Carrillo Puerto","Mara Lezama","Tulum"],"articleSection":["Aeropuertos"],"inLanguage":"es-MX","potentialAction":[{"@type":"CommentAction","name":"Comment","target":["https:\/\/nitu.mx\/index.php\/2023\/08\/28\/gobernadora-mara-lezama-coordina-apertura-de-aeropuerto-en-tulum\/#respond"]}]},{"@type":"WebPage","@id":"https:\/\/nitu.mx\/index.php\/2023\/08\/28\/gobernadora-mara-lezama-coordina-apertura-de-aeropuerto-en-tulum\/","url":"https:\/\/nitu.mx\/index.php\/2023\/08\/28\/gobernadora-mara-lezama-coordina-apertura-de-aeropuerto-en-tulum\/","name":"Gobernadora Mara Lezama coordina apertura de aeropuerto en Tulum - Nitu - Noticias de la Industria Turistica","isPartOf":{"@id":"https:\/\/nitu.mx\/#website"},"primaryImageOfPage":{"@id":"https:\/\/nitu.mx\/index.php\/2023\/08\/28\/gobernadora-mara-lezama-coordina-apertura-de-aeropuerto-en-tulum\/#primaryimage"},"image":{"@id":"https:\/\/nitu.mx\/index.php\/2023\/08\/28\/gobernadora-mara-lezama-coordina-apertura-de-aeropuerto-en-tulum\/#primaryimage"},"thumbnailUrl":"https:\/\/nitu.mx\/wp-content\/uploads\/2023\/08\/Mara003-7.jpg","datePublished":"2023-08-28T05:42:09+00:00","dateModified":"2023-08-28T05:42:09+00:00","breadcrumb":{"@id":"https:\/\/nitu.mx\/index.php\/2023\/08\/28\/gobernadora-mara-lezama-coordina-apertura-de-aeropuerto-en-tulum\/#breadcrumb"},"inLanguage":"es-MX","potentialAction":[{"@type":"ReadAction","target":["https:\/\/nitu.mx\/index.php\/2023\/08\/28\/gobernadora-mara-lezama-coordina-apertura-de-aeropuerto-en-tulum\/"]}]},{"@type":"ImageObject","inLanguage":"es-MX","@id":"https:\/\/nitu.mx\/index.php\/2023\/08\/28\/gobernadora-mara-lezama-coordina-apertura-de-aeropuerto-en-tulum\/#primaryimage","url":"https:\/\/nitu.mx\/wp-content\/uploads\/2023\/08\/Mara003-7.jpg","contentUrl":"https:\/\/nitu.mx\/wp-content\/uploads\/2023\/08\/Mara003-7.jpg","width":1403,"height":936,"caption":"Aeropuerto de Tulum"},{"@type":"BreadcrumbList","@id":"https:\/\/nitu.mx\/index.php\/2023\/08\/28\/gobernadora-mara-lezama-coordina-apertura-de-aeropuerto-en-tulum\/#breadcrumb","itemListElement":[{"@type":"ListItem","position":1,"name":"Inicio","item":"https:\/\/nitu.mx\/"},{"@type":"ListItem","position":2,"name":"Gobernadora Mara Lezama coordina apertura de aeropuerto en Tulum"}]},{"@type":"WebSite","@id":"https:\/\/nitu.mx\/#website","url":"https:\/\/nitu.mx\/","name":"Nitu - Noticias de la Industria Turistica","description":"Noticias de la Industria Turistica","publisher":{"@id":"https:\/\/nitu.mx\/#\/schema\/person\/ae7a53426417292d3dd07b45a33e01bc"},"alternateName":"Noticias de la Industria Turistica","potentialAction":[{"@type":"SearchAction","target":{"@type":"EntryPoint","urlTemplate":"https:\/\/nitu.mx\/?s={search_term_string}"},"query-input":"required name=search_term_string"}],"inLanguage":"es-MX"},{"@type":["Person","Organization"],"@id":"https:\/\/nitu.mx\/#\/schema\/person\/ae7a53426417292d3dd07b45a33e01bc","name":"Arturo Medina","image":{"@type":"ImageObject","inLanguage":"es-MX","@id":"https:\/\/nitu.mx\/#\/schema\/person\/image\/","url":"https:\/\/nitu.mx\/wp-content\/uploads\/2024\/04\/4A315622-1904-4D5C-B022-878CDC840E04-90x90-1.jpeg","contentUrl":"https:\/\/nitu.mx\/wp-content\/uploads\/2024\/04\/4A315622-1904-4D5C-B022-878CDC840E04-90x90-1.jpeg","width":90,"height":90,"caption":"Arturo Medina"},"logo":{"@id":"https:\/\/nitu.mx\/#\/schema\/person\/image\/"},"description":"Director NITU.mx, Egresado de la Escuela de Periodismo Carlos Septi\u00e9n Garc\u00eda. Periodista y analista especializado en turismo desde hace 35 a\u00f1os, radicado en Canc\u00fan Q.Roo. arturo@nitu.mx","sameAs":["https:\/\/nitu.mx","https:\/\/www.facebook.com\/NITUmx\/","medinacancun","https:\/\/twitter.com\/@Arturo_Medina_G"],"url":"https:\/\/nitu.mx\/index.php\/author\/arturo-medina\/"}]}},"views":1068,"_links":{"self":[{"href":"https:\/\/nitu.mx\/index.php\/wp-json\/wp\/v2\/posts\/65867"}],"collection":[{"href":"https:\/\/nitu.mx\/index.php\/wp-json\/wp\/v2\/posts"}],"about":[{"href":"https:\/\/nitu.mx\/index.php\/wp-json\/wp\/v2\/types\/post"}],"author":[{"embeddable":true,"href":"https:\/\/nitu.mx\/index.php\/wp-json\/wp\/v2\/users\/2"}],"replies":[{"embeddable":true,"href":"https:\/\/nitu.mx\/index.php\/wp-json\/wp\/v2\/comments?post=65867"}],"version-history":[{"count":2,"href":"https:\/\/nitu.mx\/index.php\/wp-json\/wp\/v2\/posts\/65867\/revisions"}],"predecessor-version":[{"id":65870,"href":"https:\/\/nitu.mx\/index.php\/wp-json\/wp\/v2\/posts\/65867\/revisions\/65870"}],"wp:featuredmedia":[{"embeddable":true,"href":"https:\/\/nitu.mx\/index.php\/wp-json\/wp\/v2\/media\/65868"}],"wp:attachment":[{"href":"https:\/\/nitu.mx\/index.php\/wp-json\/wp\/v2\/media?parent=65867"}],"wp:term":[{"taxonomy":"category","embeddable":true,"href":"https:\/\/nitu.mx\/index.php\/wp-json\/wp\/v2\/categories?post=65867"},{"taxonomy":"post_tag","embeddable":true,"href":"https:\/\/nitu.mx\/index.php\/wp-json\/wp\/v2\/tags?post=65867"}],"curies":[{"name":"wp","href":"https:\/\/api.w.org\/{rel}","templated":true}]}}