{"id":65859,"date":"2023-08-27T15:38:59","date_gmt":"2023-08-27T20:38:59","guid":{"rendered":"https:\/\/www.dev.nitu.mx\/?p=65859"},"modified":"2023-08-28T00:42:27","modified_gmt":"2023-08-28T05:42:27","slug":"ocupacion-en-vuelos-internacionales-llega-al-82-dallas-cancun-encabeza-la-oferta","status":"publish","type":"post","link":"https:\/\/nitu.mx\/index.php\/2023\/08\/27\/ocupacion-en-vuelos-internacionales-llega-al-82-dallas-cancun-encabeza-la-oferta\/","title":{"rendered":"Ocupaci\u00f3n en vuelos internacionales llega al 82%, Dallas-Canc\u00fan encabeza la oferta"},"content":{"rendered":"<p>La Secretar\u00eda de Turismo federal (Sectur) inform\u00f3 que\u00a0en junio de 2023, la\u00a0ocupaci\u00f3n\u00a0de\u00a0asientos\u00a0en vuelos internacionales a M\u00e9xico fue de 82%, siendo la cifra m\u00e1s alta en lo que va del a\u00f1o, al ofertarse 2 millones 787 mil\u00a079 asientos, de los cuales se transportaron 2 millones 295 mil 64 pasajeros.<\/p>\n<p style=\"font-weight: 400;\">El titular de Sectur, Miguel Torruco, se\u00f1al\u00f3 que la llegada de pasajeros en vuelos internacionales a M\u00e9xico por regi\u00f3n, en el periodo enero-junio, fue de 13 millones 820 mil 871 pasajeros, de los cuales 77.2% procedieron de Norteam\u00e9rica; 13.2% de Caribe, Centro y Sudam\u00e9rica; 9.1% de Europa y 0.5% de Asia.<\/p>\n<p style=\"font-weight: 400;\">Agreg\u00f3 que para 2023, se tiene una programaci\u00f3n de 34 millones 788\u00a0mil 957 asientos\u00a0a M\u00e9xico procedentes de las diferentes regiones del mundo; lo que representa 7% m\u00e1s que lo programado en 2022.<\/p>\n<p style=\"font-weight: 400;\">Precis\u00f3 que, de enero a diciembre de 2023, la oferta de\u00a0asientos\u00a0a M\u00e9xico de la Regi\u00f3n Norteamericana es de 26 millones 266 mil 949\u00a0asientos, lo que representa una participaci\u00f3n del 75.5% del total.<\/p>\n<p style=\"font-weight: 400;\">A\u00f1adi\u00f3 que para 2023, las aerol\u00edneas con la mayor participaci\u00f3n en\u00a0asientos programados en servicio internacional a M\u00e9xico son: American Airlines con el 14.1% del total, y Aerom\u00e9xico con el 12.3%, que en conjunto suman 9 millones 182 mil\u00a0asientos.<\/p>\n<p style=\"font-weight: 400;\">Los aeropuertos con el mayor n\u00famero de\u00a0asientos programados en llegadas en servicio internacional a M\u00e9xico durante 2023 son Canc\u00fan, el Aeropuerto Internacional de la Ciudad de M\u00e9xico (AICM) y Guadalajara, sumando 25 millones 455 mil\u00a0asientos, lo que representa el 73.2% del total.<\/p>\n<p style=\"font-weight: 400;\">Para 2023, las principales rutas internacionales a M\u00e9xico con el mayor n\u00famero de\u00a0asientos programados son: Dallas \u2013 Canc\u00fan con 716 mil 129\u00a0asientos, Los \u00c1ngeles &#8211; Guadalajara con 652 mil 253\u00a0asientos\u00a0y Toronto \u2013 Canc\u00fan con 606 mil 827\u00a0asientos.<\/p>\n<p style=\"font-weight: 400;\">Respecto a la ocupaci\u00f3n de asientos en vuelos nacionales, el secretario de Turismo puntualiz\u00f3 que, en junio de 2023, fue de 77%, con una oferta de 6 millones 781 mil 940\u00a0asientos, de los cuales se transportaron 5 millones 250 mil 71 pasajeros.<\/p>\n<p style=\"font-weight: 400;\">Indic\u00f3 que, en el primer semestre del a\u00f1o, el flujo de pasajeros en operaciones nacionales origen-destino fue de 30 millones 533 mil 269 pasajeros.<\/p>\n<p style=\"font-weight: 400;\">Torruco Marqu\u00e9s subray\u00f3 que, para este a\u00f1o, se tiene una programaci\u00f3n de 81 millones 928 mil 848 asientos\u00a0en servicio nacional en operaciones entre los diferentes destinos del pa\u00eds, lo que representa 10.2% m\u00e1s que lo programado en 2022.<\/p>\n<p style=\"font-weight: 400;\">Afirm\u00f3 que, en 2023, las aerol\u00edneas con la mayor participaci\u00f3n en\u00a0asientos programados en servicio nacional son: Volaris con el 40% del total y Viva Aerobus con el 31.8%, que en conjunto suman 58 millones 862 mil\u00a0asientos, equivalente al 71.8% de participaci\u00f3n en el mercado nacional.<\/p>\n<p style=\"font-weight: 400;\">Refiri\u00f3 que, durante este a\u00f1o, las principales rutas en servicio nacional con el mayor n\u00famero de\u00a0asientos programados son: AICM \u2013 Canc\u00fan con 2 millones 502 mil asientos, Canc\u00fan &#8211; AICM con 2 millones 501 mil asientos\u00a0y AICM \u2013 Monterrey con 2 millones 073 mil asientos.<\/p>\n<p style=\"font-weight: 400;\">El secretario de Turismo puntualiz\u00f3 que la conectividad a\u00e9rea es la piedra angular de la actividad tur\u00edstica, ya que sin conectividad no hay turismo; al diversificar la llegada de viajeros a los diferentes destinos del pa\u00eds.\u00a0<a title=\"Ocupaci\u00f3n en vuelos nacionales al 81%, AICM-Canc\u00fan es la ruta con m\u00e1s oferta\" href=\"https:\/\/www.dev.nitu.mx\/index.php\/2023\/06\/19\/ocupacion-en-vuelos-nacionales-al-81-aicm-cancun-es-la-ruta-con-mas-oferta\/\" rel=\"bookmark\">(Ocupaci\u00f3n en vuelos nacionales al 81%, AICM-Canc\u00fan es la ruta con m\u00e1s oferta<\/a>).<\/p>\n","protected":false},"excerpt":{"rendered":"<p>La Secretar\u00eda de Turismo federal (Sectur) inform\u00f3 que\u00a0en junio de 2023, la\u00a0ocupaci\u00f3n\u00a0de\u00a0asientos\u00a0en vuelos internacionales a M\u00e9xico fue de 82%, siendo la cifra m\u00e1s alta en lo que va del a\u00f1o, al ofertarse 2 millones 787 mil\u00a079 asientos, de los cuales se transportaron 2 millones 295 mil 64 pasajeros. El titular de Sectur, Miguel Torruco, se\u00f1al\u00f3 [&hellip;]<\/p>\n","protected":false},"author":17,"featured_media":58737,"comment_status":"open","ping_status":"open","sticky":false,"template":"","format":"standard","meta":{"footnotes":""},"categories":[19462],"tags":[294,43,3953,910,6280,93],"yoast_head":"<!-- This site is optimized with the Yoast SEO plugin v22.2 - https:\/\/yoast.com\/wordpress\/plugins\/seo\/ -->\n<title>Ocupaci\u00f3n en vuelos internacionales llega al 82%, Dallas-Canc\u00fan encabeza la oferta - Nitu - Noticias de la Industria Turistica<\/title>\n<meta name=\"robots\" content=\"index, follow, max-snippet:-1, max-image-preview:large, max-video-preview:-1\" \/>\n<link rel=\"canonical\" href=\"https:\/\/nitu.mx\/index.php\/2023\/08\/27\/ocupacion-en-vuelos-internacionales-llega-al-82-dallas-cancun-encabeza-la-oferta\/\" \/>\n<meta name=\"twitter:card\" content=\"summary_large_image\" \/>\n<meta name=\"twitter:title\" content=\"Ocupaci\u00f3n en vuelos internacionales llega al 82%, Dallas-Canc\u00fan encabeza la oferta - Nitu - Noticias de la Industria Turistica\" \/>\n<meta name=\"twitter:description\" content=\"La Secretar\u00eda de Turismo federal (Sectur) inform\u00f3 que\u00a0en junio de 2023, la\u00a0ocupaci\u00f3n\u00a0de\u00a0asientos\u00a0en vuelos internacionales a M\u00e9xico fue de 82%, siendo la cifra m\u00e1s alta en lo que va del a\u00f1o, al ofertarse 2 millones 787 mil\u00a079 asientos, de los cuales se transportaron 2 millones 295 mil 64 pasajeros. El titular de Sectur, Miguel Torruco, se\u00f1al\u00f3 [&hellip;]\" \/>\n<meta name=\"twitter:image\" content=\"https:\/\/nitu.mx\/wp-content\/uploads\/2022\/03\/Aeropuerto-Cancu\u0301n.jpg\" \/>\n<meta name=\"twitter:creator\" content=\"@NITUmx\" \/>\n<meta name=\"twitter:site\" content=\"@Arturo_Medina_G\" \/>\n<meta name=\"twitter:label1\" content=\"Escrito por\" \/>\n\t<meta name=\"twitter:data1\" content=\"Redacci\u00f3n\" \/>\n\t<meta name=\"twitter:label2\" content=\"Tiempo de lectura\" \/>\n\t<meta name=\"twitter:data2\" content=\"3 minutos\" \/>\n<script type=\"application\/ld+json\" class=\"yoast-schema-graph\">{\"@context\":\"https:\/\/schema.org\",\"@graph\":[{\"@type\":\"Article\",\"@id\":\"https:\/\/nitu.mx\/index.php\/2023\/08\/27\/ocupacion-en-vuelos-internacionales-llega-al-82-dallas-cancun-encabeza-la-oferta\/#article\",\"isPartOf\":{\"@id\":\"https:\/\/nitu.mx\/index.php\/2023\/08\/27\/ocupacion-en-vuelos-internacionales-llega-al-82-dallas-cancun-encabeza-la-oferta\/\"},\"author\":{\"name\":\"Redacci\u00f3n\",\"@id\":\"https:\/\/nitu.mx\/#\/schema\/person\/4a28fe9bd65924f7c90623773daf1b0b\"},\"headline\":\"Ocupaci\u00f3n en vuelos internacionales llega al 82%, Dallas-Canc\u00fan encabeza la oferta\",\"datePublished\":\"2023-08-27T20:38:59+00:00\",\"dateModified\":\"2023-08-28T05:42:27+00:00\",\"mainEntityOfPage\":{\"@id\":\"https:\/\/nitu.mx\/index.php\/2023\/08\/27\/ocupacion-en-vuelos-internacionales-llega-al-82-dallas-cancun-encabeza-la-oferta\/\"},\"wordCount\":535,\"commentCount\":0,\"publisher\":{\"@id\":\"https:\/\/nitu.mx\/#\/schema\/person\/ae7a53426417292d3dd07b45a33e01bc\"},\"image\":{\"@id\":\"https:\/\/nitu.mx\/index.php\/2023\/08\/27\/ocupacion-en-vuelos-internacionales-llega-al-82-dallas-cancun-encabeza-la-oferta\/#primaryimage\"},\"thumbnailUrl\":\"https:\/\/nitu.mx\/wp-content\/uploads\/2022\/03\/Aeropuerto-Cancu\u0301n.jpg\",\"keywords\":[\"AICM\",\"Canc\u00fan\",\"conectividad\",\"Miguel Torruco\",\"ocupaci\u00f3n\",\"Sectur\"],\"articleSection\":[\"Aeropuertos\"],\"inLanguage\":\"es-MX\",\"potentialAction\":[{\"@type\":\"CommentAction\",\"name\":\"Comment\",\"target\":[\"https:\/\/nitu.mx\/index.php\/2023\/08\/27\/ocupacion-en-vuelos-internacionales-llega-al-82-dallas-cancun-encabeza-la-oferta\/#respond\"]}]},{\"@type\":\"WebPage\",\"@id\":\"https:\/\/nitu.mx\/index.php\/2023\/08\/27\/ocupacion-en-vuelos-internacionales-llega-al-82-dallas-cancun-encabeza-la-oferta\/\",\"url\":\"https:\/\/nitu.mx\/index.php\/2023\/08\/27\/ocupacion-en-vuelos-internacionales-llega-al-82-dallas-cancun-encabeza-la-oferta\/\",\"name\":\"Ocupaci\u00f3n en vuelos internacionales llega al 82%, Dallas-Canc\u00fan encabeza la oferta - Nitu - Noticias de la Industria Turistica\",\"isPartOf\":{\"@id\":\"https:\/\/nitu.mx\/#website\"},\"primaryImageOfPage\":{\"@id\":\"https:\/\/nitu.mx\/index.php\/2023\/08\/27\/ocupacion-en-vuelos-internacionales-llega-al-82-dallas-cancun-encabeza-la-oferta\/#primaryimage\"},\"image\":{\"@id\":\"https:\/\/nitu.mx\/index.php\/2023\/08\/27\/ocupacion-en-vuelos-internacionales-llega-al-82-dallas-cancun-encabeza-la-oferta\/#primaryimage\"},\"thumbnailUrl\":\"https:\/\/nitu.mx\/wp-content\/uploads\/2022\/03\/Aeropuerto-Cancu\u0301n.jpg\",\"datePublished\":\"2023-08-27T20:38:59+00:00\",\"dateModified\":\"2023-08-28T05:42:27+00:00\",\"breadcrumb\":{\"@id\":\"https:\/\/nitu.mx\/index.php\/2023\/08\/27\/ocupacion-en-vuelos-internacionales-llega-al-82-dallas-cancun-encabeza-la-oferta\/#breadcrumb\"},\"inLanguage\":\"es-MX\",\"potentialAction\":[{\"@type\":\"ReadAction\",\"target\":[\"https:\/\/nitu.mx\/index.php\/2023\/08\/27\/ocupacion-en-vuelos-internacionales-llega-al-82-dallas-cancun-encabeza-la-oferta\/\"]}]},{\"@type\":\"ImageObject\",\"inLanguage\":\"es-MX\",\"@id\":\"https:\/\/nitu.mx\/index.php\/2023\/08\/27\/ocupacion-en-vuelos-internacionales-llega-al-82-dallas-cancun-encabeza-la-oferta\/#primaryimage\",\"url\":\"https:\/\/nitu.mx\/wp-content\/uploads\/2022\/03\/Aeropuerto-Cancu\u0301n.jpg\",\"contentUrl\":\"https:\/\/nitu.mx\/wp-content\/uploads\/2022\/03\/Aeropuerto-Cancu\u0301n.jpg\",\"width\":1200,\"height\":675,\"caption\":\"Quintana Roo ocupaci\u00f3n turistas a\u00e9reos\"},{\"@type\":\"BreadcrumbList\",\"@id\":\"https:\/\/nitu.mx\/index.php\/2023\/08\/27\/ocupacion-en-vuelos-internacionales-llega-al-82-dallas-cancun-encabeza-la-oferta\/#breadcrumb\",\"itemListElement\":[{\"@type\":\"ListItem\",\"position\":1,\"name\":\"Inicio\",\"item\":\"https:\/\/nitu.mx\/\"},{\"@type\":\"ListItem\",\"position\":2,\"name\":\"Ocupaci\u00f3n en vuelos internacionales llega al 82%, Dallas-Canc\u00fan encabeza la oferta\"}]},{\"@type\":\"WebSite\",\"@id\":\"https:\/\/nitu.mx\/#website\",\"url\":\"https:\/\/nitu.mx\/\",\"name\":\"Nitu - Noticias de la Industria Turistica\",\"description\":\"Noticias de la Industria Turistica\",\"publisher\":{\"@id\":\"https:\/\/nitu.mx\/#\/schema\/person\/ae7a53426417292d3dd07b45a33e01bc\"},\"alternateName\":\"Noticias de la Industria Turistica\",\"potentialAction\":[{\"@type\":\"SearchAction\",\"target\":{\"@type\":\"EntryPoint\",\"urlTemplate\":\"https:\/\/nitu.mx\/?s={search_term_string}\"},\"query-input\":\"required name=search_term_string\"}],\"inLanguage\":\"es-MX\"},{\"@type\":[\"Person\",\"Organization\"],\"@id\":\"https:\/\/nitu.mx\/#\/schema\/person\/ae7a53426417292d3dd07b45a33e01bc\",\"name\":\"Arturo Medina\",\"image\":{\"@type\":\"ImageObject\",\"inLanguage\":\"es-MX\",\"@id\":\"https:\/\/nitu.mx\/#\/schema\/person\/image\/\",\"url\":\"https:\/\/nitu.mx\/wp-content\/uploads\/2024\/04\/4A315622-1904-4D5C-B022-878CDC840E04-90x90-1.jpeg\",\"contentUrl\":\"https:\/\/nitu.mx\/wp-content\/uploads\/2024\/04\/4A315622-1904-4D5C-B022-878CDC840E04-90x90-1.jpeg\",\"width\":90,\"height\":90,\"caption\":\"Arturo Medina\"},\"logo\":{\"@id\":\"https:\/\/nitu.mx\/#\/schema\/person\/image\/\"},\"description\":\"Director NITU.mx, Egresado de la Escuela de Periodismo Carlos Septi\u00e9n Garc\u00eda. Periodista y analista especializado en turismo desde hace 35 a\u00f1os, radicado en Canc\u00fan Q.Roo. arturo@nitu.mx\",\"sameAs\":[\"https:\/\/nitu.mx\",\"https:\/\/www.facebook.com\/NITUmx\/\",\"medinacancun\",\"https:\/\/twitter.com\/@Arturo_Medina_G\"]},{\"@type\":\"Person\",\"@id\":\"https:\/\/nitu.mx\/#\/schema\/person\/4a28fe9bd65924f7c90623773daf1b0b\",\"name\":\"Redacci\u00f3n\",\"image\":{\"@type\":\"ImageObject\",\"inLanguage\":\"es-MX\",\"@id\":\"https:\/\/nitu.mx\/#\/schema\/person\/image\/\",\"url\":\"https:\/\/secure.gravatar.com\/avatar\/5dd011c8ccfc5cd7e4c81e42252aab38?s=96&d=mm&r=g\",\"contentUrl\":\"https:\/\/secure.gravatar.com\/avatar\/5dd011c8ccfc5cd7e4c81e42252aab38?s=96&d=mm&r=g\",\"caption\":\"Redacci\u00f3n\"},\"url\":\"https:\/\/nitu.mx\/index.php\/author\/redaccion\/\"}]}<\/script>\n<!-- \/ Yoast SEO plugin. -->","yoast_head_json":{"title":"Ocupaci\u00f3n en vuelos internacionales llega al 82%, Dallas-Canc\u00fan encabeza la oferta - Nitu - Noticias de la Industria Turistica","robots":{"index":"index","follow":"follow","max-snippet":"max-snippet:-1","max-image-preview":"max-image-preview:large","max-video-preview":"max-video-preview:-1"},"canonical":"https:\/\/nitu.mx\/index.php\/2023\/08\/27\/ocupacion-en-vuelos-internacionales-llega-al-82-dallas-cancun-encabeza-la-oferta\/","twitter_card":"summary_large_image","twitter_title":"Ocupaci\u00f3n en vuelos internacionales llega al 82%, Dallas-Canc\u00fan encabeza la oferta - Nitu - Noticias de la Industria Turistica","twitter_description":"La Secretar\u00eda de Turismo federal (Sectur) inform\u00f3 que\u00a0en junio de 2023, la\u00a0ocupaci\u00f3n\u00a0de\u00a0asientos\u00a0en vuelos internacionales a M\u00e9xico fue de 82%, siendo la cifra m\u00e1s alta en lo que va del a\u00f1o, al ofertarse 2 millones 787 mil\u00a079 asientos, de los cuales se transportaron 2 millones 295 mil 64 pasajeros. El titular de Sectur, Miguel Torruco, se\u00f1al\u00f3 [&hellip;]","twitter_image":"https:\/\/nitu.mx\/wp-content\/uploads\/2022\/03\/Aeropuerto-Cancu\u0301n.jpg","twitter_creator":"@NITUmx","twitter_site":"@Arturo_Medina_G","twitter_misc":{"Escrito por":"Redacci\u00f3n","Tiempo de lectura":"3 minutos"},"schema":{"@context":"https:\/\/schema.org","@graph":[{"@type":"Article","@id":"https:\/\/nitu.mx\/index.php\/2023\/08\/27\/ocupacion-en-vuelos-internacionales-llega-al-82-dallas-cancun-encabeza-la-oferta\/#article","isPartOf":{"@id":"https:\/\/nitu.mx\/index.php\/2023\/08\/27\/ocupacion-en-vuelos-internacionales-llega-al-82-dallas-cancun-encabeza-la-oferta\/"},"author":{"name":"Redacci\u00f3n","@id":"https:\/\/nitu.mx\/#\/schema\/person\/4a28fe9bd65924f7c90623773daf1b0b"},"headline":"Ocupaci\u00f3n en vuelos internacionales llega al 82%, Dallas-Canc\u00fan encabeza la oferta","datePublished":"2023-08-27T20:38:59+00:00","dateModified":"2023-08-28T05:42:27+00:00","mainEntityOfPage":{"@id":"https:\/\/nitu.mx\/index.php\/2023\/08\/27\/ocupacion-en-vuelos-internacionales-llega-al-82-dallas-cancun-encabeza-la-oferta\/"},"wordCount":535,"commentCount":0,"publisher":{"@id":"https:\/\/nitu.mx\/#\/schema\/person\/ae7a53426417292d3dd07b45a33e01bc"},"image":{"@id":"https:\/\/nitu.mx\/index.php\/2023\/08\/27\/ocupacion-en-vuelos-internacionales-llega-al-82-dallas-cancun-encabeza-la-oferta\/#primaryimage"},"thumbnailUrl":"https:\/\/nitu.mx\/wp-content\/uploads\/2022\/03\/Aeropuerto-Cancu\u0301n.jpg","keywords":["AICM","Canc\u00fan","conectividad","Miguel Torruco","ocupaci\u00f3n","Sectur"],"articleSection":["Aeropuertos"],"inLanguage":"es-MX","potentialAction":[{"@type":"CommentAction","name":"Comment","target":["https:\/\/nitu.mx\/index.php\/2023\/08\/27\/ocupacion-en-vuelos-internacionales-llega-al-82-dallas-cancun-encabeza-la-oferta\/#respond"]}]},{"@type":"WebPage","@id":"https:\/\/nitu.mx\/index.php\/2023\/08\/27\/ocupacion-en-vuelos-internacionales-llega-al-82-dallas-cancun-encabeza-la-oferta\/","url":"https:\/\/nitu.mx\/index.php\/2023\/08\/27\/ocupacion-en-vuelos-internacionales-llega-al-82-dallas-cancun-encabeza-la-oferta\/","name":"Ocupaci\u00f3n en vuelos internacionales llega al 82%, Dallas-Canc\u00fan encabeza la oferta - Nitu - Noticias de la Industria Turistica","isPartOf":{"@id":"https:\/\/nitu.mx\/#website"},"primaryImageOfPage":{"@id":"https:\/\/nitu.mx\/index.php\/2023\/08\/27\/ocupacion-en-vuelos-internacionales-llega-al-82-dallas-cancun-encabeza-la-oferta\/#primaryimage"},"image":{"@id":"https:\/\/nitu.mx\/index.php\/2023\/08\/27\/ocupacion-en-vuelos-internacionales-llega-al-82-dallas-cancun-encabeza-la-oferta\/#primaryimage"},"thumbnailUrl":"https:\/\/nitu.mx\/wp-content\/uploads\/2022\/03\/Aeropuerto-Cancu\u0301n.jpg","datePublished":"2023-08-27T20:38:59+00:00","dateModified":"2023-08-28T05:42:27+00:00","breadcrumb":{"@id":"https:\/\/nitu.mx\/index.php\/2023\/08\/27\/ocupacion-en-vuelos-internacionales-llega-al-82-dallas-cancun-encabeza-la-oferta\/#breadcrumb"},"inLanguage":"es-MX","potentialAction":[{"@type":"ReadAction","target":["https:\/\/nitu.mx\/index.php\/2023\/08\/27\/ocupacion-en-vuelos-internacionales-llega-al-82-dallas-cancun-encabeza-la-oferta\/"]}]},{"@type":"ImageObject","inLanguage":"es-MX","@id":"https:\/\/nitu.mx\/index.php\/2023\/08\/27\/ocupacion-en-vuelos-internacionales-llega-al-82-dallas-cancun-encabeza-la-oferta\/#primaryimage","url":"https:\/\/nitu.mx\/wp-content\/uploads\/2022\/03\/Aeropuerto-Cancu\u0301n.jpg","contentUrl":"https:\/\/nitu.mx\/wp-content\/uploads\/2022\/03\/Aeropuerto-Cancu\u0301n.jpg","width":1200,"height":675,"caption":"Quintana Roo ocupaci\u00f3n turistas a\u00e9reos"},{"@type":"BreadcrumbList","@id":"https:\/\/nitu.mx\/index.php\/2023\/08\/27\/ocupacion-en-vuelos-internacionales-llega-al-82-dallas-cancun-encabeza-la-oferta\/#breadcrumb","itemListElement":[{"@type":"ListItem","position":1,"name":"Inicio","item":"https:\/\/nitu.mx\/"},{"@type":"ListItem","position":2,"name":"Ocupaci\u00f3n en vuelos internacionales llega al 82%, Dallas-Canc\u00fan encabeza la oferta"}]},{"@type":"WebSite","@id":"https:\/\/nitu.mx\/#website","url":"https:\/\/nitu.mx\/","name":"Nitu - Noticias de la Industria Turistica","description":"Noticias de la Industria Turistica","publisher":{"@id":"https:\/\/nitu.mx\/#\/schema\/person\/ae7a53426417292d3dd07b45a33e01bc"},"alternateName":"Noticias de la Industria Turistica","potentialAction":[{"@type":"SearchAction","target":{"@type":"EntryPoint","urlTemplate":"https:\/\/nitu.mx\/?s={search_term_string}"},"query-input":"required name=search_term_string"}],"inLanguage":"es-MX"},{"@type":["Person","Organization"],"@id":"https:\/\/nitu.mx\/#\/schema\/person\/ae7a53426417292d3dd07b45a33e01bc","name":"Arturo Medina","image":{"@type":"ImageObject","inLanguage":"es-MX","@id":"https:\/\/nitu.mx\/#\/schema\/person\/image\/","url":"https:\/\/nitu.mx\/wp-content\/uploads\/2024\/04\/4A315622-1904-4D5C-B022-878CDC840E04-90x90-1.jpeg","contentUrl":"https:\/\/nitu.mx\/wp-content\/uploads\/2024\/04\/4A315622-1904-4D5C-B022-878CDC840E04-90x90-1.jpeg","width":90,"height":90,"caption":"Arturo Medina"},"logo":{"@id":"https:\/\/nitu.mx\/#\/schema\/person\/image\/"},"description":"Director NITU.mx, Egresado de la Escuela de Periodismo Carlos Septi\u00e9n Garc\u00eda. Periodista y analista especializado en turismo desde hace 35 a\u00f1os, radicado en Canc\u00fan Q.Roo. arturo@nitu.mx","sameAs":["https:\/\/nitu.mx","https:\/\/www.facebook.com\/NITUmx\/","medinacancun","https:\/\/twitter.com\/@Arturo_Medina_G"]},{"@type":"Person","@id":"https:\/\/nitu.mx\/#\/schema\/person\/4a28fe9bd65924f7c90623773daf1b0b","name":"Redacci\u00f3n","image":{"@type":"ImageObject","inLanguage":"es-MX","@id":"https:\/\/nitu.mx\/#\/schema\/person\/image\/","url":"https:\/\/secure.gravatar.com\/avatar\/5dd011c8ccfc5cd7e4c81e42252aab38?s=96&d=mm&r=g","contentUrl":"https:\/\/secure.gravatar.com\/avatar\/5dd011c8ccfc5cd7e4c81e42252aab38?s=96&d=mm&r=g","caption":"Redacci\u00f3n"},"url":"https:\/\/nitu.mx\/index.php\/author\/redaccion\/"}]}},"views":312,"_links":{"self":[{"href":"https:\/\/nitu.mx\/index.php\/wp-json\/wp\/v2\/posts\/65859"}],"collection":[{"href":"https:\/\/nitu.mx\/index.php\/wp-json\/wp\/v2\/posts"}],"about":[{"href":"https:\/\/nitu.mx\/index.php\/wp-json\/wp\/v2\/types\/post"}],"author":[{"embeddable":true,"href":"https:\/\/nitu.mx\/index.php\/wp-json\/wp\/v2\/users\/17"}],"replies":[{"embeddable":true,"href":"https:\/\/nitu.mx\/index.php\/wp-json\/wp\/v2\/comments?post=65859"}],"version-history":[{"count":1,"href":"https:\/\/nitu.mx\/index.php\/wp-json\/wp\/v2\/posts\/65859\/revisions"}],"predecessor-version":[{"id":65860,"href":"https:\/\/nitu.mx\/index.php\/wp-json\/wp\/v2\/posts\/65859\/revisions\/65860"}],"wp:featuredmedia":[{"embeddable":true,"href":"https:\/\/nitu.mx\/index.php\/wp-json\/wp\/v2\/media\/58737"}],"wp:attachment":[{"href":"https:\/\/nitu.mx\/index.php\/wp-json\/wp\/v2\/media?parent=65859"}],"wp:term":[{"taxonomy":"category","embeddable":true,"href":"https:\/\/nitu.mx\/index.php\/wp-json\/wp\/v2\/categories?post=65859"},{"taxonomy":"post_tag","embeddable":true,"href":"https:\/\/nitu.mx\/index.php\/wp-json\/wp\/v2\/tags?post=65859"}],"curies":[{"name":"wp","href":"https:\/\/api.w.org\/{rel}","templated":true}]}}