{"id":65811,"date":"2023-08-23T23:04:42","date_gmt":"2023-08-24T04:04:42","guid":{"rendered":"https:\/\/www.dev.nitu.mx\/?p=65811"},"modified":"2023-08-24T00:03:23","modified_gmt":"2023-08-24T05:03:23","slug":"amatur-promueve-calidad-y-gestion-de-emociones-como-diferenciador-para-el-turismo","status":"publish","type":"post","link":"https:\/\/nitu.mx\/index.php\/2023\/08\/23\/amatur-promueve-calidad-y-gestion-de-emociones-como-diferenciador-para-el-turismo\/","title":{"rendered":"AMATUR promueve calidad y gesti\u00f3n de emociones como diferenciador para el turismo"},"content":{"rendered":"<p>La Asociaci\u00f3n Mexicana de Agencias de Turismo Receptivo (AMATUR)\u00a0promueve la calidad en el servicio tur\u00edstico, a trav\u00e9s de su programa de capacitaci\u00f3n y formaci\u00f3n, dirigido a todas las personas que se desenvuelven laboralmente en el sector. Lo anterior como parte de su estrategia para mejorar la satisfacci\u00f3n y lealtad de los turistas que est\u00e1n en busca de experiencias enriquecedoras.<\/p>\n<p>Por esta raz\u00f3n, AMATUR realizar\u00e1, a lo largo del a\u00f1o, una serie de conferencias con el t\u00edtulo: \u201cCalidad en el Servicio Tur\u00edstico y Gesti\u00f3n de las Emociones\u201d. El objetivo de la estrategia es resaltar que, en el sector tur\u00edstico, la capacitaci\u00f3n en estos temas se puede traducir en clientes y viajeros satisfechos que recomendar\u00e1n el destino y se volver\u00e1n visitantes recurrentes.<\/p>\n<p>\u201cOfrecer un producto o servicio de mayor valor, m\u00e1s all\u00e1 de ventaja competitiva, es fundamental en el sector turismo. La experiencia demuestra que la infraestructura es un elemento importante en la percepci\u00f3n de los turistas, sin embargo, la atenci\u00f3n, la amabilidad y sobre todo la capacidad de respuesta del personal ante cualquier eventualidad hacen la diferencia. La calidad y la gesti\u00f3n de las emociones son elementos determinantes para que un turista se sienta especial y su visita al destino, supere sus expectativas\u201d, mencion\u00f3 Sergio Gonz\u00e1lez Rubiera, presidente ejecutivo de la AMATUR.<\/p>\n<p>En este sentido, la asociaci\u00f3n\u00a0recomienda a las empresas implementar un plan de capacitaci\u00f3n sobre calidad en el servicio y gesti\u00f3n de las emociones, a fin de mejorar y potenciar las habilidades del personal para reducir los riesgos de insatisfacci\u00f3n de los vacacionistas.<\/p>\n<p>Por su parte, los asistentes al curso se sensibilizan sobre la importancia de saber gestionar las emociones de los turistas e identifican que ante la fuerte competencia que hoy existe entre los m\u00faltiples destinos tur\u00edsticos, ofrecer beneficios y valores agregados, son requisitos fundamentales para tener \u00e9xito.<\/p>\n<p>Las conferencias que se han realizado hasta ahora a lo largo del pa\u00eds, para distintas empresas e instituciones, han sido todo un \u00e9xito, entre ellas la de Los Cabos que tuvo lugar en este mes de agosto. Las fechas se siguen programando en los distintos polos tur\u00edsticos donde la asociaci\u00f3n tiene presencia, la m\u00e1s cercana se tiene programada en Puerto Vallarta. \u201cEn AMATUR seguiremos trabajando para impulsar todo aquello que signifique un beneficio para los asociados y para los destinos tur\u00edsticos\u201d, concluy\u00f3 Gonz\u00e1lez Rubiera.\u00a0<a title=\"Firman convenio AMATUR y Grupo Hospitalario Joya\" href=\"https:\/\/www.dev.nitu.mx\/index.php\/2023\/08\/10\/firman-convenio-amatur-y-grupo-hospitalario-joya\/\" rel=\"bookmark\">(Firman convenio AMATUR y Grupo Hospitalario Joya<\/a>).<\/p>\n","protected":false},"excerpt":{"rendered":"<p>La Asociaci\u00f3n Mexicana de Agencias de Turismo Receptivo (AMATUR)\u00a0promueve la calidad en el servicio tur\u00edstico, a trav\u00e9s de su programa de capacitaci\u00f3n y formaci\u00f3n, dirigido a todas las personas que se desenvuelven laboralmente en el sector. Lo anterior como parte de su estrategia para mejorar la satisfacci\u00f3n y lealtad de los turistas que est\u00e1n en [&hellip;]<\/p>\n","protected":false},"author":17,"featured_media":65813,"comment_status":"open","ping_status":"open","sticky":false,"template":"","format":"standard","meta":{"footnotes":""},"categories":[3],"tags":[23855,24148,24150,24149,338],"yoast_head":"<!-- This site is optimized with the Yoast SEO plugin v22.2 - https:\/\/yoast.com\/wordpress\/plugins\/seo\/ -->\n<title>AMATUR promueve calidad y gesti\u00f3n de emociones como diferenciador para el turismo - Nitu - Noticias de la Industria Turistica<\/title>\n<meta name=\"robots\" content=\"index, follow, max-snippet:-1, max-image-preview:large, max-video-preview:-1\" \/>\n<link rel=\"canonical\" href=\"https:\/\/nitu.mx\/index.php\/2023\/08\/23\/amatur-promueve-calidad-y-gestion-de-emociones-como-diferenciador-para-el-turismo\/\" \/>\n<meta name=\"twitter:card\" content=\"summary_large_image\" \/>\n<meta name=\"twitter:title\" content=\"AMATUR promueve calidad y gesti\u00f3n de emociones como diferenciador para el turismo - Nitu - Noticias de la Industria Turistica\" \/>\n<meta name=\"twitter:description\" content=\"La Asociaci\u00f3n Mexicana de Agencias de Turismo Receptivo (AMATUR)\u00a0promueve la calidad en el servicio tur\u00edstico, a trav\u00e9s de su programa de capacitaci\u00f3n y formaci\u00f3n, dirigido a todas las personas que se desenvuelven laboralmente en el sector. Lo anterior como parte de su estrategia para mejorar la satisfacci\u00f3n y lealtad de los turistas que est\u00e1n en [&hellip;]\" \/>\n<meta name=\"twitter:image\" content=\"https:\/\/nitu.mx\/wp-content\/uploads\/2023\/08\/AMATUR-CALIDAD-GESTI\u00d3N-DE-EMOCIONES.jpeg\" \/>\n<meta name=\"twitter:creator\" content=\"@NITUmx\" \/>\n<meta name=\"twitter:site\" content=\"@Arturo_Medina_G\" \/>\n<meta name=\"twitter:label1\" content=\"Escrito por\" \/>\n\t<meta name=\"twitter:data1\" content=\"Redacci\u00f3n\" \/>\n\t<meta name=\"twitter:label2\" content=\"Tiempo de lectura\" \/>\n\t<meta name=\"twitter:data2\" content=\"2 minutos\" \/>\n<script type=\"application\/ld+json\" class=\"yoast-schema-graph\">{\"@context\":\"https:\/\/schema.org\",\"@graph\":[{\"@type\":\"Article\",\"@id\":\"https:\/\/nitu.mx\/index.php\/2023\/08\/23\/amatur-promueve-calidad-y-gestion-de-emociones-como-diferenciador-para-el-turismo\/#article\",\"isPartOf\":{\"@id\":\"https:\/\/nitu.mx\/index.php\/2023\/08\/23\/amatur-promueve-calidad-y-gestion-de-emociones-como-diferenciador-para-el-turismo\/\"},\"author\":{\"name\":\"Redacci\u00f3n\",\"@id\":\"https:\/\/nitu.mx\/#\/schema\/person\/4a28fe9bd65924f7c90623773daf1b0b\"},\"headline\":\"AMATUR promueve calidad y gesti\u00f3n de emociones como diferenciador para el turismo\",\"datePublished\":\"2023-08-24T04:04:42+00:00\",\"dateModified\":\"2023-08-24T05:03:23+00:00\",\"mainEntityOfPage\":{\"@id\":\"https:\/\/nitu.mx\/index.php\/2023\/08\/23\/amatur-promueve-calidad-y-gestion-de-emociones-como-diferenciador-para-el-turismo\/\"},\"wordCount\":438,\"commentCount\":0,\"publisher\":{\"@id\":\"https:\/\/nitu.mx\/#\/schema\/person\/ae7a53426417292d3dd07b45a33e01bc\"},\"image\":{\"@id\":\"https:\/\/nitu.mx\/index.php\/2023\/08\/23\/amatur-promueve-calidad-y-gestion-de-emociones-como-diferenciador-para-el-turismo\/#primaryimage\"},\"thumbnailUrl\":\"https:\/\/nitu.mx\/wp-content\/uploads\/2023\/08\/AMATUR-CALIDAD-GESTI\u00d3N-DE-EMOCIONES.jpeg\",\"keywords\":[\"AMATUR\",\"calidad\",\"cursos\",\"gesti\u00f3n de emociones\",\"Sergio Gonz\u00e1lez Rubiera\"],\"articleSection\":[\"Agencias de Viajes\"],\"inLanguage\":\"es-MX\",\"potentialAction\":[{\"@type\":\"CommentAction\",\"name\":\"Comment\",\"target\":[\"https:\/\/nitu.mx\/index.php\/2023\/08\/23\/amatur-promueve-calidad-y-gestion-de-emociones-como-diferenciador-para-el-turismo\/#respond\"]}]},{\"@type\":\"WebPage\",\"@id\":\"https:\/\/nitu.mx\/index.php\/2023\/08\/23\/amatur-promueve-calidad-y-gestion-de-emociones-como-diferenciador-para-el-turismo\/\",\"url\":\"https:\/\/nitu.mx\/index.php\/2023\/08\/23\/amatur-promueve-calidad-y-gestion-de-emociones-como-diferenciador-para-el-turismo\/\",\"name\":\"AMATUR promueve calidad y gesti\u00f3n de emociones como diferenciador para el turismo - Nitu - Noticias de la Industria Turistica\",\"isPartOf\":{\"@id\":\"https:\/\/nitu.mx\/#website\"},\"primaryImageOfPage\":{\"@id\":\"https:\/\/nitu.mx\/index.php\/2023\/08\/23\/amatur-promueve-calidad-y-gestion-de-emociones-como-diferenciador-para-el-turismo\/#primaryimage\"},\"image\":{\"@id\":\"https:\/\/nitu.mx\/index.php\/2023\/08\/23\/amatur-promueve-calidad-y-gestion-de-emociones-como-diferenciador-para-el-turismo\/#primaryimage\"},\"thumbnailUrl\":\"https:\/\/nitu.mx\/wp-content\/uploads\/2023\/08\/AMATUR-CALIDAD-GESTI\u00d3N-DE-EMOCIONES.jpeg\",\"datePublished\":\"2023-08-24T04:04:42+00:00\",\"dateModified\":\"2023-08-24T05:03:23+00:00\",\"breadcrumb\":{\"@id\":\"https:\/\/nitu.mx\/index.php\/2023\/08\/23\/amatur-promueve-calidad-y-gestion-de-emociones-como-diferenciador-para-el-turismo\/#breadcrumb\"},\"inLanguage\":\"es-MX\",\"potentialAction\":[{\"@type\":\"ReadAction\",\"target\":[\"https:\/\/nitu.mx\/index.php\/2023\/08\/23\/amatur-promueve-calidad-y-gestion-de-emociones-como-diferenciador-para-el-turismo\/\"]}]},{\"@type\":\"ImageObject\",\"inLanguage\":\"es-MX\",\"@id\":\"https:\/\/nitu.mx\/index.php\/2023\/08\/23\/amatur-promueve-calidad-y-gestion-de-emociones-como-diferenciador-para-el-turismo\/#primaryimage\",\"url\":\"https:\/\/nitu.mx\/wp-content\/uploads\/2023\/08\/AMATUR-CALIDAD-GESTI\u00d3N-DE-EMOCIONES.jpeg\",\"contentUrl\":\"https:\/\/nitu.mx\/wp-content\/uploads\/2023\/08\/AMATUR-CALIDAD-GESTI\u00d3N-DE-EMOCIONES.jpeg\",\"width\":1200,\"height\":675,\"caption\":\"Amatur\"},{\"@type\":\"BreadcrumbList\",\"@id\":\"https:\/\/nitu.mx\/index.php\/2023\/08\/23\/amatur-promueve-calidad-y-gestion-de-emociones-como-diferenciador-para-el-turismo\/#breadcrumb\",\"itemListElement\":[{\"@type\":\"ListItem\",\"position\":1,\"name\":\"Inicio\",\"item\":\"https:\/\/nitu.mx\/\"},{\"@type\":\"ListItem\",\"position\":2,\"name\":\"AMATUR promueve calidad y gesti\u00f3n de emociones como diferenciador para el turismo\"}]},{\"@type\":\"WebSite\",\"@id\":\"https:\/\/nitu.mx\/#website\",\"url\":\"https:\/\/nitu.mx\/\",\"name\":\"Nitu - Noticias de la Industria Turistica\",\"description\":\"Noticias de la Industria Turistica\",\"publisher\":{\"@id\":\"https:\/\/nitu.mx\/#\/schema\/person\/ae7a53426417292d3dd07b45a33e01bc\"},\"alternateName\":\"Noticias de la Industria Turistica\",\"potentialAction\":[{\"@type\":\"SearchAction\",\"target\":{\"@type\":\"EntryPoint\",\"urlTemplate\":\"https:\/\/nitu.mx\/?s={search_term_string}\"},\"query-input\":\"required name=search_term_string\"}],\"inLanguage\":\"es-MX\"},{\"@type\":[\"Person\",\"Organization\"],\"@id\":\"https:\/\/nitu.mx\/#\/schema\/person\/ae7a53426417292d3dd07b45a33e01bc\",\"name\":\"Arturo Medina\",\"image\":{\"@type\":\"ImageObject\",\"inLanguage\":\"es-MX\",\"@id\":\"https:\/\/nitu.mx\/#\/schema\/person\/image\/\",\"url\":\"https:\/\/nitu.mx\/wp-content\/uploads\/2024\/04\/4A315622-1904-4D5C-B022-878CDC840E04-90x90-1.jpeg\",\"contentUrl\":\"https:\/\/nitu.mx\/wp-content\/uploads\/2024\/04\/4A315622-1904-4D5C-B022-878CDC840E04-90x90-1.jpeg\",\"width\":90,\"height\":90,\"caption\":\"Arturo Medina\"},\"logo\":{\"@id\":\"https:\/\/nitu.mx\/#\/schema\/person\/image\/\"},\"description\":\"Director NITU.mx, Egresado de la Escuela de Periodismo Carlos Septi\u00e9n Garc\u00eda. Periodista y analista especializado en turismo desde hace 35 a\u00f1os, radicado en Canc\u00fan Q.Roo. arturo@nitu.mx\",\"sameAs\":[\"https:\/\/nitu.mx\",\"https:\/\/www.facebook.com\/NITUmx\/\",\"medinacancun\",\"https:\/\/twitter.com\/@Arturo_Medina_G\"]},{\"@type\":\"Person\",\"@id\":\"https:\/\/nitu.mx\/#\/schema\/person\/4a28fe9bd65924f7c90623773daf1b0b\",\"name\":\"Redacci\u00f3n\",\"image\":{\"@type\":\"ImageObject\",\"inLanguage\":\"es-MX\",\"@id\":\"https:\/\/nitu.mx\/#\/schema\/person\/image\/\",\"url\":\"https:\/\/secure.gravatar.com\/avatar\/5dd011c8ccfc5cd7e4c81e42252aab38?s=96&d=mm&r=g\",\"contentUrl\":\"https:\/\/secure.gravatar.com\/avatar\/5dd011c8ccfc5cd7e4c81e42252aab38?s=96&d=mm&r=g\",\"caption\":\"Redacci\u00f3n\"},\"url\":\"https:\/\/nitu.mx\/index.php\/author\/redaccion\/\"}]}<\/script>\n<!-- \/ Yoast SEO plugin. -->","yoast_head_json":{"title":"AMATUR promueve calidad y gesti\u00f3n de emociones como diferenciador para el turismo - Nitu - Noticias de la Industria Turistica","robots":{"index":"index","follow":"follow","max-snippet":"max-snippet:-1","max-image-preview":"max-image-preview:large","max-video-preview":"max-video-preview:-1"},"canonical":"https:\/\/nitu.mx\/index.php\/2023\/08\/23\/amatur-promueve-calidad-y-gestion-de-emociones-como-diferenciador-para-el-turismo\/","twitter_card":"summary_large_image","twitter_title":"AMATUR promueve calidad y gesti\u00f3n de emociones como diferenciador para el turismo - Nitu - Noticias de la Industria Turistica","twitter_description":"La Asociaci\u00f3n Mexicana de Agencias de Turismo Receptivo (AMATUR)\u00a0promueve la calidad en el servicio tur\u00edstico, a trav\u00e9s de su programa de capacitaci\u00f3n y formaci\u00f3n, dirigido a todas las personas que se desenvuelven laboralmente en el sector. Lo anterior como parte de su estrategia para mejorar la satisfacci\u00f3n y lealtad de los turistas que est\u00e1n en [&hellip;]","twitter_image":"https:\/\/nitu.mx\/wp-content\/uploads\/2023\/08\/AMATUR-CALIDAD-GESTI\u00d3N-DE-EMOCIONES.jpeg","twitter_creator":"@NITUmx","twitter_site":"@Arturo_Medina_G","twitter_misc":{"Escrito por":"Redacci\u00f3n","Tiempo de lectura":"2 minutos"},"schema":{"@context":"https:\/\/schema.org","@graph":[{"@type":"Article","@id":"https:\/\/nitu.mx\/index.php\/2023\/08\/23\/amatur-promueve-calidad-y-gestion-de-emociones-como-diferenciador-para-el-turismo\/#article","isPartOf":{"@id":"https:\/\/nitu.mx\/index.php\/2023\/08\/23\/amatur-promueve-calidad-y-gestion-de-emociones-como-diferenciador-para-el-turismo\/"},"author":{"name":"Redacci\u00f3n","@id":"https:\/\/nitu.mx\/#\/schema\/person\/4a28fe9bd65924f7c90623773daf1b0b"},"headline":"AMATUR promueve calidad y gesti\u00f3n de emociones como diferenciador para el turismo","datePublished":"2023-08-24T04:04:42+00:00","dateModified":"2023-08-24T05:03:23+00:00","mainEntityOfPage":{"@id":"https:\/\/nitu.mx\/index.php\/2023\/08\/23\/amatur-promueve-calidad-y-gestion-de-emociones-como-diferenciador-para-el-turismo\/"},"wordCount":438,"commentCount":0,"publisher":{"@id":"https:\/\/nitu.mx\/#\/schema\/person\/ae7a53426417292d3dd07b45a33e01bc"},"image":{"@id":"https:\/\/nitu.mx\/index.php\/2023\/08\/23\/amatur-promueve-calidad-y-gestion-de-emociones-como-diferenciador-para-el-turismo\/#primaryimage"},"thumbnailUrl":"https:\/\/nitu.mx\/wp-content\/uploads\/2023\/08\/AMATUR-CALIDAD-GESTI\u00d3N-DE-EMOCIONES.jpeg","keywords":["AMATUR","calidad","cursos","gesti\u00f3n de emociones","Sergio Gonz\u00e1lez Rubiera"],"articleSection":["Agencias de Viajes"],"inLanguage":"es-MX","potentialAction":[{"@type":"CommentAction","name":"Comment","target":["https:\/\/nitu.mx\/index.php\/2023\/08\/23\/amatur-promueve-calidad-y-gestion-de-emociones-como-diferenciador-para-el-turismo\/#respond"]}]},{"@type":"WebPage","@id":"https:\/\/nitu.mx\/index.php\/2023\/08\/23\/amatur-promueve-calidad-y-gestion-de-emociones-como-diferenciador-para-el-turismo\/","url":"https:\/\/nitu.mx\/index.php\/2023\/08\/23\/amatur-promueve-calidad-y-gestion-de-emociones-como-diferenciador-para-el-turismo\/","name":"AMATUR promueve calidad y gesti\u00f3n de emociones como diferenciador para el turismo - Nitu - Noticias de la Industria Turistica","isPartOf":{"@id":"https:\/\/nitu.mx\/#website"},"primaryImageOfPage":{"@id":"https:\/\/nitu.mx\/index.php\/2023\/08\/23\/amatur-promueve-calidad-y-gestion-de-emociones-como-diferenciador-para-el-turismo\/#primaryimage"},"image":{"@id":"https:\/\/nitu.mx\/index.php\/2023\/08\/23\/amatur-promueve-calidad-y-gestion-de-emociones-como-diferenciador-para-el-turismo\/#primaryimage"},"thumbnailUrl":"https:\/\/nitu.mx\/wp-content\/uploads\/2023\/08\/AMATUR-CALIDAD-GESTI\u00d3N-DE-EMOCIONES.jpeg","datePublished":"2023-08-24T04:04:42+00:00","dateModified":"2023-08-24T05:03:23+00:00","breadcrumb":{"@id":"https:\/\/nitu.mx\/index.php\/2023\/08\/23\/amatur-promueve-calidad-y-gestion-de-emociones-como-diferenciador-para-el-turismo\/#breadcrumb"},"inLanguage":"es-MX","potentialAction":[{"@type":"ReadAction","target":["https:\/\/nitu.mx\/index.php\/2023\/08\/23\/amatur-promueve-calidad-y-gestion-de-emociones-como-diferenciador-para-el-turismo\/"]}]},{"@type":"ImageObject","inLanguage":"es-MX","@id":"https:\/\/nitu.mx\/index.php\/2023\/08\/23\/amatur-promueve-calidad-y-gestion-de-emociones-como-diferenciador-para-el-turismo\/#primaryimage","url":"https:\/\/nitu.mx\/wp-content\/uploads\/2023\/08\/AMATUR-CALIDAD-GESTI\u00d3N-DE-EMOCIONES.jpeg","contentUrl":"https:\/\/nitu.mx\/wp-content\/uploads\/2023\/08\/AMATUR-CALIDAD-GESTI\u00d3N-DE-EMOCIONES.jpeg","width":1200,"height":675,"caption":"Amatur"},{"@type":"BreadcrumbList","@id":"https:\/\/nitu.mx\/index.php\/2023\/08\/23\/amatur-promueve-calidad-y-gestion-de-emociones-como-diferenciador-para-el-turismo\/#breadcrumb","itemListElement":[{"@type":"ListItem","position":1,"name":"Inicio","item":"https:\/\/nitu.mx\/"},{"@type":"ListItem","position":2,"name":"AMATUR promueve calidad y gesti\u00f3n de emociones como diferenciador para el turismo"}]},{"@type":"WebSite","@id":"https:\/\/nitu.mx\/#website","url":"https:\/\/nitu.mx\/","name":"Nitu - Noticias de la Industria Turistica","description":"Noticias de la Industria Turistica","publisher":{"@id":"https:\/\/nitu.mx\/#\/schema\/person\/ae7a53426417292d3dd07b45a33e01bc"},"alternateName":"Noticias de la Industria Turistica","potentialAction":[{"@type":"SearchAction","target":{"@type":"EntryPoint","urlTemplate":"https:\/\/nitu.mx\/?s={search_term_string}"},"query-input":"required name=search_term_string"}],"inLanguage":"es-MX"},{"@type":["Person","Organization"],"@id":"https:\/\/nitu.mx\/#\/schema\/person\/ae7a53426417292d3dd07b45a33e01bc","name":"Arturo Medina","image":{"@type":"ImageObject","inLanguage":"es-MX","@id":"https:\/\/nitu.mx\/#\/schema\/person\/image\/","url":"https:\/\/nitu.mx\/wp-content\/uploads\/2024\/04\/4A315622-1904-4D5C-B022-878CDC840E04-90x90-1.jpeg","contentUrl":"https:\/\/nitu.mx\/wp-content\/uploads\/2024\/04\/4A315622-1904-4D5C-B022-878CDC840E04-90x90-1.jpeg","width":90,"height":90,"caption":"Arturo Medina"},"logo":{"@id":"https:\/\/nitu.mx\/#\/schema\/person\/image\/"},"description":"Director NITU.mx, Egresado de la Escuela de Periodismo Carlos Septi\u00e9n Garc\u00eda. Periodista y analista especializado en turismo desde hace 35 a\u00f1os, radicado en Canc\u00fan Q.Roo. arturo@nitu.mx","sameAs":["https:\/\/nitu.mx","https:\/\/www.facebook.com\/NITUmx\/","medinacancun","https:\/\/twitter.com\/@Arturo_Medina_G"]},{"@type":"Person","@id":"https:\/\/nitu.mx\/#\/schema\/person\/4a28fe9bd65924f7c90623773daf1b0b","name":"Redacci\u00f3n","image":{"@type":"ImageObject","inLanguage":"es-MX","@id":"https:\/\/nitu.mx\/#\/schema\/person\/image\/","url":"https:\/\/secure.gravatar.com\/avatar\/5dd011c8ccfc5cd7e4c81e42252aab38?s=96&d=mm&r=g","contentUrl":"https:\/\/secure.gravatar.com\/avatar\/5dd011c8ccfc5cd7e4c81e42252aab38?s=96&d=mm&r=g","caption":"Redacci\u00f3n"},"url":"https:\/\/nitu.mx\/index.php\/author\/redaccion\/"}]}},"views":641,"_links":{"self":[{"href":"https:\/\/nitu.mx\/index.php\/wp-json\/wp\/v2\/posts\/65811"}],"collection":[{"href":"https:\/\/nitu.mx\/index.php\/wp-json\/wp\/v2\/posts"}],"about":[{"href":"https:\/\/nitu.mx\/index.php\/wp-json\/wp\/v2\/types\/post"}],"author":[{"embeddable":true,"href":"https:\/\/nitu.mx\/index.php\/wp-json\/wp\/v2\/users\/17"}],"replies":[{"embeddable":true,"href":"https:\/\/nitu.mx\/index.php\/wp-json\/wp\/v2\/comments?post=65811"}],"version-history":[{"count":3,"href":"https:\/\/nitu.mx\/index.php\/wp-json\/wp\/v2\/posts\/65811\/revisions"}],"predecessor-version":[{"id":65815,"href":"https:\/\/nitu.mx\/index.php\/wp-json\/wp\/v2\/posts\/65811\/revisions\/65815"}],"wp:featuredmedia":[{"embeddable":true,"href":"https:\/\/nitu.mx\/index.php\/wp-json\/wp\/v2\/media\/65813"}],"wp:attachment":[{"href":"https:\/\/nitu.mx\/index.php\/wp-json\/wp\/v2\/media?parent=65811"}],"wp:term":[{"taxonomy":"category","embeddable":true,"href":"https:\/\/nitu.mx\/index.php\/wp-json\/wp\/v2\/categories?post=65811"},{"taxonomy":"post_tag","embeddable":true,"href":"https:\/\/nitu.mx\/index.php\/wp-json\/wp\/v2\/tags?post=65811"}],"curies":[{"name":"wp","href":"https:\/\/api.w.org\/{rel}","templated":true}]}}