{"id":65703,"date":"2023-08-15T00:43:39","date_gmt":"2023-08-15T05:43:39","guid":{"rendered":"https:\/\/www.dev.nitu.mx\/?p=65703"},"modified":"2023-08-15T00:51:36","modified_gmt":"2023-08-15T05:51:36","slug":"el-chef-mexicano-jose-sosa-al-frente-del-nuevo-ummo-en-chicago","status":"publish","type":"post","link":"https:\/\/nitu.mx\/index.php\/2023\/08\/15\/el-chef-mexicano-jose-sosa-al-frente-del-nuevo-ummo-en-chicago\/","title":{"rendered":"El chef mexicano Jos\u00e9 Sosa al frente del nuevo Ummo en Chicago"},"content":{"rendered":"<p align=\"justify\">Se llev\u00f3 a cabo la inauguraci\u00f3n de Ummo que atrajo a luminarias de Chicago, as\u00ed como a algunos de los principales productores de aceites bals\u00e1micos, carne artesanal, queso y trufas de Italia. SOMOS Hospitality fue quien present\u00f3 en Chicago a UMMO: un restaurante italiano contempor\u00e1neo con un sal\u00f3n social, abierto en el coraz\u00f3n de River North en 22 W. Hubbard St. Con servicio de cena completa, el chef\/socio Jos\u00e9 Sosa, al frente del restaurante, presenta un men\u00fa italiano contempor\u00e1neo que revela los sabores de cocina regional en un espacio deslumbrante e ingeniosamente imaginado y dise\u00f1ado por Karen Herold de Studio K Creative.<\/p>\n<p align=\"justify\">En UMMO, el sal\u00f3n superior se llama simplemente &#8220;loft&#8221; y ofrece dos experiencias profundamente interconectadas que comparten una historia colorida de cultura y vida art\u00edstica. El mexicano chef Sosa es el coraz\u00f3n de la propuesta, reflejando su pasi\u00f3n insaciable por Italia y presentando men\u00fas con ingredientes superiores de todo el mundo, preparados de manera simple y elegante.<\/p>\n<p align=\"justify\">Adquieren productos de alta calidad directamente de productores en Italia y EE. UU., estableciendo asociaciones exclusivas como la que se disfruta con Andrea Bezzecchi, productor bals\u00e1mico de UMMO en Acetaia San Giacomo. Los ingredientes usados se expresan plenamente a trav\u00e9s de finas pastas caseras, selecciones de quesos y carnes, coloridos vegetales frescos de granjas locales, abundantes prote\u00ednas, delicadas opciones de mariscos y mucho m\u00e1s.<\/p>\n<p align=\"justify\">Con antipasti, primi, secondi y contorni, el men\u00fa cambia regularmente para reflejar la estacionalidad del momento y nuevos descubrimientos. Adem\u00e1s, las deliciosas opciones de Dolci se crean en colaboraci\u00f3n con el renombrado chef pastelero Jes\u00fas Escalera, y se presentan de manera visualmente creativa y t\u00e9cnicamente sabrosa.<\/p>\n<p align=\"justify\">Un destacado programa de vinos boutique resalta a productores principalmente de Italia, Francia, Espa\u00f1a y los Estados Unidos. Los clientes que buscan cocteles creativos podr\u00e1n disfrutar de una excelente selecci\u00f3n desarrollada por el director de bebidas James Van Der Bosch, quien recientemente fue l\u00edder en mixolog\u00eda en The Alinea Group. En UMMO, las bebidas son tan creativas como los platos del chef Sosa, llenas de arte y equilibrio. Puedes ver los men\u00fas completos en l\u00ednea.<\/p>\n<p align=\"justify\">La firma de dise\u00f1o Studio K Creative presenta una experiencia visual de UMMO que evoca una sensaci\u00f3n elegante al llegar. A medida que los invitados son guiados hacia un comedor sofisticado de dise\u00f1o abierto con capacidad para 100 personas y un bar \u00edntimo para 12, captan se\u00f1ales inspiradas en una de las galer\u00edas favoritas de Karen Herold en Mil\u00e1n.<\/p>\n<p align=\"justify\">Los espacios est\u00e1n envueltos en una paleta de colores recatados y naturales, donde la salvia, el bronceado y el marr\u00f3n predominan. Esta elecci\u00f3n es intencional. Al igual que el enfoque del chef Sosa en la simplicidad de los platos, Herold comparte una filosof\u00eda similar en cuanto al dise\u00f1o: permitir que la presencia de los invitados exprese la m\u00e1xima expresi\u00f3n de color.<\/p>\n<p align=\"justify\">El piso de espiga Ombre, hecho a medida por Diesel, con sede en Italia, llama la atenci\u00f3n durante mucho tiempo hacia la animada cocina abierta en el otro extremo del comedor. All\u00ed, la mirada se posa en una llamativa encimera de cobre, colocada directamente frente a la cocina, creando un punto focal dram\u00e1tico.<\/p>\n<p align=\"justify\">El arte es un elemento esencial en el ambiente de UMMO, presente en diversas formas. Descubrir\u00e1s piezas sofisticadas y cuidadosamente seleccionadas por la talentosa galerista Laura Rashid de LBC Art &amp; Design, las cuales aportan tanto color como conversaci\u00f3n.<\/p>\n<p align=\"justify\">En el comedor, podr\u00e1s admirar grabados antiguos y valiosos de festivales de jazz en Italia, hallazgos de mediados de siglo, esculturas \u00fanicas y muchas otras maravillas. Adem\u00e1s, el equipo de Herold reemplaz\u00f3 la pared de la escalera compartida que conduce al piso superior con vidrio, creando as\u00ed un punto de conexi\u00f3n visual fascinante entre los comensales y aquellos que suben las escaleras. \u00bfY qu\u00e9 decir de la cocina abierta? Es un verdadero arte en movimiento, desde el delicado enrollado de pasta hasta la intensidad de cocinar a fuego vivo.<\/p>\n<p align=\"justify\">A medida que los invitados suben al loft con capacidad para 200 asientos, sienten una energ\u00eda m\u00e1s alegre y animada, desde el momento en que se encuentran con enigm\u00e1ticas obras de arte colgadas hasta el techo a lo largo de la escalera. Una vez arriba, las piezas se distribuyen cuidadosamente por todo el amplio loft, apoyadas en la pared o colocadas encima de estantes que cuelgan casualmente de las vigas. Una impresionante instalaci\u00f3n de arte retro, retroiluminada, se extiende a lo largo de la pared oeste, evocando vibraciones tanto de la m\u00fasica disco como de la modernidad italiana.<\/p>\n<p align=\"justify\">El loft tiene un ambiente fresco y una inspiraci\u00f3n vintage de los a\u00f1os 70, con preciosas alfombras persas que cubren los suelos y una variedad de asientos que van desde un estilo de brasserie agradable hasta elegantes configuraciones de sal\u00f3n que ofrecen una vista privilegiada de la animada actividad social que los rodea.<\/p>\n<p align=\"justify\">Los muebles ecl\u00e9cticos son elegantes y funcionales: una credenza y un div\u00e1n aqu\u00ed, un sof\u00e1 de cuero suave all\u00e1. Aqu\u00ed, los invitados pueden deleitarse con un completo men\u00fa de deliciosas comidas, vinos exquisitos y c\u00f3cteles artesanales. Durante los fines de semana, pueden disfrutar de m\u00fasica en vivo y entretenimiento de DJ de primera categor\u00eda.<\/p>\n<p align=\"justify\">Adem\u00e1s, cuenta con un exclusivo comedor separado con capacidad para 16 invitados, ideal para disfrutar de experiencias gastron\u00f3micas privadas y exclusivas. Tambi\u00e9n se ofrece la posibilidad de adquirir el espacio completo para funciones sociales y corporativas.<\/p>\n<p align=\"justify\">En UMMO, los invitados vivir\u00e1n una emocionante historia sobre la cocina italiana: una experiencia que los envolver\u00e1 de principio a fin con pasi\u00f3n, habilidad y un profundo amor por los sabores atemporales y ese entusiasmo \u00fanico por la vida que solo se encuentra en Italia.\u00a0<a title=\"Choose Chicago releva su equipo de liderazgo en 3 posiciones estrat\u00e9gicas\" href=\"https:\/\/www.dev.nitu.mx\/index.php\/2023\/07\/25\/choose-chicago-releva-su-equipo-de-liderazgo-en-3-posiciones-estrategicas\/\" rel=\"bookmark\">(Choose Chicago releva su equipo de liderazgo en 3 posiciones estrat\u00e9gicas<\/a>).<\/p>\n","protected":false},"excerpt":{"rendered":"<p>Se llev\u00f3 a cabo la inauguraci\u00f3n de Ummo que atrajo a luminarias de Chicago, as\u00ed como a algunos de los principales productores de aceites bals\u00e1micos, carne artesanal, queso y trufas de Italia. SOMOS Hospitality fue quien present\u00f3 en Chicago a UMMO: un restaurante italiano contempor\u00e1neo con un sal\u00f3n social, abierto en el coraz\u00f3n de River [&hellip;]<\/p>\n","protected":false},"author":17,"featured_media":65705,"comment_status":"open","ping_status":"open","sticky":false,"template":"","format":"standard","meta":{"footnotes":""},"categories":[7],"tags":[7948,324,24129,24130],"yoast_head":"<!-- This site is optimized with the Yoast SEO plugin v22.2 - https:\/\/yoast.com\/wordpress\/plugins\/seo\/ -->\n<title>El chef mexicano Jos\u00e9 Sosa al frente del nuevo Ummo en Chicago - Nitu - Noticias de la Industria Turistica<\/title>\n<meta name=\"robots\" content=\"index, follow, max-snippet:-1, max-image-preview:large, max-video-preview:-1\" \/>\n<link rel=\"canonical\" href=\"https:\/\/nitu.mx\/index.php\/2023\/08\/15\/el-chef-mexicano-jose-sosa-al-frente-del-nuevo-ummo-en-chicago\/\" \/>\n<meta name=\"twitter:card\" content=\"summary_large_image\" \/>\n<meta name=\"twitter:title\" content=\"El chef mexicano Jos\u00e9 Sosa al frente del nuevo Ummo en Chicago - Nitu - Noticias de la Industria Turistica\" \/>\n<meta name=\"twitter:description\" content=\"Se llev\u00f3 a cabo la inauguraci\u00f3n de Ummo que atrajo a luminarias de Chicago, as\u00ed como a algunos de los principales productores de aceites bals\u00e1micos, carne artesanal, queso y trufas de Italia. SOMOS Hospitality fue quien present\u00f3 en Chicago a UMMO: un restaurante italiano contempor\u00e1neo con un sal\u00f3n social, abierto en el coraz\u00f3n de River [&hellip;]\" \/>\n<meta name=\"twitter:image\" content=\"https:\/\/nitu.mx\/wp-content\/uploads\/2023\/08\/Ummo-Chicago.jpg\" \/>\n<meta name=\"twitter:creator\" content=\"@NITUmx\" \/>\n<meta name=\"twitter:site\" content=\"@Arturo_Medina_G\" \/>\n<meta name=\"twitter:label1\" content=\"Escrito por\" \/>\n\t<meta name=\"twitter:data1\" content=\"Redacci\u00f3n\" \/>\n\t<meta name=\"twitter:label2\" content=\"Tiempo de lectura\" \/>\n\t<meta name=\"twitter:data2\" content=\"5 minutos\" \/>\n<script type=\"application\/ld+json\" class=\"yoast-schema-graph\">{\"@context\":\"https:\/\/schema.org\",\"@graph\":[{\"@type\":\"Article\",\"@id\":\"https:\/\/nitu.mx\/index.php\/2023\/08\/15\/el-chef-mexicano-jose-sosa-al-frente-del-nuevo-ummo-en-chicago\/#article\",\"isPartOf\":{\"@id\":\"https:\/\/nitu.mx\/index.php\/2023\/08\/15\/el-chef-mexicano-jose-sosa-al-frente-del-nuevo-ummo-en-chicago\/\"},\"author\":{\"name\":\"Redacci\u00f3n\",\"@id\":\"https:\/\/nitu.mx\/#\/schema\/person\/4a28fe9bd65924f7c90623773daf1b0b\"},\"headline\":\"El chef mexicano Jos\u00e9 Sosa al frente del nuevo Ummo en Chicago\",\"datePublished\":\"2023-08-15T05:43:39+00:00\",\"dateModified\":\"2023-08-15T05:51:36+00:00\",\"mainEntityOfPage\":{\"@id\":\"https:\/\/nitu.mx\/index.php\/2023\/08\/15\/el-chef-mexicano-jose-sosa-al-frente-del-nuevo-ummo-en-chicago\/\"},\"wordCount\":1014,\"commentCount\":0,\"publisher\":{\"@id\":\"https:\/\/nitu.mx\/#\/schema\/person\/ae7a53426417292d3dd07b45a33e01bc\"},\"image\":{\"@id\":\"https:\/\/nitu.mx\/index.php\/2023\/08\/15\/el-chef-mexicano-jose-sosa-al-frente-del-nuevo-ummo-en-chicago\/#primaryimage\"},\"thumbnailUrl\":\"https:\/\/nitu.mx\/wp-content\/uploads\/2023\/08\/Ummo-Chicago.jpg\",\"keywords\":[\"chef\",\"Chicago\",\"Jos\u00e9 Sosa\",\"Restaurante Ummo\"],\"articleSection\":[\"Estados Unidos\"],\"inLanguage\":\"es-MX\",\"potentialAction\":[{\"@type\":\"CommentAction\",\"name\":\"Comment\",\"target\":[\"https:\/\/nitu.mx\/index.php\/2023\/08\/15\/el-chef-mexicano-jose-sosa-al-frente-del-nuevo-ummo-en-chicago\/#respond\"]}]},{\"@type\":\"WebPage\",\"@id\":\"https:\/\/nitu.mx\/index.php\/2023\/08\/15\/el-chef-mexicano-jose-sosa-al-frente-del-nuevo-ummo-en-chicago\/\",\"url\":\"https:\/\/nitu.mx\/index.php\/2023\/08\/15\/el-chef-mexicano-jose-sosa-al-frente-del-nuevo-ummo-en-chicago\/\",\"name\":\"El chef mexicano Jos\u00e9 Sosa al frente del nuevo Ummo en Chicago - Nitu - Noticias de la Industria Turistica\",\"isPartOf\":{\"@id\":\"https:\/\/nitu.mx\/#website\"},\"primaryImageOfPage\":{\"@id\":\"https:\/\/nitu.mx\/index.php\/2023\/08\/15\/el-chef-mexicano-jose-sosa-al-frente-del-nuevo-ummo-en-chicago\/#primaryimage\"},\"image\":{\"@id\":\"https:\/\/nitu.mx\/index.php\/2023\/08\/15\/el-chef-mexicano-jose-sosa-al-frente-del-nuevo-ummo-en-chicago\/#primaryimage\"},\"thumbnailUrl\":\"https:\/\/nitu.mx\/wp-content\/uploads\/2023\/08\/Ummo-Chicago.jpg\",\"datePublished\":\"2023-08-15T05:43:39+00:00\",\"dateModified\":\"2023-08-15T05:51:36+00:00\",\"breadcrumb\":{\"@id\":\"https:\/\/nitu.mx\/index.php\/2023\/08\/15\/el-chef-mexicano-jose-sosa-al-frente-del-nuevo-ummo-en-chicago\/#breadcrumb\"},\"inLanguage\":\"es-MX\",\"potentialAction\":[{\"@type\":\"ReadAction\",\"target\":[\"https:\/\/nitu.mx\/index.php\/2023\/08\/15\/el-chef-mexicano-jose-sosa-al-frente-del-nuevo-ummo-en-chicago\/\"]}]},{\"@type\":\"ImageObject\",\"inLanguage\":\"es-MX\",\"@id\":\"https:\/\/nitu.mx\/index.php\/2023\/08\/15\/el-chef-mexicano-jose-sosa-al-frente-del-nuevo-ummo-en-chicago\/#primaryimage\",\"url\":\"https:\/\/nitu.mx\/wp-content\/uploads\/2023\/08\/Ummo-Chicago.jpg\",\"contentUrl\":\"https:\/\/nitu.mx\/wp-content\/uploads\/2023\/08\/Ummo-Chicago.jpg\",\"width\":1200,\"height\":676,\"caption\":\"Restaurante Ummo Chicago\"},{\"@type\":\"BreadcrumbList\",\"@id\":\"https:\/\/nitu.mx\/index.php\/2023\/08\/15\/el-chef-mexicano-jose-sosa-al-frente-del-nuevo-ummo-en-chicago\/#breadcrumb\",\"itemListElement\":[{\"@type\":\"ListItem\",\"position\":1,\"name\":\"Inicio\",\"item\":\"https:\/\/nitu.mx\/\"},{\"@type\":\"ListItem\",\"position\":2,\"name\":\"El chef mexicano Jos\u00e9 Sosa al frente del nuevo Ummo en Chicago\"}]},{\"@type\":\"WebSite\",\"@id\":\"https:\/\/nitu.mx\/#website\",\"url\":\"https:\/\/nitu.mx\/\",\"name\":\"Nitu - Noticias de la Industria Turistica\",\"description\":\"Noticias de la Industria Turistica\",\"publisher\":{\"@id\":\"https:\/\/nitu.mx\/#\/schema\/person\/ae7a53426417292d3dd07b45a33e01bc\"},\"alternateName\":\"Noticias de la Industria Turistica\",\"potentialAction\":[{\"@type\":\"SearchAction\",\"target\":{\"@type\":\"EntryPoint\",\"urlTemplate\":\"https:\/\/nitu.mx\/?s={search_term_string}\"},\"query-input\":\"required name=search_term_string\"}],\"inLanguage\":\"es-MX\"},{\"@type\":[\"Person\",\"Organization\"],\"@id\":\"https:\/\/nitu.mx\/#\/schema\/person\/ae7a53426417292d3dd07b45a33e01bc\",\"name\":\"Arturo Medina\",\"image\":{\"@type\":\"ImageObject\",\"inLanguage\":\"es-MX\",\"@id\":\"https:\/\/nitu.mx\/#\/schema\/person\/image\/\",\"url\":\"https:\/\/nitu.mx\/wp-content\/uploads\/2024\/04\/4A315622-1904-4D5C-B022-878CDC840E04-90x90-1.jpeg\",\"contentUrl\":\"https:\/\/nitu.mx\/wp-content\/uploads\/2024\/04\/4A315622-1904-4D5C-B022-878CDC840E04-90x90-1.jpeg\",\"width\":90,\"height\":90,\"caption\":\"Arturo Medina\"},\"logo\":{\"@id\":\"https:\/\/nitu.mx\/#\/schema\/person\/image\/\"},\"description\":\"Director NITU.mx, Egresado de la Escuela de Periodismo Carlos Septi\u00e9n Garc\u00eda. Periodista y analista especializado en turismo desde hace 35 a\u00f1os, radicado en Canc\u00fan Q.Roo. arturo@nitu.mx\",\"sameAs\":[\"https:\/\/nitu.mx\",\"https:\/\/www.facebook.com\/NITUmx\/\",\"medinacancun\",\"https:\/\/twitter.com\/@Arturo_Medina_G\"]},{\"@type\":\"Person\",\"@id\":\"https:\/\/nitu.mx\/#\/schema\/person\/4a28fe9bd65924f7c90623773daf1b0b\",\"name\":\"Redacci\u00f3n\",\"image\":{\"@type\":\"ImageObject\",\"inLanguage\":\"es-MX\",\"@id\":\"https:\/\/nitu.mx\/#\/schema\/person\/image\/\",\"url\":\"https:\/\/secure.gravatar.com\/avatar\/5dd011c8ccfc5cd7e4c81e42252aab38?s=96&d=mm&r=g\",\"contentUrl\":\"https:\/\/secure.gravatar.com\/avatar\/5dd011c8ccfc5cd7e4c81e42252aab38?s=96&d=mm&r=g\",\"caption\":\"Redacci\u00f3n\"},\"url\":\"https:\/\/nitu.mx\/index.php\/author\/redaccion\/\"}]}<\/script>\n<!-- \/ Yoast SEO plugin. -->","yoast_head_json":{"title":"El chef mexicano Jos\u00e9 Sosa al frente del nuevo Ummo en Chicago - Nitu - Noticias de la Industria Turistica","robots":{"index":"index","follow":"follow","max-snippet":"max-snippet:-1","max-image-preview":"max-image-preview:large","max-video-preview":"max-video-preview:-1"},"canonical":"https:\/\/nitu.mx\/index.php\/2023\/08\/15\/el-chef-mexicano-jose-sosa-al-frente-del-nuevo-ummo-en-chicago\/","twitter_card":"summary_large_image","twitter_title":"El chef mexicano Jos\u00e9 Sosa al frente del nuevo Ummo en Chicago - Nitu - Noticias de la Industria Turistica","twitter_description":"Se llev\u00f3 a cabo la inauguraci\u00f3n de Ummo que atrajo a luminarias de Chicago, as\u00ed como a algunos de los principales productores de aceites bals\u00e1micos, carne artesanal, queso y trufas de Italia. SOMOS Hospitality fue quien present\u00f3 en Chicago a UMMO: un restaurante italiano contempor\u00e1neo con un sal\u00f3n social, abierto en el coraz\u00f3n de River [&hellip;]","twitter_image":"https:\/\/nitu.mx\/wp-content\/uploads\/2023\/08\/Ummo-Chicago.jpg","twitter_creator":"@NITUmx","twitter_site":"@Arturo_Medina_G","twitter_misc":{"Escrito por":"Redacci\u00f3n","Tiempo de lectura":"5 minutos"},"schema":{"@context":"https:\/\/schema.org","@graph":[{"@type":"Article","@id":"https:\/\/nitu.mx\/index.php\/2023\/08\/15\/el-chef-mexicano-jose-sosa-al-frente-del-nuevo-ummo-en-chicago\/#article","isPartOf":{"@id":"https:\/\/nitu.mx\/index.php\/2023\/08\/15\/el-chef-mexicano-jose-sosa-al-frente-del-nuevo-ummo-en-chicago\/"},"author":{"name":"Redacci\u00f3n","@id":"https:\/\/nitu.mx\/#\/schema\/person\/4a28fe9bd65924f7c90623773daf1b0b"},"headline":"El chef mexicano Jos\u00e9 Sosa al frente del nuevo Ummo en Chicago","datePublished":"2023-08-15T05:43:39+00:00","dateModified":"2023-08-15T05:51:36+00:00","mainEntityOfPage":{"@id":"https:\/\/nitu.mx\/index.php\/2023\/08\/15\/el-chef-mexicano-jose-sosa-al-frente-del-nuevo-ummo-en-chicago\/"},"wordCount":1014,"commentCount":0,"publisher":{"@id":"https:\/\/nitu.mx\/#\/schema\/person\/ae7a53426417292d3dd07b45a33e01bc"},"image":{"@id":"https:\/\/nitu.mx\/index.php\/2023\/08\/15\/el-chef-mexicano-jose-sosa-al-frente-del-nuevo-ummo-en-chicago\/#primaryimage"},"thumbnailUrl":"https:\/\/nitu.mx\/wp-content\/uploads\/2023\/08\/Ummo-Chicago.jpg","keywords":["chef","Chicago","Jos\u00e9 Sosa","Restaurante Ummo"],"articleSection":["Estados Unidos"],"inLanguage":"es-MX","potentialAction":[{"@type":"CommentAction","name":"Comment","target":["https:\/\/nitu.mx\/index.php\/2023\/08\/15\/el-chef-mexicano-jose-sosa-al-frente-del-nuevo-ummo-en-chicago\/#respond"]}]},{"@type":"WebPage","@id":"https:\/\/nitu.mx\/index.php\/2023\/08\/15\/el-chef-mexicano-jose-sosa-al-frente-del-nuevo-ummo-en-chicago\/","url":"https:\/\/nitu.mx\/index.php\/2023\/08\/15\/el-chef-mexicano-jose-sosa-al-frente-del-nuevo-ummo-en-chicago\/","name":"El chef mexicano Jos\u00e9 Sosa al frente del nuevo Ummo en Chicago - Nitu - Noticias de la Industria Turistica","isPartOf":{"@id":"https:\/\/nitu.mx\/#website"},"primaryImageOfPage":{"@id":"https:\/\/nitu.mx\/index.php\/2023\/08\/15\/el-chef-mexicano-jose-sosa-al-frente-del-nuevo-ummo-en-chicago\/#primaryimage"},"image":{"@id":"https:\/\/nitu.mx\/index.php\/2023\/08\/15\/el-chef-mexicano-jose-sosa-al-frente-del-nuevo-ummo-en-chicago\/#primaryimage"},"thumbnailUrl":"https:\/\/nitu.mx\/wp-content\/uploads\/2023\/08\/Ummo-Chicago.jpg","datePublished":"2023-08-15T05:43:39+00:00","dateModified":"2023-08-15T05:51:36+00:00","breadcrumb":{"@id":"https:\/\/nitu.mx\/index.php\/2023\/08\/15\/el-chef-mexicano-jose-sosa-al-frente-del-nuevo-ummo-en-chicago\/#breadcrumb"},"inLanguage":"es-MX","potentialAction":[{"@type":"ReadAction","target":["https:\/\/nitu.mx\/index.php\/2023\/08\/15\/el-chef-mexicano-jose-sosa-al-frente-del-nuevo-ummo-en-chicago\/"]}]},{"@type":"ImageObject","inLanguage":"es-MX","@id":"https:\/\/nitu.mx\/index.php\/2023\/08\/15\/el-chef-mexicano-jose-sosa-al-frente-del-nuevo-ummo-en-chicago\/#primaryimage","url":"https:\/\/nitu.mx\/wp-content\/uploads\/2023\/08\/Ummo-Chicago.jpg","contentUrl":"https:\/\/nitu.mx\/wp-content\/uploads\/2023\/08\/Ummo-Chicago.jpg","width":1200,"height":676,"caption":"Restaurante Ummo Chicago"},{"@type":"BreadcrumbList","@id":"https:\/\/nitu.mx\/index.php\/2023\/08\/15\/el-chef-mexicano-jose-sosa-al-frente-del-nuevo-ummo-en-chicago\/#breadcrumb","itemListElement":[{"@type":"ListItem","position":1,"name":"Inicio","item":"https:\/\/nitu.mx\/"},{"@type":"ListItem","position":2,"name":"El chef mexicano Jos\u00e9 Sosa al frente del nuevo Ummo en Chicago"}]},{"@type":"WebSite","@id":"https:\/\/nitu.mx\/#website","url":"https:\/\/nitu.mx\/","name":"Nitu - Noticias de la Industria Turistica","description":"Noticias de la Industria Turistica","publisher":{"@id":"https:\/\/nitu.mx\/#\/schema\/person\/ae7a53426417292d3dd07b45a33e01bc"},"alternateName":"Noticias de la Industria Turistica","potentialAction":[{"@type":"SearchAction","target":{"@type":"EntryPoint","urlTemplate":"https:\/\/nitu.mx\/?s={search_term_string}"},"query-input":"required name=search_term_string"}],"inLanguage":"es-MX"},{"@type":["Person","Organization"],"@id":"https:\/\/nitu.mx\/#\/schema\/person\/ae7a53426417292d3dd07b45a33e01bc","name":"Arturo Medina","image":{"@type":"ImageObject","inLanguage":"es-MX","@id":"https:\/\/nitu.mx\/#\/schema\/person\/image\/","url":"https:\/\/nitu.mx\/wp-content\/uploads\/2024\/04\/4A315622-1904-4D5C-B022-878CDC840E04-90x90-1.jpeg","contentUrl":"https:\/\/nitu.mx\/wp-content\/uploads\/2024\/04\/4A315622-1904-4D5C-B022-878CDC840E04-90x90-1.jpeg","width":90,"height":90,"caption":"Arturo Medina"},"logo":{"@id":"https:\/\/nitu.mx\/#\/schema\/person\/image\/"},"description":"Director NITU.mx, Egresado de la Escuela de Periodismo Carlos Septi\u00e9n Garc\u00eda. Periodista y analista especializado en turismo desde hace 35 a\u00f1os, radicado en Canc\u00fan Q.Roo. arturo@nitu.mx","sameAs":["https:\/\/nitu.mx","https:\/\/www.facebook.com\/NITUmx\/","medinacancun","https:\/\/twitter.com\/@Arturo_Medina_G"]},{"@type":"Person","@id":"https:\/\/nitu.mx\/#\/schema\/person\/4a28fe9bd65924f7c90623773daf1b0b","name":"Redacci\u00f3n","image":{"@type":"ImageObject","inLanguage":"es-MX","@id":"https:\/\/nitu.mx\/#\/schema\/person\/image\/","url":"https:\/\/secure.gravatar.com\/avatar\/5dd011c8ccfc5cd7e4c81e42252aab38?s=96&d=mm&r=g","contentUrl":"https:\/\/secure.gravatar.com\/avatar\/5dd011c8ccfc5cd7e4c81e42252aab38?s=96&d=mm&r=g","caption":"Redacci\u00f3n"},"url":"https:\/\/nitu.mx\/index.php\/author\/redaccion\/"}]}},"views":830,"_links":{"self":[{"href":"https:\/\/nitu.mx\/index.php\/wp-json\/wp\/v2\/posts\/65703"}],"collection":[{"href":"https:\/\/nitu.mx\/index.php\/wp-json\/wp\/v2\/posts"}],"about":[{"href":"https:\/\/nitu.mx\/index.php\/wp-json\/wp\/v2\/types\/post"}],"author":[{"embeddable":true,"href":"https:\/\/nitu.mx\/index.php\/wp-json\/wp\/v2\/users\/17"}],"replies":[{"embeddable":true,"href":"https:\/\/nitu.mx\/index.php\/wp-json\/wp\/v2\/comments?post=65703"}],"version-history":[{"count":3,"href":"https:\/\/nitu.mx\/index.php\/wp-json\/wp\/v2\/posts\/65703\/revisions"}],"predecessor-version":[{"id":65707,"href":"https:\/\/nitu.mx\/index.php\/wp-json\/wp\/v2\/posts\/65703\/revisions\/65707"}],"wp:featuredmedia":[{"embeddable":true,"href":"https:\/\/nitu.mx\/index.php\/wp-json\/wp\/v2\/media\/65705"}],"wp:attachment":[{"href":"https:\/\/nitu.mx\/index.php\/wp-json\/wp\/v2\/media?parent=65703"}],"wp:term":[{"taxonomy":"category","embeddable":true,"href":"https:\/\/nitu.mx\/index.php\/wp-json\/wp\/v2\/categories?post=65703"},{"taxonomy":"post_tag","embeddable":true,"href":"https:\/\/nitu.mx\/index.php\/wp-json\/wp\/v2\/tags?post=65703"}],"curies":[{"name":"wp","href":"https:\/\/api.w.org\/{rel}","templated":true}]}}