{"id":65610,"date":"2023-08-07T22:51:39","date_gmt":"2023-08-08T03:51:39","guid":{"rendered":"https:\/\/www.dev.nitu.mx\/?p=65610"},"modified":"2023-08-08T00:42:04","modified_gmt":"2023-08-08T05:42:04","slug":"viva-aerobus-logra-nuevo-record-mensual-con-2-4-millones-de-pasajeros","status":"publish","type":"post","link":"https:\/\/nitu.mx\/index.php\/2023\/08\/07\/viva-aerobus-logra-nuevo-record-mensual-con-2-4-millones-de-pasajeros\/","title":{"rendered":"Viva Aerobus logra nuevo r\u00e9cord mensual con 2.4 millones de pasajeros"},"content":{"rendered":"<p>Viva Aerobus anunci\u00f3 sus resultados preliminares de tr\u00e1fico correspondientes a julio de 2023, que registr\u00f3 un increment\u00f3 de 22.6% comparado con julio de 2022, alcanzando 2.4 millones de pasajeros impulsado por un aumento del 23.1% y 18.7% en el tr\u00e1fico nacional e internacional, respectivamente.<\/p>\n<p>La aerol\u00ednea de bajo costo inform\u00f3 que el factor de ocupaci\u00f3n alcanz\u00f3 un 90.5% en comparaci\u00f3n con el 89.5% en 2022, derivado de un factor de ocupaci\u00f3n del 91.4% y 86.1% en el mercado nacional e internacional, respectivamente.<\/p>\n<p>Viva Aerobus aument\u00f3 su capacidad total en asientos por milla disponibles (ASMs) en un 17.5% en comparaci\u00f3n con julio de 2022. En cuanto al desglose por mercado, la l\u00ednea a\u00e9rea creci\u00f3 su capacidad en un 18.1% en el mercado nacional y en un 14.8% en el internacional.<\/p>\n<p>\u201cEl tr\u00e1fico en julio refleja la fortaleza de la temporada de verano en nuestros mercados, en l\u00ednea con la s\u00f3lida demanda que hemos visto en este 2023. Alcanzamos una nueva marca mensual de 2.4 millones de pasajeros mientras mantuvimos un enfoque disciplinado en la capacidad, reflejado en un fuerte factor de ocupaci\u00f3n de 90.5%. Continuamos monitoreando el entorno de los retos operativos para atender una demanda robusta\u201d, mencion\u00f3 Juan Carlos Zuazua, director general de Viva Aerobus.<\/p>\n<p>De enero a julio, la compa\u00f1\u00eda a\u00e9rea ha transportado 13 millones 733 mil pasajeros, lo que representa 20.6% m\u00e1s respecto al mismo periodo de 2022.\u00a0<a title=\"Viva Aerobus obtiene utilidades por 24 millones de d\u00f3lares en el 2o trimestre del a\u00f1o\" href=\"https:\/\/www.dev.nitu.mx\/index.php\/2023\/07\/30\/viva-aerobus-obtiene-utilidades-por-24-millones-de-dolares-en-el-2o-trimestre-del-ano\/\" rel=\"bookmark\">(Viva Aerobus obtiene utilidades por 24 millones de d\u00f3lares en el 2o trimestre del a\u00f1o<\/a>).<\/p>\n","protected":false},"excerpt":{"rendered":"<p>Viva Aerobus anunci\u00f3 sus resultados preliminares de tr\u00e1fico correspondientes a julio de 2023, que registr\u00f3 un increment\u00f3 de 22.6% comparado con julio de 2022, alcanzando 2.4 millones de pasajeros impulsado por un aumento del 23.1% y 18.7% en el tr\u00e1fico nacional e internacional, respectivamente. La aerol\u00ednea de bajo costo inform\u00f3 que el factor de ocupaci\u00f3n [&hellip;]<\/p>\n","protected":false},"author":17,"featured_media":52260,"comment_status":"open","ping_status":"open","sticky":false,"template":"","format":"standard","meta":{"footnotes":""},"categories":[29],"tags":[295,5024,2102],"yoast_head":"<!-- This site is optimized with the Yoast SEO plugin v22.2 - https:\/\/yoast.com\/wordpress\/plugins\/seo\/ -->\n<title>Viva Aerobus logra nuevo r\u00e9cord mensual con 2.4 millones de pasajeros - Nitu - Noticias de la Industria Turistica<\/title>\n<meta name=\"robots\" content=\"index, follow, max-snippet:-1, max-image-preview:large, max-video-preview:-1\" \/>\n<link rel=\"canonical\" href=\"https:\/\/nitu.mx\/index.php\/2023\/08\/07\/viva-aerobus-logra-nuevo-record-mensual-con-2-4-millones-de-pasajeros\/\" \/>\n<meta name=\"twitter:card\" content=\"summary_large_image\" \/>\n<meta name=\"twitter:title\" content=\"Viva Aerobus logra nuevo r\u00e9cord mensual con 2.4 millones de pasajeros - Nitu - Noticias de la Industria Turistica\" \/>\n<meta name=\"twitter:description\" content=\"Viva Aerobus anunci\u00f3 sus resultados preliminares de tr\u00e1fico correspondientes a julio de 2023, que registr\u00f3 un increment\u00f3 de 22.6% comparado con julio de 2022, alcanzando 2.4 millones de pasajeros impulsado por un aumento del 23.1% y 18.7% en el tr\u00e1fico nacional e internacional, respectivamente. La aerol\u00ednea de bajo costo inform\u00f3 que el factor de ocupaci\u00f3n [&hellip;]\" \/>\n<meta name=\"twitter:image\" content=\"https:\/\/nitu.mx\/wp-content\/uploads\/2021\/05\/Viva-Aerobus-pasajeros.jpg\" \/>\n<meta name=\"twitter:creator\" content=\"@NITUmx\" \/>\n<meta name=\"twitter:site\" content=\"@Arturo_Medina_G\" \/>\n<meta name=\"twitter:label1\" content=\"Escrito por\" \/>\n\t<meta name=\"twitter:data1\" content=\"Redacci\u00f3n\" \/>\n\t<meta name=\"twitter:label2\" content=\"Tiempo de lectura\" \/>\n\t<meta name=\"twitter:data2\" content=\"1 minuto\" \/>\n<script type=\"application\/ld+json\" class=\"yoast-schema-graph\">{\"@context\":\"https:\/\/schema.org\",\"@graph\":[{\"@type\":\"Article\",\"@id\":\"https:\/\/nitu.mx\/index.php\/2023\/08\/07\/viva-aerobus-logra-nuevo-record-mensual-con-2-4-millones-de-pasajeros\/#article\",\"isPartOf\":{\"@id\":\"https:\/\/nitu.mx\/index.php\/2023\/08\/07\/viva-aerobus-logra-nuevo-record-mensual-con-2-4-millones-de-pasajeros\/\"},\"author\":{\"name\":\"Redacci\u00f3n\",\"@id\":\"https:\/\/nitu.mx\/#\/schema\/person\/4a28fe9bd65924f7c90623773daf1b0b\"},\"headline\":\"Viva Aerobus logra nuevo r\u00e9cord mensual con 2.4 millones de pasajeros\",\"datePublished\":\"2023-08-08T03:51:39+00:00\",\"dateModified\":\"2023-08-08T05:42:04+00:00\",\"mainEntityOfPage\":{\"@id\":\"https:\/\/nitu.mx\/index.php\/2023\/08\/07\/viva-aerobus-logra-nuevo-record-mensual-con-2-4-millones-de-pasajeros\/\"},\"wordCount\":251,\"commentCount\":0,\"publisher\":{\"@id\":\"https:\/\/nitu.mx\/#\/schema\/person\/ae7a53426417292d3dd07b45a33e01bc\"},\"image\":{\"@id\":\"https:\/\/nitu.mx\/index.php\/2023\/08\/07\/viva-aerobus-logra-nuevo-record-mensual-con-2-4-millones-de-pasajeros\/#primaryimage\"},\"thumbnailUrl\":\"https:\/\/nitu.mx\/wp-content\/uploads\/2021\/05\/Viva-Aerobus-pasajeros.jpg\",\"keywords\":[\"Juan Carlos Zuazua\",\"tr\u00e1fico de pasajeros\",\"Viva Aerobus\"],\"articleSection\":[\"Aerol\u00edneas\"],\"inLanguage\":\"es-MX\",\"potentialAction\":[{\"@type\":\"CommentAction\",\"name\":\"Comment\",\"target\":[\"https:\/\/nitu.mx\/index.php\/2023\/08\/07\/viva-aerobus-logra-nuevo-record-mensual-con-2-4-millones-de-pasajeros\/#respond\"]}]},{\"@type\":\"WebPage\",\"@id\":\"https:\/\/nitu.mx\/index.php\/2023\/08\/07\/viva-aerobus-logra-nuevo-record-mensual-con-2-4-millones-de-pasajeros\/\",\"url\":\"https:\/\/nitu.mx\/index.php\/2023\/08\/07\/viva-aerobus-logra-nuevo-record-mensual-con-2-4-millones-de-pasajeros\/\",\"name\":\"Viva Aerobus logra nuevo r\u00e9cord mensual con 2.4 millones de pasajeros - Nitu - Noticias de la Industria Turistica\",\"isPartOf\":{\"@id\":\"https:\/\/nitu.mx\/#website\"},\"primaryImageOfPage\":{\"@id\":\"https:\/\/nitu.mx\/index.php\/2023\/08\/07\/viva-aerobus-logra-nuevo-record-mensual-con-2-4-millones-de-pasajeros\/#primaryimage\"},\"image\":{\"@id\":\"https:\/\/nitu.mx\/index.php\/2023\/08\/07\/viva-aerobus-logra-nuevo-record-mensual-con-2-4-millones-de-pasajeros\/#primaryimage\"},\"thumbnailUrl\":\"https:\/\/nitu.mx\/wp-content\/uploads\/2021\/05\/Viva-Aerobus-pasajeros.jpg\",\"datePublished\":\"2023-08-08T03:51:39+00:00\",\"dateModified\":\"2023-08-08T05:42:04+00:00\",\"breadcrumb\":{\"@id\":\"https:\/\/nitu.mx\/index.php\/2023\/08\/07\/viva-aerobus-logra-nuevo-record-mensual-con-2-4-millones-de-pasajeros\/#breadcrumb\"},\"inLanguage\":\"es-MX\",\"potentialAction\":[{\"@type\":\"ReadAction\",\"target\":[\"https:\/\/nitu.mx\/index.php\/2023\/08\/07\/viva-aerobus-logra-nuevo-record-mensual-con-2-4-millones-de-pasajeros\/\"]}]},{\"@type\":\"ImageObject\",\"inLanguage\":\"es-MX\",\"@id\":\"https:\/\/nitu.mx\/index.php\/2023\/08\/07\/viva-aerobus-logra-nuevo-record-mensual-con-2-4-millones-de-pasajeros\/#primaryimage\",\"url\":\"https:\/\/nitu.mx\/wp-content\/uploads\/2021\/05\/Viva-Aerobus-pasajeros.jpg\",\"contentUrl\":\"https:\/\/nitu.mx\/wp-content\/uploads\/2021\/05\/Viva-Aerobus-pasajeros.jpg\",\"width\":1200,\"height\":675,\"caption\":\"Viva Aerobus\"},{\"@type\":\"BreadcrumbList\",\"@id\":\"https:\/\/nitu.mx\/index.php\/2023\/08\/07\/viva-aerobus-logra-nuevo-record-mensual-con-2-4-millones-de-pasajeros\/#breadcrumb\",\"itemListElement\":[{\"@type\":\"ListItem\",\"position\":1,\"name\":\"Inicio\",\"item\":\"https:\/\/nitu.mx\/\"},{\"@type\":\"ListItem\",\"position\":2,\"name\":\"Viva Aerobus logra nuevo r\u00e9cord mensual con 2.4 millones de pasajeros\"}]},{\"@type\":\"WebSite\",\"@id\":\"https:\/\/nitu.mx\/#website\",\"url\":\"https:\/\/nitu.mx\/\",\"name\":\"Nitu - Noticias de la Industria Turistica\",\"description\":\"Noticias de la Industria Turistica\",\"publisher\":{\"@id\":\"https:\/\/nitu.mx\/#\/schema\/person\/ae7a53426417292d3dd07b45a33e01bc\"},\"alternateName\":\"Noticias de la Industria Turistica\",\"potentialAction\":[{\"@type\":\"SearchAction\",\"target\":{\"@type\":\"EntryPoint\",\"urlTemplate\":\"https:\/\/nitu.mx\/?s={search_term_string}\"},\"query-input\":\"required name=search_term_string\"}],\"inLanguage\":\"es-MX\"},{\"@type\":[\"Person\",\"Organization\"],\"@id\":\"https:\/\/nitu.mx\/#\/schema\/person\/ae7a53426417292d3dd07b45a33e01bc\",\"name\":\"Arturo Medina\",\"image\":{\"@type\":\"ImageObject\",\"inLanguage\":\"es-MX\",\"@id\":\"https:\/\/nitu.mx\/#\/schema\/person\/image\/\",\"url\":\"https:\/\/nitu.mx\/wp-content\/uploads\/2024\/04\/4A315622-1904-4D5C-B022-878CDC840E04-90x90-1.jpeg\",\"contentUrl\":\"https:\/\/nitu.mx\/wp-content\/uploads\/2024\/04\/4A315622-1904-4D5C-B022-878CDC840E04-90x90-1.jpeg\",\"width\":90,\"height\":90,\"caption\":\"Arturo Medina\"},\"logo\":{\"@id\":\"https:\/\/nitu.mx\/#\/schema\/person\/image\/\"},\"description\":\"Director NITU.mx, Egresado de la Escuela de Periodismo Carlos Septi\u00e9n Garc\u00eda. Periodista y analista especializado en turismo desde hace 35 a\u00f1os, radicado en Canc\u00fan Q.Roo. arturo@nitu.mx\",\"sameAs\":[\"https:\/\/nitu.mx\",\"https:\/\/www.facebook.com\/NITUmx\/\",\"medinacancun\",\"https:\/\/twitter.com\/@Arturo_Medina_G\"]},{\"@type\":\"Person\",\"@id\":\"https:\/\/nitu.mx\/#\/schema\/person\/4a28fe9bd65924f7c90623773daf1b0b\",\"name\":\"Redacci\u00f3n\",\"image\":{\"@type\":\"ImageObject\",\"inLanguage\":\"es-MX\",\"@id\":\"https:\/\/nitu.mx\/#\/schema\/person\/image\/\",\"url\":\"https:\/\/secure.gravatar.com\/avatar\/5dd011c8ccfc5cd7e4c81e42252aab38?s=96&d=mm&r=g\",\"contentUrl\":\"https:\/\/secure.gravatar.com\/avatar\/5dd011c8ccfc5cd7e4c81e42252aab38?s=96&d=mm&r=g\",\"caption\":\"Redacci\u00f3n\"},\"url\":\"https:\/\/nitu.mx\/index.php\/author\/redaccion\/\"}]}<\/script>\n<!-- \/ Yoast SEO plugin. -->","yoast_head_json":{"title":"Viva Aerobus logra nuevo r\u00e9cord mensual con 2.4 millones de pasajeros - Nitu - Noticias de la Industria Turistica","robots":{"index":"index","follow":"follow","max-snippet":"max-snippet:-1","max-image-preview":"max-image-preview:large","max-video-preview":"max-video-preview:-1"},"canonical":"https:\/\/nitu.mx\/index.php\/2023\/08\/07\/viva-aerobus-logra-nuevo-record-mensual-con-2-4-millones-de-pasajeros\/","twitter_card":"summary_large_image","twitter_title":"Viva Aerobus logra nuevo r\u00e9cord mensual con 2.4 millones de pasajeros - Nitu - Noticias de la Industria Turistica","twitter_description":"Viva Aerobus anunci\u00f3 sus resultados preliminares de tr\u00e1fico correspondientes a julio de 2023, que registr\u00f3 un increment\u00f3 de 22.6% comparado con julio de 2022, alcanzando 2.4 millones de pasajeros impulsado por un aumento del 23.1% y 18.7% en el tr\u00e1fico nacional e internacional, respectivamente. La aerol\u00ednea de bajo costo inform\u00f3 que el factor de ocupaci\u00f3n [&hellip;]","twitter_image":"https:\/\/nitu.mx\/wp-content\/uploads\/2021\/05\/Viva-Aerobus-pasajeros.jpg","twitter_creator":"@NITUmx","twitter_site":"@Arturo_Medina_G","twitter_misc":{"Escrito por":"Redacci\u00f3n","Tiempo de lectura":"1 minuto"},"schema":{"@context":"https:\/\/schema.org","@graph":[{"@type":"Article","@id":"https:\/\/nitu.mx\/index.php\/2023\/08\/07\/viva-aerobus-logra-nuevo-record-mensual-con-2-4-millones-de-pasajeros\/#article","isPartOf":{"@id":"https:\/\/nitu.mx\/index.php\/2023\/08\/07\/viva-aerobus-logra-nuevo-record-mensual-con-2-4-millones-de-pasajeros\/"},"author":{"name":"Redacci\u00f3n","@id":"https:\/\/nitu.mx\/#\/schema\/person\/4a28fe9bd65924f7c90623773daf1b0b"},"headline":"Viva Aerobus logra nuevo r\u00e9cord mensual con 2.4 millones de pasajeros","datePublished":"2023-08-08T03:51:39+00:00","dateModified":"2023-08-08T05:42:04+00:00","mainEntityOfPage":{"@id":"https:\/\/nitu.mx\/index.php\/2023\/08\/07\/viva-aerobus-logra-nuevo-record-mensual-con-2-4-millones-de-pasajeros\/"},"wordCount":251,"commentCount":0,"publisher":{"@id":"https:\/\/nitu.mx\/#\/schema\/person\/ae7a53426417292d3dd07b45a33e01bc"},"image":{"@id":"https:\/\/nitu.mx\/index.php\/2023\/08\/07\/viva-aerobus-logra-nuevo-record-mensual-con-2-4-millones-de-pasajeros\/#primaryimage"},"thumbnailUrl":"https:\/\/nitu.mx\/wp-content\/uploads\/2021\/05\/Viva-Aerobus-pasajeros.jpg","keywords":["Juan Carlos Zuazua","tr\u00e1fico de pasajeros","Viva Aerobus"],"articleSection":["Aerol\u00edneas"],"inLanguage":"es-MX","potentialAction":[{"@type":"CommentAction","name":"Comment","target":["https:\/\/nitu.mx\/index.php\/2023\/08\/07\/viva-aerobus-logra-nuevo-record-mensual-con-2-4-millones-de-pasajeros\/#respond"]}]},{"@type":"WebPage","@id":"https:\/\/nitu.mx\/index.php\/2023\/08\/07\/viva-aerobus-logra-nuevo-record-mensual-con-2-4-millones-de-pasajeros\/","url":"https:\/\/nitu.mx\/index.php\/2023\/08\/07\/viva-aerobus-logra-nuevo-record-mensual-con-2-4-millones-de-pasajeros\/","name":"Viva Aerobus logra nuevo r\u00e9cord mensual con 2.4 millones de pasajeros - Nitu - Noticias de la Industria Turistica","isPartOf":{"@id":"https:\/\/nitu.mx\/#website"},"primaryImageOfPage":{"@id":"https:\/\/nitu.mx\/index.php\/2023\/08\/07\/viva-aerobus-logra-nuevo-record-mensual-con-2-4-millones-de-pasajeros\/#primaryimage"},"image":{"@id":"https:\/\/nitu.mx\/index.php\/2023\/08\/07\/viva-aerobus-logra-nuevo-record-mensual-con-2-4-millones-de-pasajeros\/#primaryimage"},"thumbnailUrl":"https:\/\/nitu.mx\/wp-content\/uploads\/2021\/05\/Viva-Aerobus-pasajeros.jpg","datePublished":"2023-08-08T03:51:39+00:00","dateModified":"2023-08-08T05:42:04+00:00","breadcrumb":{"@id":"https:\/\/nitu.mx\/index.php\/2023\/08\/07\/viva-aerobus-logra-nuevo-record-mensual-con-2-4-millones-de-pasajeros\/#breadcrumb"},"inLanguage":"es-MX","potentialAction":[{"@type":"ReadAction","target":["https:\/\/nitu.mx\/index.php\/2023\/08\/07\/viva-aerobus-logra-nuevo-record-mensual-con-2-4-millones-de-pasajeros\/"]}]},{"@type":"ImageObject","inLanguage":"es-MX","@id":"https:\/\/nitu.mx\/index.php\/2023\/08\/07\/viva-aerobus-logra-nuevo-record-mensual-con-2-4-millones-de-pasajeros\/#primaryimage","url":"https:\/\/nitu.mx\/wp-content\/uploads\/2021\/05\/Viva-Aerobus-pasajeros.jpg","contentUrl":"https:\/\/nitu.mx\/wp-content\/uploads\/2021\/05\/Viva-Aerobus-pasajeros.jpg","width":1200,"height":675,"caption":"Viva Aerobus"},{"@type":"BreadcrumbList","@id":"https:\/\/nitu.mx\/index.php\/2023\/08\/07\/viva-aerobus-logra-nuevo-record-mensual-con-2-4-millones-de-pasajeros\/#breadcrumb","itemListElement":[{"@type":"ListItem","position":1,"name":"Inicio","item":"https:\/\/nitu.mx\/"},{"@type":"ListItem","position":2,"name":"Viva Aerobus logra nuevo r\u00e9cord mensual con 2.4 millones de pasajeros"}]},{"@type":"WebSite","@id":"https:\/\/nitu.mx\/#website","url":"https:\/\/nitu.mx\/","name":"Nitu - Noticias de la Industria Turistica","description":"Noticias de la Industria Turistica","publisher":{"@id":"https:\/\/nitu.mx\/#\/schema\/person\/ae7a53426417292d3dd07b45a33e01bc"},"alternateName":"Noticias de la Industria Turistica","potentialAction":[{"@type":"SearchAction","target":{"@type":"EntryPoint","urlTemplate":"https:\/\/nitu.mx\/?s={search_term_string}"},"query-input":"required name=search_term_string"}],"inLanguage":"es-MX"},{"@type":["Person","Organization"],"@id":"https:\/\/nitu.mx\/#\/schema\/person\/ae7a53426417292d3dd07b45a33e01bc","name":"Arturo Medina","image":{"@type":"ImageObject","inLanguage":"es-MX","@id":"https:\/\/nitu.mx\/#\/schema\/person\/image\/","url":"https:\/\/nitu.mx\/wp-content\/uploads\/2024\/04\/4A315622-1904-4D5C-B022-878CDC840E04-90x90-1.jpeg","contentUrl":"https:\/\/nitu.mx\/wp-content\/uploads\/2024\/04\/4A315622-1904-4D5C-B022-878CDC840E04-90x90-1.jpeg","width":90,"height":90,"caption":"Arturo Medina"},"logo":{"@id":"https:\/\/nitu.mx\/#\/schema\/person\/image\/"},"description":"Director NITU.mx, Egresado de la Escuela de Periodismo Carlos Septi\u00e9n Garc\u00eda. Periodista y analista especializado en turismo desde hace 35 a\u00f1os, radicado en Canc\u00fan Q.Roo. arturo@nitu.mx","sameAs":["https:\/\/nitu.mx","https:\/\/www.facebook.com\/NITUmx\/","medinacancun","https:\/\/twitter.com\/@Arturo_Medina_G"]},{"@type":"Person","@id":"https:\/\/nitu.mx\/#\/schema\/person\/4a28fe9bd65924f7c90623773daf1b0b","name":"Redacci\u00f3n","image":{"@type":"ImageObject","inLanguage":"es-MX","@id":"https:\/\/nitu.mx\/#\/schema\/person\/image\/","url":"https:\/\/secure.gravatar.com\/avatar\/5dd011c8ccfc5cd7e4c81e42252aab38?s=96&d=mm&r=g","contentUrl":"https:\/\/secure.gravatar.com\/avatar\/5dd011c8ccfc5cd7e4c81e42252aab38?s=96&d=mm&r=g","caption":"Redacci\u00f3n"},"url":"https:\/\/nitu.mx\/index.php\/author\/redaccion\/"}]}},"views":363,"_links":{"self":[{"href":"https:\/\/nitu.mx\/index.php\/wp-json\/wp\/v2\/posts\/65610"}],"collection":[{"href":"https:\/\/nitu.mx\/index.php\/wp-json\/wp\/v2\/posts"}],"about":[{"href":"https:\/\/nitu.mx\/index.php\/wp-json\/wp\/v2\/types\/post"}],"author":[{"embeddable":true,"href":"https:\/\/nitu.mx\/index.php\/wp-json\/wp\/v2\/users\/17"}],"replies":[{"embeddable":true,"href":"https:\/\/nitu.mx\/index.php\/wp-json\/wp\/v2\/comments?post=65610"}],"version-history":[{"count":2,"href":"https:\/\/nitu.mx\/index.php\/wp-json\/wp\/v2\/posts\/65610\/revisions"}],"predecessor-version":[{"id":65612,"href":"https:\/\/nitu.mx\/index.php\/wp-json\/wp\/v2\/posts\/65610\/revisions\/65612"}],"wp:featuredmedia":[{"embeddable":true,"href":"https:\/\/nitu.mx\/index.php\/wp-json\/wp\/v2\/media\/52260"}],"wp:attachment":[{"href":"https:\/\/nitu.mx\/index.php\/wp-json\/wp\/v2\/media?parent=65610"}],"wp:term":[{"taxonomy":"category","embeddable":true,"href":"https:\/\/nitu.mx\/index.php\/wp-json\/wp\/v2\/categories?post=65610"},{"taxonomy":"post_tag","embeddable":true,"href":"https:\/\/nitu.mx\/index.php\/wp-json\/wp\/v2\/tags?post=65610"}],"curies":[{"name":"wp","href":"https:\/\/api.w.org\/{rel}","templated":true}]}}