{"id":65565,"date":"2023-08-02T22:41:45","date_gmt":"2023-08-03T03:41:45","guid":{"rendered":"https:\/\/www.dev.nitu.mx\/?p=65565"},"modified":"2023-08-03T00:34:22","modified_gmt":"2023-08-03T05:34:22","slug":"70-de-los-mexicanos-planean-vacacionar-durante-el-verano-niq","status":"publish","type":"post","link":"https:\/\/nitu.mx\/index.php\/2023\/08\/02\/70-de-los-mexicanos-planean-vacacionar-durante-el-verano-niq\/","title":{"rendered":"70% de los mexicanos planean vacacionar durante el verano: NIQ"},"content":{"rendered":"<p><span lang=\"ES-CO\">NielsenIQ (NIQ),\u00a0la compa\u00f1\u00eda l\u00edder mundial en inteligencia del consumidor, inform\u00f3 a trav\u00e9s de su estudio \u201cCGA Oportunidades para los turistas\u201d que al menos el 70% de los consumidores en M\u00e9xico tienen previsto viajar dentro del pa\u00eds en julio, agosto y septiembre de este a\u00f1o, esto con el objetivo de explorar nuevas partes del pa\u00eds, mostrando comportamientos distintos a los que se ven\u00edan registrando antes de pandemia. \u00a0<\/span><\/p>\n<p><span lang=\"ES-CO\">El estudio se\u00f1ala tambi\u00e9n que el consumidor mexicano prefiere las cadenas hoteleras est\u00e1ndar (54%), seguido de alojamientos de alquiler independientes (37%), hoteles de lujo y alta gama (25%), complejos tur\u00edsticos y posadas (22%) y hoteles\u00a0boutique\u00a0(16%).\u00a0<\/span><\/p>\n<p>Ahora bien, de los que planean ir de vacaciones, el 92% tiene en mente visitar bares, restaurantes y locales similares durante su viaje, lo cual resalta la enorme oportunidad que se abre para los fabricantes de bebidas y alimentos en este espacio, sobre todo porque a\u00fan est\u00e1 la temporada vacacional vigente.<\/p>\n<p><span lang=\"ES-CO\">Hablando espec\u00edficamente de los lugares m\u00e1s visitados, el estudio menciona que 9 de cada 10 personas eligen restaurantes, seguidos por los caf\u00e9s y bares- que los visita m\u00e1s de la mitad-, bares nocturnos con un 48%, clubes nocturnos 42% y por \u00faltimo las cantinas con 17%.\u00a0<\/span><\/p>\n<p><span lang=\"ES-CO\">La cerveza es la bebida alcoh\u00f3lica preferida, de hecho, 3 de cada 4 consumidores que planean visitar bares, restaurantes o locales similares, la consumen; el tequila, por otro lado, es elegida por el 60%, mientras que el 46% opta por cocteles y \/o whisky, el 34% prefiere beber vodka, y el 26% mezcal, una bebida que en los \u00faltimos a\u00f1os ha ganado popularidad. \u00a0<\/span><\/p>\n<p><span lang=\"ES-CO\">Y en cuanto a bebidas no alcoh\u00f3licas, el reporte menciona que el 77% consume refrescos, 67% caf\u00e9, 46% t\u00e9 helado, 44% agua mineral, y 27% bebidas energizantes.\u00a0<\/span><\/p>\n<p><span lang=\"ES-CO\">Pero, adem\u00e1s, destaca que<\/span><span lang=\"ES-CO\">\u00a0<\/span><span lang=\"ES-CO\">la cerveza sin alcohol, junto con los cocteles sin alcohol, o \u201cmocktails\u201d ya pertenecen al top 10 de preferencia en los mexicanos que visitan establecimientos de consumo.<\/span><span lang=\"ES-CO\">\u00a0<\/span><\/p>\n<p><span lang=\"ES-CO\">\u201cSe declar\u00f3 fin a la pandemia y con ello vinieron m\u00e1s cambios, sobre todo en los h\u00e1bitos de consumo. Los mexicanos vuelven a vacacionar y es una oportunidad muy buena para que diversos sectores se recuperen. Tener la Visi\u00f3n Completa hoy es m\u00e1s importante que nunca ya que la informaci\u00f3n es conocimiento y tanto marcas como consumidores deben estar atentos a las tendencias. Atenci\u00f3n y experiencia al cliente, personalizaci\u00f3n y el costo, son factores que hay que tener frescos a la hora de pensar en el verano como temporalidad de consumo\u201d, coment\u00f3 Raquel Jim\u00e9nez, l\u00edder de Customer Success de NIQ M\u00e9xico.\u00a0<\/span><\/p>\n<p>La consultora destac\u00f3 que e<span lang=\"ES-CO\">l sector tur\u00edstico en M\u00e9xico continua en recuperaci\u00f3n, de acuerdo con el Consejo Mundial de Viajes y Turismo (WTTC) para finales de este 2023 se lograr\u00e1 alcanzar e incluso superar varios de los niveles que se reportaron en 2019 previo a la pandemia, contribuyendo de esta manera con m\u00e1s de 218 mil millones de d\u00f3lares a la econom\u00eda, es decir, 14.9% del PIB nacional.<\/span><span lang=\"ES-CO\">\u00a0<\/span><a title=\"Se mantiene Canc\u00fan en el TOP 10 de estadounidenses en el verano\" href=\"https:\/\/www.dev.nitu.mx\/index.php\/2023\/07\/31\/se-mantiene-cancun-en-el-top-10-de-estadounidenses-en-el-verano\/\" rel=\"bookmark\">(Se mantiene Canc\u00fan en el TOP 10 de estadounidenses en el verano<\/a>).<\/p>\n","protected":false},"excerpt":{"rendered":"<p>NielsenIQ (NIQ),\u00a0la compa\u00f1\u00eda l\u00edder mundial en inteligencia del consumidor, inform\u00f3 a trav\u00e9s de su estudio \u201cCGA Oportunidades para los turistas\u201d que al menos el 70% de los consumidores en M\u00e9xico tienen previsto viajar dentro del pa\u00eds en julio, agosto y septiembre de este a\u00f1o, esto con el objetivo de explorar nuevas partes del pa\u00eds, mostrando [&hellip;]<\/p>\n","protected":false},"author":17,"featured_media":62865,"comment_status":"open","ping_status":"open","sticky":false,"template":"","format":"standard","meta":{"footnotes":""},"categories":[5],"tags":[24111,24112,4236,3024],"yoast_head":"<!-- This site is optimized with the Yoast SEO plugin v22.2 - https:\/\/yoast.com\/wordpress\/plugins\/seo\/ -->\n<title>70% de los mexicanos planean vacacionar durante el verano: NIQ - Nitu - Noticias de la Industria Turistica<\/title>\n<meta name=\"robots\" content=\"index, follow, max-snippet:-1, max-image-preview:large, max-video-preview:-1\" \/>\n<link rel=\"canonical\" href=\"https:\/\/nitu.mx\/index.php\/2023\/08\/02\/70-de-los-mexicanos-planean-vacacionar-durante-el-verano-niq\/\" \/>\n<meta name=\"twitter:card\" content=\"summary_large_image\" \/>\n<meta name=\"twitter:title\" content=\"70% de los mexicanos planean vacacionar durante el verano: NIQ - Nitu - Noticias de la Industria Turistica\" \/>\n<meta name=\"twitter:description\" content=\"NielsenIQ (NIQ),\u00a0la compa\u00f1\u00eda l\u00edder mundial en inteligencia del consumidor, inform\u00f3 a trav\u00e9s de su estudio \u201cCGA Oportunidades para los turistas\u201d que al menos el 70% de los consumidores en M\u00e9xico tienen previsto viajar dentro del pa\u00eds en julio, agosto y septiembre de este a\u00f1o, esto con el objetivo de explorar nuevas partes del pa\u00eds, mostrando [&hellip;]\" \/>\n<meta name=\"twitter:image\" content=\"https:\/\/nitu.mx\/wp-content\/uploads\/2023\/01\/Cancun.jpg\" \/>\n<meta name=\"twitter:creator\" content=\"@NITUmx\" \/>\n<meta name=\"twitter:site\" content=\"@Arturo_Medina_G\" \/>\n<meta name=\"twitter:label1\" content=\"Escrito por\" \/>\n\t<meta name=\"twitter:data1\" content=\"Redacci\u00f3n\" \/>\n\t<meta name=\"twitter:label2\" content=\"Tiempo de lectura\" \/>\n\t<meta name=\"twitter:data2\" content=\"3 minutos\" \/>\n<script type=\"application\/ld+json\" class=\"yoast-schema-graph\">{\"@context\":\"https:\/\/schema.org\",\"@graph\":[{\"@type\":\"Article\",\"@id\":\"https:\/\/nitu.mx\/index.php\/2023\/08\/02\/70-de-los-mexicanos-planean-vacacionar-durante-el-verano-niq\/#article\",\"isPartOf\":{\"@id\":\"https:\/\/nitu.mx\/index.php\/2023\/08\/02\/70-de-los-mexicanos-planean-vacacionar-durante-el-verano-niq\/\"},\"author\":{\"name\":\"Redacci\u00f3n\",\"@id\":\"https:\/\/nitu.mx\/#\/schema\/person\/4a28fe9bd65924f7c90623773daf1b0b\"},\"headline\":\"70% de los mexicanos planean vacacionar durante el verano: NIQ\",\"datePublished\":\"2023-08-03T03:41:45+00:00\",\"dateModified\":\"2023-08-03T05:34:22+00:00\",\"mainEntityOfPage\":{\"@id\":\"https:\/\/nitu.mx\/index.php\/2023\/08\/02\/70-de-los-mexicanos-planean-vacacionar-durante-el-verano-niq\/\"},\"wordCount\":521,\"commentCount\":0,\"publisher\":{\"@id\":\"https:\/\/nitu.mx\/#\/schema\/person\/ae7a53426417292d3dd07b45a33e01bc\"},\"image\":{\"@id\":\"https:\/\/nitu.mx\/index.php\/2023\/08\/02\/70-de-los-mexicanos-planean-vacacionar-durante-el-verano-niq\/#primaryimage\"},\"thumbnailUrl\":\"https:\/\/nitu.mx\/wp-content\/uploads\/2023\/01\/Cancun.jpg\",\"keywords\":[\"NIQ\",\"Raquel Jim\u00e9nez\",\"turistas mexicanos\",\"verano\"],\"articleSection\":[\"Destinos\"],\"inLanguage\":\"es-MX\",\"potentialAction\":[{\"@type\":\"CommentAction\",\"name\":\"Comment\",\"target\":[\"https:\/\/nitu.mx\/index.php\/2023\/08\/02\/70-de-los-mexicanos-planean-vacacionar-durante-el-verano-niq\/#respond\"]}]},{\"@type\":\"WebPage\",\"@id\":\"https:\/\/nitu.mx\/index.php\/2023\/08\/02\/70-de-los-mexicanos-planean-vacacionar-durante-el-verano-niq\/\",\"url\":\"https:\/\/nitu.mx\/index.php\/2023\/08\/02\/70-de-los-mexicanos-planean-vacacionar-durante-el-verano-niq\/\",\"name\":\"70% de los mexicanos planean vacacionar durante el verano: NIQ - Nitu - Noticias de la Industria Turistica\",\"isPartOf\":{\"@id\":\"https:\/\/nitu.mx\/#website\"},\"primaryImageOfPage\":{\"@id\":\"https:\/\/nitu.mx\/index.php\/2023\/08\/02\/70-de-los-mexicanos-planean-vacacionar-durante-el-verano-niq\/#primaryimage\"},\"image\":{\"@id\":\"https:\/\/nitu.mx\/index.php\/2023\/08\/02\/70-de-los-mexicanos-planean-vacacionar-durante-el-verano-niq\/#primaryimage\"},\"thumbnailUrl\":\"https:\/\/nitu.mx\/wp-content\/uploads\/2023\/01\/Cancun.jpg\",\"datePublished\":\"2023-08-03T03:41:45+00:00\",\"dateModified\":\"2023-08-03T05:34:22+00:00\",\"breadcrumb\":{\"@id\":\"https:\/\/nitu.mx\/index.php\/2023\/08\/02\/70-de-los-mexicanos-planean-vacacionar-durante-el-verano-niq\/#breadcrumb\"},\"inLanguage\":\"es-MX\",\"potentialAction\":[{\"@type\":\"ReadAction\",\"target\":[\"https:\/\/nitu.mx\/index.php\/2023\/08\/02\/70-de-los-mexicanos-planean-vacacionar-durante-el-verano-niq\/\"]}]},{\"@type\":\"ImageObject\",\"inLanguage\":\"es-MX\",\"@id\":\"https:\/\/nitu.mx\/index.php\/2023\/08\/02\/70-de-los-mexicanos-planean-vacacionar-durante-el-verano-niq\/#primaryimage\",\"url\":\"https:\/\/nitu.mx\/wp-content\/uploads\/2023\/01\/Cancun.jpg\",\"contentUrl\":\"https:\/\/nitu.mx\/wp-content\/uploads\/2023\/01\/Cancun.jpg\",\"width\":1200,\"height\":675,\"caption\":\"Caribe Mexicano Allianz Travel Clubes vacacionales turistas Despegar SiteMinder\"},{\"@type\":\"BreadcrumbList\",\"@id\":\"https:\/\/nitu.mx\/index.php\/2023\/08\/02\/70-de-los-mexicanos-planean-vacacionar-durante-el-verano-niq\/#breadcrumb\",\"itemListElement\":[{\"@type\":\"ListItem\",\"position\":1,\"name\":\"Inicio\",\"item\":\"https:\/\/nitu.mx\/\"},{\"@type\":\"ListItem\",\"position\":2,\"name\":\"70% de los mexicanos planean vacacionar durante el verano: NIQ\"}]},{\"@type\":\"WebSite\",\"@id\":\"https:\/\/nitu.mx\/#website\",\"url\":\"https:\/\/nitu.mx\/\",\"name\":\"Nitu - Noticias de la Industria Turistica\",\"description\":\"Noticias de la Industria Turistica\",\"publisher\":{\"@id\":\"https:\/\/nitu.mx\/#\/schema\/person\/ae7a53426417292d3dd07b45a33e01bc\"},\"alternateName\":\"Noticias de la Industria Turistica\",\"potentialAction\":[{\"@type\":\"SearchAction\",\"target\":{\"@type\":\"EntryPoint\",\"urlTemplate\":\"https:\/\/nitu.mx\/?s={search_term_string}\"},\"query-input\":\"required name=search_term_string\"}],\"inLanguage\":\"es-MX\"},{\"@type\":[\"Person\",\"Organization\"],\"@id\":\"https:\/\/nitu.mx\/#\/schema\/person\/ae7a53426417292d3dd07b45a33e01bc\",\"name\":\"Arturo Medina\",\"image\":{\"@type\":\"ImageObject\",\"inLanguage\":\"es-MX\",\"@id\":\"https:\/\/nitu.mx\/#\/schema\/person\/image\/\",\"url\":\"https:\/\/nitu.mx\/wp-content\/uploads\/2024\/04\/4A315622-1904-4D5C-B022-878CDC840E04-90x90-1.jpeg\",\"contentUrl\":\"https:\/\/nitu.mx\/wp-content\/uploads\/2024\/04\/4A315622-1904-4D5C-B022-878CDC840E04-90x90-1.jpeg\",\"width\":90,\"height\":90,\"caption\":\"Arturo Medina\"},\"logo\":{\"@id\":\"https:\/\/nitu.mx\/#\/schema\/person\/image\/\"},\"description\":\"Director NITU.mx, Egresado de la Escuela de Periodismo Carlos Septi\u00e9n Garc\u00eda. Periodista y analista especializado en turismo desde hace 35 a\u00f1os, radicado en Canc\u00fan Q.Roo. arturo@nitu.mx\",\"sameAs\":[\"https:\/\/nitu.mx\",\"https:\/\/www.facebook.com\/NITUmx\/\",\"medinacancun\",\"https:\/\/twitter.com\/@Arturo_Medina_G\"]},{\"@type\":\"Person\",\"@id\":\"https:\/\/nitu.mx\/#\/schema\/person\/4a28fe9bd65924f7c90623773daf1b0b\",\"name\":\"Redacci\u00f3n\",\"image\":{\"@type\":\"ImageObject\",\"inLanguage\":\"es-MX\",\"@id\":\"https:\/\/nitu.mx\/#\/schema\/person\/image\/\",\"url\":\"https:\/\/secure.gravatar.com\/avatar\/5dd011c8ccfc5cd7e4c81e42252aab38?s=96&d=mm&r=g\",\"contentUrl\":\"https:\/\/secure.gravatar.com\/avatar\/5dd011c8ccfc5cd7e4c81e42252aab38?s=96&d=mm&r=g\",\"caption\":\"Redacci\u00f3n\"},\"url\":\"https:\/\/nitu.mx\/index.php\/author\/redaccion\/\"}]}<\/script>\n<!-- \/ Yoast SEO plugin. -->","yoast_head_json":{"title":"70% de los mexicanos planean vacacionar durante el verano: NIQ - Nitu - Noticias de la Industria Turistica","robots":{"index":"index","follow":"follow","max-snippet":"max-snippet:-1","max-image-preview":"max-image-preview:large","max-video-preview":"max-video-preview:-1"},"canonical":"https:\/\/nitu.mx\/index.php\/2023\/08\/02\/70-de-los-mexicanos-planean-vacacionar-durante-el-verano-niq\/","twitter_card":"summary_large_image","twitter_title":"70% de los mexicanos planean vacacionar durante el verano: NIQ - Nitu - Noticias de la Industria Turistica","twitter_description":"NielsenIQ (NIQ),\u00a0la compa\u00f1\u00eda l\u00edder mundial en inteligencia del consumidor, inform\u00f3 a trav\u00e9s de su estudio \u201cCGA Oportunidades para los turistas\u201d que al menos el 70% de los consumidores en M\u00e9xico tienen previsto viajar dentro del pa\u00eds en julio, agosto y septiembre de este a\u00f1o, esto con el objetivo de explorar nuevas partes del pa\u00eds, mostrando [&hellip;]","twitter_image":"https:\/\/nitu.mx\/wp-content\/uploads\/2023\/01\/Cancun.jpg","twitter_creator":"@NITUmx","twitter_site":"@Arturo_Medina_G","twitter_misc":{"Escrito por":"Redacci\u00f3n","Tiempo de lectura":"3 minutos"},"schema":{"@context":"https:\/\/schema.org","@graph":[{"@type":"Article","@id":"https:\/\/nitu.mx\/index.php\/2023\/08\/02\/70-de-los-mexicanos-planean-vacacionar-durante-el-verano-niq\/#article","isPartOf":{"@id":"https:\/\/nitu.mx\/index.php\/2023\/08\/02\/70-de-los-mexicanos-planean-vacacionar-durante-el-verano-niq\/"},"author":{"name":"Redacci\u00f3n","@id":"https:\/\/nitu.mx\/#\/schema\/person\/4a28fe9bd65924f7c90623773daf1b0b"},"headline":"70% de los mexicanos planean vacacionar durante el verano: NIQ","datePublished":"2023-08-03T03:41:45+00:00","dateModified":"2023-08-03T05:34:22+00:00","mainEntityOfPage":{"@id":"https:\/\/nitu.mx\/index.php\/2023\/08\/02\/70-de-los-mexicanos-planean-vacacionar-durante-el-verano-niq\/"},"wordCount":521,"commentCount":0,"publisher":{"@id":"https:\/\/nitu.mx\/#\/schema\/person\/ae7a53426417292d3dd07b45a33e01bc"},"image":{"@id":"https:\/\/nitu.mx\/index.php\/2023\/08\/02\/70-de-los-mexicanos-planean-vacacionar-durante-el-verano-niq\/#primaryimage"},"thumbnailUrl":"https:\/\/nitu.mx\/wp-content\/uploads\/2023\/01\/Cancun.jpg","keywords":["NIQ","Raquel Jim\u00e9nez","turistas mexicanos","verano"],"articleSection":["Destinos"],"inLanguage":"es-MX","potentialAction":[{"@type":"CommentAction","name":"Comment","target":["https:\/\/nitu.mx\/index.php\/2023\/08\/02\/70-de-los-mexicanos-planean-vacacionar-durante-el-verano-niq\/#respond"]}]},{"@type":"WebPage","@id":"https:\/\/nitu.mx\/index.php\/2023\/08\/02\/70-de-los-mexicanos-planean-vacacionar-durante-el-verano-niq\/","url":"https:\/\/nitu.mx\/index.php\/2023\/08\/02\/70-de-los-mexicanos-planean-vacacionar-durante-el-verano-niq\/","name":"70% de los mexicanos planean vacacionar durante el verano: NIQ - Nitu - Noticias de la Industria Turistica","isPartOf":{"@id":"https:\/\/nitu.mx\/#website"},"primaryImageOfPage":{"@id":"https:\/\/nitu.mx\/index.php\/2023\/08\/02\/70-de-los-mexicanos-planean-vacacionar-durante-el-verano-niq\/#primaryimage"},"image":{"@id":"https:\/\/nitu.mx\/index.php\/2023\/08\/02\/70-de-los-mexicanos-planean-vacacionar-durante-el-verano-niq\/#primaryimage"},"thumbnailUrl":"https:\/\/nitu.mx\/wp-content\/uploads\/2023\/01\/Cancun.jpg","datePublished":"2023-08-03T03:41:45+00:00","dateModified":"2023-08-03T05:34:22+00:00","breadcrumb":{"@id":"https:\/\/nitu.mx\/index.php\/2023\/08\/02\/70-de-los-mexicanos-planean-vacacionar-durante-el-verano-niq\/#breadcrumb"},"inLanguage":"es-MX","potentialAction":[{"@type":"ReadAction","target":["https:\/\/nitu.mx\/index.php\/2023\/08\/02\/70-de-los-mexicanos-planean-vacacionar-durante-el-verano-niq\/"]}]},{"@type":"ImageObject","inLanguage":"es-MX","@id":"https:\/\/nitu.mx\/index.php\/2023\/08\/02\/70-de-los-mexicanos-planean-vacacionar-durante-el-verano-niq\/#primaryimage","url":"https:\/\/nitu.mx\/wp-content\/uploads\/2023\/01\/Cancun.jpg","contentUrl":"https:\/\/nitu.mx\/wp-content\/uploads\/2023\/01\/Cancun.jpg","width":1200,"height":675,"caption":"Caribe Mexicano Allianz Travel Clubes vacacionales turistas Despegar SiteMinder"},{"@type":"BreadcrumbList","@id":"https:\/\/nitu.mx\/index.php\/2023\/08\/02\/70-de-los-mexicanos-planean-vacacionar-durante-el-verano-niq\/#breadcrumb","itemListElement":[{"@type":"ListItem","position":1,"name":"Inicio","item":"https:\/\/nitu.mx\/"},{"@type":"ListItem","position":2,"name":"70% de los mexicanos planean vacacionar durante el verano: NIQ"}]},{"@type":"WebSite","@id":"https:\/\/nitu.mx\/#website","url":"https:\/\/nitu.mx\/","name":"Nitu - Noticias de la Industria Turistica","description":"Noticias de la Industria Turistica","publisher":{"@id":"https:\/\/nitu.mx\/#\/schema\/person\/ae7a53426417292d3dd07b45a33e01bc"},"alternateName":"Noticias de la Industria Turistica","potentialAction":[{"@type":"SearchAction","target":{"@type":"EntryPoint","urlTemplate":"https:\/\/nitu.mx\/?s={search_term_string}"},"query-input":"required name=search_term_string"}],"inLanguage":"es-MX"},{"@type":["Person","Organization"],"@id":"https:\/\/nitu.mx\/#\/schema\/person\/ae7a53426417292d3dd07b45a33e01bc","name":"Arturo Medina","image":{"@type":"ImageObject","inLanguage":"es-MX","@id":"https:\/\/nitu.mx\/#\/schema\/person\/image\/","url":"https:\/\/nitu.mx\/wp-content\/uploads\/2024\/04\/4A315622-1904-4D5C-B022-878CDC840E04-90x90-1.jpeg","contentUrl":"https:\/\/nitu.mx\/wp-content\/uploads\/2024\/04\/4A315622-1904-4D5C-B022-878CDC840E04-90x90-1.jpeg","width":90,"height":90,"caption":"Arturo Medina"},"logo":{"@id":"https:\/\/nitu.mx\/#\/schema\/person\/image\/"},"description":"Director NITU.mx, Egresado de la Escuela de Periodismo Carlos Septi\u00e9n Garc\u00eda. Periodista y analista especializado en turismo desde hace 35 a\u00f1os, radicado en Canc\u00fan Q.Roo. arturo@nitu.mx","sameAs":["https:\/\/nitu.mx","https:\/\/www.facebook.com\/NITUmx\/","medinacancun","https:\/\/twitter.com\/@Arturo_Medina_G"]},{"@type":"Person","@id":"https:\/\/nitu.mx\/#\/schema\/person\/4a28fe9bd65924f7c90623773daf1b0b","name":"Redacci\u00f3n","image":{"@type":"ImageObject","inLanguage":"es-MX","@id":"https:\/\/nitu.mx\/#\/schema\/person\/image\/","url":"https:\/\/secure.gravatar.com\/avatar\/5dd011c8ccfc5cd7e4c81e42252aab38?s=96&d=mm&r=g","contentUrl":"https:\/\/secure.gravatar.com\/avatar\/5dd011c8ccfc5cd7e4c81e42252aab38?s=96&d=mm&r=g","caption":"Redacci\u00f3n"},"url":"https:\/\/nitu.mx\/index.php\/author\/redaccion\/"}]}},"views":350,"_links":{"self":[{"href":"https:\/\/nitu.mx\/index.php\/wp-json\/wp\/v2\/posts\/65565"}],"collection":[{"href":"https:\/\/nitu.mx\/index.php\/wp-json\/wp\/v2\/posts"}],"about":[{"href":"https:\/\/nitu.mx\/index.php\/wp-json\/wp\/v2\/types\/post"}],"author":[{"embeddable":true,"href":"https:\/\/nitu.mx\/index.php\/wp-json\/wp\/v2\/users\/17"}],"replies":[{"embeddable":true,"href":"https:\/\/nitu.mx\/index.php\/wp-json\/wp\/v2\/comments?post=65565"}],"version-history":[{"count":1,"href":"https:\/\/nitu.mx\/index.php\/wp-json\/wp\/v2\/posts\/65565\/revisions"}],"predecessor-version":[{"id":65567,"href":"https:\/\/nitu.mx\/index.php\/wp-json\/wp\/v2\/posts\/65565\/revisions\/65567"}],"wp:featuredmedia":[{"embeddable":true,"href":"https:\/\/nitu.mx\/index.php\/wp-json\/wp\/v2\/media\/62865"}],"wp:attachment":[{"href":"https:\/\/nitu.mx\/index.php\/wp-json\/wp\/v2\/media?parent=65565"}],"wp:term":[{"taxonomy":"category","embeddable":true,"href":"https:\/\/nitu.mx\/index.php\/wp-json\/wp\/v2\/categories?post=65565"},{"taxonomy":"post_tag","embeddable":true,"href":"https:\/\/nitu.mx\/index.php\/wp-json\/wp\/v2\/tags?post=65565"}],"curies":[{"name":"wp","href":"https:\/\/api.w.org\/{rel}","templated":true}]}}