{"id":65496,"date":"2023-07-28T00:47:33","date_gmt":"2023-07-28T05:47:33","guid":{"rendered":"https:\/\/www.dev.nitu.mx\/?p=65496"},"modified":"2023-07-28T00:59:08","modified_gmt":"2023-07-28T05:59:08","slug":"nueva-york-atrae-turistas-mexicanos-con-actividades-de-verano","status":"publish","type":"post","link":"https:\/\/nitu.mx\/index.php\/2023\/07\/28\/nueva-york-atrae-turistas-mexicanos-con-actividades-de-verano\/","title":{"rendered":"Nueva York atrae turistas mexicanos con actividades de verano"},"content":{"rendered":"<p>Durante la temporada vacacional de verano, Nueva York est\u00e1 en espera de turistas internacionales, entre ellos los mexicanos, quienes gracias a la coyuntura del &#8220;super peso&#8221; pueden disfrutar de las actividades promovidas por\u00a0New York City Tourism + Conventions.<\/p>\n<p>NYC Summer Restaurant Week\u00a0se lleva a cabo del lunes 24 de julio al domingo 20 de agosto, con restaurantes que ofrecen almuerzos de dos tiempos a $30, $45 o $60 d\u00f3lares y cenas de tres tiempos a $30, $45 o $60 d\u00f3lares (no incluye propina). El programa bianual ofrece a los comensales la oportunidad de disfrutar de casi 500 restaurantes de la ciudad de Nueva York que sirven docenas de estilos de cocina en m\u00e1s de 200 vecindarios a precios asequibles para garantizar la participaci\u00f3n de varios restaurantes en los cinco distritos.<\/p>\n<p style=\"font-weight: 400;\">Del 21 de septiembre de 2023 al 7 de enero de 2024, se llevar\u00e1 a cabo The Frick Collection, que desde su inauguraci\u00f3n en 1935, ha inspirado a generaciones de artistas que se han comprometido con el complejo legado y la importancia de la pintura de los maestros antiguos. Barkley L. Hendricks fue un\u00a0gran artista, y the Frick -con sus ic\u00f3nicos retratos de Rembrandt, Bronzino, Van Dyck y otros &#8211; era uno de los museos favoritos de Hendricks.<\/p>\n<p style=\"font-weight: 400;\">Hasta el domingo 6 de agosto de 2023,\u00a0el Public Theater toma el Delacorte Theater de Central Park para la representaci\u00f3n anual de Shakespeare in the Park. Este a\u00f1o, el p\u00fablico podr\u00e1 disfrutar durante nueve semanas de Hamlet, la obra maestra m\u00e1s famosa del Bardo. Esta versi\u00f3n contempor\u00e1nea de la historia de familia y traici\u00f3n est\u00e1 dirigida por Kenny Leon y protagonizada por Ato Blankson-Wood en el papel de Hamlet.<\/p>\n<p>En el 50 aniversario del nacimiento del hip-hop, acude a esta celebraci\u00f3n musical en el vecindario donde empez\u00f3 todo. Entre los\u00a0headliners\u00a0figuran gigantes del g\u00e9nero como Run-D.M.C., Snoop Dogg, Lil Wayne y Lil&#8217; Kim. Tambi\u00e9n actuar\u00e1n muchas otras estrellas, con presentaciones dedicadas a las mujeres del hip-hop, como Remy Ma y Eve; Kool Herc y otros que ayudaron a dar forma al hip-hop en sus comienzos; y DJ influyentes.<\/p>\n<p>Prevista para inaugurarse en el Museo Metropolitano de Arte el 24 de septiembre de 2023,\u00a0Manet\/Degas\u00a0examina uno de los di\u00e1logos art\u00edsticos m\u00e1s significativos en la g\u00e9nesis del arte moderno. Nacidos con s\u00f3lo dos a\u00f1os de diferencia, \u00c9douard Manet (1832-1883) y Edgar Degas (1834-1917) fueron amigos, rivales y, en ocasiones, antagonistas, y su obra determin\u00f3 el desarrollo de la pintura modernista en Francia. Al examinar las formas en que sus carreras se cruzaron y presentar sus obras una al lado de la otra, esta exposici\u00f3n investiga c\u00f3mo sus objetivos y enfoques art\u00edsticos se solaparon y divergieron.\u00a0<a title=\"Nueva York inicia la NYC Hotel Week con descuentos y promociones\" href=\"https:\/\/www.dev.nitu.mx\/index.php\/2022\/01\/03\/nueva-york-inicia-la-nyc-hotel-week-con-descuentos-y-promociones\/\" rel=\"bookmark\">(Nueva York inicia la NYC Hotel Week con descuentos y promociones<\/a>).<\/p>\n","protected":false},"excerpt":{"rendered":"<p>Durante la temporada vacacional de verano, Nueva York est\u00e1 en espera de turistas internacionales, entre ellos los mexicanos, quienes gracias a la coyuntura del &#8220;super peso&#8221; pueden disfrutar de las actividades promovidas por\u00a0New York City Tourism + Conventions. NYC Summer Restaurant Week\u00a0se lleva a cabo del lunes 24 de julio al domingo 20 de agosto, [&hellip;]<\/p>\n","protected":false},"author":17,"featured_media":16015,"comment_status":"open","ping_status":"open","sticky":false,"template":"","format":"standard","meta":{"footnotes":""},"categories":[7],"tags":[100,24097,452,24096,7475],"yoast_head":"<!-- This site is optimized with the Yoast SEO plugin v22.2 - https:\/\/yoast.com\/wordpress\/plugins\/seo\/ -->\n<title>Nueva York atrae turistas mexicanos con actividades de verano - Nitu - Noticias de la Industria Turistica<\/title>\n<meta name=\"robots\" content=\"index, follow, max-snippet:-1, max-image-preview:large, max-video-preview:-1\" \/>\n<link rel=\"canonical\" href=\"https:\/\/nitu.mx\/index.php\/2023\/07\/28\/nueva-york-atrae-turistas-mexicanos-con-actividades-de-verano\/\" \/>\n<meta name=\"twitter:card\" content=\"summary_large_image\" \/>\n<meta name=\"twitter:title\" content=\"Nueva York atrae turistas mexicanos con actividades de verano - Nitu - Noticias de la Industria Turistica\" \/>\n<meta name=\"twitter:description\" content=\"Durante la temporada vacacional de verano, Nueva York est\u00e1 en espera de turistas internacionales, entre ellos los mexicanos, quienes gracias a la coyuntura del &#8220;super peso&#8221; pueden disfrutar de las actividades promovidas por\u00a0New York City Tourism + Conventions. NYC Summer Restaurant Week\u00a0se lleva a cabo del lunes 24 de julio al domingo 20 de agosto, [&hellip;]\" \/>\n<meta name=\"twitter:image\" content=\"https:\/\/nitu.mx\/wp-content\/uploads\/2017\/12\/nueva-york-2.jpg\" \/>\n<meta name=\"twitter:creator\" content=\"@NITUmx\" \/>\n<meta name=\"twitter:site\" content=\"@Arturo_Medina_G\" \/>\n<meta name=\"twitter:label1\" content=\"Escrito por\" \/>\n\t<meta name=\"twitter:data1\" content=\"Redacci\u00f3n\" \/>\n\t<meta name=\"twitter:label2\" content=\"Tiempo de lectura\" \/>\n\t<meta name=\"twitter:data2\" content=\"2 minutos\" \/>\n<script type=\"application\/ld+json\" class=\"yoast-schema-graph\">{\"@context\":\"https:\/\/schema.org\",\"@graph\":[{\"@type\":\"Article\",\"@id\":\"https:\/\/nitu.mx\/index.php\/2023\/07\/28\/nueva-york-atrae-turistas-mexicanos-con-actividades-de-verano\/#article\",\"isPartOf\":{\"@id\":\"https:\/\/nitu.mx\/index.php\/2023\/07\/28\/nueva-york-atrae-turistas-mexicanos-con-actividades-de-verano\/\"},\"author\":{\"name\":\"Redacci\u00f3n\",\"@id\":\"https:\/\/nitu.mx\/#\/schema\/person\/4a28fe9bd65924f7c90623773daf1b0b\"},\"headline\":\"Nueva York atrae turistas mexicanos con actividades de verano\",\"datePublished\":\"2023-07-28T05:47:33+00:00\",\"dateModified\":\"2023-07-28T05:59:08+00:00\",\"mainEntityOfPage\":{\"@id\":\"https:\/\/nitu.mx\/index.php\/2023\/07\/28\/nueva-york-atrae-turistas-mexicanos-con-actividades-de-verano\/\"},\"wordCount\":475,\"commentCount\":0,\"publisher\":{\"@id\":\"https:\/\/nitu.mx\/#\/schema\/person\/ae7a53426417292d3dd07b45a33e01bc\"},\"image\":{\"@id\":\"https:\/\/nitu.mx\/index.php\/2023\/07\/28\/nueva-york-atrae-turistas-mexicanos-con-actividades-de-verano\/#primaryimage\"},\"thumbnailUrl\":\"https:\/\/nitu.mx\/wp-content\/uploads\/2017\/12\/nueva-york-2.jpg\",\"keywords\":[\"Estados Unidos\",\"Museo Metropolitano\",\"Nueva York\",\"The Frick Collection\",\"turismo mexicano\"],\"articleSection\":[\"Estados Unidos\"],\"inLanguage\":\"es-MX\",\"potentialAction\":[{\"@type\":\"CommentAction\",\"name\":\"Comment\",\"target\":[\"https:\/\/nitu.mx\/index.php\/2023\/07\/28\/nueva-york-atrae-turistas-mexicanos-con-actividades-de-verano\/#respond\"]}]},{\"@type\":\"WebPage\",\"@id\":\"https:\/\/nitu.mx\/index.php\/2023\/07\/28\/nueva-york-atrae-turistas-mexicanos-con-actividades-de-verano\/\",\"url\":\"https:\/\/nitu.mx\/index.php\/2023\/07\/28\/nueva-york-atrae-turistas-mexicanos-con-actividades-de-verano\/\",\"name\":\"Nueva York atrae turistas mexicanos con actividades de verano - Nitu - Noticias de la Industria Turistica\",\"isPartOf\":{\"@id\":\"https:\/\/nitu.mx\/#website\"},\"primaryImageOfPage\":{\"@id\":\"https:\/\/nitu.mx\/index.php\/2023\/07\/28\/nueva-york-atrae-turistas-mexicanos-con-actividades-de-verano\/#primaryimage\"},\"image\":{\"@id\":\"https:\/\/nitu.mx\/index.php\/2023\/07\/28\/nueva-york-atrae-turistas-mexicanos-con-actividades-de-verano\/#primaryimage\"},\"thumbnailUrl\":\"https:\/\/nitu.mx\/wp-content\/uploads\/2017\/12\/nueva-york-2.jpg\",\"datePublished\":\"2023-07-28T05:47:33+00:00\",\"dateModified\":\"2023-07-28T05:59:08+00:00\",\"breadcrumb\":{\"@id\":\"https:\/\/nitu.mx\/index.php\/2023\/07\/28\/nueva-york-atrae-turistas-mexicanos-con-actividades-de-verano\/#breadcrumb\"},\"inLanguage\":\"es-MX\",\"potentialAction\":[{\"@type\":\"ReadAction\",\"target\":[\"https:\/\/nitu.mx\/index.php\/2023\/07\/28\/nueva-york-atrae-turistas-mexicanos-con-actividades-de-verano\/\"]}]},{\"@type\":\"ImageObject\",\"inLanguage\":\"es-MX\",\"@id\":\"https:\/\/nitu.mx\/index.php\/2023\/07\/28\/nueva-york-atrae-turistas-mexicanos-con-actividades-de-verano\/#primaryimage\",\"url\":\"https:\/\/nitu.mx\/wp-content\/uploads\/2017\/12\/nueva-york-2.jpg\",\"contentUrl\":\"https:\/\/nitu.mx\/wp-content\/uploads\/2017\/12\/nueva-york-2.jpg\",\"width\":640,\"height\":427,\"caption\":\"Nueva York\"},{\"@type\":\"BreadcrumbList\",\"@id\":\"https:\/\/nitu.mx\/index.php\/2023\/07\/28\/nueva-york-atrae-turistas-mexicanos-con-actividades-de-verano\/#breadcrumb\",\"itemListElement\":[{\"@type\":\"ListItem\",\"position\":1,\"name\":\"Inicio\",\"item\":\"https:\/\/nitu.mx\/\"},{\"@type\":\"ListItem\",\"position\":2,\"name\":\"Nueva York atrae turistas mexicanos con actividades de verano\"}]},{\"@type\":\"WebSite\",\"@id\":\"https:\/\/nitu.mx\/#website\",\"url\":\"https:\/\/nitu.mx\/\",\"name\":\"Nitu - Noticias de la Industria Turistica\",\"description\":\"Noticias de la Industria Turistica\",\"publisher\":{\"@id\":\"https:\/\/nitu.mx\/#\/schema\/person\/ae7a53426417292d3dd07b45a33e01bc\"},\"alternateName\":\"Noticias de la Industria Turistica\",\"potentialAction\":[{\"@type\":\"SearchAction\",\"target\":{\"@type\":\"EntryPoint\",\"urlTemplate\":\"https:\/\/nitu.mx\/?s={search_term_string}\"},\"query-input\":\"required name=search_term_string\"}],\"inLanguage\":\"es-MX\"},{\"@type\":[\"Person\",\"Organization\"],\"@id\":\"https:\/\/nitu.mx\/#\/schema\/person\/ae7a53426417292d3dd07b45a33e01bc\",\"name\":\"Arturo Medina\",\"image\":{\"@type\":\"ImageObject\",\"inLanguage\":\"es-MX\",\"@id\":\"https:\/\/nitu.mx\/#\/schema\/person\/image\/\",\"url\":\"https:\/\/nitu.mx\/wp-content\/uploads\/2024\/04\/4A315622-1904-4D5C-B022-878CDC840E04-90x90-1.jpeg\",\"contentUrl\":\"https:\/\/nitu.mx\/wp-content\/uploads\/2024\/04\/4A315622-1904-4D5C-B022-878CDC840E04-90x90-1.jpeg\",\"width\":90,\"height\":90,\"caption\":\"Arturo Medina\"},\"logo\":{\"@id\":\"https:\/\/nitu.mx\/#\/schema\/person\/image\/\"},\"description\":\"Director NITU.mx, Egresado de la Escuela de Periodismo Carlos Septi\u00e9n Garc\u00eda. Periodista y analista especializado en turismo desde hace 35 a\u00f1os, radicado en Canc\u00fan Q.Roo. arturo@nitu.mx\",\"sameAs\":[\"https:\/\/nitu.mx\",\"https:\/\/www.facebook.com\/NITUmx\/\",\"medinacancun\",\"https:\/\/twitter.com\/@Arturo_Medina_G\"]},{\"@type\":\"Person\",\"@id\":\"https:\/\/nitu.mx\/#\/schema\/person\/4a28fe9bd65924f7c90623773daf1b0b\",\"name\":\"Redacci\u00f3n\",\"image\":{\"@type\":\"ImageObject\",\"inLanguage\":\"es-MX\",\"@id\":\"https:\/\/nitu.mx\/#\/schema\/person\/image\/\",\"url\":\"https:\/\/secure.gravatar.com\/avatar\/5dd011c8ccfc5cd7e4c81e42252aab38?s=96&d=mm&r=g\",\"contentUrl\":\"https:\/\/secure.gravatar.com\/avatar\/5dd011c8ccfc5cd7e4c81e42252aab38?s=96&d=mm&r=g\",\"caption\":\"Redacci\u00f3n\"},\"url\":\"https:\/\/nitu.mx\/index.php\/author\/redaccion\/\"}]}<\/script>\n<!-- \/ Yoast SEO plugin. -->","yoast_head_json":{"title":"Nueva York atrae turistas mexicanos con actividades de verano - Nitu - Noticias de la Industria Turistica","robots":{"index":"index","follow":"follow","max-snippet":"max-snippet:-1","max-image-preview":"max-image-preview:large","max-video-preview":"max-video-preview:-1"},"canonical":"https:\/\/nitu.mx\/index.php\/2023\/07\/28\/nueva-york-atrae-turistas-mexicanos-con-actividades-de-verano\/","twitter_card":"summary_large_image","twitter_title":"Nueva York atrae turistas mexicanos con actividades de verano - Nitu - Noticias de la Industria Turistica","twitter_description":"Durante la temporada vacacional de verano, Nueva York est\u00e1 en espera de turistas internacionales, entre ellos los mexicanos, quienes gracias a la coyuntura del &#8220;super peso&#8221; pueden disfrutar de las actividades promovidas por\u00a0New York City Tourism + Conventions. NYC Summer Restaurant Week\u00a0se lleva a cabo del lunes 24 de julio al domingo 20 de agosto, [&hellip;]","twitter_image":"https:\/\/nitu.mx\/wp-content\/uploads\/2017\/12\/nueva-york-2.jpg","twitter_creator":"@NITUmx","twitter_site":"@Arturo_Medina_G","twitter_misc":{"Escrito por":"Redacci\u00f3n","Tiempo de lectura":"2 minutos"},"schema":{"@context":"https:\/\/schema.org","@graph":[{"@type":"Article","@id":"https:\/\/nitu.mx\/index.php\/2023\/07\/28\/nueva-york-atrae-turistas-mexicanos-con-actividades-de-verano\/#article","isPartOf":{"@id":"https:\/\/nitu.mx\/index.php\/2023\/07\/28\/nueva-york-atrae-turistas-mexicanos-con-actividades-de-verano\/"},"author":{"name":"Redacci\u00f3n","@id":"https:\/\/nitu.mx\/#\/schema\/person\/4a28fe9bd65924f7c90623773daf1b0b"},"headline":"Nueva York atrae turistas mexicanos con actividades de verano","datePublished":"2023-07-28T05:47:33+00:00","dateModified":"2023-07-28T05:59:08+00:00","mainEntityOfPage":{"@id":"https:\/\/nitu.mx\/index.php\/2023\/07\/28\/nueva-york-atrae-turistas-mexicanos-con-actividades-de-verano\/"},"wordCount":475,"commentCount":0,"publisher":{"@id":"https:\/\/nitu.mx\/#\/schema\/person\/ae7a53426417292d3dd07b45a33e01bc"},"image":{"@id":"https:\/\/nitu.mx\/index.php\/2023\/07\/28\/nueva-york-atrae-turistas-mexicanos-con-actividades-de-verano\/#primaryimage"},"thumbnailUrl":"https:\/\/nitu.mx\/wp-content\/uploads\/2017\/12\/nueva-york-2.jpg","keywords":["Estados Unidos","Museo Metropolitano","Nueva York","The Frick Collection","turismo mexicano"],"articleSection":["Estados Unidos"],"inLanguage":"es-MX","potentialAction":[{"@type":"CommentAction","name":"Comment","target":["https:\/\/nitu.mx\/index.php\/2023\/07\/28\/nueva-york-atrae-turistas-mexicanos-con-actividades-de-verano\/#respond"]}]},{"@type":"WebPage","@id":"https:\/\/nitu.mx\/index.php\/2023\/07\/28\/nueva-york-atrae-turistas-mexicanos-con-actividades-de-verano\/","url":"https:\/\/nitu.mx\/index.php\/2023\/07\/28\/nueva-york-atrae-turistas-mexicanos-con-actividades-de-verano\/","name":"Nueva York atrae turistas mexicanos con actividades de verano - Nitu - Noticias de la Industria Turistica","isPartOf":{"@id":"https:\/\/nitu.mx\/#website"},"primaryImageOfPage":{"@id":"https:\/\/nitu.mx\/index.php\/2023\/07\/28\/nueva-york-atrae-turistas-mexicanos-con-actividades-de-verano\/#primaryimage"},"image":{"@id":"https:\/\/nitu.mx\/index.php\/2023\/07\/28\/nueva-york-atrae-turistas-mexicanos-con-actividades-de-verano\/#primaryimage"},"thumbnailUrl":"https:\/\/nitu.mx\/wp-content\/uploads\/2017\/12\/nueva-york-2.jpg","datePublished":"2023-07-28T05:47:33+00:00","dateModified":"2023-07-28T05:59:08+00:00","breadcrumb":{"@id":"https:\/\/nitu.mx\/index.php\/2023\/07\/28\/nueva-york-atrae-turistas-mexicanos-con-actividades-de-verano\/#breadcrumb"},"inLanguage":"es-MX","potentialAction":[{"@type":"ReadAction","target":["https:\/\/nitu.mx\/index.php\/2023\/07\/28\/nueva-york-atrae-turistas-mexicanos-con-actividades-de-verano\/"]}]},{"@type":"ImageObject","inLanguage":"es-MX","@id":"https:\/\/nitu.mx\/index.php\/2023\/07\/28\/nueva-york-atrae-turistas-mexicanos-con-actividades-de-verano\/#primaryimage","url":"https:\/\/nitu.mx\/wp-content\/uploads\/2017\/12\/nueva-york-2.jpg","contentUrl":"https:\/\/nitu.mx\/wp-content\/uploads\/2017\/12\/nueva-york-2.jpg","width":640,"height":427,"caption":"Nueva York"},{"@type":"BreadcrumbList","@id":"https:\/\/nitu.mx\/index.php\/2023\/07\/28\/nueva-york-atrae-turistas-mexicanos-con-actividades-de-verano\/#breadcrumb","itemListElement":[{"@type":"ListItem","position":1,"name":"Inicio","item":"https:\/\/nitu.mx\/"},{"@type":"ListItem","position":2,"name":"Nueva York atrae turistas mexicanos con actividades de verano"}]},{"@type":"WebSite","@id":"https:\/\/nitu.mx\/#website","url":"https:\/\/nitu.mx\/","name":"Nitu - Noticias de la Industria Turistica","description":"Noticias de la Industria Turistica","publisher":{"@id":"https:\/\/nitu.mx\/#\/schema\/person\/ae7a53426417292d3dd07b45a33e01bc"},"alternateName":"Noticias de la Industria Turistica","potentialAction":[{"@type":"SearchAction","target":{"@type":"EntryPoint","urlTemplate":"https:\/\/nitu.mx\/?s={search_term_string}"},"query-input":"required name=search_term_string"}],"inLanguage":"es-MX"},{"@type":["Person","Organization"],"@id":"https:\/\/nitu.mx\/#\/schema\/person\/ae7a53426417292d3dd07b45a33e01bc","name":"Arturo Medina","image":{"@type":"ImageObject","inLanguage":"es-MX","@id":"https:\/\/nitu.mx\/#\/schema\/person\/image\/","url":"https:\/\/nitu.mx\/wp-content\/uploads\/2024\/04\/4A315622-1904-4D5C-B022-878CDC840E04-90x90-1.jpeg","contentUrl":"https:\/\/nitu.mx\/wp-content\/uploads\/2024\/04\/4A315622-1904-4D5C-B022-878CDC840E04-90x90-1.jpeg","width":90,"height":90,"caption":"Arturo Medina"},"logo":{"@id":"https:\/\/nitu.mx\/#\/schema\/person\/image\/"},"description":"Director NITU.mx, Egresado de la Escuela de Periodismo Carlos Septi\u00e9n Garc\u00eda. Periodista y analista especializado en turismo desde hace 35 a\u00f1os, radicado en Canc\u00fan Q.Roo. arturo@nitu.mx","sameAs":["https:\/\/nitu.mx","https:\/\/www.facebook.com\/NITUmx\/","medinacancun","https:\/\/twitter.com\/@Arturo_Medina_G"]},{"@type":"Person","@id":"https:\/\/nitu.mx\/#\/schema\/person\/4a28fe9bd65924f7c90623773daf1b0b","name":"Redacci\u00f3n","image":{"@type":"ImageObject","inLanguage":"es-MX","@id":"https:\/\/nitu.mx\/#\/schema\/person\/image\/","url":"https:\/\/secure.gravatar.com\/avatar\/5dd011c8ccfc5cd7e4c81e42252aab38?s=96&d=mm&r=g","contentUrl":"https:\/\/secure.gravatar.com\/avatar\/5dd011c8ccfc5cd7e4c81e42252aab38?s=96&d=mm&r=g","caption":"Redacci\u00f3n"},"url":"https:\/\/nitu.mx\/index.php\/author\/redaccion\/"}]}},"views":651,"_links":{"self":[{"href":"https:\/\/nitu.mx\/index.php\/wp-json\/wp\/v2\/posts\/65496"}],"collection":[{"href":"https:\/\/nitu.mx\/index.php\/wp-json\/wp\/v2\/posts"}],"about":[{"href":"https:\/\/nitu.mx\/index.php\/wp-json\/wp\/v2\/types\/post"}],"author":[{"embeddable":true,"href":"https:\/\/nitu.mx\/index.php\/wp-json\/wp\/v2\/users\/17"}],"replies":[{"embeddable":true,"href":"https:\/\/nitu.mx\/index.php\/wp-json\/wp\/v2\/comments?post=65496"}],"version-history":[{"count":1,"href":"https:\/\/nitu.mx\/index.php\/wp-json\/wp\/v2\/posts\/65496\/revisions"}],"predecessor-version":[{"id":65498,"href":"https:\/\/nitu.mx\/index.php\/wp-json\/wp\/v2\/posts\/65496\/revisions\/65498"}],"wp:featuredmedia":[{"embeddable":true,"href":"https:\/\/nitu.mx\/index.php\/wp-json\/wp\/v2\/media\/16015"}],"wp:attachment":[{"href":"https:\/\/nitu.mx\/index.php\/wp-json\/wp\/v2\/media?parent=65496"}],"wp:term":[{"taxonomy":"category","embeddable":true,"href":"https:\/\/nitu.mx\/index.php\/wp-json\/wp\/v2\/categories?post=65496"},{"taxonomy":"post_tag","embeddable":true,"href":"https:\/\/nitu.mx\/index.php\/wp-json\/wp\/v2\/tags?post=65496"}],"curies":[{"name":"wp","href":"https:\/\/api.w.org\/{rel}","templated":true}]}}