{"id":65484,"date":"2023-07-27T00:11:17","date_gmt":"2023-07-27T05:11:17","guid":{"rendered":"https:\/\/www.dev.nitu.mx\/?p=65484"},"modified":"2023-07-27T00:37:20","modified_gmt":"2023-07-27T05:37:20","slug":"american-airlines-operacion-record-en-cancun-con-40-vuelos-diarios-en-invierno","status":"publish","type":"post","link":"https:\/\/nitu.mx\/index.php\/2023\/07\/27\/american-airlines-operacion-record-en-cancun-con-40-vuelos-diarios-en-invierno\/","title":{"rendered":"American Airlines, operaci\u00f3n r\u00e9cord en Canc\u00fan con 40 vuelos diarios en invierno"},"content":{"rendered":"<p>Este invierno, American Airlines operar\u00e1 en Canc\u00fan su mayor programaci\u00f3n hasta la fecha, con hasta 40 vuelos diarios en d\u00edas pico desde 18 destinos en EE. UU. El nuevo servicio incluir\u00e1 vuelos estacionales desde Pittsburgh (PIT), Nashville (BNA) y Cincinnati (CVG), as\u00ed como frecuencias adicionales desde Miami (MIA) y Charlotte (CLT). Adicionalmente, el 5 de noviembre,\u00a0 aumentar\u00e1 de uno a dos los vuelos diarios desde Austin (AUS).<\/p>\n<p>&#8220;Canc\u00fan contin\u00faa siendo uno de nuestros destinos internacionales m\u00e1s populares y como resultado hemos a\u00f1adido a\u00fan m\u00e1s servicio este a\u00f1o, ofreciendo a nuestros clientes una red sin igual en M\u00e9xico&#8221;, dijo Jos\u00e9 Mar\u00eda Giraldo, director general para M\u00e9xico, Centroam\u00e9rica y el Caribe. &#8220;Con estos vuelos adicionales, estamos orgullosos de decir que Canc\u00fan se convertir\u00e1 en nuestro mayor destino internacional en invierno, con m\u00e1s vuelos que cualquier otra ciudad fuera de los Estados Unidos&#8221;.<\/p>\n<p>American Airlines anunci\u00f3 recientemente que aumentar\u00e1 sus vuelos de invierno desde Dallas-Fort Worth (DFW) a Acapulco (ACA), Huatulco (HUX), Puerto Vallarta (PVR), Los Cabos (SJD), Monterrey (MTY), Zacatecas (ZCL) y Zihuatanejo (ZIH).<\/p>\n<p>La aerol\u00ednea tambi\u00e9n inaugurar\u00e1 un nuevo destino en M\u00e9xico el 15 de febrero de 2024, conectando el Aeropuerto Internacional de Tijuana (TIJ) con el Aeropuerto Internacional Phoenix Sky Harbor (PHX). El servicio operar\u00e1 diariamente en un avi\u00f3n Embraer 175, con capacidad para 78 pasajeros.<\/p>\n<p>&#8220;Como la aerol\u00ednea estadounidense l\u00edder en M\u00e9xico, estamos entusiasmados de convertirnos en la \u00fanica aerol\u00ednea que conectar\u00e1 Tijuana y Estados Unidos, y de hacerlo desde nuestro centro de conexiones en Phoenix, donde nuestros clientes tendr\u00e1n acceso a aproximadamente 250 vuelos diarios a 100 destinos en invierno&#8221;, dijo Jos\u00e9 A. Freig, vicepresidente de Operaciones y Comercial para M\u00e9xico, el Caribe y Am\u00e9rica Latina.<\/p>\n<p>&#8220;Tijuana se convertir\u00e1 en el destino n\u00famero 26 de American en el pa\u00eds, resaltando nuestro compromiso de m\u00e1s de 80 a\u00f1os con M\u00e9xico, con nuestro equipo local de m\u00e1s de mil 200 personas y con nuestros clientes&#8221;, agreg\u00f3.<\/p>\n<p>Con estos vuelos adicionales, American operar\u00e1 m\u00e1s de 720 vuelos semanales pico en M\u00e9xico para la temporada de invierno y aumentar\u00e1 su capacidad en el pa\u00eds en 8% en comparaci\u00f3n con el a\u00f1o anterior.\u00a0<a title=\"American Airlines aumentar\u00e1 frecuencias y nuevas rutas a Canc\u00fan en invierno\" href=\"https:\/\/www.dev.nitu.mx\/index.php\/2023\/06\/14\/american-airlines-aumentara-frecuencias-y-nuevas-rutas-a-cancun-en-invierno\/\" rel=\"bookmark\">(American Airlines aumentar\u00e1 frecuencias y nuevas rutas a Canc\u00fan en invierno<\/a>).<\/p>\n","protected":false},"excerpt":{"rendered":"<p>Este invierno, American Airlines operar\u00e1 en Canc\u00fan su mayor programaci\u00f3n hasta la fecha, con hasta 40 vuelos diarios en d\u00edas pico desde 18 destinos en EE. UU. El nuevo servicio incluir\u00e1 vuelos estacionales desde Pittsburgh (PIT), Nashville (BNA) y Cincinnati (CVG), as\u00ed como frecuencias adicionales desde Miami (MIA) y Charlotte (CLT). Adicionalmente, el 5 de [&hellip;]<\/p>\n","protected":false},"author":17,"featured_media":53258,"comment_status":"open","ping_status":"open","sticky":false,"template":"","format":"standard","meta":{"footnotes":""},"categories":[29],"tags":[481,43,7124,489],"yoast_head":"<!-- This site is optimized with the Yoast SEO plugin v22.2 - https:\/\/yoast.com\/wordpress\/plugins\/seo\/ -->\n<title>American Airlines, operaci\u00f3n r\u00e9cord en Canc\u00fan con 40 vuelos diarios en invierno - Nitu - Noticias de la Industria Turistica<\/title>\n<meta name=\"robots\" content=\"index, follow, max-snippet:-1, max-image-preview:large, max-video-preview:-1\" \/>\n<link rel=\"canonical\" href=\"https:\/\/nitu.mx\/index.php\/2023\/07\/27\/american-airlines-operacion-record-en-cancun-con-40-vuelos-diarios-en-invierno\/\" \/>\n<meta name=\"twitter:card\" content=\"summary_large_image\" \/>\n<meta name=\"twitter:title\" content=\"American Airlines, operaci\u00f3n r\u00e9cord en Canc\u00fan con 40 vuelos diarios en invierno - Nitu - Noticias de la Industria Turistica\" \/>\n<meta name=\"twitter:description\" content=\"Este invierno, American Airlines operar\u00e1 en Canc\u00fan su mayor programaci\u00f3n hasta la fecha, con hasta 40 vuelos diarios en d\u00edas pico desde 18 destinos en EE. UU. El nuevo servicio incluir\u00e1 vuelos estacionales desde Pittsburgh (PIT), Nashville (BNA) y Cincinnati (CVG), as\u00ed como frecuencias adicionales desde Miami (MIA) y Charlotte (CLT). Adicionalmente, el 5 de [&hellip;]\" \/>\n<meta name=\"twitter:image\" content=\"https:\/\/nitu.mx\/wp-content\/uploads\/2021\/06\/DFW-American-Airlines.jpg\" \/>\n<meta name=\"twitter:creator\" content=\"@NITUmx\" \/>\n<meta name=\"twitter:site\" content=\"@Arturo_Medina_G\" \/>\n<meta name=\"twitter:label1\" content=\"Escrito por\" \/>\n\t<meta name=\"twitter:data1\" content=\"Redacci\u00f3n\" \/>\n\t<meta name=\"twitter:label2\" content=\"Tiempo de lectura\" \/>\n\t<meta name=\"twitter:data2\" content=\"2 minutos\" \/>\n<script type=\"application\/ld+json\" class=\"yoast-schema-graph\">{\"@context\":\"https:\/\/schema.org\",\"@graph\":[{\"@type\":\"Article\",\"@id\":\"https:\/\/nitu.mx\/index.php\/2023\/07\/27\/american-airlines-operacion-record-en-cancun-con-40-vuelos-diarios-en-invierno\/#article\",\"isPartOf\":{\"@id\":\"https:\/\/nitu.mx\/index.php\/2023\/07\/27\/american-airlines-operacion-record-en-cancun-con-40-vuelos-diarios-en-invierno\/\"},\"author\":{\"name\":\"Redacci\u00f3n\",\"@id\":\"https:\/\/nitu.mx\/#\/schema\/person\/4a28fe9bd65924f7c90623773daf1b0b\"},\"headline\":\"American Airlines, operaci\u00f3n r\u00e9cord en Canc\u00fan con 40 vuelos diarios en invierno\",\"datePublished\":\"2023-07-27T05:11:17+00:00\",\"dateModified\":\"2023-07-27T05:37:20+00:00\",\"mainEntityOfPage\":{\"@id\":\"https:\/\/nitu.mx\/index.php\/2023\/07\/27\/american-airlines-operacion-record-en-cancun-con-40-vuelos-diarios-en-invierno\/\"},\"wordCount\":400,\"commentCount\":0,\"publisher\":{\"@id\":\"https:\/\/nitu.mx\/#\/schema\/person\/ae7a53426417292d3dd07b45a33e01bc\"},\"image\":{\"@id\":\"https:\/\/nitu.mx\/index.php\/2023\/07\/27\/american-airlines-operacion-record-en-cancun-con-40-vuelos-diarios-en-invierno\/#primaryimage\"},\"thumbnailUrl\":\"https:\/\/nitu.mx\/wp-content\/uploads\/2021\/06\/DFW-American-Airlines.jpg\",\"keywords\":[\"American AIrlines\",\"Canc\u00fan\",\"invierno\",\"Tijuana\"],\"articleSection\":[\"Aerol\u00edneas\"],\"inLanguage\":\"es-MX\",\"potentialAction\":[{\"@type\":\"CommentAction\",\"name\":\"Comment\",\"target\":[\"https:\/\/nitu.mx\/index.php\/2023\/07\/27\/american-airlines-operacion-record-en-cancun-con-40-vuelos-diarios-en-invierno\/#respond\"]}]},{\"@type\":\"WebPage\",\"@id\":\"https:\/\/nitu.mx\/index.php\/2023\/07\/27\/american-airlines-operacion-record-en-cancun-con-40-vuelos-diarios-en-invierno\/\",\"url\":\"https:\/\/nitu.mx\/index.php\/2023\/07\/27\/american-airlines-operacion-record-en-cancun-con-40-vuelos-diarios-en-invierno\/\",\"name\":\"American Airlines, operaci\u00f3n r\u00e9cord en Canc\u00fan con 40 vuelos diarios en invierno - Nitu - Noticias de la Industria Turistica\",\"isPartOf\":{\"@id\":\"https:\/\/nitu.mx\/#website\"},\"primaryImageOfPage\":{\"@id\":\"https:\/\/nitu.mx\/index.php\/2023\/07\/27\/american-airlines-operacion-record-en-cancun-con-40-vuelos-diarios-en-invierno\/#primaryimage\"},\"image\":{\"@id\":\"https:\/\/nitu.mx\/index.php\/2023\/07\/27\/american-airlines-operacion-record-en-cancun-con-40-vuelos-diarios-en-invierno\/#primaryimage\"},\"thumbnailUrl\":\"https:\/\/nitu.mx\/wp-content\/uploads\/2021\/06\/DFW-American-Airlines.jpg\",\"datePublished\":\"2023-07-27T05:11:17+00:00\",\"dateModified\":\"2023-07-27T05:37:20+00:00\",\"breadcrumb\":{\"@id\":\"https:\/\/nitu.mx\/index.php\/2023\/07\/27\/american-airlines-operacion-record-en-cancun-con-40-vuelos-diarios-en-invierno\/#breadcrumb\"},\"inLanguage\":\"es-MX\",\"potentialAction\":[{\"@type\":\"ReadAction\",\"target\":[\"https:\/\/nitu.mx\/index.php\/2023\/07\/27\/american-airlines-operacion-record-en-cancun-con-40-vuelos-diarios-en-invierno\/\"]}]},{\"@type\":\"ImageObject\",\"inLanguage\":\"es-MX\",\"@id\":\"https:\/\/nitu.mx\/index.php\/2023\/07\/27\/american-airlines-operacion-record-en-cancun-con-40-vuelos-diarios-en-invierno\/#primaryimage\",\"url\":\"https:\/\/nitu.mx\/wp-content\/uploads\/2021\/06\/DFW-American-Airlines.jpg\",\"contentUrl\":\"https:\/\/nitu.mx\/wp-content\/uploads\/2021\/06\/DFW-American-Airlines.jpg\",\"width\":1200,\"height\":675,\"caption\":\"American Airlines\"},{\"@type\":\"BreadcrumbList\",\"@id\":\"https:\/\/nitu.mx\/index.php\/2023\/07\/27\/american-airlines-operacion-record-en-cancun-con-40-vuelos-diarios-en-invierno\/#breadcrumb\",\"itemListElement\":[{\"@type\":\"ListItem\",\"position\":1,\"name\":\"Inicio\",\"item\":\"https:\/\/nitu.mx\/\"},{\"@type\":\"ListItem\",\"position\":2,\"name\":\"American Airlines, operaci\u00f3n r\u00e9cord en Canc\u00fan con 40 vuelos diarios en invierno\"}]},{\"@type\":\"WebSite\",\"@id\":\"https:\/\/nitu.mx\/#website\",\"url\":\"https:\/\/nitu.mx\/\",\"name\":\"Nitu - Noticias de la Industria Turistica\",\"description\":\"Noticias de la Industria Turistica\",\"publisher\":{\"@id\":\"https:\/\/nitu.mx\/#\/schema\/person\/ae7a53426417292d3dd07b45a33e01bc\"},\"alternateName\":\"Noticias de la Industria Turistica\",\"potentialAction\":[{\"@type\":\"SearchAction\",\"target\":{\"@type\":\"EntryPoint\",\"urlTemplate\":\"https:\/\/nitu.mx\/?s={search_term_string}\"},\"query-input\":\"required name=search_term_string\"}],\"inLanguage\":\"es-MX\"},{\"@type\":[\"Person\",\"Organization\"],\"@id\":\"https:\/\/nitu.mx\/#\/schema\/person\/ae7a53426417292d3dd07b45a33e01bc\",\"name\":\"Arturo Medina\",\"image\":{\"@type\":\"ImageObject\",\"inLanguage\":\"es-MX\",\"@id\":\"https:\/\/nitu.mx\/#\/schema\/person\/image\/\",\"url\":\"https:\/\/nitu.mx\/wp-content\/uploads\/2024\/04\/4A315622-1904-4D5C-B022-878CDC840E04-90x90-1.jpeg\",\"contentUrl\":\"https:\/\/nitu.mx\/wp-content\/uploads\/2024\/04\/4A315622-1904-4D5C-B022-878CDC840E04-90x90-1.jpeg\",\"width\":90,\"height\":90,\"caption\":\"Arturo Medina\"},\"logo\":{\"@id\":\"https:\/\/nitu.mx\/#\/schema\/person\/image\/\"},\"description\":\"Director NITU.mx, Egresado de la Escuela de Periodismo Carlos Septi\u00e9n Garc\u00eda. Periodista y analista especializado en turismo desde hace 35 a\u00f1os, radicado en Canc\u00fan Q.Roo. arturo@nitu.mx\",\"sameAs\":[\"https:\/\/nitu.mx\",\"https:\/\/www.facebook.com\/NITUmx\/\",\"medinacancun\",\"https:\/\/twitter.com\/@Arturo_Medina_G\"]},{\"@type\":\"Person\",\"@id\":\"https:\/\/nitu.mx\/#\/schema\/person\/4a28fe9bd65924f7c90623773daf1b0b\",\"name\":\"Redacci\u00f3n\",\"image\":{\"@type\":\"ImageObject\",\"inLanguage\":\"es-MX\",\"@id\":\"https:\/\/nitu.mx\/#\/schema\/person\/image\/\",\"url\":\"https:\/\/secure.gravatar.com\/avatar\/5dd011c8ccfc5cd7e4c81e42252aab38?s=96&d=mm&r=g\",\"contentUrl\":\"https:\/\/secure.gravatar.com\/avatar\/5dd011c8ccfc5cd7e4c81e42252aab38?s=96&d=mm&r=g\",\"caption\":\"Redacci\u00f3n\"},\"url\":\"https:\/\/nitu.mx\/index.php\/author\/redaccion\/\"}]}<\/script>\n<!-- \/ Yoast SEO plugin. -->","yoast_head_json":{"title":"American Airlines, operaci\u00f3n r\u00e9cord en Canc\u00fan con 40 vuelos diarios en invierno - Nitu - Noticias de la Industria Turistica","robots":{"index":"index","follow":"follow","max-snippet":"max-snippet:-1","max-image-preview":"max-image-preview:large","max-video-preview":"max-video-preview:-1"},"canonical":"https:\/\/nitu.mx\/index.php\/2023\/07\/27\/american-airlines-operacion-record-en-cancun-con-40-vuelos-diarios-en-invierno\/","twitter_card":"summary_large_image","twitter_title":"American Airlines, operaci\u00f3n r\u00e9cord en Canc\u00fan con 40 vuelos diarios en invierno - Nitu - Noticias de la Industria Turistica","twitter_description":"Este invierno, American Airlines operar\u00e1 en Canc\u00fan su mayor programaci\u00f3n hasta la fecha, con hasta 40 vuelos diarios en d\u00edas pico desde 18 destinos en EE. UU. El nuevo servicio incluir\u00e1 vuelos estacionales desde Pittsburgh (PIT), Nashville (BNA) y Cincinnati (CVG), as\u00ed como frecuencias adicionales desde Miami (MIA) y Charlotte (CLT). Adicionalmente, el 5 de [&hellip;]","twitter_image":"https:\/\/nitu.mx\/wp-content\/uploads\/2021\/06\/DFW-American-Airlines.jpg","twitter_creator":"@NITUmx","twitter_site":"@Arturo_Medina_G","twitter_misc":{"Escrito por":"Redacci\u00f3n","Tiempo de lectura":"2 minutos"},"schema":{"@context":"https:\/\/schema.org","@graph":[{"@type":"Article","@id":"https:\/\/nitu.mx\/index.php\/2023\/07\/27\/american-airlines-operacion-record-en-cancun-con-40-vuelos-diarios-en-invierno\/#article","isPartOf":{"@id":"https:\/\/nitu.mx\/index.php\/2023\/07\/27\/american-airlines-operacion-record-en-cancun-con-40-vuelos-diarios-en-invierno\/"},"author":{"name":"Redacci\u00f3n","@id":"https:\/\/nitu.mx\/#\/schema\/person\/4a28fe9bd65924f7c90623773daf1b0b"},"headline":"American Airlines, operaci\u00f3n r\u00e9cord en Canc\u00fan con 40 vuelos diarios en invierno","datePublished":"2023-07-27T05:11:17+00:00","dateModified":"2023-07-27T05:37:20+00:00","mainEntityOfPage":{"@id":"https:\/\/nitu.mx\/index.php\/2023\/07\/27\/american-airlines-operacion-record-en-cancun-con-40-vuelos-diarios-en-invierno\/"},"wordCount":400,"commentCount":0,"publisher":{"@id":"https:\/\/nitu.mx\/#\/schema\/person\/ae7a53426417292d3dd07b45a33e01bc"},"image":{"@id":"https:\/\/nitu.mx\/index.php\/2023\/07\/27\/american-airlines-operacion-record-en-cancun-con-40-vuelos-diarios-en-invierno\/#primaryimage"},"thumbnailUrl":"https:\/\/nitu.mx\/wp-content\/uploads\/2021\/06\/DFW-American-Airlines.jpg","keywords":["American AIrlines","Canc\u00fan","invierno","Tijuana"],"articleSection":["Aerol\u00edneas"],"inLanguage":"es-MX","potentialAction":[{"@type":"CommentAction","name":"Comment","target":["https:\/\/nitu.mx\/index.php\/2023\/07\/27\/american-airlines-operacion-record-en-cancun-con-40-vuelos-diarios-en-invierno\/#respond"]}]},{"@type":"WebPage","@id":"https:\/\/nitu.mx\/index.php\/2023\/07\/27\/american-airlines-operacion-record-en-cancun-con-40-vuelos-diarios-en-invierno\/","url":"https:\/\/nitu.mx\/index.php\/2023\/07\/27\/american-airlines-operacion-record-en-cancun-con-40-vuelos-diarios-en-invierno\/","name":"American Airlines, operaci\u00f3n r\u00e9cord en Canc\u00fan con 40 vuelos diarios en invierno - Nitu - Noticias de la Industria Turistica","isPartOf":{"@id":"https:\/\/nitu.mx\/#website"},"primaryImageOfPage":{"@id":"https:\/\/nitu.mx\/index.php\/2023\/07\/27\/american-airlines-operacion-record-en-cancun-con-40-vuelos-diarios-en-invierno\/#primaryimage"},"image":{"@id":"https:\/\/nitu.mx\/index.php\/2023\/07\/27\/american-airlines-operacion-record-en-cancun-con-40-vuelos-diarios-en-invierno\/#primaryimage"},"thumbnailUrl":"https:\/\/nitu.mx\/wp-content\/uploads\/2021\/06\/DFW-American-Airlines.jpg","datePublished":"2023-07-27T05:11:17+00:00","dateModified":"2023-07-27T05:37:20+00:00","breadcrumb":{"@id":"https:\/\/nitu.mx\/index.php\/2023\/07\/27\/american-airlines-operacion-record-en-cancun-con-40-vuelos-diarios-en-invierno\/#breadcrumb"},"inLanguage":"es-MX","potentialAction":[{"@type":"ReadAction","target":["https:\/\/nitu.mx\/index.php\/2023\/07\/27\/american-airlines-operacion-record-en-cancun-con-40-vuelos-diarios-en-invierno\/"]}]},{"@type":"ImageObject","inLanguage":"es-MX","@id":"https:\/\/nitu.mx\/index.php\/2023\/07\/27\/american-airlines-operacion-record-en-cancun-con-40-vuelos-diarios-en-invierno\/#primaryimage","url":"https:\/\/nitu.mx\/wp-content\/uploads\/2021\/06\/DFW-American-Airlines.jpg","contentUrl":"https:\/\/nitu.mx\/wp-content\/uploads\/2021\/06\/DFW-American-Airlines.jpg","width":1200,"height":675,"caption":"American Airlines"},{"@type":"BreadcrumbList","@id":"https:\/\/nitu.mx\/index.php\/2023\/07\/27\/american-airlines-operacion-record-en-cancun-con-40-vuelos-diarios-en-invierno\/#breadcrumb","itemListElement":[{"@type":"ListItem","position":1,"name":"Inicio","item":"https:\/\/nitu.mx\/"},{"@type":"ListItem","position":2,"name":"American Airlines, operaci\u00f3n r\u00e9cord en Canc\u00fan con 40 vuelos diarios en invierno"}]},{"@type":"WebSite","@id":"https:\/\/nitu.mx\/#website","url":"https:\/\/nitu.mx\/","name":"Nitu - Noticias de la Industria Turistica","description":"Noticias de la Industria Turistica","publisher":{"@id":"https:\/\/nitu.mx\/#\/schema\/person\/ae7a53426417292d3dd07b45a33e01bc"},"alternateName":"Noticias de la Industria Turistica","potentialAction":[{"@type":"SearchAction","target":{"@type":"EntryPoint","urlTemplate":"https:\/\/nitu.mx\/?s={search_term_string}"},"query-input":"required name=search_term_string"}],"inLanguage":"es-MX"},{"@type":["Person","Organization"],"@id":"https:\/\/nitu.mx\/#\/schema\/person\/ae7a53426417292d3dd07b45a33e01bc","name":"Arturo Medina","image":{"@type":"ImageObject","inLanguage":"es-MX","@id":"https:\/\/nitu.mx\/#\/schema\/person\/image\/","url":"https:\/\/nitu.mx\/wp-content\/uploads\/2024\/04\/4A315622-1904-4D5C-B022-878CDC840E04-90x90-1.jpeg","contentUrl":"https:\/\/nitu.mx\/wp-content\/uploads\/2024\/04\/4A315622-1904-4D5C-B022-878CDC840E04-90x90-1.jpeg","width":90,"height":90,"caption":"Arturo Medina"},"logo":{"@id":"https:\/\/nitu.mx\/#\/schema\/person\/image\/"},"description":"Director NITU.mx, Egresado de la Escuela de Periodismo Carlos Septi\u00e9n Garc\u00eda. Periodista y analista especializado en turismo desde hace 35 a\u00f1os, radicado en Canc\u00fan Q.Roo. arturo@nitu.mx","sameAs":["https:\/\/nitu.mx","https:\/\/www.facebook.com\/NITUmx\/","medinacancun","https:\/\/twitter.com\/@Arturo_Medina_G"]},{"@type":"Person","@id":"https:\/\/nitu.mx\/#\/schema\/person\/4a28fe9bd65924f7c90623773daf1b0b","name":"Redacci\u00f3n","image":{"@type":"ImageObject","inLanguage":"es-MX","@id":"https:\/\/nitu.mx\/#\/schema\/person\/image\/","url":"https:\/\/secure.gravatar.com\/avatar\/5dd011c8ccfc5cd7e4c81e42252aab38?s=96&d=mm&r=g","contentUrl":"https:\/\/secure.gravatar.com\/avatar\/5dd011c8ccfc5cd7e4c81e42252aab38?s=96&d=mm&r=g","caption":"Redacci\u00f3n"},"url":"https:\/\/nitu.mx\/index.php\/author\/redaccion\/"}]}},"views":302,"_links":{"self":[{"href":"https:\/\/nitu.mx\/index.php\/wp-json\/wp\/v2\/posts\/65484"}],"collection":[{"href":"https:\/\/nitu.mx\/index.php\/wp-json\/wp\/v2\/posts"}],"about":[{"href":"https:\/\/nitu.mx\/index.php\/wp-json\/wp\/v2\/types\/post"}],"author":[{"embeddable":true,"href":"https:\/\/nitu.mx\/index.php\/wp-json\/wp\/v2\/users\/17"}],"replies":[{"embeddable":true,"href":"https:\/\/nitu.mx\/index.php\/wp-json\/wp\/v2\/comments?post=65484"}],"version-history":[{"count":2,"href":"https:\/\/nitu.mx\/index.php\/wp-json\/wp\/v2\/posts\/65484\/revisions"}],"predecessor-version":[{"id":65487,"href":"https:\/\/nitu.mx\/index.php\/wp-json\/wp\/v2\/posts\/65484\/revisions\/65487"}],"wp:featuredmedia":[{"embeddable":true,"href":"https:\/\/nitu.mx\/index.php\/wp-json\/wp\/v2\/media\/53258"}],"wp:attachment":[{"href":"https:\/\/nitu.mx\/index.php\/wp-json\/wp\/v2\/media?parent=65484"}],"wp:term":[{"taxonomy":"category","embeddable":true,"href":"https:\/\/nitu.mx\/index.php\/wp-json\/wp\/v2\/categories?post=65484"},{"taxonomy":"post_tag","embeddable":true,"href":"https:\/\/nitu.mx\/index.php\/wp-json\/wp\/v2\/tags?post=65484"}],"curies":[{"name":"wp","href":"https:\/\/api.w.org\/{rel}","templated":true}]}}