{"id":65469,"date":"2023-07-26T00:22:22","date_gmt":"2023-07-26T05:22:22","guid":{"rendered":"https:\/\/www.dev.nitu.mx\/?p=65469"},"modified":"2023-07-26T00:28:33","modified_gmt":"2023-07-26T05:28:33","slug":"ingresos-de-volaris-crecen-13-en-el-2o-trimestre-del-2023","status":"publish","type":"post","link":"https:\/\/nitu.mx\/index.php\/2023\/07\/26\/ingresos-de-volaris-crecen-13-en-el-2o-trimestre-del-2023\/","title":{"rendered":"Ingresos de Volaris crecen 13% en el 2o trimestre del 2023"},"content":{"rendered":"<p>Controladora Vuela Compa\u00f1\u00eda de Aviaci\u00f3n, S.A.B. de C.V, &#8220;Volaris\u201d, la aerol\u00ednea de ultra bajo costo que opera en M\u00e9xico, Estados Unidos, Centroam\u00e9rica y Sudam\u00e9rica, anunci\u00f3 sus resultados financieros para el segundo trimestre de 2023, en donde destaca que de los\u00a0ingresos operativos totales\u00a0se ubicaron en 782 millones de d\u00f3lares, un aumento de 13%.<\/p>\n<p>Adem\u00e1s, los\u00a0ingresos totales en t\u00e9rminos de asiento por milla disponible\u00a0(TRASM\u00a0por sus siglas en ingl\u00e9s) disminuyeron 4.2%, ubic\u00e1ndose en 7.92 centavos; la\u00a0capacidad (medida en ASMs)\u00a0increment\u00f3 18%, ubic\u00e1ndose en 9.9 mil millones.<u><\/u><u><\/u><\/p>\n<p>Volaris report\u00f3 que los\u00a0gastos operativos en el segundo trimestre del a\u00f1o totalizaron en 731 millones de d\u00f3lares,\u00a0 representando 93% de los ingresos operativos totales, una disminuci\u00f3n de 9.3 puntos porcentuales; en tanto los\u00a0gastos operativos en t\u00e9rminos de asiento por milla disponible\u00a0(CASM\u00a0por sus siglas en ingl\u00e9s) disminuy\u00f3 13% a\u00a0 7.40 centavos.<u><\/u><u><\/u><\/p>\n<p>El\u00a0costo econ\u00f3mico promedio de combustible\u00a0por gal\u00f3n disminuy\u00f3 38%, ubic\u00e1ndose en $2.70 por gal\u00f3n. El\u00a0\u00a0<u><\/u><u><\/u>CASM ex combustible\u00a0increment\u00f3 15%, para ubicarse en 4.82 centavos y el CASM ajustado ex combustible\u00a0increment\u00f3 10%, ubic\u00e1ndose en 4.43 centavos.<u><\/u><u><\/u><\/p>\n<p>La\u00a0utilidad neta\u00a0se ubic\u00f3 en 6 millones de d\u00f3lares; la utilidad por acci\u00f3n fue de 0.00, mientras que la utilidad por ADS (American Depositary Shares) fue de $0.05 centavos.\u00a0 La\u00a0UAFIDAR\u00a0totaliz\u00f3 en $212 millones, un incremento de 98%; el Margen UAFIDAR\u00a0de 27.1%, un incremento de 11.5 puntos porcentuales.<u><\/u><u><\/u><\/p>\n<p>El\u00a0efectivo, equivalentes de efectivo y efectivo restringido\u00a0al final del periodo totaliz\u00f3 en $655 millones, representando 21% de los ingresos operativos totales de los \u00faltimos doce meses.<u><\/u><u><\/u><\/p>\n<p style=\"font-weight: 400;\">Enrique Beltranena, presidente y CEO de Volaris, dijo: &#8220;Los resultados del segundo trimestre de la compa\u00f1\u00eda est\u00e1n en l\u00ednea con nuestras expectativas para todo el a\u00f1o, impulsados por los menores costos de combustible y un peso mexicano m\u00e1s fuerte. Continuaremos enfocados en lograr Ingresos Operativos Totales entre 3.2 y 3.4 mil millones de d\u00f3lares y un margen de EBITDAR del 29% al 31%&#8221;.<\/p>\n<p style=\"font-weight: 400;\">Agreg\u00f3 que adem\u00e1s, las s\u00f3lidas reservas para los pr\u00f3ximos meses de verano validan a\u00fan m\u00e1s la solidez de la base de pasajeros VFR en M\u00e9xico y la robusta demanda en Centroam\u00e9rica y Estados Unidos. Esperamos con gran expectativa el regreso del estatus de Categor\u00eda 1 para M\u00e9xico, anticipamos oportunidades de crecimiento que se alineen con nuestros cambios estrat\u00e9gicos en la red y esfuerzos de optimizaci\u00f3n de capacidad, fortaleciendo en la rentabilidad y reforzando nuestra posici\u00f3n en el mercado&#8221;.\u00a0<a title=\"Volaris suma a su flota su aeronave n\u00famero 124\" href=\"https:\/\/www.dev.nitu.mx\/index.php\/2023\/07\/18\/volaris-suma-a-su-flota-su-aeronave-numero-124\/\" rel=\"bookmark\">(Volaris suma a su flota su aeronave n\u00famero 124<\/a>).<\/p>\n","protected":false},"excerpt":{"rendered":"<p>Controladora Vuela Compa\u00f1\u00eda de Aviaci\u00f3n, S.A.B. de C.V, &#8220;Volaris\u201d, la aerol\u00ednea de ultra bajo costo que opera en M\u00e9xico, Estados Unidos, Centroam\u00e9rica y Sudam\u00e9rica, anunci\u00f3 sus resultados financieros para el segundo trimestre de 2023, en donde destaca que de los\u00a0ingresos operativos totales\u00a0se ubicaron en 782 millones de d\u00f3lares, un aumento de 13%. Adem\u00e1s, los\u00a0ingresos totales [&hellip;]<\/p>\n","protected":false},"author":17,"featured_media":58822,"comment_status":"open","ping_status":"open","sticky":false,"template":"","format":"standard","meta":{"footnotes":""},"categories":[29],"tags":[10426,435,7139,24094,131],"yoast_head":"<!-- This site is optimized with the Yoast SEO plugin v22.2 - https:\/\/yoast.com\/wordpress\/plugins\/seo\/ -->\n<title>Ingresos de Volaris crecen 13% en el 2o trimestre del 2023 - Nitu - Noticias de la Industria Turistica<\/title>\n<meta name=\"robots\" content=\"index, follow, max-snippet:-1, max-image-preview:large, max-video-preview:-1\" \/>\n<link rel=\"canonical\" href=\"https:\/\/nitu.mx\/index.php\/2023\/07\/26\/ingresos-de-volaris-crecen-13-en-el-2o-trimestre-del-2023\/\" \/>\n<meta name=\"twitter:card\" content=\"summary_large_image\" \/>\n<meta name=\"twitter:title\" content=\"Ingresos de Volaris crecen 13% en el 2o trimestre del 2023 - Nitu - Noticias de la Industria Turistica\" \/>\n<meta name=\"twitter:description\" content=\"Controladora Vuela Compa\u00f1\u00eda de Aviaci\u00f3n, S.A.B. de C.V, &#8220;Volaris\u201d, la aerol\u00ednea de ultra bajo costo que opera en M\u00e9xico, Estados Unidos, Centroam\u00e9rica y Sudam\u00e9rica, anunci\u00f3 sus resultados financieros para el segundo trimestre de 2023, en donde destaca que de los\u00a0ingresos operativos totales\u00a0se ubicaron en 782 millones de d\u00f3lares, un aumento de 13%. Adem\u00e1s, los\u00a0ingresos totales [&hellip;]\" \/>\n<meta name=\"twitter:image\" content=\"https:\/\/nitu.mx\/wp-content\/uploads\/2022\/04\/Volaris-lidera-operaciones-Cancu\u0301n.jpg\" \/>\n<meta name=\"twitter:creator\" content=\"@NITUmx\" \/>\n<meta name=\"twitter:site\" content=\"@Arturo_Medina_G\" \/>\n<meta name=\"twitter:label1\" content=\"Escrito por\" \/>\n\t<meta name=\"twitter:data1\" content=\"Redacci\u00f3n\" \/>\n\t<meta name=\"twitter:label2\" content=\"Tiempo de lectura\" \/>\n\t<meta name=\"twitter:data2\" content=\"2 minutos\" \/>\n<script type=\"application\/ld+json\" class=\"yoast-schema-graph\">{\"@context\":\"https:\/\/schema.org\",\"@graph\":[{\"@type\":\"Article\",\"@id\":\"https:\/\/nitu.mx\/index.php\/2023\/07\/26\/ingresos-de-volaris-crecen-13-en-el-2o-trimestre-del-2023\/#article\",\"isPartOf\":{\"@id\":\"https:\/\/nitu.mx\/index.php\/2023\/07\/26\/ingresos-de-volaris-crecen-13-en-el-2o-trimestre-del-2023\/\"},\"author\":{\"name\":\"Redacci\u00f3n\",\"@id\":\"https:\/\/nitu.mx\/#\/schema\/person\/4a28fe9bd65924f7c90623773daf1b0b\"},\"headline\":\"Ingresos de Volaris crecen 13% en el 2o trimestre del 2023\",\"datePublished\":\"2023-07-26T05:22:22+00:00\",\"dateModified\":\"2023-07-26T05:28:33+00:00\",\"mainEntityOfPage\":{\"@id\":\"https:\/\/nitu.mx\/index.php\/2023\/07\/26\/ingresos-de-volaris-crecen-13-en-el-2o-trimestre-del-2023\/\"},\"wordCount\":432,\"commentCount\":0,\"publisher\":{\"@id\":\"https:\/\/nitu.mx\/#\/schema\/person\/ae7a53426417292d3dd07b45a33e01bc\"},\"image\":{\"@id\":\"https:\/\/nitu.mx\/index.php\/2023\/07\/26\/ingresos-de-volaris-crecen-13-en-el-2o-trimestre-del-2023\/#primaryimage\"},\"thumbnailUrl\":\"https:\/\/nitu.mx\/wp-content\/uploads\/2022\/04\/Volaris-lidera-operaciones-Cancu\u0301n.jpg\",\"keywords\":[\"capacidad\",\"Enrique Beltranena\",\"ingresos\",\"resultados timestrales\",\"Volaris\"],\"articleSection\":[\"Aerol\u00edneas\"],\"inLanguage\":\"es-MX\",\"potentialAction\":[{\"@type\":\"CommentAction\",\"name\":\"Comment\",\"target\":[\"https:\/\/nitu.mx\/index.php\/2023\/07\/26\/ingresos-de-volaris-crecen-13-en-el-2o-trimestre-del-2023\/#respond\"]}]},{\"@type\":\"WebPage\",\"@id\":\"https:\/\/nitu.mx\/index.php\/2023\/07\/26\/ingresos-de-volaris-crecen-13-en-el-2o-trimestre-del-2023\/\",\"url\":\"https:\/\/nitu.mx\/index.php\/2023\/07\/26\/ingresos-de-volaris-crecen-13-en-el-2o-trimestre-del-2023\/\",\"name\":\"Ingresos de Volaris crecen 13% en el 2o trimestre del 2023 - Nitu - Noticias de la Industria Turistica\",\"isPartOf\":{\"@id\":\"https:\/\/nitu.mx\/#website\"},\"primaryImageOfPage\":{\"@id\":\"https:\/\/nitu.mx\/index.php\/2023\/07\/26\/ingresos-de-volaris-crecen-13-en-el-2o-trimestre-del-2023\/#primaryimage\"},\"image\":{\"@id\":\"https:\/\/nitu.mx\/index.php\/2023\/07\/26\/ingresos-de-volaris-crecen-13-en-el-2o-trimestre-del-2023\/#primaryimage\"},\"thumbnailUrl\":\"https:\/\/nitu.mx\/wp-content\/uploads\/2022\/04\/Volaris-lidera-operaciones-Cancu\u0301n.jpg\",\"datePublished\":\"2023-07-26T05:22:22+00:00\",\"dateModified\":\"2023-07-26T05:28:33+00:00\",\"breadcrumb\":{\"@id\":\"https:\/\/nitu.mx\/index.php\/2023\/07\/26\/ingresos-de-volaris-crecen-13-en-el-2o-trimestre-del-2023\/#breadcrumb\"},\"inLanguage\":\"es-MX\",\"potentialAction\":[{\"@type\":\"ReadAction\",\"target\":[\"https:\/\/nitu.mx\/index.php\/2023\/07\/26\/ingresos-de-volaris-crecen-13-en-el-2o-trimestre-del-2023\/\"]}]},{\"@type\":\"ImageObject\",\"inLanguage\":\"es-MX\",\"@id\":\"https:\/\/nitu.mx\/index.php\/2023\/07\/26\/ingresos-de-volaris-crecen-13-en-el-2o-trimestre-del-2023\/#primaryimage\",\"url\":\"https:\/\/nitu.mx\/wp-content\/uploads\/2022\/04\/Volaris-lidera-operaciones-Cancu\u0301n.jpg\",\"contentUrl\":\"https:\/\/nitu.mx\/wp-content\/uploads\/2022\/04\/Volaris-lidera-operaciones-Cancu\u0301n.jpg\",\"width\":1200,\"height\":675,\"caption\":\"Volaris\"},{\"@type\":\"BreadcrumbList\",\"@id\":\"https:\/\/nitu.mx\/index.php\/2023\/07\/26\/ingresos-de-volaris-crecen-13-en-el-2o-trimestre-del-2023\/#breadcrumb\",\"itemListElement\":[{\"@type\":\"ListItem\",\"position\":1,\"name\":\"Inicio\",\"item\":\"https:\/\/nitu.mx\/\"},{\"@type\":\"ListItem\",\"position\":2,\"name\":\"Ingresos de Volaris crecen 13% en el 2o trimestre del 2023\"}]},{\"@type\":\"WebSite\",\"@id\":\"https:\/\/nitu.mx\/#website\",\"url\":\"https:\/\/nitu.mx\/\",\"name\":\"Nitu - Noticias de la Industria Turistica\",\"description\":\"Noticias de la Industria Turistica\",\"publisher\":{\"@id\":\"https:\/\/nitu.mx\/#\/schema\/person\/ae7a53426417292d3dd07b45a33e01bc\"},\"alternateName\":\"Noticias de la Industria Turistica\",\"potentialAction\":[{\"@type\":\"SearchAction\",\"target\":{\"@type\":\"EntryPoint\",\"urlTemplate\":\"https:\/\/nitu.mx\/?s={search_term_string}\"},\"query-input\":\"required name=search_term_string\"}],\"inLanguage\":\"es-MX\"},{\"@type\":[\"Person\",\"Organization\"],\"@id\":\"https:\/\/nitu.mx\/#\/schema\/person\/ae7a53426417292d3dd07b45a33e01bc\",\"name\":\"Arturo Medina\",\"image\":{\"@type\":\"ImageObject\",\"inLanguage\":\"es-MX\",\"@id\":\"https:\/\/nitu.mx\/#\/schema\/person\/image\/\",\"url\":\"https:\/\/nitu.mx\/wp-content\/uploads\/2024\/04\/4A315622-1904-4D5C-B022-878CDC840E04-90x90-1.jpeg\",\"contentUrl\":\"https:\/\/nitu.mx\/wp-content\/uploads\/2024\/04\/4A315622-1904-4D5C-B022-878CDC840E04-90x90-1.jpeg\",\"width\":90,\"height\":90,\"caption\":\"Arturo Medina\"},\"logo\":{\"@id\":\"https:\/\/nitu.mx\/#\/schema\/person\/image\/\"},\"description\":\"Director NITU.mx, Egresado de la Escuela de Periodismo Carlos Septi\u00e9n Garc\u00eda. Periodista y analista especializado en turismo desde hace 35 a\u00f1os, radicado en Canc\u00fan Q.Roo. arturo@nitu.mx\",\"sameAs\":[\"https:\/\/nitu.mx\",\"https:\/\/www.facebook.com\/NITUmx\/\",\"medinacancun\",\"https:\/\/twitter.com\/@Arturo_Medina_G\"]},{\"@type\":\"Person\",\"@id\":\"https:\/\/nitu.mx\/#\/schema\/person\/4a28fe9bd65924f7c90623773daf1b0b\",\"name\":\"Redacci\u00f3n\",\"image\":{\"@type\":\"ImageObject\",\"inLanguage\":\"es-MX\",\"@id\":\"https:\/\/nitu.mx\/#\/schema\/person\/image\/\",\"url\":\"https:\/\/secure.gravatar.com\/avatar\/5dd011c8ccfc5cd7e4c81e42252aab38?s=96&d=mm&r=g\",\"contentUrl\":\"https:\/\/secure.gravatar.com\/avatar\/5dd011c8ccfc5cd7e4c81e42252aab38?s=96&d=mm&r=g\",\"caption\":\"Redacci\u00f3n\"},\"url\":\"https:\/\/nitu.mx\/index.php\/author\/redaccion\/\"}]}<\/script>\n<!-- \/ Yoast SEO plugin. -->","yoast_head_json":{"title":"Ingresos de Volaris crecen 13% en el 2o trimestre del 2023 - Nitu - Noticias de la Industria Turistica","robots":{"index":"index","follow":"follow","max-snippet":"max-snippet:-1","max-image-preview":"max-image-preview:large","max-video-preview":"max-video-preview:-1"},"canonical":"https:\/\/nitu.mx\/index.php\/2023\/07\/26\/ingresos-de-volaris-crecen-13-en-el-2o-trimestre-del-2023\/","twitter_card":"summary_large_image","twitter_title":"Ingresos de Volaris crecen 13% en el 2o trimestre del 2023 - Nitu - Noticias de la Industria Turistica","twitter_description":"Controladora Vuela Compa\u00f1\u00eda de Aviaci\u00f3n, S.A.B. de C.V, &#8220;Volaris\u201d, la aerol\u00ednea de ultra bajo costo que opera en M\u00e9xico, Estados Unidos, Centroam\u00e9rica y Sudam\u00e9rica, anunci\u00f3 sus resultados financieros para el segundo trimestre de 2023, en donde destaca que de los\u00a0ingresos operativos totales\u00a0se ubicaron en 782 millones de d\u00f3lares, un aumento de 13%. Adem\u00e1s, los\u00a0ingresos totales [&hellip;]","twitter_image":"https:\/\/nitu.mx\/wp-content\/uploads\/2022\/04\/Volaris-lidera-operaciones-Cancu\u0301n.jpg","twitter_creator":"@NITUmx","twitter_site":"@Arturo_Medina_G","twitter_misc":{"Escrito por":"Redacci\u00f3n","Tiempo de lectura":"2 minutos"},"schema":{"@context":"https:\/\/schema.org","@graph":[{"@type":"Article","@id":"https:\/\/nitu.mx\/index.php\/2023\/07\/26\/ingresos-de-volaris-crecen-13-en-el-2o-trimestre-del-2023\/#article","isPartOf":{"@id":"https:\/\/nitu.mx\/index.php\/2023\/07\/26\/ingresos-de-volaris-crecen-13-en-el-2o-trimestre-del-2023\/"},"author":{"name":"Redacci\u00f3n","@id":"https:\/\/nitu.mx\/#\/schema\/person\/4a28fe9bd65924f7c90623773daf1b0b"},"headline":"Ingresos de Volaris crecen 13% en el 2o trimestre del 2023","datePublished":"2023-07-26T05:22:22+00:00","dateModified":"2023-07-26T05:28:33+00:00","mainEntityOfPage":{"@id":"https:\/\/nitu.mx\/index.php\/2023\/07\/26\/ingresos-de-volaris-crecen-13-en-el-2o-trimestre-del-2023\/"},"wordCount":432,"commentCount":0,"publisher":{"@id":"https:\/\/nitu.mx\/#\/schema\/person\/ae7a53426417292d3dd07b45a33e01bc"},"image":{"@id":"https:\/\/nitu.mx\/index.php\/2023\/07\/26\/ingresos-de-volaris-crecen-13-en-el-2o-trimestre-del-2023\/#primaryimage"},"thumbnailUrl":"https:\/\/nitu.mx\/wp-content\/uploads\/2022\/04\/Volaris-lidera-operaciones-Cancu\u0301n.jpg","keywords":["capacidad","Enrique Beltranena","ingresos","resultados timestrales","Volaris"],"articleSection":["Aerol\u00edneas"],"inLanguage":"es-MX","potentialAction":[{"@type":"CommentAction","name":"Comment","target":["https:\/\/nitu.mx\/index.php\/2023\/07\/26\/ingresos-de-volaris-crecen-13-en-el-2o-trimestre-del-2023\/#respond"]}]},{"@type":"WebPage","@id":"https:\/\/nitu.mx\/index.php\/2023\/07\/26\/ingresos-de-volaris-crecen-13-en-el-2o-trimestre-del-2023\/","url":"https:\/\/nitu.mx\/index.php\/2023\/07\/26\/ingresos-de-volaris-crecen-13-en-el-2o-trimestre-del-2023\/","name":"Ingresos de Volaris crecen 13% en el 2o trimestre del 2023 - Nitu - Noticias de la Industria Turistica","isPartOf":{"@id":"https:\/\/nitu.mx\/#website"},"primaryImageOfPage":{"@id":"https:\/\/nitu.mx\/index.php\/2023\/07\/26\/ingresos-de-volaris-crecen-13-en-el-2o-trimestre-del-2023\/#primaryimage"},"image":{"@id":"https:\/\/nitu.mx\/index.php\/2023\/07\/26\/ingresos-de-volaris-crecen-13-en-el-2o-trimestre-del-2023\/#primaryimage"},"thumbnailUrl":"https:\/\/nitu.mx\/wp-content\/uploads\/2022\/04\/Volaris-lidera-operaciones-Cancu\u0301n.jpg","datePublished":"2023-07-26T05:22:22+00:00","dateModified":"2023-07-26T05:28:33+00:00","breadcrumb":{"@id":"https:\/\/nitu.mx\/index.php\/2023\/07\/26\/ingresos-de-volaris-crecen-13-en-el-2o-trimestre-del-2023\/#breadcrumb"},"inLanguage":"es-MX","potentialAction":[{"@type":"ReadAction","target":["https:\/\/nitu.mx\/index.php\/2023\/07\/26\/ingresos-de-volaris-crecen-13-en-el-2o-trimestre-del-2023\/"]}]},{"@type":"ImageObject","inLanguage":"es-MX","@id":"https:\/\/nitu.mx\/index.php\/2023\/07\/26\/ingresos-de-volaris-crecen-13-en-el-2o-trimestre-del-2023\/#primaryimage","url":"https:\/\/nitu.mx\/wp-content\/uploads\/2022\/04\/Volaris-lidera-operaciones-Cancu\u0301n.jpg","contentUrl":"https:\/\/nitu.mx\/wp-content\/uploads\/2022\/04\/Volaris-lidera-operaciones-Cancu\u0301n.jpg","width":1200,"height":675,"caption":"Volaris"},{"@type":"BreadcrumbList","@id":"https:\/\/nitu.mx\/index.php\/2023\/07\/26\/ingresos-de-volaris-crecen-13-en-el-2o-trimestre-del-2023\/#breadcrumb","itemListElement":[{"@type":"ListItem","position":1,"name":"Inicio","item":"https:\/\/nitu.mx\/"},{"@type":"ListItem","position":2,"name":"Ingresos de Volaris crecen 13% en el 2o trimestre del 2023"}]},{"@type":"WebSite","@id":"https:\/\/nitu.mx\/#website","url":"https:\/\/nitu.mx\/","name":"Nitu - Noticias de la Industria Turistica","description":"Noticias de la Industria Turistica","publisher":{"@id":"https:\/\/nitu.mx\/#\/schema\/person\/ae7a53426417292d3dd07b45a33e01bc"},"alternateName":"Noticias de la Industria Turistica","potentialAction":[{"@type":"SearchAction","target":{"@type":"EntryPoint","urlTemplate":"https:\/\/nitu.mx\/?s={search_term_string}"},"query-input":"required name=search_term_string"}],"inLanguage":"es-MX"},{"@type":["Person","Organization"],"@id":"https:\/\/nitu.mx\/#\/schema\/person\/ae7a53426417292d3dd07b45a33e01bc","name":"Arturo Medina","image":{"@type":"ImageObject","inLanguage":"es-MX","@id":"https:\/\/nitu.mx\/#\/schema\/person\/image\/","url":"https:\/\/nitu.mx\/wp-content\/uploads\/2024\/04\/4A315622-1904-4D5C-B022-878CDC840E04-90x90-1.jpeg","contentUrl":"https:\/\/nitu.mx\/wp-content\/uploads\/2024\/04\/4A315622-1904-4D5C-B022-878CDC840E04-90x90-1.jpeg","width":90,"height":90,"caption":"Arturo Medina"},"logo":{"@id":"https:\/\/nitu.mx\/#\/schema\/person\/image\/"},"description":"Director NITU.mx, Egresado de la Escuela de Periodismo Carlos Septi\u00e9n Garc\u00eda. Periodista y analista especializado en turismo desde hace 35 a\u00f1os, radicado en Canc\u00fan Q.Roo. arturo@nitu.mx","sameAs":["https:\/\/nitu.mx","https:\/\/www.facebook.com\/NITUmx\/","medinacancun","https:\/\/twitter.com\/@Arturo_Medina_G"]},{"@type":"Person","@id":"https:\/\/nitu.mx\/#\/schema\/person\/4a28fe9bd65924f7c90623773daf1b0b","name":"Redacci\u00f3n","image":{"@type":"ImageObject","inLanguage":"es-MX","@id":"https:\/\/nitu.mx\/#\/schema\/person\/image\/","url":"https:\/\/secure.gravatar.com\/avatar\/5dd011c8ccfc5cd7e4c81e42252aab38?s=96&d=mm&r=g","contentUrl":"https:\/\/secure.gravatar.com\/avatar\/5dd011c8ccfc5cd7e4c81e42252aab38?s=96&d=mm&r=g","caption":"Redacci\u00f3n"},"url":"https:\/\/nitu.mx\/index.php\/author\/redaccion\/"}]}},"views":351,"_links":{"self":[{"href":"https:\/\/nitu.mx\/index.php\/wp-json\/wp\/v2\/posts\/65469"}],"collection":[{"href":"https:\/\/nitu.mx\/index.php\/wp-json\/wp\/v2\/posts"}],"about":[{"href":"https:\/\/nitu.mx\/index.php\/wp-json\/wp\/v2\/types\/post"}],"author":[{"embeddable":true,"href":"https:\/\/nitu.mx\/index.php\/wp-json\/wp\/v2\/users\/17"}],"replies":[{"embeddable":true,"href":"https:\/\/nitu.mx\/index.php\/wp-json\/wp\/v2\/comments?post=65469"}],"version-history":[{"count":3,"href":"https:\/\/nitu.mx\/index.php\/wp-json\/wp\/v2\/posts\/65469\/revisions"}],"predecessor-version":[{"id":65472,"href":"https:\/\/nitu.mx\/index.php\/wp-json\/wp\/v2\/posts\/65469\/revisions\/65472"}],"wp:featuredmedia":[{"embeddable":true,"href":"https:\/\/nitu.mx\/index.php\/wp-json\/wp\/v2\/media\/58822"}],"wp:attachment":[{"href":"https:\/\/nitu.mx\/index.php\/wp-json\/wp\/v2\/media?parent=65469"}],"wp:term":[{"taxonomy":"category","embeddable":true,"href":"https:\/\/nitu.mx\/index.php\/wp-json\/wp\/v2\/categories?post=65469"},{"taxonomy":"post_tag","embeddable":true,"href":"https:\/\/nitu.mx\/index.php\/wp-json\/wp\/v2\/tags?post=65469"}],"curies":[{"name":"wp","href":"https:\/\/api.w.org\/{rel}","templated":true}]}}