{"id":65342,"date":"2023-07-18T21:49:26","date_gmt":"2023-07-19T02:49:26","guid":{"rendered":"https:\/\/www.dev.nitu.mx\/?p=65342"},"modified":"2023-07-18T23:43:22","modified_gmt":"2023-07-19T04:43:22","slug":"volaris-suma-a-su-flota-su-aeronave-numero-124","status":"publish","type":"post","link":"https:\/\/nitu.mx\/index.php\/2023\/07\/18\/volaris-suma-a-su-flota-su-aeronave-numero-124\/","title":{"rendered":"Volaris suma a su flota su aeronave n\u00famero 124"},"content":{"rendered":"<p style=\"font-weight: 400;\">Volaris anunci\u00f3 que recibi\u00f3 su avi\u00f3n n\u00famero 124, con el cual refuerza su liderazgo como la aerol\u00ednea n\u00famero uno en M\u00e9xico y como el operador de bajo costo con la flota m\u00e1s grande del pa\u00eds.<\/p>\n<p>La aeronave A321neo, matr\u00edcula XA-VUB, con capacidad para 239 pasajeros, aterriz\u00f3 en\u00a0el\u00a0Aeropuerto Internacional de la Ciudad de M\u00e9xico (AICM) y servir\u00e1 a las 40 nuevas rutas nacionales que la aerol\u00ednea inaugur\u00f3 hace unos d\u00edas.<\/p>\n<p style=\"font-weight: 400;\">\u201cCon esta incorporaci\u00f3n, ofertaremos m\u00e1s de 320 millones de asientos adicionales al a\u00f1o y fortaleceremos nuestra presencia en aeropuertos secundarios con gran potencial de crecimiento como Mexicali (MXL), Baj\u00edo (BJX), Ciudad Ju\u00e1rez (CJS), Chihuahua (CUU), Culiac\u00e1n (CUL), Los Mochis (LMM), Hermosillo (HMO) y Ciudad Obreg\u00f3n (CEN)<em>\u201d,<\/em>\u00a0coment\u00f3 Holger Blankenstein, vicepresidente ejecutivo de Volaris.<\/p>\n<p style=\"font-weight: 400;\">Con el objetivo de reducir el impacto ambiental de sus operaciones, a trav\u00e9s de la incorporaci\u00f3n de aeronaves de \u00faltima generaci\u00f3n y un continuo plan de renovaci\u00f3n de flota,\u00a0la aerol\u00ednea de ultra bajo costo que opera en M\u00e9xico, Estados Unidos, Centro y Sudam\u00e9rica estima que en 2028 todos sus aviones ser\u00e1n NEO. Actualmente 56% son de este modelo.<\/p>\n<p style=\"font-weight: 400;\">Volaris destac\u00f3 que es el mayor operador de aeronaves de la familia Airbus A320neo en Am\u00e9rica Latina, y tiene pactado recibir m\u00e1s de 140 aviones Airbus de la familia NEO en los pr\u00f3ximos a\u00f1os. Afirma que esto demuestra la solidez financiera de Volaris y garantiza su crecimiento en el mercado mexicano, as\u00ed como en el tr\u00e1fico a\u00e9reo hacia Estados Unidos y Centroam\u00e9rica.<\/p>\n<p style=\"font-weight: 400;\">En junio pasado, la aerol\u00ednea anunci\u00f3 la inauguraci\u00f3n de 40 nuevas rutas dom\u00e9sticas, un esfuerzo sin precedentes en la industria, que tiene como objetivo unir ciudades poco conectadas con destinos de esparcimiento y negocios en M\u00e9xico.\u00a0<a title=\"Los Cabos y Volaris estrenan dos nuevos vuelos procedentes de Mexicali y Quer\u00e9taro\" href=\"https:\/\/www.dev.nitu.mx\/index.php\/2023\/07\/16\/los-cabos-y-volaris-estrenan-dos-nuevos-vuelos-procedentes-de-mexicali-y-queretaro\/\" rel=\"bookmark\">(Los Cabos y Volaris estrenan dos nuevos vuelos procedentes de Mexicali y Quer\u00e9taro<\/a>).<\/p>\n","protected":false},"excerpt":{"rendered":"<p>Volaris anunci\u00f3 que recibi\u00f3 su avi\u00f3n n\u00famero 124, con el cual refuerza su liderazgo como la aerol\u00ednea n\u00famero uno en M\u00e9xico y como el operador de bajo costo con la flota m\u00e1s grande del pa\u00eds. La aeronave A321neo, matr\u00edcula XA-VUB, con capacidad para 239 pasajeros, aterriz\u00f3 en\u00a0el\u00a0Aeropuerto Internacional de la Ciudad de M\u00e9xico (AICM) y [&hellip;]<\/p>\n","protected":false},"author":17,"featured_media":65344,"comment_status":"open","ping_status":"open","sticky":false,"template":"","format":"standard","meta":{"footnotes":""},"categories":[29],"tags":[7258,2438,807,131],"yoast_head":"<!-- This site is optimized with the Yoast SEO plugin v22.2 - https:\/\/yoast.com\/wordpress\/plugins\/seo\/ -->\n<title>Volaris suma a su flota su aeronave n\u00famero 124 - Nitu - Noticias de la Industria Turistica<\/title>\n<meta name=\"robots\" content=\"index, follow, max-snippet:-1, max-image-preview:large, max-video-preview:-1\" \/>\n<link rel=\"canonical\" href=\"https:\/\/nitu.mx\/index.php\/2023\/07\/18\/volaris-suma-a-su-flota-su-aeronave-numero-124\/\" \/>\n<meta name=\"twitter:card\" content=\"summary_large_image\" \/>\n<meta name=\"twitter:title\" content=\"Volaris suma a su flota su aeronave n\u00famero 124 - Nitu - Noticias de la Industria Turistica\" \/>\n<meta name=\"twitter:description\" content=\"Volaris anunci\u00f3 que recibi\u00f3 su avi\u00f3n n\u00famero 124, con el cual refuerza su liderazgo como la aerol\u00ednea n\u00famero uno en M\u00e9xico y como el operador de bajo costo con la flota m\u00e1s grande del pa\u00eds. La aeronave A321neo, matr\u00edcula XA-VUB, con capacidad para 239 pasajeros, aterriz\u00f3 en\u00a0el\u00a0Aeropuerto Internacional de la Ciudad de M\u00e9xico (AICM) y [&hellip;]\" \/>\n<meta name=\"twitter:image\" content=\"https:\/\/nitu.mx\/wp-content\/uploads\/2023\/07\/Volaris-avi\u00f3n-124.jpg\" \/>\n<meta name=\"twitter:creator\" content=\"@NITUmx\" \/>\n<meta name=\"twitter:site\" content=\"@Arturo_Medina_G\" \/>\n<meta name=\"twitter:label1\" content=\"Escrito por\" \/>\n\t<meta name=\"twitter:data1\" content=\"Redacci\u00f3n\" \/>\n\t<meta name=\"twitter:label2\" content=\"Tiempo de lectura\" \/>\n\t<meta name=\"twitter:data2\" content=\"2 minutos\" \/>\n<script type=\"application\/ld+json\" class=\"yoast-schema-graph\">{\"@context\":\"https:\/\/schema.org\",\"@graph\":[{\"@type\":\"Article\",\"@id\":\"https:\/\/nitu.mx\/index.php\/2023\/07\/18\/volaris-suma-a-su-flota-su-aeronave-numero-124\/#article\",\"isPartOf\":{\"@id\":\"https:\/\/nitu.mx\/index.php\/2023\/07\/18\/volaris-suma-a-su-flota-su-aeronave-numero-124\/\"},\"author\":{\"name\":\"Redacci\u00f3n\",\"@id\":\"https:\/\/nitu.mx\/#\/schema\/person\/4a28fe9bd65924f7c90623773daf1b0b\"},\"headline\":\"Volaris suma a su flota su aeronave n\u00famero 124\",\"datePublished\":\"2023-07-19T02:49:26+00:00\",\"dateModified\":\"2023-07-19T04:43:22+00:00\",\"mainEntityOfPage\":{\"@id\":\"https:\/\/nitu.mx\/index.php\/2023\/07\/18\/volaris-suma-a-su-flota-su-aeronave-numero-124\/\"},\"wordCount\":335,\"commentCount\":0,\"publisher\":{\"@id\":\"https:\/\/nitu.mx\/#\/schema\/person\/ae7a53426417292d3dd07b45a33e01bc\"},\"image\":{\"@id\":\"https:\/\/nitu.mx\/index.php\/2023\/07\/18\/volaris-suma-a-su-flota-su-aeronave-numero-124\/#primaryimage\"},\"thumbnailUrl\":\"https:\/\/nitu.mx\/wp-content\/uploads\/2023\/07\/Volaris-avi\u00f3n-124.jpg\",\"keywords\":[\"A321neo\",\"Avi\u00f3n\",\"Holger Blankenstein\",\"Volaris\"],\"articleSection\":[\"Aerol\u00edneas\"],\"inLanguage\":\"es-MX\",\"potentialAction\":[{\"@type\":\"CommentAction\",\"name\":\"Comment\",\"target\":[\"https:\/\/nitu.mx\/index.php\/2023\/07\/18\/volaris-suma-a-su-flota-su-aeronave-numero-124\/#respond\"]}]},{\"@type\":\"WebPage\",\"@id\":\"https:\/\/nitu.mx\/index.php\/2023\/07\/18\/volaris-suma-a-su-flota-su-aeronave-numero-124\/\",\"url\":\"https:\/\/nitu.mx\/index.php\/2023\/07\/18\/volaris-suma-a-su-flota-su-aeronave-numero-124\/\",\"name\":\"Volaris suma a su flota su aeronave n\u00famero 124 - Nitu - Noticias de la Industria Turistica\",\"isPartOf\":{\"@id\":\"https:\/\/nitu.mx\/#website\"},\"primaryImageOfPage\":{\"@id\":\"https:\/\/nitu.mx\/index.php\/2023\/07\/18\/volaris-suma-a-su-flota-su-aeronave-numero-124\/#primaryimage\"},\"image\":{\"@id\":\"https:\/\/nitu.mx\/index.php\/2023\/07\/18\/volaris-suma-a-su-flota-su-aeronave-numero-124\/#primaryimage\"},\"thumbnailUrl\":\"https:\/\/nitu.mx\/wp-content\/uploads\/2023\/07\/Volaris-avi\u00f3n-124.jpg\",\"datePublished\":\"2023-07-19T02:49:26+00:00\",\"dateModified\":\"2023-07-19T04:43:22+00:00\",\"breadcrumb\":{\"@id\":\"https:\/\/nitu.mx\/index.php\/2023\/07\/18\/volaris-suma-a-su-flota-su-aeronave-numero-124\/#breadcrumb\"},\"inLanguage\":\"es-MX\",\"potentialAction\":[{\"@type\":\"ReadAction\",\"target\":[\"https:\/\/nitu.mx\/index.php\/2023\/07\/18\/volaris-suma-a-su-flota-su-aeronave-numero-124\/\"]}]},{\"@type\":\"ImageObject\",\"inLanguage\":\"es-MX\",\"@id\":\"https:\/\/nitu.mx\/index.php\/2023\/07\/18\/volaris-suma-a-su-flota-su-aeronave-numero-124\/#primaryimage\",\"url\":\"https:\/\/nitu.mx\/wp-content\/uploads\/2023\/07\/Volaris-avi\u00f3n-124.jpg\",\"contentUrl\":\"https:\/\/nitu.mx\/wp-content\/uploads\/2023\/07\/Volaris-avi\u00f3n-124.jpg\",\"width\":1200,\"height\":675,\"caption\":\"Volaris\"},{\"@type\":\"BreadcrumbList\",\"@id\":\"https:\/\/nitu.mx\/index.php\/2023\/07\/18\/volaris-suma-a-su-flota-su-aeronave-numero-124\/#breadcrumb\",\"itemListElement\":[{\"@type\":\"ListItem\",\"position\":1,\"name\":\"Inicio\",\"item\":\"https:\/\/nitu.mx\/\"},{\"@type\":\"ListItem\",\"position\":2,\"name\":\"Volaris suma a su flota su aeronave n\u00famero 124\"}]},{\"@type\":\"WebSite\",\"@id\":\"https:\/\/nitu.mx\/#website\",\"url\":\"https:\/\/nitu.mx\/\",\"name\":\"Nitu - Noticias de la Industria Turistica\",\"description\":\"Noticias de la Industria Turistica\",\"publisher\":{\"@id\":\"https:\/\/nitu.mx\/#\/schema\/person\/ae7a53426417292d3dd07b45a33e01bc\"},\"alternateName\":\"Noticias de la Industria Turistica\",\"potentialAction\":[{\"@type\":\"SearchAction\",\"target\":{\"@type\":\"EntryPoint\",\"urlTemplate\":\"https:\/\/nitu.mx\/?s={search_term_string}\"},\"query-input\":\"required name=search_term_string\"}],\"inLanguage\":\"es-MX\"},{\"@type\":[\"Person\",\"Organization\"],\"@id\":\"https:\/\/nitu.mx\/#\/schema\/person\/ae7a53426417292d3dd07b45a33e01bc\",\"name\":\"Arturo Medina\",\"image\":{\"@type\":\"ImageObject\",\"inLanguage\":\"es-MX\",\"@id\":\"https:\/\/nitu.mx\/#\/schema\/person\/image\/\",\"url\":\"https:\/\/nitu.mx\/wp-content\/uploads\/2024\/04\/4A315622-1904-4D5C-B022-878CDC840E04-90x90-1.jpeg\",\"contentUrl\":\"https:\/\/nitu.mx\/wp-content\/uploads\/2024\/04\/4A315622-1904-4D5C-B022-878CDC840E04-90x90-1.jpeg\",\"width\":90,\"height\":90,\"caption\":\"Arturo Medina\"},\"logo\":{\"@id\":\"https:\/\/nitu.mx\/#\/schema\/person\/image\/\"},\"description\":\"Director NITU.mx, Egresado de la Escuela de Periodismo Carlos Septi\u00e9n Garc\u00eda. Periodista y analista especializado en turismo desde hace 35 a\u00f1os, radicado en Canc\u00fan Q.Roo. arturo@nitu.mx\",\"sameAs\":[\"https:\/\/nitu.mx\",\"https:\/\/www.facebook.com\/NITUmx\/\",\"medinacancun\",\"https:\/\/twitter.com\/@Arturo_Medina_G\"]},{\"@type\":\"Person\",\"@id\":\"https:\/\/nitu.mx\/#\/schema\/person\/4a28fe9bd65924f7c90623773daf1b0b\",\"name\":\"Redacci\u00f3n\",\"image\":{\"@type\":\"ImageObject\",\"inLanguage\":\"es-MX\",\"@id\":\"https:\/\/nitu.mx\/#\/schema\/person\/image\/\",\"url\":\"https:\/\/secure.gravatar.com\/avatar\/5dd011c8ccfc5cd7e4c81e42252aab38?s=96&d=mm&r=g\",\"contentUrl\":\"https:\/\/secure.gravatar.com\/avatar\/5dd011c8ccfc5cd7e4c81e42252aab38?s=96&d=mm&r=g\",\"caption\":\"Redacci\u00f3n\"},\"url\":\"https:\/\/nitu.mx\/index.php\/author\/redaccion\/\"}]}<\/script>\n<!-- \/ Yoast SEO plugin. -->","yoast_head_json":{"title":"Volaris suma a su flota su aeronave n\u00famero 124 - Nitu - Noticias de la Industria Turistica","robots":{"index":"index","follow":"follow","max-snippet":"max-snippet:-1","max-image-preview":"max-image-preview:large","max-video-preview":"max-video-preview:-1"},"canonical":"https:\/\/nitu.mx\/index.php\/2023\/07\/18\/volaris-suma-a-su-flota-su-aeronave-numero-124\/","twitter_card":"summary_large_image","twitter_title":"Volaris suma a su flota su aeronave n\u00famero 124 - Nitu - Noticias de la Industria Turistica","twitter_description":"Volaris anunci\u00f3 que recibi\u00f3 su avi\u00f3n n\u00famero 124, con el cual refuerza su liderazgo como la aerol\u00ednea n\u00famero uno en M\u00e9xico y como el operador de bajo costo con la flota m\u00e1s grande del pa\u00eds. La aeronave A321neo, matr\u00edcula XA-VUB, con capacidad para 239 pasajeros, aterriz\u00f3 en\u00a0el\u00a0Aeropuerto Internacional de la Ciudad de M\u00e9xico (AICM) y [&hellip;]","twitter_image":"https:\/\/nitu.mx\/wp-content\/uploads\/2023\/07\/Volaris-avi\u00f3n-124.jpg","twitter_creator":"@NITUmx","twitter_site":"@Arturo_Medina_G","twitter_misc":{"Escrito por":"Redacci\u00f3n","Tiempo de lectura":"2 minutos"},"schema":{"@context":"https:\/\/schema.org","@graph":[{"@type":"Article","@id":"https:\/\/nitu.mx\/index.php\/2023\/07\/18\/volaris-suma-a-su-flota-su-aeronave-numero-124\/#article","isPartOf":{"@id":"https:\/\/nitu.mx\/index.php\/2023\/07\/18\/volaris-suma-a-su-flota-su-aeronave-numero-124\/"},"author":{"name":"Redacci\u00f3n","@id":"https:\/\/nitu.mx\/#\/schema\/person\/4a28fe9bd65924f7c90623773daf1b0b"},"headline":"Volaris suma a su flota su aeronave n\u00famero 124","datePublished":"2023-07-19T02:49:26+00:00","dateModified":"2023-07-19T04:43:22+00:00","mainEntityOfPage":{"@id":"https:\/\/nitu.mx\/index.php\/2023\/07\/18\/volaris-suma-a-su-flota-su-aeronave-numero-124\/"},"wordCount":335,"commentCount":0,"publisher":{"@id":"https:\/\/nitu.mx\/#\/schema\/person\/ae7a53426417292d3dd07b45a33e01bc"},"image":{"@id":"https:\/\/nitu.mx\/index.php\/2023\/07\/18\/volaris-suma-a-su-flota-su-aeronave-numero-124\/#primaryimage"},"thumbnailUrl":"https:\/\/nitu.mx\/wp-content\/uploads\/2023\/07\/Volaris-avi\u00f3n-124.jpg","keywords":["A321neo","Avi\u00f3n","Holger Blankenstein","Volaris"],"articleSection":["Aerol\u00edneas"],"inLanguage":"es-MX","potentialAction":[{"@type":"CommentAction","name":"Comment","target":["https:\/\/nitu.mx\/index.php\/2023\/07\/18\/volaris-suma-a-su-flota-su-aeronave-numero-124\/#respond"]}]},{"@type":"WebPage","@id":"https:\/\/nitu.mx\/index.php\/2023\/07\/18\/volaris-suma-a-su-flota-su-aeronave-numero-124\/","url":"https:\/\/nitu.mx\/index.php\/2023\/07\/18\/volaris-suma-a-su-flota-su-aeronave-numero-124\/","name":"Volaris suma a su flota su aeronave n\u00famero 124 - Nitu - Noticias de la Industria Turistica","isPartOf":{"@id":"https:\/\/nitu.mx\/#website"},"primaryImageOfPage":{"@id":"https:\/\/nitu.mx\/index.php\/2023\/07\/18\/volaris-suma-a-su-flota-su-aeronave-numero-124\/#primaryimage"},"image":{"@id":"https:\/\/nitu.mx\/index.php\/2023\/07\/18\/volaris-suma-a-su-flota-su-aeronave-numero-124\/#primaryimage"},"thumbnailUrl":"https:\/\/nitu.mx\/wp-content\/uploads\/2023\/07\/Volaris-avi\u00f3n-124.jpg","datePublished":"2023-07-19T02:49:26+00:00","dateModified":"2023-07-19T04:43:22+00:00","breadcrumb":{"@id":"https:\/\/nitu.mx\/index.php\/2023\/07\/18\/volaris-suma-a-su-flota-su-aeronave-numero-124\/#breadcrumb"},"inLanguage":"es-MX","potentialAction":[{"@type":"ReadAction","target":["https:\/\/nitu.mx\/index.php\/2023\/07\/18\/volaris-suma-a-su-flota-su-aeronave-numero-124\/"]}]},{"@type":"ImageObject","inLanguage":"es-MX","@id":"https:\/\/nitu.mx\/index.php\/2023\/07\/18\/volaris-suma-a-su-flota-su-aeronave-numero-124\/#primaryimage","url":"https:\/\/nitu.mx\/wp-content\/uploads\/2023\/07\/Volaris-avi\u00f3n-124.jpg","contentUrl":"https:\/\/nitu.mx\/wp-content\/uploads\/2023\/07\/Volaris-avi\u00f3n-124.jpg","width":1200,"height":675,"caption":"Volaris"},{"@type":"BreadcrumbList","@id":"https:\/\/nitu.mx\/index.php\/2023\/07\/18\/volaris-suma-a-su-flota-su-aeronave-numero-124\/#breadcrumb","itemListElement":[{"@type":"ListItem","position":1,"name":"Inicio","item":"https:\/\/nitu.mx\/"},{"@type":"ListItem","position":2,"name":"Volaris suma a su flota su aeronave n\u00famero 124"}]},{"@type":"WebSite","@id":"https:\/\/nitu.mx\/#website","url":"https:\/\/nitu.mx\/","name":"Nitu - Noticias de la Industria Turistica","description":"Noticias de la Industria Turistica","publisher":{"@id":"https:\/\/nitu.mx\/#\/schema\/person\/ae7a53426417292d3dd07b45a33e01bc"},"alternateName":"Noticias de la Industria Turistica","potentialAction":[{"@type":"SearchAction","target":{"@type":"EntryPoint","urlTemplate":"https:\/\/nitu.mx\/?s={search_term_string}"},"query-input":"required name=search_term_string"}],"inLanguage":"es-MX"},{"@type":["Person","Organization"],"@id":"https:\/\/nitu.mx\/#\/schema\/person\/ae7a53426417292d3dd07b45a33e01bc","name":"Arturo Medina","image":{"@type":"ImageObject","inLanguage":"es-MX","@id":"https:\/\/nitu.mx\/#\/schema\/person\/image\/","url":"https:\/\/nitu.mx\/wp-content\/uploads\/2024\/04\/4A315622-1904-4D5C-B022-878CDC840E04-90x90-1.jpeg","contentUrl":"https:\/\/nitu.mx\/wp-content\/uploads\/2024\/04\/4A315622-1904-4D5C-B022-878CDC840E04-90x90-1.jpeg","width":90,"height":90,"caption":"Arturo Medina"},"logo":{"@id":"https:\/\/nitu.mx\/#\/schema\/person\/image\/"},"description":"Director NITU.mx, Egresado de la Escuela de Periodismo Carlos Septi\u00e9n Garc\u00eda. Periodista y analista especializado en turismo desde hace 35 a\u00f1os, radicado en Canc\u00fan Q.Roo. arturo@nitu.mx","sameAs":["https:\/\/nitu.mx","https:\/\/www.facebook.com\/NITUmx\/","medinacancun","https:\/\/twitter.com\/@Arturo_Medina_G"]},{"@type":"Person","@id":"https:\/\/nitu.mx\/#\/schema\/person\/4a28fe9bd65924f7c90623773daf1b0b","name":"Redacci\u00f3n","image":{"@type":"ImageObject","inLanguage":"es-MX","@id":"https:\/\/nitu.mx\/#\/schema\/person\/image\/","url":"https:\/\/secure.gravatar.com\/avatar\/5dd011c8ccfc5cd7e4c81e42252aab38?s=96&d=mm&r=g","contentUrl":"https:\/\/secure.gravatar.com\/avatar\/5dd011c8ccfc5cd7e4c81e42252aab38?s=96&d=mm&r=g","caption":"Redacci\u00f3n"},"url":"https:\/\/nitu.mx\/index.php\/author\/redaccion\/"}]}},"views":425,"_links":{"self":[{"href":"https:\/\/nitu.mx\/index.php\/wp-json\/wp\/v2\/posts\/65342"}],"collection":[{"href":"https:\/\/nitu.mx\/index.php\/wp-json\/wp\/v2\/posts"}],"about":[{"href":"https:\/\/nitu.mx\/index.php\/wp-json\/wp\/v2\/types\/post"}],"author":[{"embeddable":true,"href":"https:\/\/nitu.mx\/index.php\/wp-json\/wp\/v2\/users\/17"}],"replies":[{"embeddable":true,"href":"https:\/\/nitu.mx\/index.php\/wp-json\/wp\/v2\/comments?post=65342"}],"version-history":[{"count":1,"href":"https:\/\/nitu.mx\/index.php\/wp-json\/wp\/v2\/posts\/65342\/revisions"}],"predecessor-version":[{"id":65343,"href":"https:\/\/nitu.mx\/index.php\/wp-json\/wp\/v2\/posts\/65342\/revisions\/65343"}],"wp:featuredmedia":[{"embeddable":true,"href":"https:\/\/nitu.mx\/index.php\/wp-json\/wp\/v2\/media\/65344"}],"wp:attachment":[{"href":"https:\/\/nitu.mx\/index.php\/wp-json\/wp\/v2\/media?parent=65342"}],"wp:term":[{"taxonomy":"category","embeddable":true,"href":"https:\/\/nitu.mx\/index.php\/wp-json\/wp\/v2\/categories?post=65342"},{"taxonomy":"post_tag","embeddable":true,"href":"https:\/\/nitu.mx\/index.php\/wp-json\/wp\/v2\/tags?post=65342"}],"curies":[{"name":"wp","href":"https:\/\/api.w.org\/{rel}","templated":true}]}}