{"id":65079,"date":"2023-06-29T01:21:55","date_gmt":"2023-06-29T06:21:55","guid":{"rendered":"https:\/\/www.dev.nitu.mx\/?p=65079"},"modified":"2023-06-29T01:23:04","modified_gmt":"2023-06-29T06:23:04","slug":"se-instala-amatur-en-los-cabos","status":"publish","type":"post","link":"https:\/\/nitu.mx\/index.php\/2023\/06\/29\/se-instala-amatur-en-los-cabos\/","title":{"rendered":"Se instala AMATUR en Los Cabos"},"content":{"rendered":"<p>La Asociaci\u00f3n Mexicana de Agencias de Turismo Receptivo en Los Cabos anunci\u00f3 su integraci\u00f3n con el liderazgo de un Consejo Directivo, conformado por los ejecutivos de las DMCs que pertenecen a la asociaci\u00f3n y con Sergio Gonz\u00e1lez Rubiera como Presidente Nacional de la AMATUR.<\/p>\n<p>Las agencias afiliadas a AMATUR en Los Cabos son: Amstar, Grupo Epic, IVI DMC, Mayaland, Nexus Tour, Trafic y TUI, quienes son expertas en ofrecer experiencias a los viajeros del m\u00e1s alto poder adquisitivo y generan al destino una derrama anual de 200 millones de d\u00f3lares.<\/p>\n<p>\u201cEn AMATUR celebramos contar con un importante grupo de agencias en una regi\u00f3n tan significativa como lo es Los Cabos. Nuestro objetivo es agrupar, representar e impulsar los proyectos que sean de beneficio de nuestros asociados, con el trabajo conjunto de DMCs, tour operadores, transportistas y todas las asociaciones tur\u00edsticas calificadas del destino\u201d, mencion\u00f3 Sergio Gonz\u00e1lez Rubiera, presidente nacional de la AMATUR.<\/p>\n<p>As\u00ed mismo, la AMATUR se ver\u00e1 fortalecida por la participaci\u00f3n de sus miembros aliados, quienes est\u00e1n integrados por los principales proveedores de tours y excursiones en las zonas de San Jos\u00e9 del Cabo y Cabo San Lucas.<\/p>\n<p>Cabe se\u00f1alar que las empresas afiliadas a la AMATUR atienden en Los Cabos alrededor de 600 mil turistas al a\u00f1o, lo que representa el 75% de los pasajeros que visitan el destino a trav\u00e9s de tour operadores mayoristas de Estados Unidos, Canad\u00e1, Europa y M\u00e9xico<\/p>\n<p>Seg\u00fan datos del Fideicomiso de Turismo de Los Cabos (Fiturca), el destino cerr\u00f3 el 2022 con el arribo de 3.4 millones de turistas v\u00eda a\u00e9rea y, durante ese mismo periodo, el turismo internacional se increment\u00f3 en un 30% y el nacional en un 25%, respecto al 2021. Para el cierre de 2023, se espera una cifra de 3.7 millones de viajeros.\u00a0<a title=\"AMATUR exige mejoras urgentes en el Aeropuerto Internacional Benito Ju\u00e1rez de la Ciudad de M\u00e9xico\" href=\"https:\/\/www.dev.nitu.mx\/index.php\/2023\/06\/07\/amatur-exige-mejoras-urgentes-en-el-aeropuerto-internacional-benito-juarez-de-la-ciudad-de-mexico\/\" rel=\"bookmark\">(AMATUR exige mejoras urgentes en el Aeropuerto Internacional Benito Ju\u00e1rez de la Ciudad de M\u00e9xico<\/a>).<\/p>\n","protected":false},"excerpt":{"rendered":"<p>La Asociaci\u00f3n Mexicana de Agencias de Turismo Receptivo en Los Cabos anunci\u00f3 su integraci\u00f3n con el liderazgo de un Consejo Directivo, conformado por los ejecutivos de las DMCs que pertenecen a la asociaci\u00f3n y con Sergio Gonz\u00e1lez Rubiera como Presidente Nacional de la AMATUR. Las agencias afiliadas a AMATUR en Los Cabos son: Amstar, Grupo [&hellip;]<\/p>\n","protected":false},"author":2,"featured_media":65082,"comment_status":"open","ping_status":"open","sticky":false,"template":"","format":"standard","meta":{"footnotes":""},"categories":[3],"tags":[23855,1443,130,338],"yoast_head":"<!-- This site is optimized with the Yoast SEO plugin v22.2 - https:\/\/yoast.com\/wordpress\/plugins\/seo\/ -->\n<title>Se instala AMATUR en Los Cabos - Nitu - Noticias de la Industria Turistica<\/title>\n<meta name=\"robots\" content=\"index, follow, max-snippet:-1, max-image-preview:large, max-video-preview:-1\" \/>\n<link rel=\"canonical\" href=\"https:\/\/nitu.mx\/index.php\/2023\/06\/29\/se-instala-amatur-en-los-cabos\/\" \/>\n<meta name=\"twitter:card\" content=\"summary_large_image\" \/>\n<meta name=\"twitter:title\" content=\"Se instala AMATUR en Los Cabos - Nitu - Noticias de la Industria Turistica\" \/>\n<meta name=\"twitter:description\" content=\"La Asociaci\u00f3n Mexicana de Agencias de Turismo Receptivo en Los Cabos anunci\u00f3 su integraci\u00f3n con el liderazgo de un Consejo Directivo, conformado por los ejecutivos de las DMCs que pertenecen a la asociaci\u00f3n y con Sergio Gonz\u00e1lez Rubiera como Presidente Nacional de la AMATUR. Las agencias afiliadas a AMATUR en Los Cabos son: Amstar, Grupo [&hellip;]\" \/>\n<meta name=\"twitter:image\" content=\"https:\/\/nitu.mx\/wp-content\/uploads\/2023\/06\/amatur-los-cabos.jpg\" \/>\n<meta name=\"twitter:creator\" content=\"@Arturo_Medina_G\" \/>\n<meta name=\"twitter:site\" content=\"@Arturo_Medina_G\" \/>\n<meta name=\"twitter:label1\" content=\"Escrito por\" \/>\n\t<meta name=\"twitter:data1\" content=\"Arturo Medina\" \/>\n\t<meta name=\"twitter:label2\" content=\"Tiempo de lectura\" \/>\n\t<meta name=\"twitter:data2\" content=\"2 minutos\" \/>\n<script type=\"application\/ld+json\" class=\"yoast-schema-graph\">{\"@context\":\"https:\/\/schema.org\",\"@graph\":[{\"@type\":\"Article\",\"@id\":\"https:\/\/nitu.mx\/index.php\/2023\/06\/29\/se-instala-amatur-en-los-cabos\/#article\",\"isPartOf\":{\"@id\":\"https:\/\/nitu.mx\/index.php\/2023\/06\/29\/se-instala-amatur-en-los-cabos\/\"},\"author\":{\"name\":\"Arturo Medina\",\"@id\":\"https:\/\/nitu.mx\/#\/schema\/person\/ae7a53426417292d3dd07b45a33e01bc\"},\"headline\":\"Se instala AMATUR en Los Cabos\",\"datePublished\":\"2023-06-29T06:21:55+00:00\",\"dateModified\":\"2023-06-29T06:23:04+00:00\",\"mainEntityOfPage\":{\"@id\":\"https:\/\/nitu.mx\/index.php\/2023\/06\/29\/se-instala-amatur-en-los-cabos\/\"},\"wordCount\":326,\"commentCount\":0,\"publisher\":{\"@id\":\"https:\/\/nitu.mx\/#\/schema\/person\/ae7a53426417292d3dd07b45a33e01bc\"},\"image\":{\"@id\":\"https:\/\/nitu.mx\/index.php\/2023\/06\/29\/se-instala-amatur-en-los-cabos\/#primaryimage\"},\"thumbnailUrl\":\"https:\/\/nitu.mx\/wp-content\/uploads\/2023\/06\/amatur-los-cabos.jpg\",\"keywords\":[\"AMATUR\",\"Fiturca\",\"Los Cabos\",\"Sergio Gonz\u00e1lez Rubiera\"],\"articleSection\":[\"Agencias de Viajes\"],\"inLanguage\":\"es-MX\",\"potentialAction\":[{\"@type\":\"CommentAction\",\"name\":\"Comment\",\"target\":[\"https:\/\/nitu.mx\/index.php\/2023\/06\/29\/se-instala-amatur-en-los-cabos\/#respond\"]}]},{\"@type\":\"WebPage\",\"@id\":\"https:\/\/nitu.mx\/index.php\/2023\/06\/29\/se-instala-amatur-en-los-cabos\/\",\"url\":\"https:\/\/nitu.mx\/index.php\/2023\/06\/29\/se-instala-amatur-en-los-cabos\/\",\"name\":\"Se instala AMATUR en Los Cabos - Nitu - Noticias de la Industria Turistica\",\"isPartOf\":{\"@id\":\"https:\/\/nitu.mx\/#website\"},\"primaryImageOfPage\":{\"@id\":\"https:\/\/nitu.mx\/index.php\/2023\/06\/29\/se-instala-amatur-en-los-cabos\/#primaryimage\"},\"image\":{\"@id\":\"https:\/\/nitu.mx\/index.php\/2023\/06\/29\/se-instala-amatur-en-los-cabos\/#primaryimage\"},\"thumbnailUrl\":\"https:\/\/nitu.mx\/wp-content\/uploads\/2023\/06\/amatur-los-cabos.jpg\",\"datePublished\":\"2023-06-29T06:21:55+00:00\",\"dateModified\":\"2023-06-29T06:23:04+00:00\",\"breadcrumb\":{\"@id\":\"https:\/\/nitu.mx\/index.php\/2023\/06\/29\/se-instala-amatur-en-los-cabos\/#breadcrumb\"},\"inLanguage\":\"es-MX\",\"potentialAction\":[{\"@type\":\"ReadAction\",\"target\":[\"https:\/\/nitu.mx\/index.php\/2023\/06\/29\/se-instala-amatur-en-los-cabos\/\"]}]},{\"@type\":\"ImageObject\",\"inLanguage\":\"es-MX\",\"@id\":\"https:\/\/nitu.mx\/index.php\/2023\/06\/29\/se-instala-amatur-en-los-cabos\/#primaryimage\",\"url\":\"https:\/\/nitu.mx\/wp-content\/uploads\/2023\/06\/amatur-los-cabos.jpg\",\"contentUrl\":\"https:\/\/nitu.mx\/wp-content\/uploads\/2023\/06\/amatur-los-cabos.jpg\",\"width\":1280,\"height\":524},{\"@type\":\"BreadcrumbList\",\"@id\":\"https:\/\/nitu.mx\/index.php\/2023\/06\/29\/se-instala-amatur-en-los-cabos\/#breadcrumb\",\"itemListElement\":[{\"@type\":\"ListItem\",\"position\":1,\"name\":\"Inicio\",\"item\":\"https:\/\/nitu.mx\/\"},{\"@type\":\"ListItem\",\"position\":2,\"name\":\"Se instala AMATUR en Los Cabos\"}]},{\"@type\":\"WebSite\",\"@id\":\"https:\/\/nitu.mx\/#website\",\"url\":\"https:\/\/nitu.mx\/\",\"name\":\"Nitu - Noticias de la Industria Turistica\",\"description\":\"Noticias de la Industria Turistica\",\"publisher\":{\"@id\":\"https:\/\/nitu.mx\/#\/schema\/person\/ae7a53426417292d3dd07b45a33e01bc\"},\"alternateName\":\"Noticias de la Industria Turistica\",\"potentialAction\":[{\"@type\":\"SearchAction\",\"target\":{\"@type\":\"EntryPoint\",\"urlTemplate\":\"https:\/\/nitu.mx\/?s={search_term_string}\"},\"query-input\":\"required name=search_term_string\"}],\"inLanguage\":\"es-MX\"},{\"@type\":[\"Person\",\"Organization\"],\"@id\":\"https:\/\/nitu.mx\/#\/schema\/person\/ae7a53426417292d3dd07b45a33e01bc\",\"name\":\"Arturo Medina\",\"image\":{\"@type\":\"ImageObject\",\"inLanguage\":\"es-MX\",\"@id\":\"https:\/\/nitu.mx\/#\/schema\/person\/image\/\",\"url\":\"https:\/\/nitu.mx\/wp-content\/uploads\/2024\/04\/4A315622-1904-4D5C-B022-878CDC840E04-90x90-1.jpeg\",\"contentUrl\":\"https:\/\/nitu.mx\/wp-content\/uploads\/2024\/04\/4A315622-1904-4D5C-B022-878CDC840E04-90x90-1.jpeg\",\"width\":90,\"height\":90,\"caption\":\"Arturo Medina\"},\"logo\":{\"@id\":\"https:\/\/nitu.mx\/#\/schema\/person\/image\/\"},\"description\":\"Director NITU.mx, Egresado de la Escuela de Periodismo Carlos Septi\u00e9n Garc\u00eda. Periodista y analista especializado en turismo desde hace 35 a\u00f1os, radicado en Canc\u00fan Q.Roo. arturo@nitu.mx\",\"sameAs\":[\"https:\/\/nitu.mx\",\"https:\/\/www.facebook.com\/NITUmx\/\",\"medinacancun\",\"https:\/\/twitter.com\/@Arturo_Medina_G\"],\"url\":\"https:\/\/nitu.mx\/index.php\/author\/arturo-medina\/\"}]}<\/script>\n<!-- \/ Yoast SEO plugin. -->","yoast_head_json":{"title":"Se instala AMATUR en Los Cabos - Nitu - Noticias de la Industria Turistica","robots":{"index":"index","follow":"follow","max-snippet":"max-snippet:-1","max-image-preview":"max-image-preview:large","max-video-preview":"max-video-preview:-1"},"canonical":"https:\/\/nitu.mx\/index.php\/2023\/06\/29\/se-instala-amatur-en-los-cabos\/","twitter_card":"summary_large_image","twitter_title":"Se instala AMATUR en Los Cabos - Nitu - Noticias de la Industria Turistica","twitter_description":"La Asociaci\u00f3n Mexicana de Agencias de Turismo Receptivo en Los Cabos anunci\u00f3 su integraci\u00f3n con el liderazgo de un Consejo Directivo, conformado por los ejecutivos de las DMCs que pertenecen a la asociaci\u00f3n y con Sergio Gonz\u00e1lez Rubiera como Presidente Nacional de la AMATUR. Las agencias afiliadas a AMATUR en Los Cabos son: Amstar, Grupo [&hellip;]","twitter_image":"https:\/\/nitu.mx\/wp-content\/uploads\/2023\/06\/amatur-los-cabos.jpg","twitter_creator":"@Arturo_Medina_G","twitter_site":"@Arturo_Medina_G","twitter_misc":{"Escrito por":"Arturo Medina","Tiempo de lectura":"2 minutos"},"schema":{"@context":"https:\/\/schema.org","@graph":[{"@type":"Article","@id":"https:\/\/nitu.mx\/index.php\/2023\/06\/29\/se-instala-amatur-en-los-cabos\/#article","isPartOf":{"@id":"https:\/\/nitu.mx\/index.php\/2023\/06\/29\/se-instala-amatur-en-los-cabos\/"},"author":{"name":"Arturo Medina","@id":"https:\/\/nitu.mx\/#\/schema\/person\/ae7a53426417292d3dd07b45a33e01bc"},"headline":"Se instala AMATUR en Los Cabos","datePublished":"2023-06-29T06:21:55+00:00","dateModified":"2023-06-29T06:23:04+00:00","mainEntityOfPage":{"@id":"https:\/\/nitu.mx\/index.php\/2023\/06\/29\/se-instala-amatur-en-los-cabos\/"},"wordCount":326,"commentCount":0,"publisher":{"@id":"https:\/\/nitu.mx\/#\/schema\/person\/ae7a53426417292d3dd07b45a33e01bc"},"image":{"@id":"https:\/\/nitu.mx\/index.php\/2023\/06\/29\/se-instala-amatur-en-los-cabos\/#primaryimage"},"thumbnailUrl":"https:\/\/nitu.mx\/wp-content\/uploads\/2023\/06\/amatur-los-cabos.jpg","keywords":["AMATUR","Fiturca","Los Cabos","Sergio Gonz\u00e1lez Rubiera"],"articleSection":["Agencias de Viajes"],"inLanguage":"es-MX","potentialAction":[{"@type":"CommentAction","name":"Comment","target":["https:\/\/nitu.mx\/index.php\/2023\/06\/29\/se-instala-amatur-en-los-cabos\/#respond"]}]},{"@type":"WebPage","@id":"https:\/\/nitu.mx\/index.php\/2023\/06\/29\/se-instala-amatur-en-los-cabos\/","url":"https:\/\/nitu.mx\/index.php\/2023\/06\/29\/se-instala-amatur-en-los-cabos\/","name":"Se instala AMATUR en Los Cabos - Nitu - Noticias de la Industria Turistica","isPartOf":{"@id":"https:\/\/nitu.mx\/#website"},"primaryImageOfPage":{"@id":"https:\/\/nitu.mx\/index.php\/2023\/06\/29\/se-instala-amatur-en-los-cabos\/#primaryimage"},"image":{"@id":"https:\/\/nitu.mx\/index.php\/2023\/06\/29\/se-instala-amatur-en-los-cabos\/#primaryimage"},"thumbnailUrl":"https:\/\/nitu.mx\/wp-content\/uploads\/2023\/06\/amatur-los-cabos.jpg","datePublished":"2023-06-29T06:21:55+00:00","dateModified":"2023-06-29T06:23:04+00:00","breadcrumb":{"@id":"https:\/\/nitu.mx\/index.php\/2023\/06\/29\/se-instala-amatur-en-los-cabos\/#breadcrumb"},"inLanguage":"es-MX","potentialAction":[{"@type":"ReadAction","target":["https:\/\/nitu.mx\/index.php\/2023\/06\/29\/se-instala-amatur-en-los-cabos\/"]}]},{"@type":"ImageObject","inLanguage":"es-MX","@id":"https:\/\/nitu.mx\/index.php\/2023\/06\/29\/se-instala-amatur-en-los-cabos\/#primaryimage","url":"https:\/\/nitu.mx\/wp-content\/uploads\/2023\/06\/amatur-los-cabos.jpg","contentUrl":"https:\/\/nitu.mx\/wp-content\/uploads\/2023\/06\/amatur-los-cabos.jpg","width":1280,"height":524},{"@type":"BreadcrumbList","@id":"https:\/\/nitu.mx\/index.php\/2023\/06\/29\/se-instala-amatur-en-los-cabos\/#breadcrumb","itemListElement":[{"@type":"ListItem","position":1,"name":"Inicio","item":"https:\/\/nitu.mx\/"},{"@type":"ListItem","position":2,"name":"Se instala AMATUR en Los Cabos"}]},{"@type":"WebSite","@id":"https:\/\/nitu.mx\/#website","url":"https:\/\/nitu.mx\/","name":"Nitu - Noticias de la Industria Turistica","description":"Noticias de la Industria Turistica","publisher":{"@id":"https:\/\/nitu.mx\/#\/schema\/person\/ae7a53426417292d3dd07b45a33e01bc"},"alternateName":"Noticias de la Industria Turistica","potentialAction":[{"@type":"SearchAction","target":{"@type":"EntryPoint","urlTemplate":"https:\/\/nitu.mx\/?s={search_term_string}"},"query-input":"required name=search_term_string"}],"inLanguage":"es-MX"},{"@type":["Person","Organization"],"@id":"https:\/\/nitu.mx\/#\/schema\/person\/ae7a53426417292d3dd07b45a33e01bc","name":"Arturo Medina","image":{"@type":"ImageObject","inLanguage":"es-MX","@id":"https:\/\/nitu.mx\/#\/schema\/person\/image\/","url":"https:\/\/nitu.mx\/wp-content\/uploads\/2024\/04\/4A315622-1904-4D5C-B022-878CDC840E04-90x90-1.jpeg","contentUrl":"https:\/\/nitu.mx\/wp-content\/uploads\/2024\/04\/4A315622-1904-4D5C-B022-878CDC840E04-90x90-1.jpeg","width":90,"height":90,"caption":"Arturo Medina"},"logo":{"@id":"https:\/\/nitu.mx\/#\/schema\/person\/image\/"},"description":"Director NITU.mx, Egresado de la Escuela de Periodismo Carlos Septi\u00e9n Garc\u00eda. Periodista y analista especializado en turismo desde hace 35 a\u00f1os, radicado en Canc\u00fan Q.Roo. arturo@nitu.mx","sameAs":["https:\/\/nitu.mx","https:\/\/www.facebook.com\/NITUmx\/","medinacancun","https:\/\/twitter.com\/@Arturo_Medina_G"],"url":"https:\/\/nitu.mx\/index.php\/author\/arturo-medina\/"}]}},"views":720,"_links":{"self":[{"href":"https:\/\/nitu.mx\/index.php\/wp-json\/wp\/v2\/posts\/65079"}],"collection":[{"href":"https:\/\/nitu.mx\/index.php\/wp-json\/wp\/v2\/posts"}],"about":[{"href":"https:\/\/nitu.mx\/index.php\/wp-json\/wp\/v2\/types\/post"}],"author":[{"embeddable":true,"href":"https:\/\/nitu.mx\/index.php\/wp-json\/wp\/v2\/users\/2"}],"replies":[{"embeddable":true,"href":"https:\/\/nitu.mx\/index.php\/wp-json\/wp\/v2\/comments?post=65079"}],"version-history":[{"count":4,"href":"https:\/\/nitu.mx\/index.php\/wp-json\/wp\/v2\/posts\/65079\/revisions"}],"predecessor-version":[{"id":65092,"href":"https:\/\/nitu.mx\/index.php\/wp-json\/wp\/v2\/posts\/65079\/revisions\/65092"}],"wp:featuredmedia":[{"embeddable":true,"href":"https:\/\/nitu.mx\/index.php\/wp-json\/wp\/v2\/media\/65082"}],"wp:attachment":[{"href":"https:\/\/nitu.mx\/index.php\/wp-json\/wp\/v2\/media?parent=65079"}],"wp:term":[{"taxonomy":"category","embeddable":true,"href":"https:\/\/nitu.mx\/index.php\/wp-json\/wp\/v2\/categories?post=65079"},{"taxonomy":"post_tag","embeddable":true,"href":"https:\/\/nitu.mx\/index.php\/wp-json\/wp\/v2\/tags?post=65079"}],"curies":[{"name":"wp","href":"https:\/\/api.w.org\/{rel}","templated":true}]}}