{"id":65054,"date":"2023-06-27T01:03:33","date_gmt":"2023-06-27T06:03:33","guid":{"rendered":"https:\/\/www.dev.nitu.mx\/?p=65054"},"modified":"2023-06-27T01:45:21","modified_gmt":"2023-06-27T06:45:21","slug":"llegan-las-luciernagas-a-tlaxcala","status":"publish","type":"post","link":"https:\/\/nitu.mx\/index.php\/2023\/06\/27\/llegan-las-luciernagas-a-tlaxcala\/","title":{"rendered":"Llegan las luci\u00e9rnagas a Tlaxcala"},"content":{"rendered":"<p>La magia de la naturaleza siempre es asombrosa, y cuando tienes la oportunidad de vivir experiencias como la llegada de luci\u00e9rnagas a\u00a0Tlaxcala, debes sentirte privilegiado, pues podr\u00e1s sentir la emoci\u00f3n indescriptible que se produce cuando ves a estos peque\u00f1os seres vivos decorar el bosque con sus \u201cfoquitos intermitentes\u201d.<\/p>\n<p>Dado que este espect\u00e1culo es nocturno, se puede aprovechar el d\u00eda para disfrutar de\u00a0Tlaxcala\u00a0Capital.<\/p>\n<ul>\n<li>Por la ma\u00f1ana llega a\u00a0Tlaxcala\u00a0Capital, ciudad segura, en la que respirar\u00e1s cultura y tranquilidad.<\/li>\n<li>Desayuna en alguno de sus restaurantes platillos t\u00edpicos del altiplano elaborados con ingredientes que da la milpa. Te recomendamos unas enchiladas de pipi\u00e1n.<\/li>\n<li>Despu\u00e9s de hacer check-in en alguno de los hoteles, los cuales se caracterizan por su gran hospitalidad, lleg\u00f3 la hora de ponerse los tenis, protector solar y un sombrero para recorrer los sitios emblem\u00e1ticos de esta ciudad, cuna de la mexicanidad.<\/li>\n<li>La primera parada es el monumental mural de m\u00e1s de 450 metros cuadrados que se encuentra en el Palacio de Gobierno de\u00a0Tlaxcala. Su autor, el maestro Desiderio Hern\u00e1ndez Xochitiotzin, trabaj\u00f3 en solitario casi 40 a\u00f1os en esta obra, y visitarlo es fundamental para conocer la historia de M\u00e9xico y de la ciudad.<\/li>\n<li>La segunda parada es en el Conjunto Conventual de Nuestra Se\u00f1ora de la Asunci\u00f3n, compuesto por\u00a0una de las primeras catedrales en Am\u00e9rica Latina\u00a0que a\u00fan sigue en pie, a la que acompa\u00f1an la capilla abierta y una torre de campanario del siglo XVI.<\/li>\n<li>Y ya que est\u00e1s muy cerca, debes bajar a la plaza de toros Jorge Aguilar &#8220;El Ranchero&#8221;, uno de\u00a0los cosos m\u00e1s antiguos y m\u00e1s bellos de Am\u00e9rica\u00a0que a\u00fan sigue vigente, adem\u00e1s de ser tambi\u00e9n uno de los m\u00e1s bellos.\u00a0 La postal desde el ruedo acompa\u00f1ada del Conjunto Conventual es magn\u00edfica.<\/li>\n<li>Hora de comer: haz una pausa y disfruta de la cocina Tlaxcalteca. Si algo caracteriza a esta ciudad es el buen saz\u00f3n. Si quieres estar en un lugar imperdible el restaurante del Hotel San Francisco o en el Ma\u00edz Pinto.<\/li>\n<li>Camino a las luci\u00e9rnagas. Sigue las instrucciones de acuerdo al tour que hayas contratado para visitar el Santuario de las Luci\u00e9rnagas en Nanacamilpa o Calpulalpan, particularmente sigue las reglas que buscan proteger su h\u00e1bitat.<\/li>\n<li>Tras una noche de merecido descanso y un gran desayuno, date una vuelta por los museos de la ciudad. Te sugerimos el siguiente orden, pero siempre podr\u00e1s elegir:<\/li>\n<\/ul>\n<p>o\u00a0\u00a0\u00a0Museo Regional INAH<\/p>\n<p>o\u00a0\u00a0\u00a0Museo Miguel N Lira<\/p>\n<p>o\u00a0\u00a0\u00a0Museo de la Pl\u00e1stica \u2013 Pinacoteca del Estado<\/p>\n<p>o\u00a0\u00a0\u00a0Museo de memoria<\/p>\n<p>o\u00a0\u00a0\u00a0Museo de Arte de\u00a0Tlaxcala<\/p>\n<p>Tambi\u00e9n puedes recorrer los edificios que se localizan en el centro y por supuesto ir al mercado de artesan\u00edas y llevarte ya sea una pieza de arte de barro bru\u00f1ido, de madera tallada o de bordado tlaxcalteca. (<a title=\"Avistamiento de luci\u00e9rnagas impulsa crecimiento tur\u00edstico en Tlaxcala\" href=\"https:\/\/www.dev.nitu.mx\/index.php\/2019\/06\/11\/avistamiento-de-luciernagas-impulsa-crecimiento-turistico-en-tlaxcala\/\" rel=\"bookmark\">Avistamiento de luci\u00e9rnagas impulsa crecimiento tur\u00edstico en Tlaxcala<\/a>).<\/p>\n<p>En\u00a0Tlaxcala\u00a0capital: el origen de M\u00e9xico, encontrar\u00e1s una parte muy importante de la historia, pues este lugar fue el punto de partida en la construcci\u00f3n del pa\u00eds y hoy lo puedes conocer a trav\u00e9s de su cultura, patrimonio, tradici\u00f3n y gastronom\u00eda.<\/p>\n","protected":false},"excerpt":{"rendered":"<p>La magia de la naturaleza siempre es asombrosa, y cuando tienes la oportunidad de vivir experiencias como la llegada de luci\u00e9rnagas a\u00a0Tlaxcala, debes sentirte privilegiado, pues podr\u00e1s sentir la emoci\u00f3n indescriptible que se produce cuando ves a estos peque\u00f1os seres vivos decorar el bosque con sus \u201cfoquitos intermitentes\u201d. Dado que este espect\u00e1culo es nocturno, se [&hellip;]<\/p>\n","protected":false},"author":17,"featured_media":65055,"comment_status":"open","ping_status":"open","sticky":false,"template":"","format":"standard","meta":{"footnotes":""},"categories":[5],"tags":[24031,24032,24033,4996],"yoast_head":"<!-- This site is optimized with the Yoast SEO plugin v22.2 - https:\/\/yoast.com\/wordpress\/plugins\/seo\/ -->\n<title>Llegan las luci\u00e9rnagas a Tlaxcala - Nitu - Noticias de la Industria Turistica<\/title>\n<meta name=\"robots\" content=\"index, follow, max-snippet:-1, max-image-preview:large, max-video-preview:-1\" \/>\n<link rel=\"canonical\" href=\"https:\/\/nitu.mx\/index.php\/2023\/06\/27\/llegan-las-luciernagas-a-tlaxcala\/\" \/>\n<meta name=\"twitter:card\" content=\"summary_large_image\" \/>\n<meta name=\"twitter:title\" content=\"Llegan las luci\u00e9rnagas a Tlaxcala - Nitu - Noticias de la Industria Turistica\" \/>\n<meta name=\"twitter:description\" content=\"La magia de la naturaleza siempre es asombrosa, y cuando tienes la oportunidad de vivir experiencias como la llegada de luci\u00e9rnagas a\u00a0Tlaxcala, debes sentirte privilegiado, pues podr\u00e1s sentir la emoci\u00f3n indescriptible que se produce cuando ves a estos peque\u00f1os seres vivos decorar el bosque con sus \u201cfoquitos intermitentes\u201d. Dado que este espect\u00e1culo es nocturno, se [&hellip;]\" \/>\n<meta name=\"twitter:image\" content=\"https:\/\/nitu.mx\/wp-content\/uploads\/2023\/06\/Lucie\u0301rnagas-en-Tlaxcala.jpg\" \/>\n<meta name=\"twitter:creator\" content=\"@NITUmx\" \/>\n<meta name=\"twitter:site\" content=\"@Arturo_Medina_G\" \/>\n<meta name=\"twitter:label1\" content=\"Escrito por\" \/>\n\t<meta name=\"twitter:data1\" content=\"Redacci\u00f3n\" \/>\n\t<meta name=\"twitter:label2\" content=\"Tiempo de lectura\" \/>\n\t<meta name=\"twitter:data2\" content=\"3 minutos\" \/>\n<script type=\"application\/ld+json\" class=\"yoast-schema-graph\">{\"@context\":\"https:\/\/schema.org\",\"@graph\":[{\"@type\":\"Article\",\"@id\":\"https:\/\/nitu.mx\/index.php\/2023\/06\/27\/llegan-las-luciernagas-a-tlaxcala\/#article\",\"isPartOf\":{\"@id\":\"https:\/\/nitu.mx\/index.php\/2023\/06\/27\/llegan-las-luciernagas-a-tlaxcala\/\"},\"author\":{\"name\":\"Redacci\u00f3n\",\"@id\":\"https:\/\/nitu.mx\/#\/schema\/person\/4a28fe9bd65924f7c90623773daf1b0b\"},\"headline\":\"Llegan las luci\u00e9rnagas a Tlaxcala\",\"datePublished\":\"2023-06-27T06:03:33+00:00\",\"dateModified\":\"2023-06-27T06:45:21+00:00\",\"mainEntityOfPage\":{\"@id\":\"https:\/\/nitu.mx\/index.php\/2023\/06\/27\/llegan-las-luciernagas-a-tlaxcala\/\"},\"wordCount\":564,\"commentCount\":0,\"publisher\":{\"@id\":\"https:\/\/nitu.mx\/#\/schema\/person\/ae7a53426417292d3dd07b45a33e01bc\"},\"image\":{\"@id\":\"https:\/\/nitu.mx\/index.php\/2023\/06\/27\/llegan-las-luciernagas-a-tlaxcala\/#primaryimage\"},\"thumbnailUrl\":\"https:\/\/nitu.mx\/wp-content\/uploads\/2023\/06\/Lucie\u0301rnagas-en-Tlaxcala.jpg\",\"keywords\":[\"Luci\u00e9rnagas\",\"mural\",\"Palacio de Gobierno\",\"Tlaxcala\"],\"articleSection\":[\"Destinos\"],\"inLanguage\":\"es-MX\",\"potentialAction\":[{\"@type\":\"CommentAction\",\"name\":\"Comment\",\"target\":[\"https:\/\/nitu.mx\/index.php\/2023\/06\/27\/llegan-las-luciernagas-a-tlaxcala\/#respond\"]}]},{\"@type\":\"WebPage\",\"@id\":\"https:\/\/nitu.mx\/index.php\/2023\/06\/27\/llegan-las-luciernagas-a-tlaxcala\/\",\"url\":\"https:\/\/nitu.mx\/index.php\/2023\/06\/27\/llegan-las-luciernagas-a-tlaxcala\/\",\"name\":\"Llegan las luci\u00e9rnagas a Tlaxcala - Nitu - Noticias de la Industria Turistica\",\"isPartOf\":{\"@id\":\"https:\/\/nitu.mx\/#website\"},\"primaryImageOfPage\":{\"@id\":\"https:\/\/nitu.mx\/index.php\/2023\/06\/27\/llegan-las-luciernagas-a-tlaxcala\/#primaryimage\"},\"image\":{\"@id\":\"https:\/\/nitu.mx\/index.php\/2023\/06\/27\/llegan-las-luciernagas-a-tlaxcala\/#primaryimage\"},\"thumbnailUrl\":\"https:\/\/nitu.mx\/wp-content\/uploads\/2023\/06\/Lucie\u0301rnagas-en-Tlaxcala.jpg\",\"datePublished\":\"2023-06-27T06:03:33+00:00\",\"dateModified\":\"2023-06-27T06:45:21+00:00\",\"breadcrumb\":{\"@id\":\"https:\/\/nitu.mx\/index.php\/2023\/06\/27\/llegan-las-luciernagas-a-tlaxcala\/#breadcrumb\"},\"inLanguage\":\"es-MX\",\"potentialAction\":[{\"@type\":\"ReadAction\",\"target\":[\"https:\/\/nitu.mx\/index.php\/2023\/06\/27\/llegan-las-luciernagas-a-tlaxcala\/\"]}]},{\"@type\":\"ImageObject\",\"inLanguage\":\"es-MX\",\"@id\":\"https:\/\/nitu.mx\/index.php\/2023\/06\/27\/llegan-las-luciernagas-a-tlaxcala\/#primaryimage\",\"url\":\"https:\/\/nitu.mx\/wp-content\/uploads\/2023\/06\/Lucie\u0301rnagas-en-Tlaxcala.jpg\",\"contentUrl\":\"https:\/\/nitu.mx\/wp-content\/uploads\/2023\/06\/Lucie\u0301rnagas-en-Tlaxcala.jpg\",\"width\":1200,\"height\":675,\"caption\":\"Tlaxcala\"},{\"@type\":\"BreadcrumbList\",\"@id\":\"https:\/\/nitu.mx\/index.php\/2023\/06\/27\/llegan-las-luciernagas-a-tlaxcala\/#breadcrumb\",\"itemListElement\":[{\"@type\":\"ListItem\",\"position\":1,\"name\":\"Inicio\",\"item\":\"https:\/\/nitu.mx\/\"},{\"@type\":\"ListItem\",\"position\":2,\"name\":\"Llegan las luci\u00e9rnagas a Tlaxcala\"}]},{\"@type\":\"WebSite\",\"@id\":\"https:\/\/nitu.mx\/#website\",\"url\":\"https:\/\/nitu.mx\/\",\"name\":\"Nitu - Noticias de la Industria Turistica\",\"description\":\"Noticias de la Industria Turistica\",\"publisher\":{\"@id\":\"https:\/\/nitu.mx\/#\/schema\/person\/ae7a53426417292d3dd07b45a33e01bc\"},\"alternateName\":\"Noticias de la Industria Turistica\",\"potentialAction\":[{\"@type\":\"SearchAction\",\"target\":{\"@type\":\"EntryPoint\",\"urlTemplate\":\"https:\/\/nitu.mx\/?s={search_term_string}\"},\"query-input\":\"required name=search_term_string\"}],\"inLanguage\":\"es-MX\"},{\"@type\":[\"Person\",\"Organization\"],\"@id\":\"https:\/\/nitu.mx\/#\/schema\/person\/ae7a53426417292d3dd07b45a33e01bc\",\"name\":\"Arturo Medina\",\"image\":{\"@type\":\"ImageObject\",\"inLanguage\":\"es-MX\",\"@id\":\"https:\/\/nitu.mx\/#\/schema\/person\/image\/\",\"url\":\"https:\/\/nitu.mx\/wp-content\/uploads\/2024\/04\/4A315622-1904-4D5C-B022-878CDC840E04-90x90-1.jpeg\",\"contentUrl\":\"https:\/\/nitu.mx\/wp-content\/uploads\/2024\/04\/4A315622-1904-4D5C-B022-878CDC840E04-90x90-1.jpeg\",\"width\":90,\"height\":90,\"caption\":\"Arturo Medina\"},\"logo\":{\"@id\":\"https:\/\/nitu.mx\/#\/schema\/person\/image\/\"},\"description\":\"Director NITU.mx, Egresado de la Escuela de Periodismo Carlos Septi\u00e9n Garc\u00eda. Periodista y analista especializado en turismo desde hace 35 a\u00f1os, radicado en Canc\u00fan Q.Roo. arturo@nitu.mx\",\"sameAs\":[\"https:\/\/nitu.mx\",\"https:\/\/www.facebook.com\/NITUmx\/\",\"medinacancun\",\"https:\/\/twitter.com\/@Arturo_Medina_G\"]},{\"@type\":\"Person\",\"@id\":\"https:\/\/nitu.mx\/#\/schema\/person\/4a28fe9bd65924f7c90623773daf1b0b\",\"name\":\"Redacci\u00f3n\",\"image\":{\"@type\":\"ImageObject\",\"inLanguage\":\"es-MX\",\"@id\":\"https:\/\/nitu.mx\/#\/schema\/person\/image\/\",\"url\":\"https:\/\/secure.gravatar.com\/avatar\/5dd011c8ccfc5cd7e4c81e42252aab38?s=96&d=mm&r=g\",\"contentUrl\":\"https:\/\/secure.gravatar.com\/avatar\/5dd011c8ccfc5cd7e4c81e42252aab38?s=96&d=mm&r=g\",\"caption\":\"Redacci\u00f3n\"},\"url\":\"https:\/\/nitu.mx\/index.php\/author\/redaccion\/\"}]}<\/script>\n<!-- \/ Yoast SEO plugin. -->","yoast_head_json":{"title":"Llegan las luci\u00e9rnagas a Tlaxcala - Nitu - Noticias de la Industria Turistica","robots":{"index":"index","follow":"follow","max-snippet":"max-snippet:-1","max-image-preview":"max-image-preview:large","max-video-preview":"max-video-preview:-1"},"canonical":"https:\/\/nitu.mx\/index.php\/2023\/06\/27\/llegan-las-luciernagas-a-tlaxcala\/","twitter_card":"summary_large_image","twitter_title":"Llegan las luci\u00e9rnagas a Tlaxcala - Nitu - Noticias de la Industria Turistica","twitter_description":"La magia de la naturaleza siempre es asombrosa, y cuando tienes la oportunidad de vivir experiencias como la llegada de luci\u00e9rnagas a\u00a0Tlaxcala, debes sentirte privilegiado, pues podr\u00e1s sentir la emoci\u00f3n indescriptible que se produce cuando ves a estos peque\u00f1os seres vivos decorar el bosque con sus \u201cfoquitos intermitentes\u201d. Dado que este espect\u00e1culo es nocturno, se [&hellip;]","twitter_image":"https:\/\/nitu.mx\/wp-content\/uploads\/2023\/06\/Lucie\u0301rnagas-en-Tlaxcala.jpg","twitter_creator":"@NITUmx","twitter_site":"@Arturo_Medina_G","twitter_misc":{"Escrito por":"Redacci\u00f3n","Tiempo de lectura":"3 minutos"},"schema":{"@context":"https:\/\/schema.org","@graph":[{"@type":"Article","@id":"https:\/\/nitu.mx\/index.php\/2023\/06\/27\/llegan-las-luciernagas-a-tlaxcala\/#article","isPartOf":{"@id":"https:\/\/nitu.mx\/index.php\/2023\/06\/27\/llegan-las-luciernagas-a-tlaxcala\/"},"author":{"name":"Redacci\u00f3n","@id":"https:\/\/nitu.mx\/#\/schema\/person\/4a28fe9bd65924f7c90623773daf1b0b"},"headline":"Llegan las luci\u00e9rnagas a Tlaxcala","datePublished":"2023-06-27T06:03:33+00:00","dateModified":"2023-06-27T06:45:21+00:00","mainEntityOfPage":{"@id":"https:\/\/nitu.mx\/index.php\/2023\/06\/27\/llegan-las-luciernagas-a-tlaxcala\/"},"wordCount":564,"commentCount":0,"publisher":{"@id":"https:\/\/nitu.mx\/#\/schema\/person\/ae7a53426417292d3dd07b45a33e01bc"},"image":{"@id":"https:\/\/nitu.mx\/index.php\/2023\/06\/27\/llegan-las-luciernagas-a-tlaxcala\/#primaryimage"},"thumbnailUrl":"https:\/\/nitu.mx\/wp-content\/uploads\/2023\/06\/Lucie\u0301rnagas-en-Tlaxcala.jpg","keywords":["Luci\u00e9rnagas","mural","Palacio de Gobierno","Tlaxcala"],"articleSection":["Destinos"],"inLanguage":"es-MX","potentialAction":[{"@type":"CommentAction","name":"Comment","target":["https:\/\/nitu.mx\/index.php\/2023\/06\/27\/llegan-las-luciernagas-a-tlaxcala\/#respond"]}]},{"@type":"WebPage","@id":"https:\/\/nitu.mx\/index.php\/2023\/06\/27\/llegan-las-luciernagas-a-tlaxcala\/","url":"https:\/\/nitu.mx\/index.php\/2023\/06\/27\/llegan-las-luciernagas-a-tlaxcala\/","name":"Llegan las luci\u00e9rnagas a Tlaxcala - Nitu - Noticias de la Industria Turistica","isPartOf":{"@id":"https:\/\/nitu.mx\/#website"},"primaryImageOfPage":{"@id":"https:\/\/nitu.mx\/index.php\/2023\/06\/27\/llegan-las-luciernagas-a-tlaxcala\/#primaryimage"},"image":{"@id":"https:\/\/nitu.mx\/index.php\/2023\/06\/27\/llegan-las-luciernagas-a-tlaxcala\/#primaryimage"},"thumbnailUrl":"https:\/\/nitu.mx\/wp-content\/uploads\/2023\/06\/Lucie\u0301rnagas-en-Tlaxcala.jpg","datePublished":"2023-06-27T06:03:33+00:00","dateModified":"2023-06-27T06:45:21+00:00","breadcrumb":{"@id":"https:\/\/nitu.mx\/index.php\/2023\/06\/27\/llegan-las-luciernagas-a-tlaxcala\/#breadcrumb"},"inLanguage":"es-MX","potentialAction":[{"@type":"ReadAction","target":["https:\/\/nitu.mx\/index.php\/2023\/06\/27\/llegan-las-luciernagas-a-tlaxcala\/"]}]},{"@type":"ImageObject","inLanguage":"es-MX","@id":"https:\/\/nitu.mx\/index.php\/2023\/06\/27\/llegan-las-luciernagas-a-tlaxcala\/#primaryimage","url":"https:\/\/nitu.mx\/wp-content\/uploads\/2023\/06\/Lucie\u0301rnagas-en-Tlaxcala.jpg","contentUrl":"https:\/\/nitu.mx\/wp-content\/uploads\/2023\/06\/Lucie\u0301rnagas-en-Tlaxcala.jpg","width":1200,"height":675,"caption":"Tlaxcala"},{"@type":"BreadcrumbList","@id":"https:\/\/nitu.mx\/index.php\/2023\/06\/27\/llegan-las-luciernagas-a-tlaxcala\/#breadcrumb","itemListElement":[{"@type":"ListItem","position":1,"name":"Inicio","item":"https:\/\/nitu.mx\/"},{"@type":"ListItem","position":2,"name":"Llegan las luci\u00e9rnagas a Tlaxcala"}]},{"@type":"WebSite","@id":"https:\/\/nitu.mx\/#website","url":"https:\/\/nitu.mx\/","name":"Nitu - Noticias de la Industria Turistica","description":"Noticias de la Industria Turistica","publisher":{"@id":"https:\/\/nitu.mx\/#\/schema\/person\/ae7a53426417292d3dd07b45a33e01bc"},"alternateName":"Noticias de la Industria Turistica","potentialAction":[{"@type":"SearchAction","target":{"@type":"EntryPoint","urlTemplate":"https:\/\/nitu.mx\/?s={search_term_string}"},"query-input":"required name=search_term_string"}],"inLanguage":"es-MX"},{"@type":["Person","Organization"],"@id":"https:\/\/nitu.mx\/#\/schema\/person\/ae7a53426417292d3dd07b45a33e01bc","name":"Arturo Medina","image":{"@type":"ImageObject","inLanguage":"es-MX","@id":"https:\/\/nitu.mx\/#\/schema\/person\/image\/","url":"https:\/\/nitu.mx\/wp-content\/uploads\/2024\/04\/4A315622-1904-4D5C-B022-878CDC840E04-90x90-1.jpeg","contentUrl":"https:\/\/nitu.mx\/wp-content\/uploads\/2024\/04\/4A315622-1904-4D5C-B022-878CDC840E04-90x90-1.jpeg","width":90,"height":90,"caption":"Arturo Medina"},"logo":{"@id":"https:\/\/nitu.mx\/#\/schema\/person\/image\/"},"description":"Director NITU.mx, Egresado de la Escuela de Periodismo Carlos Septi\u00e9n Garc\u00eda. Periodista y analista especializado en turismo desde hace 35 a\u00f1os, radicado en Canc\u00fan Q.Roo. arturo@nitu.mx","sameAs":["https:\/\/nitu.mx","https:\/\/www.facebook.com\/NITUmx\/","medinacancun","https:\/\/twitter.com\/@Arturo_Medina_G"]},{"@type":"Person","@id":"https:\/\/nitu.mx\/#\/schema\/person\/4a28fe9bd65924f7c90623773daf1b0b","name":"Redacci\u00f3n","image":{"@type":"ImageObject","inLanguage":"es-MX","@id":"https:\/\/nitu.mx\/#\/schema\/person\/image\/","url":"https:\/\/secure.gravatar.com\/avatar\/5dd011c8ccfc5cd7e4c81e42252aab38?s=96&d=mm&r=g","contentUrl":"https:\/\/secure.gravatar.com\/avatar\/5dd011c8ccfc5cd7e4c81e42252aab38?s=96&d=mm&r=g","caption":"Redacci\u00f3n"},"url":"https:\/\/nitu.mx\/index.php\/author\/redaccion\/"}]}},"views":280,"_links":{"self":[{"href":"https:\/\/nitu.mx\/index.php\/wp-json\/wp\/v2\/posts\/65054"}],"collection":[{"href":"https:\/\/nitu.mx\/index.php\/wp-json\/wp\/v2\/posts"}],"about":[{"href":"https:\/\/nitu.mx\/index.php\/wp-json\/wp\/v2\/types\/post"}],"author":[{"embeddable":true,"href":"https:\/\/nitu.mx\/index.php\/wp-json\/wp\/v2\/users\/17"}],"replies":[{"embeddable":true,"href":"https:\/\/nitu.mx\/index.php\/wp-json\/wp\/v2\/comments?post=65054"}],"version-history":[{"count":2,"href":"https:\/\/nitu.mx\/index.php\/wp-json\/wp\/v2\/posts\/65054\/revisions"}],"predecessor-version":[{"id":65057,"href":"https:\/\/nitu.mx\/index.php\/wp-json\/wp\/v2\/posts\/65054\/revisions\/65057"}],"wp:featuredmedia":[{"embeddable":true,"href":"https:\/\/nitu.mx\/index.php\/wp-json\/wp\/v2\/media\/65055"}],"wp:attachment":[{"href":"https:\/\/nitu.mx\/index.php\/wp-json\/wp\/v2\/media?parent=65054"}],"wp:term":[{"taxonomy":"category","embeddable":true,"href":"https:\/\/nitu.mx\/index.php\/wp-json\/wp\/v2\/categories?post=65054"},{"taxonomy":"post_tag","embeddable":true,"href":"https:\/\/nitu.mx\/index.php\/wp-json\/wp\/v2\/tags?post=65054"}],"curies":[{"name":"wp","href":"https:\/\/api.w.org\/{rel}","templated":true}]}}