{"id":64994,"date":"2023-06-23T05:51:58","date_gmt":"2023-06-23T10:51:58","guid":{"rendered":"https:\/\/www.dev.nitu.mx\/?p=64994"},"modified":"2023-06-23T05:52:34","modified_gmt":"2023-06-23T10:52:34","slug":"gozara-quintana-roo-verano-sin-sargazo","status":"publish","type":"post","link":"https:\/\/nitu.mx\/index.php\/2023\/06\/23\/gozara-quintana-roo-verano-sin-sargazo\/","title":{"rendered":"Gozar\u00e1 Quintana Roo verano sin sargazo"},"content":{"rendered":"<p>De acuerdo con Esteban Amaro, titular de la Red de Monitoreo de Sargazo, Quintana Roo estar\u00e1 libre de sargazo todo el verano, contrario a lo que se hab\u00eda pronosticado para este 2023.<\/p>\n<p>Los meses de julio, agosto y septiembre son habitualmente los m\u00e1s complicados para el manejo del alga que ha afectado al Caribe Mexicano los \u00faltimos 10 a\u00f1os, sin embargo Amaro asegura, que las corrientes no han marcado los mismos rumbos y al menos los pr\u00f3ximos tres meses ir\u00e1n mas al norte afectando principalmente a Puerto Rico, Cuba y Rep\u00fablica Dominicana.<\/p>\n<p>\u201cNosotros monitoreamos al sargazo desde que sale de \u00c1frica por m\u00e1s de 9 mil kil\u00f3metros y siempre ha habido una l\u00ednea habitual del desplazamiento, entrar por el arco de las Antillas entrar al Caribe y Chocar con la Pen\u00ednsula de Yucat\u00e1n, este a\u00f1o estamos viendo algo muy curioso, la l\u00ednea de desplazamiento del sargazo se ha corrido hacia el norte entre 20 y 30 grados\u201d<\/p>\n<p>Los hoteleros y ayuntamientos han tenido una gran batalla contra el sargazo los \u00faltimos 3 meses ya que tuvo una llegada temprana este a\u00f1o, pero la buena noticia es que por lo menos la temporada de este a\u00f1o tendr\u00e1 un inpas.<\/p>\n<p>Amaro explic\u00f3 a <em><strong>NITU.mx<\/strong> <\/em>que dijo que el calentamiento del corredor que pasa por la isla de la Espa\u00f1ola como de Rep\u00fablica Dominicana y el norte de Cuba, se est\u00e1 calentando quiz\u00e1 2 o 3 grados m\u00e1s de lo habitual, esa ser\u00eda una de las cosas que nos se ven como todos los a\u00f1os y quiz\u00e1 sea una tendencia para los pr\u00f3ximos.<\/p>\n<p>Sin embargo como todo en la naturaleza no hay a\u00f1os at\u00edpicos y podr\u00eda ser el caso. Tampoco descarto que haya arribos aislados, pero no complicaran a nadie, dada la experiencia que ya se tiene para su manejo.<\/p>\n","protected":false},"excerpt":{"rendered":"<p>De acuerdo con Esteban Amaro, titular de la Red de Monitoreo de Sargazo, Quintana Roo estar\u00e1 libre de sargazo todo el verano, contrario a lo que se hab\u00eda pronosticado para este 2023. Los meses de julio, agosto y septiembre son habitualmente los m\u00e1s complicados para el manejo del alga que ha afectado al Caribe Mexicano [&hellip;]<\/p>\n","protected":false},"author":2,"featured_media":64996,"comment_status":"open","ping_status":"open","sticky":false,"template":"","format":"standard","meta":{"footnotes":""},"categories":[18475],"tags":[43,18446,260,15628,10332],"yoast_head":"<!-- This site is optimized with the Yoast SEO plugin v22.2 - https:\/\/yoast.com\/wordpress\/plugins\/seo\/ -->\n<title>Gozar\u00e1 Quintana Roo verano sin sargazo - Nitu - Noticias de la Industria Turistica<\/title>\n<meta name=\"robots\" content=\"index, follow, max-snippet:-1, max-image-preview:large, max-video-preview:-1\" \/>\n<link rel=\"canonical\" href=\"https:\/\/nitu.mx\/index.php\/2023\/06\/23\/gozara-quintana-roo-verano-sin-sargazo\/\" \/>\n<meta name=\"twitter:card\" content=\"summary_large_image\" \/>\n<meta name=\"twitter:title\" content=\"Gozar\u00e1 Quintana Roo verano sin sargazo - Nitu - Noticias de la Industria Turistica\" \/>\n<meta name=\"twitter:description\" content=\"De acuerdo con Esteban Amaro, titular de la Red de Monitoreo de Sargazo, Quintana Roo estar\u00e1 libre de sargazo todo el verano, contrario a lo que se hab\u00eda pronosticado para este 2023. Los meses de julio, agosto y septiembre son habitualmente los m\u00e1s complicados para el manejo del alga que ha afectado al Caribe Mexicano [&hellip;]\" \/>\n<meta name=\"twitter:image\" content=\"https:\/\/nitu.mx\/wp-content\/uploads\/2023\/06\/recorrido-sargazo.jpg\" \/>\n<meta name=\"twitter:creator\" content=\"@Arturo_Medina_G\" \/>\n<meta name=\"twitter:site\" content=\"@Arturo_Medina_G\" \/>\n<meta name=\"twitter:label1\" content=\"Escrito por\" \/>\n\t<meta name=\"twitter:data1\" content=\"Arturo Medina\" \/>\n\t<meta name=\"twitter:label2\" content=\"Tiempo de lectura\" \/>\n\t<meta name=\"twitter:data2\" content=\"2 minutos\" \/>\n<script type=\"application\/ld+json\" class=\"yoast-schema-graph\">{\"@context\":\"https:\/\/schema.org\",\"@graph\":[{\"@type\":\"Article\",\"@id\":\"https:\/\/nitu.mx\/index.php\/2023\/06\/23\/gozara-quintana-roo-verano-sin-sargazo\/#article\",\"isPartOf\":{\"@id\":\"https:\/\/nitu.mx\/index.php\/2023\/06\/23\/gozara-quintana-roo-verano-sin-sargazo\/\"},\"author\":{\"name\":\"Arturo Medina\",\"@id\":\"https:\/\/nitu.mx\/#\/schema\/person\/ae7a53426417292d3dd07b45a33e01bc\"},\"headline\":\"Gozar\u00e1 Quintana Roo verano sin sargazo\",\"datePublished\":\"2023-06-23T10:51:58+00:00\",\"dateModified\":\"2023-06-23T10:52:34+00:00\",\"mainEntityOfPage\":{\"@id\":\"https:\/\/nitu.mx\/index.php\/2023\/06\/23\/gozara-quintana-roo-verano-sin-sargazo\/\"},\"wordCount\":320,\"commentCount\":0,\"publisher\":{\"@id\":\"https:\/\/nitu.mx\/#\/schema\/person\/ae7a53426417292d3dd07b45a33e01bc\"},\"image\":{\"@id\":\"https:\/\/nitu.mx\/index.php\/2023\/06\/23\/gozara-quintana-roo-verano-sin-sargazo\/#primaryimage\"},\"thumbnailUrl\":\"https:\/\/nitu.mx\/wp-content\/uploads\/2023\/06\/recorrido-sargazo.jpg\",\"keywords\":[\"Canc\u00fan\",\"Esteban Amaro\",\"Quintana Roo\",\"Red de Monitoreo del Sargazo\",\"sargazo\"],\"articleSection\":[\"Caribe Mexicano\"],\"inLanguage\":\"es-MX\",\"potentialAction\":[{\"@type\":\"CommentAction\",\"name\":\"Comment\",\"target\":[\"https:\/\/nitu.mx\/index.php\/2023\/06\/23\/gozara-quintana-roo-verano-sin-sargazo\/#respond\"]}]},{\"@type\":\"WebPage\",\"@id\":\"https:\/\/nitu.mx\/index.php\/2023\/06\/23\/gozara-quintana-roo-verano-sin-sargazo\/\",\"url\":\"https:\/\/nitu.mx\/index.php\/2023\/06\/23\/gozara-quintana-roo-verano-sin-sargazo\/\",\"name\":\"Gozar\u00e1 Quintana Roo verano sin sargazo - Nitu - Noticias de la Industria Turistica\",\"isPartOf\":{\"@id\":\"https:\/\/nitu.mx\/#website\"},\"primaryImageOfPage\":{\"@id\":\"https:\/\/nitu.mx\/index.php\/2023\/06\/23\/gozara-quintana-roo-verano-sin-sargazo\/#primaryimage\"},\"image\":{\"@id\":\"https:\/\/nitu.mx\/index.php\/2023\/06\/23\/gozara-quintana-roo-verano-sin-sargazo\/#primaryimage\"},\"thumbnailUrl\":\"https:\/\/nitu.mx\/wp-content\/uploads\/2023\/06\/recorrido-sargazo.jpg\",\"datePublished\":\"2023-06-23T10:51:58+00:00\",\"dateModified\":\"2023-06-23T10:52:34+00:00\",\"breadcrumb\":{\"@id\":\"https:\/\/nitu.mx\/index.php\/2023\/06\/23\/gozara-quintana-roo-verano-sin-sargazo\/#breadcrumb\"},\"inLanguage\":\"es-MX\",\"potentialAction\":[{\"@type\":\"ReadAction\",\"target\":[\"https:\/\/nitu.mx\/index.php\/2023\/06\/23\/gozara-quintana-roo-verano-sin-sargazo\/\"]}]},{\"@type\":\"ImageObject\",\"inLanguage\":\"es-MX\",\"@id\":\"https:\/\/nitu.mx\/index.php\/2023\/06\/23\/gozara-quintana-roo-verano-sin-sargazo\/#primaryimage\",\"url\":\"https:\/\/nitu.mx\/wp-content\/uploads\/2023\/06\/recorrido-sargazo.jpg\",\"contentUrl\":\"https:\/\/nitu.mx\/wp-content\/uploads\/2023\/06\/recorrido-sargazo.jpg\",\"width\":1280,\"height\":720},{\"@type\":\"BreadcrumbList\",\"@id\":\"https:\/\/nitu.mx\/index.php\/2023\/06\/23\/gozara-quintana-roo-verano-sin-sargazo\/#breadcrumb\",\"itemListElement\":[{\"@type\":\"ListItem\",\"position\":1,\"name\":\"Inicio\",\"item\":\"https:\/\/nitu.mx\/\"},{\"@type\":\"ListItem\",\"position\":2,\"name\":\"Gozar\u00e1 Quintana Roo verano sin sargazo\"}]},{\"@type\":\"WebSite\",\"@id\":\"https:\/\/nitu.mx\/#website\",\"url\":\"https:\/\/nitu.mx\/\",\"name\":\"Nitu - Noticias de la Industria Turistica\",\"description\":\"Noticias de la Industria Turistica\",\"publisher\":{\"@id\":\"https:\/\/nitu.mx\/#\/schema\/person\/ae7a53426417292d3dd07b45a33e01bc\"},\"alternateName\":\"Noticias de la Industria Turistica\",\"potentialAction\":[{\"@type\":\"SearchAction\",\"target\":{\"@type\":\"EntryPoint\",\"urlTemplate\":\"https:\/\/nitu.mx\/?s={search_term_string}\"},\"query-input\":\"required name=search_term_string\"}],\"inLanguage\":\"es-MX\"},{\"@type\":[\"Person\",\"Organization\"],\"@id\":\"https:\/\/nitu.mx\/#\/schema\/person\/ae7a53426417292d3dd07b45a33e01bc\",\"name\":\"Arturo Medina\",\"image\":{\"@type\":\"ImageObject\",\"inLanguage\":\"es-MX\",\"@id\":\"https:\/\/nitu.mx\/#\/schema\/person\/image\/\",\"url\":\"https:\/\/nitu.mx\/wp-content\/uploads\/2024\/04\/4A315622-1904-4D5C-B022-878CDC840E04-90x90-1.jpeg\",\"contentUrl\":\"https:\/\/nitu.mx\/wp-content\/uploads\/2024\/04\/4A315622-1904-4D5C-B022-878CDC840E04-90x90-1.jpeg\",\"width\":90,\"height\":90,\"caption\":\"Arturo Medina\"},\"logo\":{\"@id\":\"https:\/\/nitu.mx\/#\/schema\/person\/image\/\"},\"description\":\"Director NITU.mx, Egresado de la Escuela de Periodismo Carlos Septi\u00e9n Garc\u00eda. Periodista y analista especializado en turismo desde hace 35 a\u00f1os, radicado en Canc\u00fan Q.Roo. arturo@nitu.mx\",\"sameAs\":[\"https:\/\/nitu.mx\",\"https:\/\/www.facebook.com\/NITUmx\/\",\"medinacancun\",\"https:\/\/twitter.com\/@Arturo_Medina_G\"],\"url\":\"https:\/\/nitu.mx\/index.php\/author\/arturo-medina\/\"}]}<\/script>\n<!-- \/ Yoast SEO plugin. -->","yoast_head_json":{"title":"Gozar\u00e1 Quintana Roo verano sin sargazo - Nitu - Noticias de la Industria Turistica","robots":{"index":"index","follow":"follow","max-snippet":"max-snippet:-1","max-image-preview":"max-image-preview:large","max-video-preview":"max-video-preview:-1"},"canonical":"https:\/\/nitu.mx\/index.php\/2023\/06\/23\/gozara-quintana-roo-verano-sin-sargazo\/","twitter_card":"summary_large_image","twitter_title":"Gozar\u00e1 Quintana Roo verano sin sargazo - Nitu - Noticias de la Industria Turistica","twitter_description":"De acuerdo con Esteban Amaro, titular de la Red de Monitoreo de Sargazo, Quintana Roo estar\u00e1 libre de sargazo todo el verano, contrario a lo que se hab\u00eda pronosticado para este 2023. Los meses de julio, agosto y septiembre son habitualmente los m\u00e1s complicados para el manejo del alga que ha afectado al Caribe Mexicano [&hellip;]","twitter_image":"https:\/\/nitu.mx\/wp-content\/uploads\/2023\/06\/recorrido-sargazo.jpg","twitter_creator":"@Arturo_Medina_G","twitter_site":"@Arturo_Medina_G","twitter_misc":{"Escrito por":"Arturo Medina","Tiempo de lectura":"2 minutos"},"schema":{"@context":"https:\/\/schema.org","@graph":[{"@type":"Article","@id":"https:\/\/nitu.mx\/index.php\/2023\/06\/23\/gozara-quintana-roo-verano-sin-sargazo\/#article","isPartOf":{"@id":"https:\/\/nitu.mx\/index.php\/2023\/06\/23\/gozara-quintana-roo-verano-sin-sargazo\/"},"author":{"name":"Arturo Medina","@id":"https:\/\/nitu.mx\/#\/schema\/person\/ae7a53426417292d3dd07b45a33e01bc"},"headline":"Gozar\u00e1 Quintana Roo verano sin sargazo","datePublished":"2023-06-23T10:51:58+00:00","dateModified":"2023-06-23T10:52:34+00:00","mainEntityOfPage":{"@id":"https:\/\/nitu.mx\/index.php\/2023\/06\/23\/gozara-quintana-roo-verano-sin-sargazo\/"},"wordCount":320,"commentCount":0,"publisher":{"@id":"https:\/\/nitu.mx\/#\/schema\/person\/ae7a53426417292d3dd07b45a33e01bc"},"image":{"@id":"https:\/\/nitu.mx\/index.php\/2023\/06\/23\/gozara-quintana-roo-verano-sin-sargazo\/#primaryimage"},"thumbnailUrl":"https:\/\/nitu.mx\/wp-content\/uploads\/2023\/06\/recorrido-sargazo.jpg","keywords":["Canc\u00fan","Esteban Amaro","Quintana Roo","Red de Monitoreo del Sargazo","sargazo"],"articleSection":["Caribe Mexicano"],"inLanguage":"es-MX","potentialAction":[{"@type":"CommentAction","name":"Comment","target":["https:\/\/nitu.mx\/index.php\/2023\/06\/23\/gozara-quintana-roo-verano-sin-sargazo\/#respond"]}]},{"@type":"WebPage","@id":"https:\/\/nitu.mx\/index.php\/2023\/06\/23\/gozara-quintana-roo-verano-sin-sargazo\/","url":"https:\/\/nitu.mx\/index.php\/2023\/06\/23\/gozara-quintana-roo-verano-sin-sargazo\/","name":"Gozar\u00e1 Quintana Roo verano sin sargazo - Nitu - Noticias de la Industria Turistica","isPartOf":{"@id":"https:\/\/nitu.mx\/#website"},"primaryImageOfPage":{"@id":"https:\/\/nitu.mx\/index.php\/2023\/06\/23\/gozara-quintana-roo-verano-sin-sargazo\/#primaryimage"},"image":{"@id":"https:\/\/nitu.mx\/index.php\/2023\/06\/23\/gozara-quintana-roo-verano-sin-sargazo\/#primaryimage"},"thumbnailUrl":"https:\/\/nitu.mx\/wp-content\/uploads\/2023\/06\/recorrido-sargazo.jpg","datePublished":"2023-06-23T10:51:58+00:00","dateModified":"2023-06-23T10:52:34+00:00","breadcrumb":{"@id":"https:\/\/nitu.mx\/index.php\/2023\/06\/23\/gozara-quintana-roo-verano-sin-sargazo\/#breadcrumb"},"inLanguage":"es-MX","potentialAction":[{"@type":"ReadAction","target":["https:\/\/nitu.mx\/index.php\/2023\/06\/23\/gozara-quintana-roo-verano-sin-sargazo\/"]}]},{"@type":"ImageObject","inLanguage":"es-MX","@id":"https:\/\/nitu.mx\/index.php\/2023\/06\/23\/gozara-quintana-roo-verano-sin-sargazo\/#primaryimage","url":"https:\/\/nitu.mx\/wp-content\/uploads\/2023\/06\/recorrido-sargazo.jpg","contentUrl":"https:\/\/nitu.mx\/wp-content\/uploads\/2023\/06\/recorrido-sargazo.jpg","width":1280,"height":720},{"@type":"BreadcrumbList","@id":"https:\/\/nitu.mx\/index.php\/2023\/06\/23\/gozara-quintana-roo-verano-sin-sargazo\/#breadcrumb","itemListElement":[{"@type":"ListItem","position":1,"name":"Inicio","item":"https:\/\/nitu.mx\/"},{"@type":"ListItem","position":2,"name":"Gozar\u00e1 Quintana Roo verano sin sargazo"}]},{"@type":"WebSite","@id":"https:\/\/nitu.mx\/#website","url":"https:\/\/nitu.mx\/","name":"Nitu - Noticias de la Industria Turistica","description":"Noticias de la Industria Turistica","publisher":{"@id":"https:\/\/nitu.mx\/#\/schema\/person\/ae7a53426417292d3dd07b45a33e01bc"},"alternateName":"Noticias de la Industria Turistica","potentialAction":[{"@type":"SearchAction","target":{"@type":"EntryPoint","urlTemplate":"https:\/\/nitu.mx\/?s={search_term_string}"},"query-input":"required name=search_term_string"}],"inLanguage":"es-MX"},{"@type":["Person","Organization"],"@id":"https:\/\/nitu.mx\/#\/schema\/person\/ae7a53426417292d3dd07b45a33e01bc","name":"Arturo Medina","image":{"@type":"ImageObject","inLanguage":"es-MX","@id":"https:\/\/nitu.mx\/#\/schema\/person\/image\/","url":"https:\/\/nitu.mx\/wp-content\/uploads\/2024\/04\/4A315622-1904-4D5C-B022-878CDC840E04-90x90-1.jpeg","contentUrl":"https:\/\/nitu.mx\/wp-content\/uploads\/2024\/04\/4A315622-1904-4D5C-B022-878CDC840E04-90x90-1.jpeg","width":90,"height":90,"caption":"Arturo Medina"},"logo":{"@id":"https:\/\/nitu.mx\/#\/schema\/person\/image\/"},"description":"Director NITU.mx, Egresado de la Escuela de Periodismo Carlos Septi\u00e9n Garc\u00eda. Periodista y analista especializado en turismo desde hace 35 a\u00f1os, radicado en Canc\u00fan Q.Roo. arturo@nitu.mx","sameAs":["https:\/\/nitu.mx","https:\/\/www.facebook.com\/NITUmx\/","medinacancun","https:\/\/twitter.com\/@Arturo_Medina_G"],"url":"https:\/\/nitu.mx\/index.php\/author\/arturo-medina\/"}]}},"views":1326,"_links":{"self":[{"href":"https:\/\/nitu.mx\/index.php\/wp-json\/wp\/v2\/posts\/64994"}],"collection":[{"href":"https:\/\/nitu.mx\/index.php\/wp-json\/wp\/v2\/posts"}],"about":[{"href":"https:\/\/nitu.mx\/index.php\/wp-json\/wp\/v2\/types\/post"}],"author":[{"embeddable":true,"href":"https:\/\/nitu.mx\/index.php\/wp-json\/wp\/v2\/users\/2"}],"replies":[{"embeddable":true,"href":"https:\/\/nitu.mx\/index.php\/wp-json\/wp\/v2\/comments?post=64994"}],"version-history":[{"count":3,"href":"https:\/\/nitu.mx\/index.php\/wp-json\/wp\/v2\/posts\/64994\/revisions"}],"predecessor-version":[{"id":65001,"href":"https:\/\/nitu.mx\/index.php\/wp-json\/wp\/v2\/posts\/64994\/revisions\/65001"}],"wp:featuredmedia":[{"embeddable":true,"href":"https:\/\/nitu.mx\/index.php\/wp-json\/wp\/v2\/media\/64996"}],"wp:attachment":[{"href":"https:\/\/nitu.mx\/index.php\/wp-json\/wp\/v2\/media?parent=64994"}],"wp:term":[{"taxonomy":"category","embeddable":true,"href":"https:\/\/nitu.mx\/index.php\/wp-json\/wp\/v2\/categories?post=64994"},{"taxonomy":"post_tag","embeddable":true,"href":"https:\/\/nitu.mx\/index.php\/wp-json\/wp\/v2\/tags?post=64994"}],"curies":[{"name":"wp","href":"https:\/\/api.w.org\/{rel}","templated":true}]}}