{"id":64964,"date":"2023-06-21T22:59:47","date_gmt":"2023-06-22T03:59:47","guid":{"rendered":"https:\/\/www.dev.nitu.mx\/?p=64964"},"modified":"2023-06-22T00:56:45","modified_gmt":"2023-06-22T05:56:45","slug":"confirma-pricetravel-que-cancun-lidera-las-preferencias-de-viaje-para-el-verano","status":"publish","type":"post","link":"https:\/\/nitu.mx\/index.php\/2023\/06\/21\/confirma-pricetravel-que-cancun-lidera-las-preferencias-de-viaje-para-el-verano\/","title":{"rendered":"Confirma PriceTravel que Canc\u00fan lidera las preferencias de viaje para el verano"},"content":{"rendered":"<p>PriceTravel Holding inform\u00f3 que Canc\u00fan, Riviera Maya, Acapulco, Puerto Vallarta y Huatulco, son los lugares preferidos de los clientes a la hora de elegir d\u00f3nde pasar sus pr\u00f3ximas vacaciones de verano.<\/p>\n<p>El corporativo de viajes est\u00e1 preparado para movilizar a miles de viajeros a las mejores playas de M\u00e9xico, as\u00ed lo asegura Mariano Garc\u00eda, gerente de Ventas Online de PriceTravel Holding.<\/p>\n<p>De acuerdo con reportes de PriceTravel, esperan para este periodo vacacional, un incremento en ventas de noches de hotel de m\u00e1s del 35 por ciento, respecto al<em>\u00a0<\/em>mismo periodo del a\u00f1o anterior.<\/p>\n<p>Los destinos de playa contribuyen con este crecimiento en ventas; sin embargo, la plataforma de viajes en l\u00ednea asegura que destinos como Ciudad de M\u00e9xico, Guadalajara, Monterrey, M\u00e9rida y Veracruz han logrado un repunte en reservaciones tambi\u00e9n; as\u00ed como los destinos internacionales, tales como: Las Vegas, Punta Cana, Orlando, Nueva York y Madrid.<\/p>\n<p>PriceTravel se adapta a las necesidades espec\u00edficas de cada usuario, por eso llega a sus clientes a trav\u00e9s de su sitio web\u00a0www.PriceTravel.com, su call center con el n\u00famero 55 8663 8825 y a trav\u00e9s de sus diversos puntos de venta ubicados en los principales centros comerciales.<\/p>\n<p>Otra de las virtudes de la compa\u00f1\u00eda es la flexibilidad con la sus clientes pueden reservar alrededor del mundo en m\u00e1s de 250 mil opciones de hospedaje en m\u00e1s de 120 destinos en el mundo.<\/p>\n<p>Adem\u00e1s continua ofreciendo descuentos de hasta el 68 por ciento, para que los clientes puedan reservar sus pr\u00f3ximas vacaciones de verano, en l\u00ednea con su estrategia comercial \u201cCuando te quieres ir, te vas\u201d.\u00a0<a title=\"PriceTravel Holding atender\u00e1 250 reuniones de trabajo en IPW 2023\" href=\"https:\/\/www.dev.nitu.mx\/index.php\/2023\/05\/21\/pricetravel-holding-atendera-250-reuniones-de-trabajo-en-ipw-2023\/\" rel=\"bookmark\">(PriceTravel Holding atender\u00e1 250 reuniones de trabajo en IPW 2023<\/a>).<\/p>\n","protected":false},"excerpt":{"rendered":"<p>PriceTravel Holding inform\u00f3 que Canc\u00fan, Riviera Maya, Acapulco, Puerto Vallarta y Huatulco, son los lugares preferidos de los clientes a la hora de elegir d\u00f3nde pasar sus pr\u00f3ximas vacaciones de verano. El corporativo de viajes est\u00e1 preparado para movilizar a miles de viajeros a las mejores playas de M\u00e9xico, as\u00ed lo asegura Mariano Garc\u00eda, gerente [&hellip;]<\/p>\n","protected":false},"author":17,"featured_media":47876,"comment_status":"open","ping_status":"open","sticky":false,"template":"","format":"standard","meta":{"footnotes":""},"categories":[3],"tags":[43,10277,3555,2840,80],"yoast_head":"<!-- This site is optimized with the Yoast SEO plugin v22.2 - https:\/\/yoast.com\/wordpress\/plugins\/seo\/ -->\n<title>Confirma PriceTravel que Canc\u00fan lidera las preferencias de viaje para el verano - Nitu - Noticias de la Industria Turistica<\/title>\n<meta name=\"robots\" content=\"index, follow, max-snippet:-1, max-image-preview:large, max-video-preview:-1\" \/>\n<link rel=\"canonical\" href=\"https:\/\/nitu.mx\/index.php\/2023\/06\/21\/confirma-pricetravel-que-cancun-lidera-las-preferencias-de-viaje-para-el-verano\/\" \/>\n<meta name=\"twitter:card\" content=\"summary_large_image\" \/>\n<meta name=\"twitter:title\" content=\"Confirma PriceTravel que Canc\u00fan lidera las preferencias de viaje para el verano - Nitu - Noticias de la Industria Turistica\" \/>\n<meta name=\"twitter:description\" content=\"PriceTravel Holding inform\u00f3 que Canc\u00fan, Riviera Maya, Acapulco, Puerto Vallarta y Huatulco, son los lugares preferidos de los clientes a la hora de elegir d\u00f3nde pasar sus pr\u00f3ximas vacaciones de verano. El corporativo de viajes est\u00e1 preparado para movilizar a miles de viajeros a las mejores playas de M\u00e9xico, as\u00ed lo asegura Mariano Garc\u00eda, gerente [&hellip;]\" \/>\n<meta name=\"twitter:image\" content=\"https:\/\/nitu.mx\/wp-content\/uploads\/2020\/11\/Caribe-mexicano-elecciones-EU.jpg\" \/>\n<meta name=\"twitter:creator\" content=\"@NITUmx\" \/>\n<meta name=\"twitter:site\" content=\"@Arturo_Medina_G\" \/>\n<meta name=\"twitter:label1\" content=\"Escrito por\" \/>\n\t<meta name=\"twitter:data1\" content=\"Redacci\u00f3n\" \/>\n\t<meta name=\"twitter:label2\" content=\"Tiempo de lectura\" \/>\n\t<meta name=\"twitter:data2\" content=\"1 minuto\" \/>\n<script type=\"application\/ld+json\" class=\"yoast-schema-graph\">{\"@context\":\"https:\/\/schema.org\",\"@graph\":[{\"@type\":\"Article\",\"@id\":\"https:\/\/nitu.mx\/index.php\/2023\/06\/21\/confirma-pricetravel-que-cancun-lidera-las-preferencias-de-viaje-para-el-verano\/#article\",\"isPartOf\":{\"@id\":\"https:\/\/nitu.mx\/index.php\/2023\/06\/21\/confirma-pricetravel-que-cancun-lidera-las-preferencias-de-viaje-para-el-verano\/\"},\"author\":{\"name\":\"Redacci\u00f3n\",\"@id\":\"https:\/\/nitu.mx\/#\/schema\/person\/4a28fe9bd65924f7c90623773daf1b0b\"},\"headline\":\"Confirma PriceTravel que Canc\u00fan lidera las preferencias de viaje para el verano\",\"datePublished\":\"2023-06-22T03:59:47+00:00\",\"dateModified\":\"2023-06-22T05:56:45+00:00\",\"mainEntityOfPage\":{\"@id\":\"https:\/\/nitu.mx\/index.php\/2023\/06\/21\/confirma-pricetravel-que-cancun-lidera-las-preferencias-de-viaje-para-el-verano\/\"},\"wordCount\":298,\"commentCount\":0,\"publisher\":{\"@id\":\"https:\/\/nitu.mx\/#\/schema\/person\/ae7a53426417292d3dd07b45a33e01bc\"},\"image\":{\"@id\":\"https:\/\/nitu.mx\/index.php\/2023\/06\/21\/confirma-pricetravel-que-cancun-lidera-las-preferencias-de-viaje-para-el-verano\/#primaryimage\"},\"thumbnailUrl\":\"https:\/\/nitu.mx\/wp-content\/uploads\/2020\/11\/Caribe-mexicano-elecciones-EU.jpg\",\"keywords\":[\"Canc\u00fan\",\"Mariano Garc\u00eda\",\"playas\",\"PriceTravel Holding\",\"Riviera Maya\"],\"articleSection\":[\"Agencias de Viajes\"],\"inLanguage\":\"es-MX\",\"potentialAction\":[{\"@type\":\"CommentAction\",\"name\":\"Comment\",\"target\":[\"https:\/\/nitu.mx\/index.php\/2023\/06\/21\/confirma-pricetravel-que-cancun-lidera-las-preferencias-de-viaje-para-el-verano\/#respond\"]}]},{\"@type\":\"WebPage\",\"@id\":\"https:\/\/nitu.mx\/index.php\/2023\/06\/21\/confirma-pricetravel-que-cancun-lidera-las-preferencias-de-viaje-para-el-verano\/\",\"url\":\"https:\/\/nitu.mx\/index.php\/2023\/06\/21\/confirma-pricetravel-que-cancun-lidera-las-preferencias-de-viaje-para-el-verano\/\",\"name\":\"Confirma PriceTravel que Canc\u00fan lidera las preferencias de viaje para el verano - Nitu - Noticias de la Industria Turistica\",\"isPartOf\":{\"@id\":\"https:\/\/nitu.mx\/#website\"},\"primaryImageOfPage\":{\"@id\":\"https:\/\/nitu.mx\/index.php\/2023\/06\/21\/confirma-pricetravel-que-cancun-lidera-las-preferencias-de-viaje-para-el-verano\/#primaryimage\"},\"image\":{\"@id\":\"https:\/\/nitu.mx\/index.php\/2023\/06\/21\/confirma-pricetravel-que-cancun-lidera-las-preferencias-de-viaje-para-el-verano\/#primaryimage\"},\"thumbnailUrl\":\"https:\/\/nitu.mx\/wp-content\/uploads\/2020\/11\/Caribe-mexicano-elecciones-EU.jpg\",\"datePublished\":\"2023-06-22T03:59:47+00:00\",\"dateModified\":\"2023-06-22T05:56:45+00:00\",\"breadcrumb\":{\"@id\":\"https:\/\/nitu.mx\/index.php\/2023\/06\/21\/confirma-pricetravel-que-cancun-lidera-las-preferencias-de-viaje-para-el-verano\/#breadcrumb\"},\"inLanguage\":\"es-MX\",\"potentialAction\":[{\"@type\":\"ReadAction\",\"target\":[\"https:\/\/nitu.mx\/index.php\/2023\/06\/21\/confirma-pricetravel-que-cancun-lidera-las-preferencias-de-viaje-para-el-verano\/\"]}]},{\"@type\":\"ImageObject\",\"inLanguage\":\"es-MX\",\"@id\":\"https:\/\/nitu.mx\/index.php\/2023\/06\/21\/confirma-pricetravel-que-cancun-lidera-las-preferencias-de-viaje-para-el-verano\/#primaryimage\",\"url\":\"https:\/\/nitu.mx\/wp-content\/uploads\/2020\/11\/Caribe-mexicano-elecciones-EU.jpg\",\"contentUrl\":\"https:\/\/nitu.mx\/wp-content\/uploads\/2020\/11\/Caribe-mexicano-elecciones-EU.jpg\",\"width\":1200,\"height\":675,\"caption\":\"Caribe Mexicano Canc\u00fan\"},{\"@type\":\"BreadcrumbList\",\"@id\":\"https:\/\/nitu.mx\/index.php\/2023\/06\/21\/confirma-pricetravel-que-cancun-lidera-las-preferencias-de-viaje-para-el-verano\/#breadcrumb\",\"itemListElement\":[{\"@type\":\"ListItem\",\"position\":1,\"name\":\"Inicio\",\"item\":\"https:\/\/nitu.mx\/\"},{\"@type\":\"ListItem\",\"position\":2,\"name\":\"Confirma PriceTravel que Canc\u00fan lidera las preferencias de viaje para el verano\"}]},{\"@type\":\"WebSite\",\"@id\":\"https:\/\/nitu.mx\/#website\",\"url\":\"https:\/\/nitu.mx\/\",\"name\":\"Nitu - Noticias de la Industria Turistica\",\"description\":\"Noticias de la Industria Turistica\",\"publisher\":{\"@id\":\"https:\/\/nitu.mx\/#\/schema\/person\/ae7a53426417292d3dd07b45a33e01bc\"},\"alternateName\":\"Noticias de la Industria Turistica\",\"potentialAction\":[{\"@type\":\"SearchAction\",\"target\":{\"@type\":\"EntryPoint\",\"urlTemplate\":\"https:\/\/nitu.mx\/?s={search_term_string}\"},\"query-input\":\"required name=search_term_string\"}],\"inLanguage\":\"es-MX\"},{\"@type\":[\"Person\",\"Organization\"],\"@id\":\"https:\/\/nitu.mx\/#\/schema\/person\/ae7a53426417292d3dd07b45a33e01bc\",\"name\":\"Arturo Medina\",\"image\":{\"@type\":\"ImageObject\",\"inLanguage\":\"es-MX\",\"@id\":\"https:\/\/nitu.mx\/#\/schema\/person\/image\/\",\"url\":\"https:\/\/nitu.mx\/wp-content\/uploads\/2024\/04\/4A315622-1904-4D5C-B022-878CDC840E04-90x90-1.jpeg\",\"contentUrl\":\"https:\/\/nitu.mx\/wp-content\/uploads\/2024\/04\/4A315622-1904-4D5C-B022-878CDC840E04-90x90-1.jpeg\",\"width\":90,\"height\":90,\"caption\":\"Arturo Medina\"},\"logo\":{\"@id\":\"https:\/\/nitu.mx\/#\/schema\/person\/image\/\"},\"description\":\"Director NITU.mx, Egresado de la Escuela de Periodismo Carlos Septi\u00e9n Garc\u00eda. Periodista y analista especializado en turismo desde hace 35 a\u00f1os, radicado en Canc\u00fan Q.Roo. arturo@nitu.mx\",\"sameAs\":[\"https:\/\/nitu.mx\",\"https:\/\/www.facebook.com\/NITUmx\/\",\"medinacancun\",\"https:\/\/twitter.com\/@Arturo_Medina_G\"]},{\"@type\":\"Person\",\"@id\":\"https:\/\/nitu.mx\/#\/schema\/person\/4a28fe9bd65924f7c90623773daf1b0b\",\"name\":\"Redacci\u00f3n\",\"image\":{\"@type\":\"ImageObject\",\"inLanguage\":\"es-MX\",\"@id\":\"https:\/\/nitu.mx\/#\/schema\/person\/image\/\",\"url\":\"https:\/\/secure.gravatar.com\/avatar\/5dd011c8ccfc5cd7e4c81e42252aab38?s=96&d=mm&r=g\",\"contentUrl\":\"https:\/\/secure.gravatar.com\/avatar\/5dd011c8ccfc5cd7e4c81e42252aab38?s=96&d=mm&r=g\",\"caption\":\"Redacci\u00f3n\"},\"url\":\"https:\/\/nitu.mx\/index.php\/author\/redaccion\/\"}]}<\/script>\n<!-- \/ Yoast SEO plugin. -->","yoast_head_json":{"title":"Confirma PriceTravel que Canc\u00fan lidera las preferencias de viaje para el verano - Nitu - Noticias de la Industria Turistica","robots":{"index":"index","follow":"follow","max-snippet":"max-snippet:-1","max-image-preview":"max-image-preview:large","max-video-preview":"max-video-preview:-1"},"canonical":"https:\/\/nitu.mx\/index.php\/2023\/06\/21\/confirma-pricetravel-que-cancun-lidera-las-preferencias-de-viaje-para-el-verano\/","twitter_card":"summary_large_image","twitter_title":"Confirma PriceTravel que Canc\u00fan lidera las preferencias de viaje para el verano - Nitu - Noticias de la Industria Turistica","twitter_description":"PriceTravel Holding inform\u00f3 que Canc\u00fan, Riviera Maya, Acapulco, Puerto Vallarta y Huatulco, son los lugares preferidos de los clientes a la hora de elegir d\u00f3nde pasar sus pr\u00f3ximas vacaciones de verano. El corporativo de viajes est\u00e1 preparado para movilizar a miles de viajeros a las mejores playas de M\u00e9xico, as\u00ed lo asegura Mariano Garc\u00eda, gerente [&hellip;]","twitter_image":"https:\/\/nitu.mx\/wp-content\/uploads\/2020\/11\/Caribe-mexicano-elecciones-EU.jpg","twitter_creator":"@NITUmx","twitter_site":"@Arturo_Medina_G","twitter_misc":{"Escrito por":"Redacci\u00f3n","Tiempo de lectura":"1 minuto"},"schema":{"@context":"https:\/\/schema.org","@graph":[{"@type":"Article","@id":"https:\/\/nitu.mx\/index.php\/2023\/06\/21\/confirma-pricetravel-que-cancun-lidera-las-preferencias-de-viaje-para-el-verano\/#article","isPartOf":{"@id":"https:\/\/nitu.mx\/index.php\/2023\/06\/21\/confirma-pricetravel-que-cancun-lidera-las-preferencias-de-viaje-para-el-verano\/"},"author":{"name":"Redacci\u00f3n","@id":"https:\/\/nitu.mx\/#\/schema\/person\/4a28fe9bd65924f7c90623773daf1b0b"},"headline":"Confirma PriceTravel que Canc\u00fan lidera las preferencias de viaje para el verano","datePublished":"2023-06-22T03:59:47+00:00","dateModified":"2023-06-22T05:56:45+00:00","mainEntityOfPage":{"@id":"https:\/\/nitu.mx\/index.php\/2023\/06\/21\/confirma-pricetravel-que-cancun-lidera-las-preferencias-de-viaje-para-el-verano\/"},"wordCount":298,"commentCount":0,"publisher":{"@id":"https:\/\/nitu.mx\/#\/schema\/person\/ae7a53426417292d3dd07b45a33e01bc"},"image":{"@id":"https:\/\/nitu.mx\/index.php\/2023\/06\/21\/confirma-pricetravel-que-cancun-lidera-las-preferencias-de-viaje-para-el-verano\/#primaryimage"},"thumbnailUrl":"https:\/\/nitu.mx\/wp-content\/uploads\/2020\/11\/Caribe-mexicano-elecciones-EU.jpg","keywords":["Canc\u00fan","Mariano Garc\u00eda","playas","PriceTravel Holding","Riviera Maya"],"articleSection":["Agencias de Viajes"],"inLanguage":"es-MX","potentialAction":[{"@type":"CommentAction","name":"Comment","target":["https:\/\/nitu.mx\/index.php\/2023\/06\/21\/confirma-pricetravel-que-cancun-lidera-las-preferencias-de-viaje-para-el-verano\/#respond"]}]},{"@type":"WebPage","@id":"https:\/\/nitu.mx\/index.php\/2023\/06\/21\/confirma-pricetravel-que-cancun-lidera-las-preferencias-de-viaje-para-el-verano\/","url":"https:\/\/nitu.mx\/index.php\/2023\/06\/21\/confirma-pricetravel-que-cancun-lidera-las-preferencias-de-viaje-para-el-verano\/","name":"Confirma PriceTravel que Canc\u00fan lidera las preferencias de viaje para el verano - Nitu - Noticias de la Industria Turistica","isPartOf":{"@id":"https:\/\/nitu.mx\/#website"},"primaryImageOfPage":{"@id":"https:\/\/nitu.mx\/index.php\/2023\/06\/21\/confirma-pricetravel-que-cancun-lidera-las-preferencias-de-viaje-para-el-verano\/#primaryimage"},"image":{"@id":"https:\/\/nitu.mx\/index.php\/2023\/06\/21\/confirma-pricetravel-que-cancun-lidera-las-preferencias-de-viaje-para-el-verano\/#primaryimage"},"thumbnailUrl":"https:\/\/nitu.mx\/wp-content\/uploads\/2020\/11\/Caribe-mexicano-elecciones-EU.jpg","datePublished":"2023-06-22T03:59:47+00:00","dateModified":"2023-06-22T05:56:45+00:00","breadcrumb":{"@id":"https:\/\/nitu.mx\/index.php\/2023\/06\/21\/confirma-pricetravel-que-cancun-lidera-las-preferencias-de-viaje-para-el-verano\/#breadcrumb"},"inLanguage":"es-MX","potentialAction":[{"@type":"ReadAction","target":["https:\/\/nitu.mx\/index.php\/2023\/06\/21\/confirma-pricetravel-que-cancun-lidera-las-preferencias-de-viaje-para-el-verano\/"]}]},{"@type":"ImageObject","inLanguage":"es-MX","@id":"https:\/\/nitu.mx\/index.php\/2023\/06\/21\/confirma-pricetravel-que-cancun-lidera-las-preferencias-de-viaje-para-el-verano\/#primaryimage","url":"https:\/\/nitu.mx\/wp-content\/uploads\/2020\/11\/Caribe-mexicano-elecciones-EU.jpg","contentUrl":"https:\/\/nitu.mx\/wp-content\/uploads\/2020\/11\/Caribe-mexicano-elecciones-EU.jpg","width":1200,"height":675,"caption":"Caribe Mexicano Canc\u00fan"},{"@type":"BreadcrumbList","@id":"https:\/\/nitu.mx\/index.php\/2023\/06\/21\/confirma-pricetravel-que-cancun-lidera-las-preferencias-de-viaje-para-el-verano\/#breadcrumb","itemListElement":[{"@type":"ListItem","position":1,"name":"Inicio","item":"https:\/\/nitu.mx\/"},{"@type":"ListItem","position":2,"name":"Confirma PriceTravel que Canc\u00fan lidera las preferencias de viaje para el verano"}]},{"@type":"WebSite","@id":"https:\/\/nitu.mx\/#website","url":"https:\/\/nitu.mx\/","name":"Nitu - Noticias de la Industria Turistica","description":"Noticias de la Industria Turistica","publisher":{"@id":"https:\/\/nitu.mx\/#\/schema\/person\/ae7a53426417292d3dd07b45a33e01bc"},"alternateName":"Noticias de la Industria Turistica","potentialAction":[{"@type":"SearchAction","target":{"@type":"EntryPoint","urlTemplate":"https:\/\/nitu.mx\/?s={search_term_string}"},"query-input":"required name=search_term_string"}],"inLanguage":"es-MX"},{"@type":["Person","Organization"],"@id":"https:\/\/nitu.mx\/#\/schema\/person\/ae7a53426417292d3dd07b45a33e01bc","name":"Arturo Medina","image":{"@type":"ImageObject","inLanguage":"es-MX","@id":"https:\/\/nitu.mx\/#\/schema\/person\/image\/","url":"https:\/\/nitu.mx\/wp-content\/uploads\/2024\/04\/4A315622-1904-4D5C-B022-878CDC840E04-90x90-1.jpeg","contentUrl":"https:\/\/nitu.mx\/wp-content\/uploads\/2024\/04\/4A315622-1904-4D5C-B022-878CDC840E04-90x90-1.jpeg","width":90,"height":90,"caption":"Arturo Medina"},"logo":{"@id":"https:\/\/nitu.mx\/#\/schema\/person\/image\/"},"description":"Director NITU.mx, Egresado de la Escuela de Periodismo Carlos Septi\u00e9n Garc\u00eda. Periodista y analista especializado en turismo desde hace 35 a\u00f1os, radicado en Canc\u00fan Q.Roo. arturo@nitu.mx","sameAs":["https:\/\/nitu.mx","https:\/\/www.facebook.com\/NITUmx\/","medinacancun","https:\/\/twitter.com\/@Arturo_Medina_G"]},{"@type":"Person","@id":"https:\/\/nitu.mx\/#\/schema\/person\/4a28fe9bd65924f7c90623773daf1b0b","name":"Redacci\u00f3n","image":{"@type":"ImageObject","inLanguage":"es-MX","@id":"https:\/\/nitu.mx\/#\/schema\/person\/image\/","url":"https:\/\/secure.gravatar.com\/avatar\/5dd011c8ccfc5cd7e4c81e42252aab38?s=96&d=mm&r=g","contentUrl":"https:\/\/secure.gravatar.com\/avatar\/5dd011c8ccfc5cd7e4c81e42252aab38?s=96&d=mm&r=g","caption":"Redacci\u00f3n"},"url":"https:\/\/nitu.mx\/index.php\/author\/redaccion\/"}]}},"views":327,"_links":{"self":[{"href":"https:\/\/nitu.mx\/index.php\/wp-json\/wp\/v2\/posts\/64964"}],"collection":[{"href":"https:\/\/nitu.mx\/index.php\/wp-json\/wp\/v2\/posts"}],"about":[{"href":"https:\/\/nitu.mx\/index.php\/wp-json\/wp\/v2\/types\/post"}],"author":[{"embeddable":true,"href":"https:\/\/nitu.mx\/index.php\/wp-json\/wp\/v2\/users\/17"}],"replies":[{"embeddable":true,"href":"https:\/\/nitu.mx\/index.php\/wp-json\/wp\/v2\/comments?post=64964"}],"version-history":[{"count":1,"href":"https:\/\/nitu.mx\/index.php\/wp-json\/wp\/v2\/posts\/64964\/revisions"}],"predecessor-version":[{"id":64965,"href":"https:\/\/nitu.mx\/index.php\/wp-json\/wp\/v2\/posts\/64964\/revisions\/64965"}],"wp:featuredmedia":[{"embeddable":true,"href":"https:\/\/nitu.mx\/index.php\/wp-json\/wp\/v2\/media\/47876"}],"wp:attachment":[{"href":"https:\/\/nitu.mx\/index.php\/wp-json\/wp\/v2\/media?parent=64964"}],"wp:term":[{"taxonomy":"category","embeddable":true,"href":"https:\/\/nitu.mx\/index.php\/wp-json\/wp\/v2\/categories?post=64964"},{"taxonomy":"post_tag","embeddable":true,"href":"https:\/\/nitu.mx\/index.php\/wp-json\/wp\/v2\/tags?post=64964"}],"curies":[{"name":"wp","href":"https:\/\/api.w.org\/{rel}","templated":true}]}}