{"id":64894,"date":"2023-06-15T18:59:35","date_gmt":"2023-06-15T23:59:35","guid":{"rendered":"https:\/\/www.dev.nitu.mx\/?p=64894"},"modified":"2023-06-16T05:20:47","modified_gmt":"2023-06-16T10:20:47","slug":"despegar-cancun-y-playa-del-carmen-entre-las-playas-favoritas-para-el-verano","status":"publish","type":"post","link":"https:\/\/nitu.mx\/index.php\/2023\/06\/15\/despegar-cancun-y-playa-del-carmen-entre-las-playas-favoritas-para-el-verano\/","title":{"rendered":"Despegar: Canc\u00fan y Playa del Carmen entre las playas favoritas para el verano"},"content":{"rendered":"<p>De acuerdo con un an\u00e1lisis de las b\u00fasquedas de la agencia de viajes en l\u00ednea Despegar, las ciudades y las playas son las preferidas por los mexicanos para visitar en las vacaciones de verano.<\/p>\n<p>Seg\u00fan las b\u00fasquedas y reservaciones, los destinos nacionales e internacionales donde las personas desean pasar el verano son:<\/p>\n<p><strong>Destinos nacionales:<\/strong><\/p>\n<ul>\n<li>\u00a0 Canc\u00fan<\/li>\n<li>\u00a0 Ciudad de M\u00e9xico<\/li>\n<li>\u00a0 Puerto Vallarta<\/li>\n<li>\u00a0 Playa del Carmen<\/li>\n<li>\u00a0 Acapulco<\/li>\n<\/ul>\n<p><strong>Destinos internacionales:<\/strong><\/p>\n<ul>\n<li>\u00a0 Nueva York<\/li>\n<li>\u00a0 Las Vegas<\/li>\n<li>\u00a0 Par\u00eds<\/li>\n<li>\u00a0 Orlando<\/li>\n<li>\u00a0 Madrid<\/li>\n<\/ul>\n<p>\u201cHay un gran inter\u00e9s por visitar ciudades y hacer turismo urbano, donde Nueva York,\u00a0 Las Vegas, Ciudad de M\u00e9xico, Par\u00eds, Orlando y Madrid se posicionan como los destinos preferidos para este periodo, aunque tambi\u00e9n las playas siguen manteni\u00e9ndose como lugares atractivos para pasar este verano, principalmente por la gran oferta tur\u00edstica que los mexicanos encuentran en Canc\u00fan, Puerto Vallarta, Playa del Carmen y Acapulco.\u201d, declar\u00f3 Alejandro S\u00e1nchez, Gerente de Loyalty y Alianzas Financieras de Despegar. (<a title=\"Canc\u00fan, el destino con m\u00e1s reservas en el Hot Sale, revela Despegar\" href=\"https:\/\/www.dev.nitu.mx\/index.php\/2023\/06\/09\/cancun-el-destino-con-mas-reservas-en-el-hot-sale-revela-despegar\/\" rel=\"bookmark\">Canc\u00fan, el destino con m\u00e1s reservas en el Hot Sale<\/a>).<\/p>\n<p>Datos de Concanaco Servytur M\u00e9xico informan que durante el periodo vacacional de verano de 2022, las ventas en el sector comercio, servicios y turismo crecieron entre un 15 y 30 por ciento.<\/p>\n<p>Mientras que especialistas pronostican que el sector tur\u00edstico vivir\u00e1 un verano mejor que el 2022 y su contribuci\u00f3n ser\u00e1 clave para el crecimiento de la econom\u00eda.<\/p>\n","protected":false},"excerpt":{"rendered":"<p>De acuerdo con un an\u00e1lisis de las b\u00fasquedas de la agencia de viajes en l\u00ednea Despegar, las ciudades y las playas son las preferidas por los mexicanos para visitar en las vacaciones de verano. Seg\u00fan las b\u00fasquedas y reservaciones, los destinos nacionales e internacionales donde las personas desean pasar el verano son: Destinos nacionales: \u00a0 [&hellip;]<\/p>\n","protected":false},"author":17,"featured_media":47701,"comment_status":"open","ping_status":"open","sticky":false,"template":"","format":"standard","meta":{"footnotes":""},"categories":[3],"tags":[40,43,2130,405,471],"yoast_head":"<!-- This site is optimized with the Yoast SEO plugin v22.2 - https:\/\/yoast.com\/wordpress\/plugins\/seo\/ -->\n<title>Despegar: Canc\u00fan y Playa del Carmen entre las playas favoritas para el verano - Nitu - Noticias de la Industria Turistica<\/title>\n<meta name=\"robots\" content=\"index, follow, max-snippet:-1, max-image-preview:large, max-video-preview:-1\" \/>\n<link rel=\"canonical\" href=\"https:\/\/nitu.mx\/index.php\/2023\/06\/15\/despegar-cancun-y-playa-del-carmen-entre-las-playas-favoritas-para-el-verano\/\" \/>\n<meta name=\"twitter:card\" content=\"summary_large_image\" \/>\n<meta name=\"twitter:title\" content=\"Despegar: Canc\u00fan y Playa del Carmen entre las playas favoritas para el verano - Nitu - Noticias de la Industria Turistica\" \/>\n<meta name=\"twitter:description\" content=\"De acuerdo con un an\u00e1lisis de las b\u00fasquedas de la agencia de viajes en l\u00ednea Despegar, las ciudades y las playas son las preferidas por los mexicanos para visitar en las vacaciones de verano. Seg\u00fan las b\u00fasquedas y reservaciones, los destinos nacionales e internacionales donde las personas desean pasar el verano son: Destinos nacionales: \u00a0 [&hellip;]\" \/>\n<meta name=\"twitter:image\" content=\"https:\/\/nitu.mx\/wp-content\/uploads\/2020\/10\/Cancun-eventos.jpg\" \/>\n<meta name=\"twitter:creator\" content=\"@NITUmx\" \/>\n<meta name=\"twitter:site\" content=\"@Arturo_Medina_G\" \/>\n<meta name=\"twitter:label1\" content=\"Escrito por\" \/>\n\t<meta name=\"twitter:data1\" content=\"Redacci\u00f3n\" \/>\n\t<meta name=\"twitter:label2\" content=\"Tiempo de lectura\" \/>\n\t<meta name=\"twitter:data2\" content=\"1 minuto\" \/>\n<script type=\"application\/ld+json\" class=\"yoast-schema-graph\">{\"@context\":\"https:\/\/schema.org\",\"@graph\":[{\"@type\":\"Article\",\"@id\":\"https:\/\/nitu.mx\/index.php\/2023\/06\/15\/despegar-cancun-y-playa-del-carmen-entre-las-playas-favoritas-para-el-verano\/#article\",\"isPartOf\":{\"@id\":\"https:\/\/nitu.mx\/index.php\/2023\/06\/15\/despegar-cancun-y-playa-del-carmen-entre-las-playas-favoritas-para-el-verano\/\"},\"author\":{\"name\":\"Redacci\u00f3n\",\"@id\":\"https:\/\/nitu.mx\/#\/schema\/person\/4a28fe9bd65924f7c90623773daf1b0b\"},\"headline\":\"Despegar: Canc\u00fan y Playa del Carmen entre las playas favoritas para el verano\",\"datePublished\":\"2023-06-15T23:59:35+00:00\",\"dateModified\":\"2023-06-16T10:20:47+00:00\",\"mainEntityOfPage\":{\"@id\":\"https:\/\/nitu.mx\/index.php\/2023\/06\/15\/despegar-cancun-y-playa-del-carmen-entre-las-playas-favoritas-para-el-verano\/\"},\"wordCount\":248,\"commentCount\":0,\"publisher\":{\"@id\":\"https:\/\/nitu.mx\/#\/schema\/person\/ae7a53426417292d3dd07b45a33e01bc\"},\"image\":{\"@id\":\"https:\/\/nitu.mx\/index.php\/2023\/06\/15\/despegar-cancun-y-playa-del-carmen-entre-las-playas-favoritas-para-el-verano\/#primaryimage\"},\"thumbnailUrl\":\"https:\/\/nitu.mx\/wp-content\/uploads\/2020\/10\/Cancun-eventos.jpg\",\"keywords\":[\"Acapulco\",\"Canc\u00fan\",\"Despegar\",\"Playa del Carmen\",\"Puerto Vallarta\"],\"articleSection\":[\"Agencias de Viajes\"],\"inLanguage\":\"es-MX\",\"potentialAction\":[{\"@type\":\"CommentAction\",\"name\":\"Comment\",\"target\":[\"https:\/\/nitu.mx\/index.php\/2023\/06\/15\/despegar-cancun-y-playa-del-carmen-entre-las-playas-favoritas-para-el-verano\/#respond\"]}]},{\"@type\":\"WebPage\",\"@id\":\"https:\/\/nitu.mx\/index.php\/2023\/06\/15\/despegar-cancun-y-playa-del-carmen-entre-las-playas-favoritas-para-el-verano\/\",\"url\":\"https:\/\/nitu.mx\/index.php\/2023\/06\/15\/despegar-cancun-y-playa-del-carmen-entre-las-playas-favoritas-para-el-verano\/\",\"name\":\"Despegar: Canc\u00fan y Playa del Carmen entre las playas favoritas para el verano - Nitu - Noticias de la Industria Turistica\",\"isPartOf\":{\"@id\":\"https:\/\/nitu.mx\/#website\"},\"primaryImageOfPage\":{\"@id\":\"https:\/\/nitu.mx\/index.php\/2023\/06\/15\/despegar-cancun-y-playa-del-carmen-entre-las-playas-favoritas-para-el-verano\/#primaryimage\"},\"image\":{\"@id\":\"https:\/\/nitu.mx\/index.php\/2023\/06\/15\/despegar-cancun-y-playa-del-carmen-entre-las-playas-favoritas-para-el-verano\/#primaryimage\"},\"thumbnailUrl\":\"https:\/\/nitu.mx\/wp-content\/uploads\/2020\/10\/Cancun-eventos.jpg\",\"datePublished\":\"2023-06-15T23:59:35+00:00\",\"dateModified\":\"2023-06-16T10:20:47+00:00\",\"breadcrumb\":{\"@id\":\"https:\/\/nitu.mx\/index.php\/2023\/06\/15\/despegar-cancun-y-playa-del-carmen-entre-las-playas-favoritas-para-el-verano\/#breadcrumb\"},\"inLanguage\":\"es-MX\",\"potentialAction\":[{\"@type\":\"ReadAction\",\"target\":[\"https:\/\/nitu.mx\/index.php\/2023\/06\/15\/despegar-cancun-y-playa-del-carmen-entre-las-playas-favoritas-para-el-verano\/\"]}]},{\"@type\":\"ImageObject\",\"inLanguage\":\"es-MX\",\"@id\":\"https:\/\/nitu.mx\/index.php\/2023\/06\/15\/despegar-cancun-y-playa-del-carmen-entre-las-playas-favoritas-para-el-verano\/#primaryimage\",\"url\":\"https:\/\/nitu.mx\/wp-content\/uploads\/2020\/10\/Cancun-eventos.jpg\",\"contentUrl\":\"https:\/\/nitu.mx\/wp-content\/uploads\/2020\/10\/Cancun-eventos.jpg\",\"width\":1200,\"height\":675,\"caption\":\"Caribe Mexicano SiteMinder\"},{\"@type\":\"BreadcrumbList\",\"@id\":\"https:\/\/nitu.mx\/index.php\/2023\/06\/15\/despegar-cancun-y-playa-del-carmen-entre-las-playas-favoritas-para-el-verano\/#breadcrumb\",\"itemListElement\":[{\"@type\":\"ListItem\",\"position\":1,\"name\":\"Inicio\",\"item\":\"https:\/\/nitu.mx\/\"},{\"@type\":\"ListItem\",\"position\":2,\"name\":\"Despegar: Canc\u00fan y Playa del Carmen entre las playas favoritas para el verano\"}]},{\"@type\":\"WebSite\",\"@id\":\"https:\/\/nitu.mx\/#website\",\"url\":\"https:\/\/nitu.mx\/\",\"name\":\"Nitu - Noticias de la Industria Turistica\",\"description\":\"Noticias de la Industria Turistica\",\"publisher\":{\"@id\":\"https:\/\/nitu.mx\/#\/schema\/person\/ae7a53426417292d3dd07b45a33e01bc\"},\"alternateName\":\"Noticias de la Industria Turistica\",\"potentialAction\":[{\"@type\":\"SearchAction\",\"target\":{\"@type\":\"EntryPoint\",\"urlTemplate\":\"https:\/\/nitu.mx\/?s={search_term_string}\"},\"query-input\":\"required name=search_term_string\"}],\"inLanguage\":\"es-MX\"},{\"@type\":[\"Person\",\"Organization\"],\"@id\":\"https:\/\/nitu.mx\/#\/schema\/person\/ae7a53426417292d3dd07b45a33e01bc\",\"name\":\"Arturo Medina\",\"image\":{\"@type\":\"ImageObject\",\"inLanguage\":\"es-MX\",\"@id\":\"https:\/\/nitu.mx\/#\/schema\/person\/image\/\",\"url\":\"https:\/\/nitu.mx\/wp-content\/uploads\/2024\/04\/4A315622-1904-4D5C-B022-878CDC840E04-90x90-1.jpeg\",\"contentUrl\":\"https:\/\/nitu.mx\/wp-content\/uploads\/2024\/04\/4A315622-1904-4D5C-B022-878CDC840E04-90x90-1.jpeg\",\"width\":90,\"height\":90,\"caption\":\"Arturo Medina\"},\"logo\":{\"@id\":\"https:\/\/nitu.mx\/#\/schema\/person\/image\/\"},\"description\":\"Director NITU.mx, Egresado de la Escuela de Periodismo Carlos Septi\u00e9n Garc\u00eda. Periodista y analista especializado en turismo desde hace 35 a\u00f1os, radicado en Canc\u00fan Q.Roo. arturo@nitu.mx\",\"sameAs\":[\"https:\/\/nitu.mx\",\"https:\/\/www.facebook.com\/NITUmx\/\",\"medinacancun\",\"https:\/\/twitter.com\/@Arturo_Medina_G\"]},{\"@type\":\"Person\",\"@id\":\"https:\/\/nitu.mx\/#\/schema\/person\/4a28fe9bd65924f7c90623773daf1b0b\",\"name\":\"Redacci\u00f3n\",\"image\":{\"@type\":\"ImageObject\",\"inLanguage\":\"es-MX\",\"@id\":\"https:\/\/nitu.mx\/#\/schema\/person\/image\/\",\"url\":\"https:\/\/secure.gravatar.com\/avatar\/5dd011c8ccfc5cd7e4c81e42252aab38?s=96&d=mm&r=g\",\"contentUrl\":\"https:\/\/secure.gravatar.com\/avatar\/5dd011c8ccfc5cd7e4c81e42252aab38?s=96&d=mm&r=g\",\"caption\":\"Redacci\u00f3n\"},\"url\":\"https:\/\/nitu.mx\/index.php\/author\/redaccion\/\"}]}<\/script>\n<!-- \/ Yoast SEO plugin. -->","yoast_head_json":{"title":"Despegar: Canc\u00fan y Playa del Carmen entre las playas favoritas para el verano - Nitu - Noticias de la Industria Turistica","robots":{"index":"index","follow":"follow","max-snippet":"max-snippet:-1","max-image-preview":"max-image-preview:large","max-video-preview":"max-video-preview:-1"},"canonical":"https:\/\/nitu.mx\/index.php\/2023\/06\/15\/despegar-cancun-y-playa-del-carmen-entre-las-playas-favoritas-para-el-verano\/","twitter_card":"summary_large_image","twitter_title":"Despegar: Canc\u00fan y Playa del Carmen entre las playas favoritas para el verano - Nitu - Noticias de la Industria Turistica","twitter_description":"De acuerdo con un an\u00e1lisis de las b\u00fasquedas de la agencia de viajes en l\u00ednea Despegar, las ciudades y las playas son las preferidas por los mexicanos para visitar en las vacaciones de verano. Seg\u00fan las b\u00fasquedas y reservaciones, los destinos nacionales e internacionales donde las personas desean pasar el verano son: Destinos nacionales: \u00a0 [&hellip;]","twitter_image":"https:\/\/nitu.mx\/wp-content\/uploads\/2020\/10\/Cancun-eventos.jpg","twitter_creator":"@NITUmx","twitter_site":"@Arturo_Medina_G","twitter_misc":{"Escrito por":"Redacci\u00f3n","Tiempo de lectura":"1 minuto"},"schema":{"@context":"https:\/\/schema.org","@graph":[{"@type":"Article","@id":"https:\/\/nitu.mx\/index.php\/2023\/06\/15\/despegar-cancun-y-playa-del-carmen-entre-las-playas-favoritas-para-el-verano\/#article","isPartOf":{"@id":"https:\/\/nitu.mx\/index.php\/2023\/06\/15\/despegar-cancun-y-playa-del-carmen-entre-las-playas-favoritas-para-el-verano\/"},"author":{"name":"Redacci\u00f3n","@id":"https:\/\/nitu.mx\/#\/schema\/person\/4a28fe9bd65924f7c90623773daf1b0b"},"headline":"Despegar: Canc\u00fan y Playa del Carmen entre las playas favoritas para el verano","datePublished":"2023-06-15T23:59:35+00:00","dateModified":"2023-06-16T10:20:47+00:00","mainEntityOfPage":{"@id":"https:\/\/nitu.mx\/index.php\/2023\/06\/15\/despegar-cancun-y-playa-del-carmen-entre-las-playas-favoritas-para-el-verano\/"},"wordCount":248,"commentCount":0,"publisher":{"@id":"https:\/\/nitu.mx\/#\/schema\/person\/ae7a53426417292d3dd07b45a33e01bc"},"image":{"@id":"https:\/\/nitu.mx\/index.php\/2023\/06\/15\/despegar-cancun-y-playa-del-carmen-entre-las-playas-favoritas-para-el-verano\/#primaryimage"},"thumbnailUrl":"https:\/\/nitu.mx\/wp-content\/uploads\/2020\/10\/Cancun-eventos.jpg","keywords":["Acapulco","Canc\u00fan","Despegar","Playa del Carmen","Puerto Vallarta"],"articleSection":["Agencias de Viajes"],"inLanguage":"es-MX","potentialAction":[{"@type":"CommentAction","name":"Comment","target":["https:\/\/nitu.mx\/index.php\/2023\/06\/15\/despegar-cancun-y-playa-del-carmen-entre-las-playas-favoritas-para-el-verano\/#respond"]}]},{"@type":"WebPage","@id":"https:\/\/nitu.mx\/index.php\/2023\/06\/15\/despegar-cancun-y-playa-del-carmen-entre-las-playas-favoritas-para-el-verano\/","url":"https:\/\/nitu.mx\/index.php\/2023\/06\/15\/despegar-cancun-y-playa-del-carmen-entre-las-playas-favoritas-para-el-verano\/","name":"Despegar: Canc\u00fan y Playa del Carmen entre las playas favoritas para el verano - Nitu - Noticias de la Industria Turistica","isPartOf":{"@id":"https:\/\/nitu.mx\/#website"},"primaryImageOfPage":{"@id":"https:\/\/nitu.mx\/index.php\/2023\/06\/15\/despegar-cancun-y-playa-del-carmen-entre-las-playas-favoritas-para-el-verano\/#primaryimage"},"image":{"@id":"https:\/\/nitu.mx\/index.php\/2023\/06\/15\/despegar-cancun-y-playa-del-carmen-entre-las-playas-favoritas-para-el-verano\/#primaryimage"},"thumbnailUrl":"https:\/\/nitu.mx\/wp-content\/uploads\/2020\/10\/Cancun-eventos.jpg","datePublished":"2023-06-15T23:59:35+00:00","dateModified":"2023-06-16T10:20:47+00:00","breadcrumb":{"@id":"https:\/\/nitu.mx\/index.php\/2023\/06\/15\/despegar-cancun-y-playa-del-carmen-entre-las-playas-favoritas-para-el-verano\/#breadcrumb"},"inLanguage":"es-MX","potentialAction":[{"@type":"ReadAction","target":["https:\/\/nitu.mx\/index.php\/2023\/06\/15\/despegar-cancun-y-playa-del-carmen-entre-las-playas-favoritas-para-el-verano\/"]}]},{"@type":"ImageObject","inLanguage":"es-MX","@id":"https:\/\/nitu.mx\/index.php\/2023\/06\/15\/despegar-cancun-y-playa-del-carmen-entre-las-playas-favoritas-para-el-verano\/#primaryimage","url":"https:\/\/nitu.mx\/wp-content\/uploads\/2020\/10\/Cancun-eventos.jpg","contentUrl":"https:\/\/nitu.mx\/wp-content\/uploads\/2020\/10\/Cancun-eventos.jpg","width":1200,"height":675,"caption":"Caribe Mexicano SiteMinder"},{"@type":"BreadcrumbList","@id":"https:\/\/nitu.mx\/index.php\/2023\/06\/15\/despegar-cancun-y-playa-del-carmen-entre-las-playas-favoritas-para-el-verano\/#breadcrumb","itemListElement":[{"@type":"ListItem","position":1,"name":"Inicio","item":"https:\/\/nitu.mx\/"},{"@type":"ListItem","position":2,"name":"Despegar: Canc\u00fan y Playa del Carmen entre las playas favoritas para el verano"}]},{"@type":"WebSite","@id":"https:\/\/nitu.mx\/#website","url":"https:\/\/nitu.mx\/","name":"Nitu - Noticias de la Industria Turistica","description":"Noticias de la Industria Turistica","publisher":{"@id":"https:\/\/nitu.mx\/#\/schema\/person\/ae7a53426417292d3dd07b45a33e01bc"},"alternateName":"Noticias de la Industria Turistica","potentialAction":[{"@type":"SearchAction","target":{"@type":"EntryPoint","urlTemplate":"https:\/\/nitu.mx\/?s={search_term_string}"},"query-input":"required name=search_term_string"}],"inLanguage":"es-MX"},{"@type":["Person","Organization"],"@id":"https:\/\/nitu.mx\/#\/schema\/person\/ae7a53426417292d3dd07b45a33e01bc","name":"Arturo Medina","image":{"@type":"ImageObject","inLanguage":"es-MX","@id":"https:\/\/nitu.mx\/#\/schema\/person\/image\/","url":"https:\/\/nitu.mx\/wp-content\/uploads\/2024\/04\/4A315622-1904-4D5C-B022-878CDC840E04-90x90-1.jpeg","contentUrl":"https:\/\/nitu.mx\/wp-content\/uploads\/2024\/04\/4A315622-1904-4D5C-B022-878CDC840E04-90x90-1.jpeg","width":90,"height":90,"caption":"Arturo Medina"},"logo":{"@id":"https:\/\/nitu.mx\/#\/schema\/person\/image\/"},"description":"Director NITU.mx, Egresado de la Escuela de Periodismo Carlos Septi\u00e9n Garc\u00eda. Periodista y analista especializado en turismo desde hace 35 a\u00f1os, radicado en Canc\u00fan Q.Roo. arturo@nitu.mx","sameAs":["https:\/\/nitu.mx","https:\/\/www.facebook.com\/NITUmx\/","medinacancun","https:\/\/twitter.com\/@Arturo_Medina_G"]},{"@type":"Person","@id":"https:\/\/nitu.mx\/#\/schema\/person\/4a28fe9bd65924f7c90623773daf1b0b","name":"Redacci\u00f3n","image":{"@type":"ImageObject","inLanguage":"es-MX","@id":"https:\/\/nitu.mx\/#\/schema\/person\/image\/","url":"https:\/\/secure.gravatar.com\/avatar\/5dd011c8ccfc5cd7e4c81e42252aab38?s=96&d=mm&r=g","contentUrl":"https:\/\/secure.gravatar.com\/avatar\/5dd011c8ccfc5cd7e4c81e42252aab38?s=96&d=mm&r=g","caption":"Redacci\u00f3n"},"url":"https:\/\/nitu.mx\/index.php\/author\/redaccion\/"}]}},"views":1007,"_links":{"self":[{"href":"https:\/\/nitu.mx\/index.php\/wp-json\/wp\/v2\/posts\/64894"}],"collection":[{"href":"https:\/\/nitu.mx\/index.php\/wp-json\/wp\/v2\/posts"}],"about":[{"href":"https:\/\/nitu.mx\/index.php\/wp-json\/wp\/v2\/types\/post"}],"author":[{"embeddable":true,"href":"https:\/\/nitu.mx\/index.php\/wp-json\/wp\/v2\/users\/17"}],"replies":[{"embeddable":true,"href":"https:\/\/nitu.mx\/index.php\/wp-json\/wp\/v2\/comments?post=64894"}],"version-history":[{"count":1,"href":"https:\/\/nitu.mx\/index.php\/wp-json\/wp\/v2\/posts\/64894\/revisions"}],"predecessor-version":[{"id":64895,"href":"https:\/\/nitu.mx\/index.php\/wp-json\/wp\/v2\/posts\/64894\/revisions\/64895"}],"wp:featuredmedia":[{"embeddable":true,"href":"https:\/\/nitu.mx\/index.php\/wp-json\/wp\/v2\/media\/47701"}],"wp:attachment":[{"href":"https:\/\/nitu.mx\/index.php\/wp-json\/wp\/v2\/media?parent=64894"}],"wp:term":[{"taxonomy":"category","embeddable":true,"href":"https:\/\/nitu.mx\/index.php\/wp-json\/wp\/v2\/categories?post=64894"},{"taxonomy":"post_tag","embeddable":true,"href":"https:\/\/nitu.mx\/index.php\/wp-json\/wp\/v2\/tags?post=64894"}],"curies":[{"name":"wp","href":"https:\/\/api.w.org\/{rel}","templated":true}]}}