{"id":64832,"date":"2023-06-13T00:00:02","date_gmt":"2023-06-13T05:00:02","guid":{"rendered":"https:\/\/www.dev.nitu.mx\/?p=64832"},"modified":"2023-06-13T00:13:49","modified_gmt":"2023-06-13T05:13:49","slug":"listo-el-trazo-para-las-pruebas-del-tren-maya-y-avanzan-obras-en-cancun","status":"publish","type":"post","link":"https:\/\/nitu.mx\/index.php\/2023\/06\/13\/listo-el-trazo-para-las-pruebas-del-tren-maya-y-avanzan-obras-en-cancun\/","title":{"rendered":"Listo el trazo para las pruebas del Tren Maya y avanzan obras en Canc\u00fan"},"content":{"rendered":"<p>Este lunes, en la conferencia de prensa del presidente Andr\u00e9s Manuel L\u00f3pez Obrador, se present\u00f3 el reporte semanal\u00a0de avances de la construcci\u00f3n del Tren Maya, en donde la directora general de empresas ICA, Guadalupe Phillips Margain, anunci\u00f3 que\u00a0est\u00e1 listo el trazo donde se realizar\u00e1n las primeras pruebas de los trenes.\u00a0Se trata de\u00a065 kil\u00f3metros en Valladolid, Yucat\u00e1n, en los que circular\u00e1 el primer convoy proveniente de Hidalgo y llegar\u00e1 a Quintana Roo en julio.<\/p>\n<p>En conferencia de prensa matutina se refiri\u00f3 al tramo 4, cuyo\u00a0avance de obra alcanza el 93 por ciento\u00a0con 195 kil\u00f3metros de riel ensamblado, 850 mil durmientes fabricados y 171 kil\u00f3metros de balasto colocado.<\/p>\n<p>El director general del Fondo Nacional de Fomento al Turismo (Fonatur), Javier May Rodr\u00edguez, expuso que la construcci\u00f3n de la v\u00eda electrificada avanza con la\u00a0conclusi\u00f3n de 143 kil\u00f3metros de los 239 kil\u00f3metros\u00a0de Izamal, Yucat\u00e1n a Canc\u00fan, Quintana Roo.<\/p>\n<p>A la fecha,\u00a0se han generado 62 mil empleos locales en los nueve municipios por donde cruza el tramo 4\u00a0a partir de la construcci\u00f3n de tres distribuidores viales, 24 obras de drenaje transversal y pasos inferiores, as\u00ed como 127 pasos peatonales, vehiculares y de fauna, de los cuales 99 son operativos, inform\u00f3 May Rodr\u00edguez.<\/p>\n<p>Simult\u00e1neamente,\u00a0se desarrollan tres subestaciones el\u00e9ctricas tractoras que est\u00e1n al 96 por ciento de avance. Tambi\u00e9n\u00a0se moderniza la autopista M\u00e9rida-Canc\u00fan\u00a0tiene 151 kil\u00f3metros abiertos a la circulaci\u00f3n de los 194 kil\u00f3metros trazados.<\/p>\n<p>En compa\u00f1\u00eda de la gobernadora de Quintana Roo, Mar\u00eda Elena Lezama Espinosa, el secretario de Infraestructura, Comunicaciones y Transportes, Jorge Nu\u00f1o Lara, puntualiz\u00f3 sobre el\u00a0Programa Integral para Desarrollo de Proyectos Estrat\u00e9gicos en Canc\u00fan;\u00a0el Bulevar Luis Donaldo Colosio y el Distribuidor Aeropuerto en Canc\u00fan\u00a0ser\u00e1n operativos en octubre de 2023.<\/p>\n<p>La conexi\u00f3n Aeropuerto Canc\u00fan-Estaci\u00f3n Tren Maya \u2014que sumar\u00e1 una flota de siete unidades de autobuses el\u00e9ctricos\u2014 se entregar\u00e1 en noviembre; la Avenida Chac Mool, en diciembre y el Puente Vehicular Nichupt\u00e9, en marzo de 2024.<\/p>\n<p>La Secretar\u00eda de la Defensa Nacional, a trav\u00e9s de la Direcci\u00f3n General de Ingenieros, colabora en la edificaci\u00f3n del\u00a0Hotel Tren Maya Chich\u00e9n Itz\u00e1\u00a0en Yucat\u00e1n, que genera 270 puestos de trabajo en la regi\u00f3n.<\/p>\n<p>Esta obra obedece a la normatividad a favor del ambiente y de monumentos arqueol\u00f3gicos, se\u00f1al\u00f3 el jefe del Centro Coordinador de Operaciones del Tren Maya, Blas Andr\u00e9s N\u00fa\u00f1ez Jord\u00e1n.<\/p>\n<p>En el tramo 4, el Instituto Nacional de Antropolog\u00eda e Historia (INAH)\u00a0preserva Chich\u00e9n Itz\u00e1 y Ek\u2019 Balam\u00a0a trav\u00e9s del\u00a0Programa de Mejoramiento de Zonas Arqueol\u00f3gicas (Promeza)\u00a0a partir de trabajos de excavaci\u00f3n y mantenimiento, as\u00ed como proyectos de investigaci\u00f3n y conservaci\u00f3n, resalt\u00f3 Diego Prieto Hern\u00e1ndez, director general de la dependencia.<\/p>\n<p>Por primera vez, dijo, Chich\u00e9n Itz\u00e1 contar\u00e1 con un museo de sitio; el avance de su construcci\u00f3n es del 25 por ciento.<\/p>\n<p>En cuanto al salvamento arqueol\u00f3gico, este tramo registra al 12 de junio la preservaci\u00f3n de:\u00a04 mil 228 bienes inmuebles; 570 bienes muebles; 42 mil 617 de cer\u00e1mica analizados; 16 osamentas y 110 rasgos naturales como cuevas y cenotes.\u00a0<a title=\"AMLO garantiza protecci\u00f3n de cenotes, r\u00edos subterr\u00e1neos y cuevas en obra del Tren Maya,\" href=\"https:\/\/www.dev.nitu.mx\/index.php\/2023\/05\/16\/amlo-garantiza-proteccion-de-cenotes-rios-subterraneos-y-cuevas-en-obra-del-tren-maya\/\" rel=\"bookmark\">(AMLO garantiza protecci\u00f3n de cenotes, r\u00edos subterr\u00e1neos y cuevas en obra del Tren Maya).<\/a><\/p>\n","protected":false},"excerpt":{"rendered":"<p>Este lunes, en la conferencia de prensa del presidente Andr\u00e9s Manuel L\u00f3pez Obrador, se present\u00f3 el reporte semanal\u00a0de avances de la construcci\u00f3n del Tren Maya, en donde la directora general de empresas ICA, Guadalupe Phillips Margain, anunci\u00f3 que\u00a0est\u00e1 listo el trazo donde se realizar\u00e1n las primeras pruebas de los trenes.\u00a0Se trata de\u00a065 kil\u00f3metros en Valladolid, [&hellip;]<\/p>\n","protected":false},"author":17,"featured_media":64833,"comment_status":"open","ping_status":"open","sticky":false,"template":"","format":"standard","meta":{"footnotes":""},"categories":[22813],"tags":[10994,3206,260,11427],"yoast_head":"<!-- This site is optimized with the Yoast SEO plugin v22.2 - https:\/\/yoast.com\/wordpress\/plugins\/seo\/ -->\n<title>Listo el trazo para las pruebas del Tren Maya y avanzan obras en Canc\u00fan - Nitu - Noticias de la Industria Turistica<\/title>\n<meta name=\"robots\" content=\"index, follow, max-snippet:-1, max-image-preview:large, max-video-preview:-1\" \/>\n<link rel=\"canonical\" href=\"https:\/\/nitu.mx\/index.php\/2023\/06\/13\/listo-el-trazo-para-las-pruebas-del-tren-maya-y-avanzan-obras-en-cancun\/\" \/>\n<meta name=\"twitter:card\" content=\"summary_large_image\" \/>\n<meta name=\"twitter:title\" content=\"Listo el trazo para las pruebas del Tren Maya y avanzan obras en Canc\u00fan - Nitu - Noticias de la Industria Turistica\" \/>\n<meta name=\"twitter:description\" content=\"Este lunes, en la conferencia de prensa del presidente Andr\u00e9s Manuel L\u00f3pez Obrador, se present\u00f3 el reporte semanal\u00a0de avances de la construcci\u00f3n del Tren Maya, en donde la directora general de empresas ICA, Guadalupe Phillips Margain, anunci\u00f3 que\u00a0est\u00e1 listo el trazo donde se realizar\u00e1n las primeras pruebas de los trenes.\u00a0Se trata de\u00a065 kil\u00f3metros en Valladolid, [&hellip;]\" \/>\n<meta name=\"twitter:image\" content=\"https:\/\/nitu.mx\/wp-content\/uploads\/2023\/06\/TREN-MAYA-Mara-Lezama-AMLO.jpeg\" \/>\n<meta name=\"twitter:creator\" content=\"@NITUmx\" \/>\n<meta name=\"twitter:site\" content=\"@Arturo_Medina_G\" \/>\n<meta name=\"twitter:label1\" content=\"Escrito por\" \/>\n\t<meta name=\"twitter:data1\" content=\"Redacci\u00f3n\" \/>\n\t<meta name=\"twitter:label2\" content=\"Tiempo de lectura\" \/>\n\t<meta name=\"twitter:data2\" content=\"3 minutos\" \/>\n<script type=\"application\/ld+json\" class=\"yoast-schema-graph\">{\"@context\":\"https:\/\/schema.org\",\"@graph\":[{\"@type\":\"Article\",\"@id\":\"https:\/\/nitu.mx\/index.php\/2023\/06\/13\/listo-el-trazo-para-las-pruebas-del-tren-maya-y-avanzan-obras-en-cancun\/#article\",\"isPartOf\":{\"@id\":\"https:\/\/nitu.mx\/index.php\/2023\/06\/13\/listo-el-trazo-para-las-pruebas-del-tren-maya-y-avanzan-obras-en-cancun\/\"},\"author\":{\"name\":\"Redacci\u00f3n\",\"@id\":\"https:\/\/nitu.mx\/#\/schema\/person\/4a28fe9bd65924f7c90623773daf1b0b\"},\"headline\":\"Listo el trazo para las pruebas del Tren Maya y avanzan obras en Canc\u00fan\",\"datePublished\":\"2023-06-13T05:00:02+00:00\",\"dateModified\":\"2023-06-13T05:13:49+00:00\",\"mainEntityOfPage\":{\"@id\":\"https:\/\/nitu.mx\/index.php\/2023\/06\/13\/listo-el-trazo-para-las-pruebas-del-tren-maya-y-avanzan-obras-en-cancun\/\"},\"wordCount\":569,\"commentCount\":0,\"publisher\":{\"@id\":\"https:\/\/nitu.mx\/#\/schema\/person\/ae7a53426417292d3dd07b45a33e01bc\"},\"image\":{\"@id\":\"https:\/\/nitu.mx\/index.php\/2023\/06\/13\/listo-el-trazo-para-las-pruebas-del-tren-maya-y-avanzan-obras-en-cancun\/#primaryimage\"},\"thumbnailUrl\":\"https:\/\/nitu.mx\/wp-content\/uploads\/2023\/06\/TREN-MAYA-Mara-Lezama-AMLO.jpeg\",\"keywords\":[\"AMLO\",\"INAH\",\"Quintana Roo\",\"Tren Maya\"],\"articleSection\":[\"Tren Maya\"],\"inLanguage\":\"es-MX\",\"potentialAction\":[{\"@type\":\"CommentAction\",\"name\":\"Comment\",\"target\":[\"https:\/\/nitu.mx\/index.php\/2023\/06\/13\/listo-el-trazo-para-las-pruebas-del-tren-maya-y-avanzan-obras-en-cancun\/#respond\"]}]},{\"@type\":\"WebPage\",\"@id\":\"https:\/\/nitu.mx\/index.php\/2023\/06\/13\/listo-el-trazo-para-las-pruebas-del-tren-maya-y-avanzan-obras-en-cancun\/\",\"url\":\"https:\/\/nitu.mx\/index.php\/2023\/06\/13\/listo-el-trazo-para-las-pruebas-del-tren-maya-y-avanzan-obras-en-cancun\/\",\"name\":\"Listo el trazo para las pruebas del Tren Maya y avanzan obras en Canc\u00fan - Nitu - Noticias de la Industria Turistica\",\"isPartOf\":{\"@id\":\"https:\/\/nitu.mx\/#website\"},\"primaryImageOfPage\":{\"@id\":\"https:\/\/nitu.mx\/index.php\/2023\/06\/13\/listo-el-trazo-para-las-pruebas-del-tren-maya-y-avanzan-obras-en-cancun\/#primaryimage\"},\"image\":{\"@id\":\"https:\/\/nitu.mx\/index.php\/2023\/06\/13\/listo-el-trazo-para-las-pruebas-del-tren-maya-y-avanzan-obras-en-cancun\/#primaryimage\"},\"thumbnailUrl\":\"https:\/\/nitu.mx\/wp-content\/uploads\/2023\/06\/TREN-MAYA-Mara-Lezama-AMLO.jpeg\",\"datePublished\":\"2023-06-13T05:00:02+00:00\",\"dateModified\":\"2023-06-13T05:13:49+00:00\",\"breadcrumb\":{\"@id\":\"https:\/\/nitu.mx\/index.php\/2023\/06\/13\/listo-el-trazo-para-las-pruebas-del-tren-maya-y-avanzan-obras-en-cancun\/#breadcrumb\"},\"inLanguage\":\"es-MX\",\"potentialAction\":[{\"@type\":\"ReadAction\",\"target\":[\"https:\/\/nitu.mx\/index.php\/2023\/06\/13\/listo-el-trazo-para-las-pruebas-del-tren-maya-y-avanzan-obras-en-cancun\/\"]}]},{\"@type\":\"ImageObject\",\"inLanguage\":\"es-MX\",\"@id\":\"https:\/\/nitu.mx\/index.php\/2023\/06\/13\/listo-el-trazo-para-las-pruebas-del-tren-maya-y-avanzan-obras-en-cancun\/#primaryimage\",\"url\":\"https:\/\/nitu.mx\/wp-content\/uploads\/2023\/06\/TREN-MAYA-Mara-Lezama-AMLO.jpeg\",\"contentUrl\":\"https:\/\/nitu.mx\/wp-content\/uploads\/2023\/06\/TREN-MAYA-Mara-Lezama-AMLO.jpeg\",\"width\":1200,\"height\":675,\"caption\":\"Tren Maya\"},{\"@type\":\"BreadcrumbList\",\"@id\":\"https:\/\/nitu.mx\/index.php\/2023\/06\/13\/listo-el-trazo-para-las-pruebas-del-tren-maya-y-avanzan-obras-en-cancun\/#breadcrumb\",\"itemListElement\":[{\"@type\":\"ListItem\",\"position\":1,\"name\":\"Inicio\",\"item\":\"https:\/\/nitu.mx\/\"},{\"@type\":\"ListItem\",\"position\":2,\"name\":\"Listo el trazo para las pruebas del Tren Maya y avanzan obras en Canc\u00fan\"}]},{\"@type\":\"WebSite\",\"@id\":\"https:\/\/nitu.mx\/#website\",\"url\":\"https:\/\/nitu.mx\/\",\"name\":\"Nitu - Noticias de la Industria Turistica\",\"description\":\"Noticias de la Industria Turistica\",\"publisher\":{\"@id\":\"https:\/\/nitu.mx\/#\/schema\/person\/ae7a53426417292d3dd07b45a33e01bc\"},\"alternateName\":\"Noticias de la Industria Turistica\",\"potentialAction\":[{\"@type\":\"SearchAction\",\"target\":{\"@type\":\"EntryPoint\",\"urlTemplate\":\"https:\/\/nitu.mx\/?s={search_term_string}\"},\"query-input\":\"required name=search_term_string\"}],\"inLanguage\":\"es-MX\"},{\"@type\":[\"Person\",\"Organization\"],\"@id\":\"https:\/\/nitu.mx\/#\/schema\/person\/ae7a53426417292d3dd07b45a33e01bc\",\"name\":\"Arturo Medina\",\"image\":{\"@type\":\"ImageObject\",\"inLanguage\":\"es-MX\",\"@id\":\"https:\/\/nitu.mx\/#\/schema\/person\/image\/\",\"url\":\"https:\/\/nitu.mx\/wp-content\/uploads\/2024\/04\/4A315622-1904-4D5C-B022-878CDC840E04-90x90-1.jpeg\",\"contentUrl\":\"https:\/\/nitu.mx\/wp-content\/uploads\/2024\/04\/4A315622-1904-4D5C-B022-878CDC840E04-90x90-1.jpeg\",\"width\":90,\"height\":90,\"caption\":\"Arturo Medina\"},\"logo\":{\"@id\":\"https:\/\/nitu.mx\/#\/schema\/person\/image\/\"},\"description\":\"Director NITU.mx, Egresado de la Escuela de Periodismo Carlos Septi\u00e9n Garc\u00eda. Periodista y analista especializado en turismo desde hace 35 a\u00f1os, radicado en Canc\u00fan Q.Roo. arturo@nitu.mx\",\"sameAs\":[\"https:\/\/nitu.mx\",\"https:\/\/www.facebook.com\/NITUmx\/\",\"medinacancun\",\"https:\/\/twitter.com\/@Arturo_Medina_G\"]},{\"@type\":\"Person\",\"@id\":\"https:\/\/nitu.mx\/#\/schema\/person\/4a28fe9bd65924f7c90623773daf1b0b\",\"name\":\"Redacci\u00f3n\",\"image\":{\"@type\":\"ImageObject\",\"inLanguage\":\"es-MX\",\"@id\":\"https:\/\/nitu.mx\/#\/schema\/person\/image\/\",\"url\":\"https:\/\/secure.gravatar.com\/avatar\/5dd011c8ccfc5cd7e4c81e42252aab38?s=96&d=mm&r=g\",\"contentUrl\":\"https:\/\/secure.gravatar.com\/avatar\/5dd011c8ccfc5cd7e4c81e42252aab38?s=96&d=mm&r=g\",\"caption\":\"Redacci\u00f3n\"},\"url\":\"https:\/\/nitu.mx\/index.php\/author\/redaccion\/\"}]}<\/script>\n<!-- \/ Yoast SEO plugin. -->","yoast_head_json":{"title":"Listo el trazo para las pruebas del Tren Maya y avanzan obras en Canc\u00fan - Nitu - Noticias de la Industria Turistica","robots":{"index":"index","follow":"follow","max-snippet":"max-snippet:-1","max-image-preview":"max-image-preview:large","max-video-preview":"max-video-preview:-1"},"canonical":"https:\/\/nitu.mx\/index.php\/2023\/06\/13\/listo-el-trazo-para-las-pruebas-del-tren-maya-y-avanzan-obras-en-cancun\/","twitter_card":"summary_large_image","twitter_title":"Listo el trazo para las pruebas del Tren Maya y avanzan obras en Canc\u00fan - Nitu - Noticias de la Industria Turistica","twitter_description":"Este lunes, en la conferencia de prensa del presidente Andr\u00e9s Manuel L\u00f3pez Obrador, se present\u00f3 el reporte semanal\u00a0de avances de la construcci\u00f3n del Tren Maya, en donde la directora general de empresas ICA, Guadalupe Phillips Margain, anunci\u00f3 que\u00a0est\u00e1 listo el trazo donde se realizar\u00e1n las primeras pruebas de los trenes.\u00a0Se trata de\u00a065 kil\u00f3metros en Valladolid, [&hellip;]","twitter_image":"https:\/\/nitu.mx\/wp-content\/uploads\/2023\/06\/TREN-MAYA-Mara-Lezama-AMLO.jpeg","twitter_creator":"@NITUmx","twitter_site":"@Arturo_Medina_G","twitter_misc":{"Escrito por":"Redacci\u00f3n","Tiempo de lectura":"3 minutos"},"schema":{"@context":"https:\/\/schema.org","@graph":[{"@type":"Article","@id":"https:\/\/nitu.mx\/index.php\/2023\/06\/13\/listo-el-trazo-para-las-pruebas-del-tren-maya-y-avanzan-obras-en-cancun\/#article","isPartOf":{"@id":"https:\/\/nitu.mx\/index.php\/2023\/06\/13\/listo-el-trazo-para-las-pruebas-del-tren-maya-y-avanzan-obras-en-cancun\/"},"author":{"name":"Redacci\u00f3n","@id":"https:\/\/nitu.mx\/#\/schema\/person\/4a28fe9bd65924f7c90623773daf1b0b"},"headline":"Listo el trazo para las pruebas del Tren Maya y avanzan obras en Canc\u00fan","datePublished":"2023-06-13T05:00:02+00:00","dateModified":"2023-06-13T05:13:49+00:00","mainEntityOfPage":{"@id":"https:\/\/nitu.mx\/index.php\/2023\/06\/13\/listo-el-trazo-para-las-pruebas-del-tren-maya-y-avanzan-obras-en-cancun\/"},"wordCount":569,"commentCount":0,"publisher":{"@id":"https:\/\/nitu.mx\/#\/schema\/person\/ae7a53426417292d3dd07b45a33e01bc"},"image":{"@id":"https:\/\/nitu.mx\/index.php\/2023\/06\/13\/listo-el-trazo-para-las-pruebas-del-tren-maya-y-avanzan-obras-en-cancun\/#primaryimage"},"thumbnailUrl":"https:\/\/nitu.mx\/wp-content\/uploads\/2023\/06\/TREN-MAYA-Mara-Lezama-AMLO.jpeg","keywords":["AMLO","INAH","Quintana Roo","Tren Maya"],"articleSection":["Tren Maya"],"inLanguage":"es-MX","potentialAction":[{"@type":"CommentAction","name":"Comment","target":["https:\/\/nitu.mx\/index.php\/2023\/06\/13\/listo-el-trazo-para-las-pruebas-del-tren-maya-y-avanzan-obras-en-cancun\/#respond"]}]},{"@type":"WebPage","@id":"https:\/\/nitu.mx\/index.php\/2023\/06\/13\/listo-el-trazo-para-las-pruebas-del-tren-maya-y-avanzan-obras-en-cancun\/","url":"https:\/\/nitu.mx\/index.php\/2023\/06\/13\/listo-el-trazo-para-las-pruebas-del-tren-maya-y-avanzan-obras-en-cancun\/","name":"Listo el trazo para las pruebas del Tren Maya y avanzan obras en Canc\u00fan - Nitu - Noticias de la Industria Turistica","isPartOf":{"@id":"https:\/\/nitu.mx\/#website"},"primaryImageOfPage":{"@id":"https:\/\/nitu.mx\/index.php\/2023\/06\/13\/listo-el-trazo-para-las-pruebas-del-tren-maya-y-avanzan-obras-en-cancun\/#primaryimage"},"image":{"@id":"https:\/\/nitu.mx\/index.php\/2023\/06\/13\/listo-el-trazo-para-las-pruebas-del-tren-maya-y-avanzan-obras-en-cancun\/#primaryimage"},"thumbnailUrl":"https:\/\/nitu.mx\/wp-content\/uploads\/2023\/06\/TREN-MAYA-Mara-Lezama-AMLO.jpeg","datePublished":"2023-06-13T05:00:02+00:00","dateModified":"2023-06-13T05:13:49+00:00","breadcrumb":{"@id":"https:\/\/nitu.mx\/index.php\/2023\/06\/13\/listo-el-trazo-para-las-pruebas-del-tren-maya-y-avanzan-obras-en-cancun\/#breadcrumb"},"inLanguage":"es-MX","potentialAction":[{"@type":"ReadAction","target":["https:\/\/nitu.mx\/index.php\/2023\/06\/13\/listo-el-trazo-para-las-pruebas-del-tren-maya-y-avanzan-obras-en-cancun\/"]}]},{"@type":"ImageObject","inLanguage":"es-MX","@id":"https:\/\/nitu.mx\/index.php\/2023\/06\/13\/listo-el-trazo-para-las-pruebas-del-tren-maya-y-avanzan-obras-en-cancun\/#primaryimage","url":"https:\/\/nitu.mx\/wp-content\/uploads\/2023\/06\/TREN-MAYA-Mara-Lezama-AMLO.jpeg","contentUrl":"https:\/\/nitu.mx\/wp-content\/uploads\/2023\/06\/TREN-MAYA-Mara-Lezama-AMLO.jpeg","width":1200,"height":675,"caption":"Tren Maya"},{"@type":"BreadcrumbList","@id":"https:\/\/nitu.mx\/index.php\/2023\/06\/13\/listo-el-trazo-para-las-pruebas-del-tren-maya-y-avanzan-obras-en-cancun\/#breadcrumb","itemListElement":[{"@type":"ListItem","position":1,"name":"Inicio","item":"https:\/\/nitu.mx\/"},{"@type":"ListItem","position":2,"name":"Listo el trazo para las pruebas del Tren Maya y avanzan obras en Canc\u00fan"}]},{"@type":"WebSite","@id":"https:\/\/nitu.mx\/#website","url":"https:\/\/nitu.mx\/","name":"Nitu - Noticias de la Industria Turistica","description":"Noticias de la Industria Turistica","publisher":{"@id":"https:\/\/nitu.mx\/#\/schema\/person\/ae7a53426417292d3dd07b45a33e01bc"},"alternateName":"Noticias de la Industria Turistica","potentialAction":[{"@type":"SearchAction","target":{"@type":"EntryPoint","urlTemplate":"https:\/\/nitu.mx\/?s={search_term_string}"},"query-input":"required name=search_term_string"}],"inLanguage":"es-MX"},{"@type":["Person","Organization"],"@id":"https:\/\/nitu.mx\/#\/schema\/person\/ae7a53426417292d3dd07b45a33e01bc","name":"Arturo Medina","image":{"@type":"ImageObject","inLanguage":"es-MX","@id":"https:\/\/nitu.mx\/#\/schema\/person\/image\/","url":"https:\/\/nitu.mx\/wp-content\/uploads\/2024\/04\/4A315622-1904-4D5C-B022-878CDC840E04-90x90-1.jpeg","contentUrl":"https:\/\/nitu.mx\/wp-content\/uploads\/2024\/04\/4A315622-1904-4D5C-B022-878CDC840E04-90x90-1.jpeg","width":90,"height":90,"caption":"Arturo Medina"},"logo":{"@id":"https:\/\/nitu.mx\/#\/schema\/person\/image\/"},"description":"Director NITU.mx, Egresado de la Escuela de Periodismo Carlos Septi\u00e9n Garc\u00eda. Periodista y analista especializado en turismo desde hace 35 a\u00f1os, radicado en Canc\u00fan Q.Roo. arturo@nitu.mx","sameAs":["https:\/\/nitu.mx","https:\/\/www.facebook.com\/NITUmx\/","medinacancun","https:\/\/twitter.com\/@Arturo_Medina_G"]},{"@type":"Person","@id":"https:\/\/nitu.mx\/#\/schema\/person\/4a28fe9bd65924f7c90623773daf1b0b","name":"Redacci\u00f3n","image":{"@type":"ImageObject","inLanguage":"es-MX","@id":"https:\/\/nitu.mx\/#\/schema\/person\/image\/","url":"https:\/\/secure.gravatar.com\/avatar\/5dd011c8ccfc5cd7e4c81e42252aab38?s=96&d=mm&r=g","contentUrl":"https:\/\/secure.gravatar.com\/avatar\/5dd011c8ccfc5cd7e4c81e42252aab38?s=96&d=mm&r=g","caption":"Redacci\u00f3n"},"url":"https:\/\/nitu.mx\/index.php\/author\/redaccion\/"}]}},"views":368,"_links":{"self":[{"href":"https:\/\/nitu.mx\/index.php\/wp-json\/wp\/v2\/posts\/64832"}],"collection":[{"href":"https:\/\/nitu.mx\/index.php\/wp-json\/wp\/v2\/posts"}],"about":[{"href":"https:\/\/nitu.mx\/index.php\/wp-json\/wp\/v2\/types\/post"}],"author":[{"embeddable":true,"href":"https:\/\/nitu.mx\/index.php\/wp-json\/wp\/v2\/users\/17"}],"replies":[{"embeddable":true,"href":"https:\/\/nitu.mx\/index.php\/wp-json\/wp\/v2\/comments?post=64832"}],"version-history":[{"count":1,"href":"https:\/\/nitu.mx\/index.php\/wp-json\/wp\/v2\/posts\/64832\/revisions"}],"predecessor-version":[{"id":64834,"href":"https:\/\/nitu.mx\/index.php\/wp-json\/wp\/v2\/posts\/64832\/revisions\/64834"}],"wp:featuredmedia":[{"embeddable":true,"href":"https:\/\/nitu.mx\/index.php\/wp-json\/wp\/v2\/media\/64833"}],"wp:attachment":[{"href":"https:\/\/nitu.mx\/index.php\/wp-json\/wp\/v2\/media?parent=64832"}],"wp:term":[{"taxonomy":"category","embeddable":true,"href":"https:\/\/nitu.mx\/index.php\/wp-json\/wp\/v2\/categories?post=64832"},{"taxonomy":"post_tag","embeddable":true,"href":"https:\/\/nitu.mx\/index.php\/wp-json\/wp\/v2\/tags?post=64832"}],"curies":[{"name":"wp","href":"https:\/\/api.w.org\/{rel}","templated":true}]}}