{"id":64782,"date":"2023-06-08T01:10:49","date_gmt":"2023-06-08T06:10:49","guid":{"rendered":"https:\/\/www.dev.nitu.mx\/?p=64782"},"modified":"2023-06-08T01:37:59","modified_gmt":"2023-06-08T06:37:59","slug":"hyatt-abrira-el-primer-hyatt-vivid-en-cancun-junto-con-dreams-grand-island","status":"publish","type":"post","link":"https:\/\/nitu.mx\/index.php\/2023\/06\/08\/hyatt-abrira-el-primer-hyatt-vivid-en-cancun-junto-con-dreams-grand-island\/","title":{"rendered":"Hyatt abrir\u00e1 el primer Hyatt Vivid en Canc\u00fan junto con Dreams Grand Island"},"content":{"rendered":"<p>La cadena hotelera Hyatt\u00a0anunci\u00f3 que ha firmado un acuerdo de administraci\u00f3n con Grupo Murano para Hyatt Vivid Grand Island, un resort solo para adultos y Dreams Grand Island, un resort familiar acogedor de lujo de 616 habitaciones.<\/p>\n<p>Se espera que ambas propiedades abran en Canc\u00fan, M\u00e9xico, a principios de 2024 dentro de Inclusive Collection, parte de World of Hyatt.\u00a0Hyatt Vivid Grand Island marcar\u00e1 la primera propiedad Hyatt Vivid en la cartera de Inclusive Collection.<\/p>\n<p>&#8220;Estos planes para el primer resort Hyatt Vivid reflejan la evoluci\u00f3n continua de los viajes y la dedicaci\u00f3n inquebrantable de Hyatt al concepto de todo incluido. Presentar una experiencia de resort que combina la cultura y un ambiente de esp\u00edritu libre con las comodidades de un todo incluido es un ideal propuesta de valor para los propietarios que est\u00e1n ansiosos por capitalizar esta emocionante oportunidad de presentar la experiencia todo incluido a la pr\u00f3xima generaci\u00f3n de viajeros&#8221;, dijo Javier Coll, presidente del grupo, desarrollo e innovaci\u00f3n de negocios globales, Inclusive Collection, Hyatt. &#8220;Confiamos la combinaci\u00f3n ganadora de Hyatt Vivid Grand Island y Dreams Grand Island crear\u00e1 un destino de visita obligada que atraer\u00e1 a una variedad de ocasiones de viaje y hu\u00e9spedes\u201d.<\/p>\n<p>Por su parte, Marcos Sacal, CEO de Grupo Murano, dijo: \u201cTrabajar con una de las marcas m\u00e1s destacadas en hoteler\u00eda se alinea con la visi\u00f3n estrat\u00e9gica de Grupo Murano. Estamos encantados de seguir colaborando con Hyatt, ahora en Canc\u00fan, para lanzar la nueva marca Hyatt Vivid.\u00a0A medida que ampliamos nuestros servicios, ofertas y desarrollos, estamos ansiosos por trabajar con empresas y marcas de ideas afines, como Hyatt e Inclusive Collection, que est\u00e1n haciendo evolucionar el espacio de viajes y hospitalidad\u201d.<\/p>\n<p>Los hoteles y resorts Hyatt Vivid ofrecer\u00e1n itinerarios inspirados localmente a parejas, amigos y personas que viajan solas y fomentar\u00e1n la interacci\u00f3n social en todo momento a trav\u00e9s de programas, cenas y entretenimiento basados \u200b\u200ben la experiencia.<\/p>\n<p>Creada para atraer a la pr\u00f3xima generaci\u00f3n de viajeros con visi\u00f3n de futuro, la nueva marca est\u00e1 dise\u00f1ada para adultos que buscan comodidades informales llenas de placeres simples.<\/p>\n<p>Las experiencias gastron\u00f3micas exclusivas ofrecer\u00e1n un enfoque informal y acogedor centrado en la flexibilidad sobre la formalidad, incluido un colectivo culinario compuesto por camiones de tacos, carritos de ceviche, un sal\u00f3n de comidas y m\u00e1s.<\/p>\n<p>Para los viajeros activos que buscan mantener rutinas saludables y objetivos de acondicionamiento f\u00edsico, los resorts ofrecer\u00e1n clases especiales para complementar los centros de acondicionamiento f\u00edsico de \u00faltima generaci\u00f3n.<\/p>\n<p>Hyatt Vivid Grand Island contar\u00e1 con 400 habitaciones dise\u00f1adas para la comodidad y con amplias vistas.\u00a0Con reminiscencias de la deidad maya Kukulc\u00e1n, el complejo est\u00e1 siendo dise\u00f1ado por los arquitectos galardonados y de renombre mundial, HOK.<\/p>\n<p>Los hu\u00e9spedes pueden esperar tener acceso sin inconvenientes al adyacente Dreams Grand Island, un resort familiar de 616 habitaciones que se espera que abra sus puertas a principios de 2024, brindando opciones y comodidades adicionales para una experiencia verdaderamente inmersiva.<\/p>\n<p>Los hu\u00e9spedes disfrutar\u00e1n de las inclusiones\u00a0Unlimited-Luxury\u00a0exclusivas de la marca, como servicio de piscina y playa, licores nacionales e internacionales ilimitados de primera calidad, servicio de habitaciones y de conserjer\u00eda las 24 horas, actividades y entretenimiento diarios, eventos nocturnos y m\u00e1s.<\/p>\n<p>Juntos, los resorts ofrecer\u00e1n 19 conceptos culinarios \u00fanicos compuestos por comida japonesa, mexicana, francesa, mediterr\u00e1nea y m\u00e1s.\u00a0Los hu\u00e9spedes tendr\u00e1n acceso a un spa de 26,000 pies cuadrados, completo con 25 salas de tratamiento, un gimnasio de \u00faltima generaci\u00f3n, varias piscinas, un club de playa y m\u00e1s.\u00a0<a title=\"Inclusive Collection abre en Bulgaria cuatro nuevos hoteles\" href=\"https:\/\/www.dev.nitu.mx\/index.php\/2023\/05\/16\/inclusive-collection-abre-en-bulgaria-cuatro-nuevos-hoteles\/\" rel=\"bookmark\">(Inclusive Collection abre en Bulgaria cuatro nuevos hoteles<\/a>).<\/p>\n","protected":false},"excerpt":{"rendered":"<p>La cadena hotelera Hyatt\u00a0anunci\u00f3 que ha firmado un acuerdo de administraci\u00f3n con Grupo Murano para Hyatt Vivid Grand Island, un resort solo para adultos y Dreams Grand Island, un resort familiar acogedor de lujo de 616 habitaciones. Se espera que ambas propiedades abran en Canc\u00fan, M\u00e9xico, a principios de 2024 dentro de Inclusive Collection, parte [&hellip;]<\/p>\n","protected":false},"author":17,"featured_media":64783,"comment_status":"open","ping_status":"open","sticky":false,"template":"","format":"standard","meta":{"footnotes":""},"categories":[2],"tags":[23995,2302,23993,23994,23708],"yoast_head":"<!-- This site is optimized with the Yoast SEO plugin v22.2 - https:\/\/yoast.com\/wordpress\/plugins\/seo\/ -->\n<title>Hyatt abrir\u00e1 el primer Hyatt Vivid en Canc\u00fan junto con Dreams Grand Island - Nitu - Noticias de la Industria Turistica<\/title>\n<meta name=\"robots\" content=\"index, follow, max-snippet:-1, max-image-preview:large, max-video-preview:-1\" \/>\n<link rel=\"canonical\" href=\"https:\/\/nitu.mx\/index.php\/2023\/06\/08\/hyatt-abrira-el-primer-hyatt-vivid-en-cancun-junto-con-dreams-grand-island\/\" \/>\n<meta name=\"twitter:card\" content=\"summary_large_image\" \/>\n<meta name=\"twitter:title\" content=\"Hyatt abrir\u00e1 el primer Hyatt Vivid en Canc\u00fan junto con Dreams Grand Island - Nitu - Noticias de la Industria Turistica\" \/>\n<meta name=\"twitter:description\" content=\"La cadena hotelera Hyatt\u00a0anunci\u00f3 que ha firmado un acuerdo de administraci\u00f3n con Grupo Murano para Hyatt Vivid Grand Island, un resort solo para adultos y Dreams Grand Island, un resort familiar acogedor de lujo de 616 habitaciones. Se espera que ambas propiedades abran en Canc\u00fan, M\u00e9xico, a principios de 2024 dentro de Inclusive Collection, parte [&hellip;]\" \/>\n<meta name=\"twitter:image\" content=\"https:\/\/nitu.mx\/wp-content\/uploads\/2023\/06\/Hyatt-Vivid-Grand-Island.jpg\" \/>\n<meta name=\"twitter:creator\" content=\"@NITUmx\" \/>\n<meta name=\"twitter:site\" content=\"@Arturo_Medina_G\" \/>\n<meta name=\"twitter:label1\" content=\"Escrito por\" \/>\n\t<meta name=\"twitter:data1\" content=\"Redacci\u00f3n\" \/>\n\t<meta name=\"twitter:label2\" content=\"Tiempo de lectura\" \/>\n\t<meta name=\"twitter:data2\" content=\"3 minutos\" \/>\n<script type=\"application\/ld+json\" class=\"yoast-schema-graph\">{\"@context\":\"https:\/\/schema.org\",\"@graph\":[{\"@type\":\"Article\",\"@id\":\"https:\/\/nitu.mx\/index.php\/2023\/06\/08\/hyatt-abrira-el-primer-hyatt-vivid-en-cancun-junto-con-dreams-grand-island\/#article\",\"isPartOf\":{\"@id\":\"https:\/\/nitu.mx\/index.php\/2023\/06\/08\/hyatt-abrira-el-primer-hyatt-vivid-en-cancun-junto-con-dreams-grand-island\/\"},\"author\":{\"name\":\"Redacci\u00f3n\",\"@id\":\"https:\/\/nitu.mx\/#\/schema\/person\/4a28fe9bd65924f7c90623773daf1b0b\"},\"headline\":\"Hyatt abrir\u00e1 el primer Hyatt Vivid en Canc\u00fan junto con Dreams Grand Island\",\"datePublished\":\"2023-06-08T06:10:49+00:00\",\"dateModified\":\"2023-06-08T06:37:59+00:00\",\"mainEntityOfPage\":{\"@id\":\"https:\/\/nitu.mx\/index.php\/2023\/06\/08\/hyatt-abrira-el-primer-hyatt-vivid-en-cancun-junto-con-dreams-grand-island\/\"},\"wordCount\":636,\"commentCount\":0,\"publisher\":{\"@id\":\"https:\/\/nitu.mx\/#\/schema\/person\/ae7a53426417292d3dd07b45a33e01bc\"},\"image\":{\"@id\":\"https:\/\/nitu.mx\/index.php\/2023\/06\/08\/hyatt-abrira-el-primer-hyatt-vivid-en-cancun-junto-con-dreams-grand-island\/#primaryimage\"},\"thumbnailUrl\":\"https:\/\/nitu.mx\/wp-content\/uploads\/2023\/06\/Hyatt-Vivid-Grand-Island.jpg\",\"keywords\":[\"Dreams Grand Island\",\"Hyatt\",\"Hyatt Vivid\",\"Hyatt Vivid Grand Island\",\"Inclusive Collection\"],\"articleSection\":[\"Hoteles\"],\"inLanguage\":\"es-MX\",\"potentialAction\":[{\"@type\":\"CommentAction\",\"name\":\"Comment\",\"target\":[\"https:\/\/nitu.mx\/index.php\/2023\/06\/08\/hyatt-abrira-el-primer-hyatt-vivid-en-cancun-junto-con-dreams-grand-island\/#respond\"]}]},{\"@type\":\"WebPage\",\"@id\":\"https:\/\/nitu.mx\/index.php\/2023\/06\/08\/hyatt-abrira-el-primer-hyatt-vivid-en-cancun-junto-con-dreams-grand-island\/\",\"url\":\"https:\/\/nitu.mx\/index.php\/2023\/06\/08\/hyatt-abrira-el-primer-hyatt-vivid-en-cancun-junto-con-dreams-grand-island\/\",\"name\":\"Hyatt abrir\u00e1 el primer Hyatt Vivid en Canc\u00fan junto con Dreams Grand Island - Nitu - Noticias de la Industria Turistica\",\"isPartOf\":{\"@id\":\"https:\/\/nitu.mx\/#website\"},\"primaryImageOfPage\":{\"@id\":\"https:\/\/nitu.mx\/index.php\/2023\/06\/08\/hyatt-abrira-el-primer-hyatt-vivid-en-cancun-junto-con-dreams-grand-island\/#primaryimage\"},\"image\":{\"@id\":\"https:\/\/nitu.mx\/index.php\/2023\/06\/08\/hyatt-abrira-el-primer-hyatt-vivid-en-cancun-junto-con-dreams-grand-island\/#primaryimage\"},\"thumbnailUrl\":\"https:\/\/nitu.mx\/wp-content\/uploads\/2023\/06\/Hyatt-Vivid-Grand-Island.jpg\",\"datePublished\":\"2023-06-08T06:10:49+00:00\",\"dateModified\":\"2023-06-08T06:37:59+00:00\",\"breadcrumb\":{\"@id\":\"https:\/\/nitu.mx\/index.php\/2023\/06\/08\/hyatt-abrira-el-primer-hyatt-vivid-en-cancun-junto-con-dreams-grand-island\/#breadcrumb\"},\"inLanguage\":\"es-MX\",\"potentialAction\":[{\"@type\":\"ReadAction\",\"target\":[\"https:\/\/nitu.mx\/index.php\/2023\/06\/08\/hyatt-abrira-el-primer-hyatt-vivid-en-cancun-junto-con-dreams-grand-island\/\"]}]},{\"@type\":\"ImageObject\",\"inLanguage\":\"es-MX\",\"@id\":\"https:\/\/nitu.mx\/index.php\/2023\/06\/08\/hyatt-abrira-el-primer-hyatt-vivid-en-cancun-junto-con-dreams-grand-island\/#primaryimage\",\"url\":\"https:\/\/nitu.mx\/wp-content\/uploads\/2023\/06\/Hyatt-Vivid-Grand-Island.jpg\",\"contentUrl\":\"https:\/\/nitu.mx\/wp-content\/uploads\/2023\/06\/Hyatt-Vivid-Grand-Island.jpg\",\"width\":1200,\"height\":675,\"caption\":\"Hyatt Vivid Grand Island\"},{\"@type\":\"BreadcrumbList\",\"@id\":\"https:\/\/nitu.mx\/index.php\/2023\/06\/08\/hyatt-abrira-el-primer-hyatt-vivid-en-cancun-junto-con-dreams-grand-island\/#breadcrumb\",\"itemListElement\":[{\"@type\":\"ListItem\",\"position\":1,\"name\":\"Inicio\",\"item\":\"https:\/\/nitu.mx\/\"},{\"@type\":\"ListItem\",\"position\":2,\"name\":\"Hyatt abrir\u00e1 el primer Hyatt Vivid en Canc\u00fan junto con Dreams Grand Island\"}]},{\"@type\":\"WebSite\",\"@id\":\"https:\/\/nitu.mx\/#website\",\"url\":\"https:\/\/nitu.mx\/\",\"name\":\"Nitu - Noticias de la Industria Turistica\",\"description\":\"Noticias de la Industria Turistica\",\"publisher\":{\"@id\":\"https:\/\/nitu.mx\/#\/schema\/person\/ae7a53426417292d3dd07b45a33e01bc\"},\"alternateName\":\"Noticias de la Industria Turistica\",\"potentialAction\":[{\"@type\":\"SearchAction\",\"target\":{\"@type\":\"EntryPoint\",\"urlTemplate\":\"https:\/\/nitu.mx\/?s={search_term_string}\"},\"query-input\":\"required name=search_term_string\"}],\"inLanguage\":\"es-MX\"},{\"@type\":[\"Person\",\"Organization\"],\"@id\":\"https:\/\/nitu.mx\/#\/schema\/person\/ae7a53426417292d3dd07b45a33e01bc\",\"name\":\"Arturo Medina\",\"image\":{\"@type\":\"ImageObject\",\"inLanguage\":\"es-MX\",\"@id\":\"https:\/\/nitu.mx\/#\/schema\/person\/image\/\",\"url\":\"https:\/\/nitu.mx\/wp-content\/uploads\/2024\/04\/4A315622-1904-4D5C-B022-878CDC840E04-90x90-1.jpeg\",\"contentUrl\":\"https:\/\/nitu.mx\/wp-content\/uploads\/2024\/04\/4A315622-1904-4D5C-B022-878CDC840E04-90x90-1.jpeg\",\"width\":90,\"height\":90,\"caption\":\"Arturo Medina\"},\"logo\":{\"@id\":\"https:\/\/nitu.mx\/#\/schema\/person\/image\/\"},\"description\":\"Director NITU.mx, Egresado de la Escuela de Periodismo Carlos Septi\u00e9n Garc\u00eda. Periodista y analista especializado en turismo desde hace 35 a\u00f1os, radicado en Canc\u00fan Q.Roo. arturo@nitu.mx\",\"sameAs\":[\"https:\/\/nitu.mx\",\"https:\/\/www.facebook.com\/NITUmx\/\",\"medinacancun\",\"https:\/\/twitter.com\/@Arturo_Medina_G\"]},{\"@type\":\"Person\",\"@id\":\"https:\/\/nitu.mx\/#\/schema\/person\/4a28fe9bd65924f7c90623773daf1b0b\",\"name\":\"Redacci\u00f3n\",\"image\":{\"@type\":\"ImageObject\",\"inLanguage\":\"es-MX\",\"@id\":\"https:\/\/nitu.mx\/#\/schema\/person\/image\/\",\"url\":\"https:\/\/secure.gravatar.com\/avatar\/5dd011c8ccfc5cd7e4c81e42252aab38?s=96&d=mm&r=g\",\"contentUrl\":\"https:\/\/secure.gravatar.com\/avatar\/5dd011c8ccfc5cd7e4c81e42252aab38?s=96&d=mm&r=g\",\"caption\":\"Redacci\u00f3n\"},\"url\":\"https:\/\/nitu.mx\/index.php\/author\/redaccion\/\"}]}<\/script>\n<!-- \/ Yoast SEO plugin. -->","yoast_head_json":{"title":"Hyatt abrir\u00e1 el primer Hyatt Vivid en Canc\u00fan junto con Dreams Grand Island - Nitu - Noticias de la Industria Turistica","robots":{"index":"index","follow":"follow","max-snippet":"max-snippet:-1","max-image-preview":"max-image-preview:large","max-video-preview":"max-video-preview:-1"},"canonical":"https:\/\/nitu.mx\/index.php\/2023\/06\/08\/hyatt-abrira-el-primer-hyatt-vivid-en-cancun-junto-con-dreams-grand-island\/","twitter_card":"summary_large_image","twitter_title":"Hyatt abrir\u00e1 el primer Hyatt Vivid en Canc\u00fan junto con Dreams Grand Island - Nitu - Noticias de la Industria Turistica","twitter_description":"La cadena hotelera Hyatt\u00a0anunci\u00f3 que ha firmado un acuerdo de administraci\u00f3n con Grupo Murano para Hyatt Vivid Grand Island, un resort solo para adultos y Dreams Grand Island, un resort familiar acogedor de lujo de 616 habitaciones. Se espera que ambas propiedades abran en Canc\u00fan, M\u00e9xico, a principios de 2024 dentro de Inclusive Collection, parte [&hellip;]","twitter_image":"https:\/\/nitu.mx\/wp-content\/uploads\/2023\/06\/Hyatt-Vivid-Grand-Island.jpg","twitter_creator":"@NITUmx","twitter_site":"@Arturo_Medina_G","twitter_misc":{"Escrito por":"Redacci\u00f3n","Tiempo de lectura":"3 minutos"},"schema":{"@context":"https:\/\/schema.org","@graph":[{"@type":"Article","@id":"https:\/\/nitu.mx\/index.php\/2023\/06\/08\/hyatt-abrira-el-primer-hyatt-vivid-en-cancun-junto-con-dreams-grand-island\/#article","isPartOf":{"@id":"https:\/\/nitu.mx\/index.php\/2023\/06\/08\/hyatt-abrira-el-primer-hyatt-vivid-en-cancun-junto-con-dreams-grand-island\/"},"author":{"name":"Redacci\u00f3n","@id":"https:\/\/nitu.mx\/#\/schema\/person\/4a28fe9bd65924f7c90623773daf1b0b"},"headline":"Hyatt abrir\u00e1 el primer Hyatt Vivid en Canc\u00fan junto con Dreams Grand Island","datePublished":"2023-06-08T06:10:49+00:00","dateModified":"2023-06-08T06:37:59+00:00","mainEntityOfPage":{"@id":"https:\/\/nitu.mx\/index.php\/2023\/06\/08\/hyatt-abrira-el-primer-hyatt-vivid-en-cancun-junto-con-dreams-grand-island\/"},"wordCount":636,"commentCount":0,"publisher":{"@id":"https:\/\/nitu.mx\/#\/schema\/person\/ae7a53426417292d3dd07b45a33e01bc"},"image":{"@id":"https:\/\/nitu.mx\/index.php\/2023\/06\/08\/hyatt-abrira-el-primer-hyatt-vivid-en-cancun-junto-con-dreams-grand-island\/#primaryimage"},"thumbnailUrl":"https:\/\/nitu.mx\/wp-content\/uploads\/2023\/06\/Hyatt-Vivid-Grand-Island.jpg","keywords":["Dreams Grand Island","Hyatt","Hyatt Vivid","Hyatt Vivid Grand Island","Inclusive Collection"],"articleSection":["Hoteles"],"inLanguage":"es-MX","potentialAction":[{"@type":"CommentAction","name":"Comment","target":["https:\/\/nitu.mx\/index.php\/2023\/06\/08\/hyatt-abrira-el-primer-hyatt-vivid-en-cancun-junto-con-dreams-grand-island\/#respond"]}]},{"@type":"WebPage","@id":"https:\/\/nitu.mx\/index.php\/2023\/06\/08\/hyatt-abrira-el-primer-hyatt-vivid-en-cancun-junto-con-dreams-grand-island\/","url":"https:\/\/nitu.mx\/index.php\/2023\/06\/08\/hyatt-abrira-el-primer-hyatt-vivid-en-cancun-junto-con-dreams-grand-island\/","name":"Hyatt abrir\u00e1 el primer Hyatt Vivid en Canc\u00fan junto con Dreams Grand Island - Nitu - Noticias de la Industria Turistica","isPartOf":{"@id":"https:\/\/nitu.mx\/#website"},"primaryImageOfPage":{"@id":"https:\/\/nitu.mx\/index.php\/2023\/06\/08\/hyatt-abrira-el-primer-hyatt-vivid-en-cancun-junto-con-dreams-grand-island\/#primaryimage"},"image":{"@id":"https:\/\/nitu.mx\/index.php\/2023\/06\/08\/hyatt-abrira-el-primer-hyatt-vivid-en-cancun-junto-con-dreams-grand-island\/#primaryimage"},"thumbnailUrl":"https:\/\/nitu.mx\/wp-content\/uploads\/2023\/06\/Hyatt-Vivid-Grand-Island.jpg","datePublished":"2023-06-08T06:10:49+00:00","dateModified":"2023-06-08T06:37:59+00:00","breadcrumb":{"@id":"https:\/\/nitu.mx\/index.php\/2023\/06\/08\/hyatt-abrira-el-primer-hyatt-vivid-en-cancun-junto-con-dreams-grand-island\/#breadcrumb"},"inLanguage":"es-MX","potentialAction":[{"@type":"ReadAction","target":["https:\/\/nitu.mx\/index.php\/2023\/06\/08\/hyatt-abrira-el-primer-hyatt-vivid-en-cancun-junto-con-dreams-grand-island\/"]}]},{"@type":"ImageObject","inLanguage":"es-MX","@id":"https:\/\/nitu.mx\/index.php\/2023\/06\/08\/hyatt-abrira-el-primer-hyatt-vivid-en-cancun-junto-con-dreams-grand-island\/#primaryimage","url":"https:\/\/nitu.mx\/wp-content\/uploads\/2023\/06\/Hyatt-Vivid-Grand-Island.jpg","contentUrl":"https:\/\/nitu.mx\/wp-content\/uploads\/2023\/06\/Hyatt-Vivid-Grand-Island.jpg","width":1200,"height":675,"caption":"Hyatt Vivid Grand Island"},{"@type":"BreadcrumbList","@id":"https:\/\/nitu.mx\/index.php\/2023\/06\/08\/hyatt-abrira-el-primer-hyatt-vivid-en-cancun-junto-con-dreams-grand-island\/#breadcrumb","itemListElement":[{"@type":"ListItem","position":1,"name":"Inicio","item":"https:\/\/nitu.mx\/"},{"@type":"ListItem","position":2,"name":"Hyatt abrir\u00e1 el primer Hyatt Vivid en Canc\u00fan junto con Dreams Grand Island"}]},{"@type":"WebSite","@id":"https:\/\/nitu.mx\/#website","url":"https:\/\/nitu.mx\/","name":"Nitu - Noticias de la Industria Turistica","description":"Noticias de la Industria Turistica","publisher":{"@id":"https:\/\/nitu.mx\/#\/schema\/person\/ae7a53426417292d3dd07b45a33e01bc"},"alternateName":"Noticias de la Industria Turistica","potentialAction":[{"@type":"SearchAction","target":{"@type":"EntryPoint","urlTemplate":"https:\/\/nitu.mx\/?s={search_term_string}"},"query-input":"required name=search_term_string"}],"inLanguage":"es-MX"},{"@type":["Person","Organization"],"@id":"https:\/\/nitu.mx\/#\/schema\/person\/ae7a53426417292d3dd07b45a33e01bc","name":"Arturo Medina","image":{"@type":"ImageObject","inLanguage":"es-MX","@id":"https:\/\/nitu.mx\/#\/schema\/person\/image\/","url":"https:\/\/nitu.mx\/wp-content\/uploads\/2024\/04\/4A315622-1904-4D5C-B022-878CDC840E04-90x90-1.jpeg","contentUrl":"https:\/\/nitu.mx\/wp-content\/uploads\/2024\/04\/4A315622-1904-4D5C-B022-878CDC840E04-90x90-1.jpeg","width":90,"height":90,"caption":"Arturo Medina"},"logo":{"@id":"https:\/\/nitu.mx\/#\/schema\/person\/image\/"},"description":"Director NITU.mx, Egresado de la Escuela de Periodismo Carlos Septi\u00e9n Garc\u00eda. Periodista y analista especializado en turismo desde hace 35 a\u00f1os, radicado en Canc\u00fan Q.Roo. arturo@nitu.mx","sameAs":["https:\/\/nitu.mx","https:\/\/www.facebook.com\/NITUmx\/","medinacancun","https:\/\/twitter.com\/@Arturo_Medina_G"]},{"@type":"Person","@id":"https:\/\/nitu.mx\/#\/schema\/person\/4a28fe9bd65924f7c90623773daf1b0b","name":"Redacci\u00f3n","image":{"@type":"ImageObject","inLanguage":"es-MX","@id":"https:\/\/nitu.mx\/#\/schema\/person\/image\/","url":"https:\/\/secure.gravatar.com\/avatar\/5dd011c8ccfc5cd7e4c81e42252aab38?s=96&d=mm&r=g","contentUrl":"https:\/\/secure.gravatar.com\/avatar\/5dd011c8ccfc5cd7e4c81e42252aab38?s=96&d=mm&r=g","caption":"Redacci\u00f3n"},"url":"https:\/\/nitu.mx\/index.php\/author\/redaccion\/"}]}},"views":1617,"_links":{"self":[{"href":"https:\/\/nitu.mx\/index.php\/wp-json\/wp\/v2\/posts\/64782"}],"collection":[{"href":"https:\/\/nitu.mx\/index.php\/wp-json\/wp\/v2\/posts"}],"about":[{"href":"https:\/\/nitu.mx\/index.php\/wp-json\/wp\/v2\/types\/post"}],"author":[{"embeddable":true,"href":"https:\/\/nitu.mx\/index.php\/wp-json\/wp\/v2\/users\/17"}],"replies":[{"embeddable":true,"href":"https:\/\/nitu.mx\/index.php\/wp-json\/wp\/v2\/comments?post=64782"}],"version-history":[{"count":2,"href":"https:\/\/nitu.mx\/index.php\/wp-json\/wp\/v2\/posts\/64782\/revisions"}],"predecessor-version":[{"id":64785,"href":"https:\/\/nitu.mx\/index.php\/wp-json\/wp\/v2\/posts\/64782\/revisions\/64785"}],"wp:featuredmedia":[{"embeddable":true,"href":"https:\/\/nitu.mx\/index.php\/wp-json\/wp\/v2\/media\/64783"}],"wp:attachment":[{"href":"https:\/\/nitu.mx\/index.php\/wp-json\/wp\/v2\/media?parent=64782"}],"wp:term":[{"taxonomy":"category","embeddable":true,"href":"https:\/\/nitu.mx\/index.php\/wp-json\/wp\/v2\/categories?post=64782"},{"taxonomy":"post_tag","embeddable":true,"href":"https:\/\/nitu.mx\/index.php\/wp-json\/wp\/v2\/tags?post=64782"}],"curies":[{"name":"wp","href":"https:\/\/api.w.org\/{rel}","templated":true}]}}