{"id":64635,"date":"2023-05-28T15:45:36","date_gmt":"2023-05-28T20:45:36","guid":{"rendered":"https:\/\/www.dev.nitu.mx\/?p=64635"},"modified":"2023-05-29T00:57:40","modified_gmt":"2023-05-29T05:57:40","slug":"puerto-vallarta-tendra-vuelos-directos-de-culiacan-y-mexicali","status":"publish","type":"post","link":"https:\/\/nitu.mx\/index.php\/2023\/05\/28\/puerto-vallarta-tendra-vuelos-directos-de-culiacan-y-mexicali\/","title":{"rendered":"Puerto Vallarta tendr\u00e1 vuelos directos de Culiac\u00e1n y Mexicali"},"content":{"rendered":"<p style=\"font-weight: 400;\">A partir del mes de julio, Puerto Vallarta suma dos nuevas rutas que conectar\u00e1n con\u00a0Culiac\u00e1n\u00a0y\u00a0Mexicali, las cuales estar\u00e1n operadas por la aerol\u00ednea Volaris, por lo que la\u00a0perla verde del Pac\u00edfico mexicano\u00a0aumenta su oferta de asientos y conexi\u00f3n a estos mercados.<\/p>\n<p style=\"font-weight: 400;\">Los vuelos tendr\u00e1n\u00a0dos\u00a0frecuencias\u00a0semanales, operando los jueves y domingos, por lo que se conectar\u00e1 de manera inmediata con estas ciudades de la Rep\u00fablica Mexicana, generando m\u00e1s de\u00a0700\u00a0nuevos asientos\u00a0a la semana\u00a0al destino, reforzando as\u00ed las pr\u00f3ximas temporadas.<\/p>\n<p style=\"font-weight: 400;\">\u201cEstas nuevas rutas ampl\u00edan la oferta de asientos y conexiones para los turistas que nos visitar\u00e1n esta pr\u00f3xima temporada de verano con el fin de disfrutar de todas las bondades que ofrece uno de los destinos favoritos de sol y playa para mexicanos y extranjeros, adem\u00e1s que extiende las opciones de conectividad desde el norte del pa\u00eds hacia este Puerto\u201d, indic\u00f3 Luis Villase\u00f1or director del Fideicomiso P\u00fablico para la Promoci\u00f3n y Publicidad Tur\u00edstica del Municipio de Puerto Vallarta.<\/p>\n<p style=\"font-weight: 400;\">Estas dos rutas se suman a las ya existentes, que son: Ciudad de M\u00e9xico, Le\u00f3n, Toluca, AIFA, Monterrey, Tijuana y Quer\u00e9taro, dando un total de 9, lo que la convierte en la l\u00ednea a\u00e9rea nacional con la mayor operaci\u00f3n en el Aeropuerto Internacional de Puerto Vallarta.<\/p>\n<p style=\"font-weight: 400;\">Con estas acciones se fortalece la conectividad a\u00e9rea de Jalisco, permitiendo al estado\u00a0crecer el hub de rutas que opera\u00a0Volaris desde la capital\u00a0a diferentes destinos\u00a0en el pa\u00eds y la Uni\u00f3n Americana, y para este destino de playa una\u00a0opci\u00f3n m\u00e1s a trav\u00e9s del banco de conexi\u00f3n ofertado por la l\u00ednea a\u00e9rea que suma m\u00e1s de 20 ciudades desde Guadalajara.\u00a0<a title=\"Puerto Vallarta promueve su oferta tur\u00edstica al viajero de Estados Unidos de cara al verano\" href=\"https:\/\/www.dev.nitu.mx\/index.php\/2023\/05\/23\/puerto-vallarta-promueve-su-oferta-turistica-al-turista-de-estados-unidos-de-cara-al-verano\/\" rel=\"bookmark\">(Puerto Vallarta promueve su oferta tur\u00edstica al viajero de Estados Unidos de cara al verano<\/a>).<\/p>\n","protected":false},"excerpt":{"rendered":"<p>A partir del mes de julio, Puerto Vallarta suma dos nuevas rutas que conectar\u00e1n con\u00a0Culiac\u00e1n\u00a0y\u00a0Mexicali, las cuales estar\u00e1n operadas por la aerol\u00ednea Volaris, por lo que la\u00a0perla verde del Pac\u00edfico mexicano\u00a0aumenta su oferta de asientos y conexi\u00f3n a estos mercados. Los vuelos tendr\u00e1n\u00a0dos\u00a0frecuencias\u00a0semanales, operando los jueves y domingos, por lo que se conectar\u00e1 de manera [&hellip;]<\/p>\n","protected":false},"author":17,"featured_media":51464,"comment_status":"open","ping_status":"open","sticky":false,"template":"","format":"standard","meta":{"footnotes":""},"categories":[29],"tags":[2592,3930,471,5168,131],"yoast_head":"<!-- This site is optimized with the Yoast SEO plugin v22.2 - https:\/\/yoast.com\/wordpress\/plugins\/seo\/ -->\n<title>Puerto Vallarta tendr\u00e1 vuelos directos de Culiac\u00e1n y Mexicali - Nitu - Noticias de la Industria Turistica<\/title>\n<meta name=\"robots\" content=\"index, follow, max-snippet:-1, max-image-preview:large, max-video-preview:-1\" \/>\n<link rel=\"canonical\" href=\"https:\/\/nitu.mx\/index.php\/2023\/05\/28\/puerto-vallarta-tendra-vuelos-directos-de-culiacan-y-mexicali\/\" \/>\n<meta name=\"twitter:card\" content=\"summary_large_image\" \/>\n<meta name=\"twitter:title\" content=\"Puerto Vallarta tendr\u00e1 vuelos directos de Culiac\u00e1n y Mexicali - Nitu - Noticias de la Industria Turistica\" \/>\n<meta name=\"twitter:description\" content=\"A partir del mes de julio, Puerto Vallarta suma dos nuevas rutas que conectar\u00e1n con\u00a0Culiac\u00e1n\u00a0y\u00a0Mexicali, las cuales estar\u00e1n operadas por la aerol\u00ednea Volaris, por lo que la\u00a0perla verde del Pac\u00edfico mexicano\u00a0aumenta su oferta de asientos y conexi\u00f3n a estos mercados. Los vuelos tendr\u00e1n\u00a0dos\u00a0frecuencias\u00a0semanales, operando los jueves y domingos, por lo que se conectar\u00e1 de manera [&hellip;]\" \/>\n<meta name=\"twitter:image\" content=\"https:\/\/nitu.mx\/wp-content\/uploads\/2021\/04\/Aeropuerto-Puerto-Vallarta.jpg\" \/>\n<meta name=\"twitter:creator\" content=\"@NITUmx\" \/>\n<meta name=\"twitter:site\" content=\"@Arturo_Medina_G\" \/>\n<meta name=\"twitter:label1\" content=\"Escrito por\" \/>\n\t<meta name=\"twitter:data1\" content=\"Redacci\u00f3n\" \/>\n\t<meta name=\"twitter:label2\" content=\"Tiempo de lectura\" \/>\n\t<meta name=\"twitter:data2\" content=\"2 minutos\" \/>\n<script type=\"application\/ld+json\" class=\"yoast-schema-graph\">{\"@context\":\"https:\/\/schema.org\",\"@graph\":[{\"@type\":\"Article\",\"@id\":\"https:\/\/nitu.mx\/index.php\/2023\/05\/28\/puerto-vallarta-tendra-vuelos-directos-de-culiacan-y-mexicali\/#article\",\"isPartOf\":{\"@id\":\"https:\/\/nitu.mx\/index.php\/2023\/05\/28\/puerto-vallarta-tendra-vuelos-directos-de-culiacan-y-mexicali\/\"},\"author\":{\"name\":\"Redacci\u00f3n\",\"@id\":\"https:\/\/nitu.mx\/#\/schema\/person\/4a28fe9bd65924f7c90623773daf1b0b\"},\"headline\":\"Puerto Vallarta tendr\u00e1 vuelos directos de Culiac\u00e1n y Mexicali\",\"datePublished\":\"2023-05-28T20:45:36+00:00\",\"dateModified\":\"2023-05-29T05:57:40+00:00\",\"mainEntityOfPage\":{\"@id\":\"https:\/\/nitu.mx\/index.php\/2023\/05\/28\/puerto-vallarta-tendra-vuelos-directos-de-culiacan-y-mexicali\/\"},\"wordCount\":331,\"commentCount\":0,\"publisher\":{\"@id\":\"https:\/\/nitu.mx\/#\/schema\/person\/ae7a53426417292d3dd07b45a33e01bc\"},\"image\":{\"@id\":\"https:\/\/nitu.mx\/index.php\/2023\/05\/28\/puerto-vallarta-tendra-vuelos-directos-de-culiacan-y-mexicali\/#primaryimage\"},\"thumbnailUrl\":\"https:\/\/nitu.mx\/wp-content\/uploads\/2021\/04\/Aeropuerto-Puerto-Vallarta.jpg\",\"keywords\":[\"Culiac\u00e1n\",\"Mexicali\",\"Puerto Vallarta\",\"rutas\",\"Volaris\"],\"articleSection\":[\"Aerol\u00edneas\"],\"inLanguage\":\"es-MX\",\"potentialAction\":[{\"@type\":\"CommentAction\",\"name\":\"Comment\",\"target\":[\"https:\/\/nitu.mx\/index.php\/2023\/05\/28\/puerto-vallarta-tendra-vuelos-directos-de-culiacan-y-mexicali\/#respond\"]}]},{\"@type\":\"WebPage\",\"@id\":\"https:\/\/nitu.mx\/index.php\/2023\/05\/28\/puerto-vallarta-tendra-vuelos-directos-de-culiacan-y-mexicali\/\",\"url\":\"https:\/\/nitu.mx\/index.php\/2023\/05\/28\/puerto-vallarta-tendra-vuelos-directos-de-culiacan-y-mexicali\/\",\"name\":\"Puerto Vallarta tendr\u00e1 vuelos directos de Culiac\u00e1n y Mexicali - Nitu - Noticias de la Industria Turistica\",\"isPartOf\":{\"@id\":\"https:\/\/nitu.mx\/#website\"},\"primaryImageOfPage\":{\"@id\":\"https:\/\/nitu.mx\/index.php\/2023\/05\/28\/puerto-vallarta-tendra-vuelos-directos-de-culiacan-y-mexicali\/#primaryimage\"},\"image\":{\"@id\":\"https:\/\/nitu.mx\/index.php\/2023\/05\/28\/puerto-vallarta-tendra-vuelos-directos-de-culiacan-y-mexicali\/#primaryimage\"},\"thumbnailUrl\":\"https:\/\/nitu.mx\/wp-content\/uploads\/2021\/04\/Aeropuerto-Puerto-Vallarta.jpg\",\"datePublished\":\"2023-05-28T20:45:36+00:00\",\"dateModified\":\"2023-05-29T05:57:40+00:00\",\"breadcrumb\":{\"@id\":\"https:\/\/nitu.mx\/index.php\/2023\/05\/28\/puerto-vallarta-tendra-vuelos-directos-de-culiacan-y-mexicali\/#breadcrumb\"},\"inLanguage\":\"es-MX\",\"potentialAction\":[{\"@type\":\"ReadAction\",\"target\":[\"https:\/\/nitu.mx\/index.php\/2023\/05\/28\/puerto-vallarta-tendra-vuelos-directos-de-culiacan-y-mexicali\/\"]}]},{\"@type\":\"ImageObject\",\"inLanguage\":\"es-MX\",\"@id\":\"https:\/\/nitu.mx\/index.php\/2023\/05\/28\/puerto-vallarta-tendra-vuelos-directos-de-culiacan-y-mexicali\/#primaryimage\",\"url\":\"https:\/\/nitu.mx\/wp-content\/uploads\/2021\/04\/Aeropuerto-Puerto-Vallarta.jpg\",\"contentUrl\":\"https:\/\/nitu.mx\/wp-content\/uploads\/2021\/04\/Aeropuerto-Puerto-Vallarta.jpg\",\"width\":1200,\"height\":675,\"caption\":\"Spirit Airlines Puerto Vallarta IATA\"},{\"@type\":\"BreadcrumbList\",\"@id\":\"https:\/\/nitu.mx\/index.php\/2023\/05\/28\/puerto-vallarta-tendra-vuelos-directos-de-culiacan-y-mexicali\/#breadcrumb\",\"itemListElement\":[{\"@type\":\"ListItem\",\"position\":1,\"name\":\"Inicio\",\"item\":\"https:\/\/nitu.mx\/\"},{\"@type\":\"ListItem\",\"position\":2,\"name\":\"Puerto Vallarta tendr\u00e1 vuelos directos de Culiac\u00e1n y Mexicali\"}]},{\"@type\":\"WebSite\",\"@id\":\"https:\/\/nitu.mx\/#website\",\"url\":\"https:\/\/nitu.mx\/\",\"name\":\"Nitu - Noticias de la Industria Turistica\",\"description\":\"Noticias de la Industria Turistica\",\"publisher\":{\"@id\":\"https:\/\/nitu.mx\/#\/schema\/person\/ae7a53426417292d3dd07b45a33e01bc\"},\"alternateName\":\"Noticias de la Industria Turistica\",\"potentialAction\":[{\"@type\":\"SearchAction\",\"target\":{\"@type\":\"EntryPoint\",\"urlTemplate\":\"https:\/\/nitu.mx\/?s={search_term_string}\"},\"query-input\":\"required name=search_term_string\"}],\"inLanguage\":\"es-MX\"},{\"@type\":[\"Person\",\"Organization\"],\"@id\":\"https:\/\/nitu.mx\/#\/schema\/person\/ae7a53426417292d3dd07b45a33e01bc\",\"name\":\"Arturo Medina\",\"image\":{\"@type\":\"ImageObject\",\"inLanguage\":\"es-MX\",\"@id\":\"https:\/\/nitu.mx\/#\/schema\/person\/image\/\",\"url\":\"https:\/\/nitu.mx\/wp-content\/uploads\/2024\/04\/4A315622-1904-4D5C-B022-878CDC840E04-90x90-1.jpeg\",\"contentUrl\":\"https:\/\/nitu.mx\/wp-content\/uploads\/2024\/04\/4A315622-1904-4D5C-B022-878CDC840E04-90x90-1.jpeg\",\"width\":90,\"height\":90,\"caption\":\"Arturo Medina\"},\"logo\":{\"@id\":\"https:\/\/nitu.mx\/#\/schema\/person\/image\/\"},\"description\":\"Director NITU.mx, Egresado de la Escuela de Periodismo Carlos Septi\u00e9n Garc\u00eda. Periodista y analista especializado en turismo desde hace 35 a\u00f1os, radicado en Canc\u00fan Q.Roo. arturo@nitu.mx\",\"sameAs\":[\"https:\/\/nitu.mx\",\"https:\/\/www.facebook.com\/NITUmx\/\",\"medinacancun\",\"https:\/\/twitter.com\/@Arturo_Medina_G\"]},{\"@type\":\"Person\",\"@id\":\"https:\/\/nitu.mx\/#\/schema\/person\/4a28fe9bd65924f7c90623773daf1b0b\",\"name\":\"Redacci\u00f3n\",\"image\":{\"@type\":\"ImageObject\",\"inLanguage\":\"es-MX\",\"@id\":\"https:\/\/nitu.mx\/#\/schema\/person\/image\/\",\"url\":\"https:\/\/secure.gravatar.com\/avatar\/5dd011c8ccfc5cd7e4c81e42252aab38?s=96&d=mm&r=g\",\"contentUrl\":\"https:\/\/secure.gravatar.com\/avatar\/5dd011c8ccfc5cd7e4c81e42252aab38?s=96&d=mm&r=g\",\"caption\":\"Redacci\u00f3n\"},\"url\":\"https:\/\/nitu.mx\/index.php\/author\/redaccion\/\"}]}<\/script>\n<!-- \/ Yoast SEO plugin. -->","yoast_head_json":{"title":"Puerto Vallarta tendr\u00e1 vuelos directos de Culiac\u00e1n y Mexicali - Nitu - Noticias de la Industria Turistica","robots":{"index":"index","follow":"follow","max-snippet":"max-snippet:-1","max-image-preview":"max-image-preview:large","max-video-preview":"max-video-preview:-1"},"canonical":"https:\/\/nitu.mx\/index.php\/2023\/05\/28\/puerto-vallarta-tendra-vuelos-directos-de-culiacan-y-mexicali\/","twitter_card":"summary_large_image","twitter_title":"Puerto Vallarta tendr\u00e1 vuelos directos de Culiac\u00e1n y Mexicali - Nitu - Noticias de la Industria Turistica","twitter_description":"A partir del mes de julio, Puerto Vallarta suma dos nuevas rutas que conectar\u00e1n con\u00a0Culiac\u00e1n\u00a0y\u00a0Mexicali, las cuales estar\u00e1n operadas por la aerol\u00ednea Volaris, por lo que la\u00a0perla verde del Pac\u00edfico mexicano\u00a0aumenta su oferta de asientos y conexi\u00f3n a estos mercados. Los vuelos tendr\u00e1n\u00a0dos\u00a0frecuencias\u00a0semanales, operando los jueves y domingos, por lo que se conectar\u00e1 de manera [&hellip;]","twitter_image":"https:\/\/nitu.mx\/wp-content\/uploads\/2021\/04\/Aeropuerto-Puerto-Vallarta.jpg","twitter_creator":"@NITUmx","twitter_site":"@Arturo_Medina_G","twitter_misc":{"Escrito por":"Redacci\u00f3n","Tiempo de lectura":"2 minutos"},"schema":{"@context":"https:\/\/schema.org","@graph":[{"@type":"Article","@id":"https:\/\/nitu.mx\/index.php\/2023\/05\/28\/puerto-vallarta-tendra-vuelos-directos-de-culiacan-y-mexicali\/#article","isPartOf":{"@id":"https:\/\/nitu.mx\/index.php\/2023\/05\/28\/puerto-vallarta-tendra-vuelos-directos-de-culiacan-y-mexicali\/"},"author":{"name":"Redacci\u00f3n","@id":"https:\/\/nitu.mx\/#\/schema\/person\/4a28fe9bd65924f7c90623773daf1b0b"},"headline":"Puerto Vallarta tendr\u00e1 vuelos directos de Culiac\u00e1n y Mexicali","datePublished":"2023-05-28T20:45:36+00:00","dateModified":"2023-05-29T05:57:40+00:00","mainEntityOfPage":{"@id":"https:\/\/nitu.mx\/index.php\/2023\/05\/28\/puerto-vallarta-tendra-vuelos-directos-de-culiacan-y-mexicali\/"},"wordCount":331,"commentCount":0,"publisher":{"@id":"https:\/\/nitu.mx\/#\/schema\/person\/ae7a53426417292d3dd07b45a33e01bc"},"image":{"@id":"https:\/\/nitu.mx\/index.php\/2023\/05\/28\/puerto-vallarta-tendra-vuelos-directos-de-culiacan-y-mexicali\/#primaryimage"},"thumbnailUrl":"https:\/\/nitu.mx\/wp-content\/uploads\/2021\/04\/Aeropuerto-Puerto-Vallarta.jpg","keywords":["Culiac\u00e1n","Mexicali","Puerto Vallarta","rutas","Volaris"],"articleSection":["Aerol\u00edneas"],"inLanguage":"es-MX","potentialAction":[{"@type":"CommentAction","name":"Comment","target":["https:\/\/nitu.mx\/index.php\/2023\/05\/28\/puerto-vallarta-tendra-vuelos-directos-de-culiacan-y-mexicali\/#respond"]}]},{"@type":"WebPage","@id":"https:\/\/nitu.mx\/index.php\/2023\/05\/28\/puerto-vallarta-tendra-vuelos-directos-de-culiacan-y-mexicali\/","url":"https:\/\/nitu.mx\/index.php\/2023\/05\/28\/puerto-vallarta-tendra-vuelos-directos-de-culiacan-y-mexicali\/","name":"Puerto Vallarta tendr\u00e1 vuelos directos de Culiac\u00e1n y Mexicali - Nitu - Noticias de la Industria Turistica","isPartOf":{"@id":"https:\/\/nitu.mx\/#website"},"primaryImageOfPage":{"@id":"https:\/\/nitu.mx\/index.php\/2023\/05\/28\/puerto-vallarta-tendra-vuelos-directos-de-culiacan-y-mexicali\/#primaryimage"},"image":{"@id":"https:\/\/nitu.mx\/index.php\/2023\/05\/28\/puerto-vallarta-tendra-vuelos-directos-de-culiacan-y-mexicali\/#primaryimage"},"thumbnailUrl":"https:\/\/nitu.mx\/wp-content\/uploads\/2021\/04\/Aeropuerto-Puerto-Vallarta.jpg","datePublished":"2023-05-28T20:45:36+00:00","dateModified":"2023-05-29T05:57:40+00:00","breadcrumb":{"@id":"https:\/\/nitu.mx\/index.php\/2023\/05\/28\/puerto-vallarta-tendra-vuelos-directos-de-culiacan-y-mexicali\/#breadcrumb"},"inLanguage":"es-MX","potentialAction":[{"@type":"ReadAction","target":["https:\/\/nitu.mx\/index.php\/2023\/05\/28\/puerto-vallarta-tendra-vuelos-directos-de-culiacan-y-mexicali\/"]}]},{"@type":"ImageObject","inLanguage":"es-MX","@id":"https:\/\/nitu.mx\/index.php\/2023\/05\/28\/puerto-vallarta-tendra-vuelos-directos-de-culiacan-y-mexicali\/#primaryimage","url":"https:\/\/nitu.mx\/wp-content\/uploads\/2021\/04\/Aeropuerto-Puerto-Vallarta.jpg","contentUrl":"https:\/\/nitu.mx\/wp-content\/uploads\/2021\/04\/Aeropuerto-Puerto-Vallarta.jpg","width":1200,"height":675,"caption":"Spirit Airlines Puerto Vallarta IATA"},{"@type":"BreadcrumbList","@id":"https:\/\/nitu.mx\/index.php\/2023\/05\/28\/puerto-vallarta-tendra-vuelos-directos-de-culiacan-y-mexicali\/#breadcrumb","itemListElement":[{"@type":"ListItem","position":1,"name":"Inicio","item":"https:\/\/nitu.mx\/"},{"@type":"ListItem","position":2,"name":"Puerto Vallarta tendr\u00e1 vuelos directos de Culiac\u00e1n y Mexicali"}]},{"@type":"WebSite","@id":"https:\/\/nitu.mx\/#website","url":"https:\/\/nitu.mx\/","name":"Nitu - Noticias de la Industria Turistica","description":"Noticias de la Industria Turistica","publisher":{"@id":"https:\/\/nitu.mx\/#\/schema\/person\/ae7a53426417292d3dd07b45a33e01bc"},"alternateName":"Noticias de la Industria Turistica","potentialAction":[{"@type":"SearchAction","target":{"@type":"EntryPoint","urlTemplate":"https:\/\/nitu.mx\/?s={search_term_string}"},"query-input":"required name=search_term_string"}],"inLanguage":"es-MX"},{"@type":["Person","Organization"],"@id":"https:\/\/nitu.mx\/#\/schema\/person\/ae7a53426417292d3dd07b45a33e01bc","name":"Arturo Medina","image":{"@type":"ImageObject","inLanguage":"es-MX","@id":"https:\/\/nitu.mx\/#\/schema\/person\/image\/","url":"https:\/\/nitu.mx\/wp-content\/uploads\/2024\/04\/4A315622-1904-4D5C-B022-878CDC840E04-90x90-1.jpeg","contentUrl":"https:\/\/nitu.mx\/wp-content\/uploads\/2024\/04\/4A315622-1904-4D5C-B022-878CDC840E04-90x90-1.jpeg","width":90,"height":90,"caption":"Arturo Medina"},"logo":{"@id":"https:\/\/nitu.mx\/#\/schema\/person\/image\/"},"description":"Director NITU.mx, Egresado de la Escuela de Periodismo Carlos Septi\u00e9n Garc\u00eda. Periodista y analista especializado en turismo desde hace 35 a\u00f1os, radicado en Canc\u00fan Q.Roo. arturo@nitu.mx","sameAs":["https:\/\/nitu.mx","https:\/\/www.facebook.com\/NITUmx\/","medinacancun","https:\/\/twitter.com\/@Arturo_Medina_G"]},{"@type":"Person","@id":"https:\/\/nitu.mx\/#\/schema\/person\/4a28fe9bd65924f7c90623773daf1b0b","name":"Redacci\u00f3n","image":{"@type":"ImageObject","inLanguage":"es-MX","@id":"https:\/\/nitu.mx\/#\/schema\/person\/image\/","url":"https:\/\/secure.gravatar.com\/avatar\/5dd011c8ccfc5cd7e4c81e42252aab38?s=96&d=mm&r=g","contentUrl":"https:\/\/secure.gravatar.com\/avatar\/5dd011c8ccfc5cd7e4c81e42252aab38?s=96&d=mm&r=g","caption":"Redacci\u00f3n"},"url":"https:\/\/nitu.mx\/index.php\/author\/redaccion\/"}]}},"views":890,"_links":{"self":[{"href":"https:\/\/nitu.mx\/index.php\/wp-json\/wp\/v2\/posts\/64635"}],"collection":[{"href":"https:\/\/nitu.mx\/index.php\/wp-json\/wp\/v2\/posts"}],"about":[{"href":"https:\/\/nitu.mx\/index.php\/wp-json\/wp\/v2\/types\/post"}],"author":[{"embeddable":true,"href":"https:\/\/nitu.mx\/index.php\/wp-json\/wp\/v2\/users\/17"}],"replies":[{"embeddable":true,"href":"https:\/\/nitu.mx\/index.php\/wp-json\/wp\/v2\/comments?post=64635"}],"version-history":[{"count":1,"href":"https:\/\/nitu.mx\/index.php\/wp-json\/wp\/v2\/posts\/64635\/revisions"}],"predecessor-version":[{"id":64636,"href":"https:\/\/nitu.mx\/index.php\/wp-json\/wp\/v2\/posts\/64635\/revisions\/64636"}],"wp:featuredmedia":[{"embeddable":true,"href":"https:\/\/nitu.mx\/index.php\/wp-json\/wp\/v2\/media\/51464"}],"wp:attachment":[{"href":"https:\/\/nitu.mx\/index.php\/wp-json\/wp\/v2\/media?parent=64635"}],"wp:term":[{"taxonomy":"category","embeddable":true,"href":"https:\/\/nitu.mx\/index.php\/wp-json\/wp\/v2\/categories?post=64635"},{"taxonomy":"post_tag","embeddable":true,"href":"https:\/\/nitu.mx\/index.php\/wp-json\/wp\/v2\/tags?post=64635"}],"curies":[{"name":"wp","href":"https:\/\/api.w.org\/{rel}","templated":true}]}}