{"id":64617,"date":"2023-05-25T23:40:25","date_gmt":"2023-05-26T04:40:25","guid":{"rendered":"https:\/\/www.dev.nitu.mx\/?p=64617"},"modified":"2023-05-25T23:55:53","modified_gmt":"2023-05-26T04:55:53","slug":"air-canada-anuncia-su-nueva-ruta-de-monterrey-a-toronto","status":"publish","type":"post","link":"https:\/\/nitu.mx\/index.php\/2023\/05\/25\/air-canada-anuncia-su-nueva-ruta-de-monterrey-a-toronto\/","title":{"rendered":"Air Canada anuncia su nueva ruta de Monterrey a Toronto"},"content":{"rendered":"<p style=\"font-weight: 400;\">Air Canada, junto con la Secretar\u00eda de Turismo de Nuevo Le\u00f3n y el Grupo Aeroportuario Centro Norte (OMA), anunci\u00f3 el inicio de sus operaciones en el Aeropuerto de Monterrey, convirti\u00e9ndose en la \u00fanica aerol\u00ednea de Canad\u00e1 que ofrece vuelos directos entre ambos destinos. A partir del 29 de octubre de 2023, los viajeros podr\u00e1n disfrutar de una ruta regular que conectar\u00e1 a Monterrey con Toronto, uno de los principales centros econ\u00f3micos y culturales de Canad\u00e1.<\/p>\n<p style=\"font-weight: 400;\">Esta nueva conexi\u00f3n representa un hito importante para Air Canada, el Aeropuerto de Monterrey y Nuevo Le\u00f3n, ya que no solo establece una v\u00eda directa entre Monterrey y Toronto, sino que tambi\u00e9n refuerza los lazos comerciales y tur\u00edsticos entre M\u00e9xico y Canad\u00e1. La ciudad de Monterrey, reconocida como la segunda metr\u00f3poli m\u00e1s grande de M\u00e9xico, es un centro de negocios en constante crecimiento que alberga sedes empresariales e intereses comerciales clave.<\/p>\n<p style=\"font-weight: 400;\">Los vuelos entre Monterrey y Toronto ser\u00e1n operados con aeronaves\u00a0Airbus A220, ofreciendo a los pasajeros una experiencia de vuelo c\u00f3moda y segura. La aerol\u00ednea\u00a0brindar\u00e1 un servicio de alta calidad, con atenci\u00f3n personalizada y una amplia gama de opciones para satisfacer las necesidades de los viajeros.<\/p>\n<p style=\"font-weight: 400;\">Luis Noriega, director de Ventas para Am\u00e9rica Latina y el Caribe mencion\u00f3 que \u201cEste anuncio es un gran logro, pero sobre todo es el resultado del trabajo en equipo con las autoridades del estado de Nuevo Le\u00f3n y el Grupo OMA. Poder a\u00f1adir a Monterrey, polo importante de desarrollo econ\u00f3mico y tur\u00edstico del pa\u00eds, a nuestro hub global en Toronto con cuatro frecuencias semanales -en una configuraci\u00f3n de 12 asientos en clase ejecutiva y 125 en econ\u00f3mica- es una gran noticia, de esta manera ofreceremos m\u00e1s conexiones al resto de Canad\u00e1, Europa, \u00c1frica y Asia.\u201d<\/p>\n<p style=\"font-weight: 400;\">\u201cDamos la bienvenida a Air Canada. Esta apertura fortalece la red de conectividad internacional del Aeropuerto de Monterrey, brindando m\u00e1s opciones de vuelo a los pasajeros y a su vez fortalece nuestra estrategia de hacer de Monterrey el centro de conexiones del norte del pa\u00eds\u201d, coment\u00f3 Ricardo Due\u00f1as, director general de OMA.<\/p>\n<p style=\"font-weight: 400;\">\u201cAir Canada nos conecta con el hub comercial de Toronto y reafirma que Nuevo Le\u00f3n est\u00e1 en la mira internacional. Desde el Gobierno del Estado trabajamos para convertirnos en la opci\u00f3n ideal para los turistas internacionales en todos los sentidos. Nuestra diversificaci\u00f3n de productos tur\u00edsticos nos ubica como un destino de grandes experiencias, y estas cuatro frecuencias que se incluyen a la oferta del Aeropuerto Internacional de Monterrey nos acercan cada vez m\u00e1s a ese p\u00fablico potencial que se interesa en la versatilidad y gran valor cultural que ofrece Nuevo Le\u00f3n&#8221;,\u00a0expres\u00f3 Maricarmen Mart\u00ednez Villarreal, secretaria de Turismo de Nuevo Le\u00f3n.<\/p>\n<p style=\"font-weight: 400;\">La funcionaria agreg\u00f3: &#8220;Felicitamos a Air Canada por este gran esfuerzo para unir dos de las ciudades m\u00e1s importantes de la regi\u00f3n con su flota de \u00faltima generaci\u00f3n, lo que har\u00e1 m\u00e1s atractivo, c\u00f3modo y placentero el viaje para cualquier visitante. \u00a1Enhorabuena!\u201d.<\/p>\n<p style=\"font-weight: 400;\">Adicionalmente, Air Canada anuncia un crecimiento en la regi\u00f3n de Latinoam\u00e9rica con rutas desde Los Cabos, Baja California Sur a Montreal, adem\u00e1s de la apertura de La Romana en Rep\u00fablica Dominicana y Fort-de-France, Martinica; as\u00ed como la expansi\u00f3n desde varios puntos en Canad\u00e1 a rutas en M\u00e9xico, Estados Unidos. y el Caribe.<\/p>\n<p style=\"font-weight: 400;\">\u201cObservamos una fuerte demanda hacia y desde M\u00e9xico y el Caribe a Canad\u00e1, por lo que a partir de este pr\u00f3ximo invierno contaremos con 683 vuelos semanales. Estamos muy emocionados de dar el anuncio de nuevos y atractivos servicios con esta expansi\u00f3n de rutas tanto de Vancouver como de otros hubs en Canad\u00e1 a esta regi\u00f3n que adem\u00e1s est\u00e1n dise\u00f1ados para conectar c\u00f3modamente con nuestros dem\u00e1s destinos y de esta manera fortalecer nuestra estrategia de crecimiento general\u201d coment\u00f3 Mark Galardo, vicepresidente Ejecutivo Revenue and Network Planning de Air Canada.\u00a0\u00a0<a title=\"Air Canada renueva su asociaci\u00f3n exclusiva con el Cirque du Soleil hasta 2024\" href=\"https:\/\/www.dev.nitu.mx\/index.php\/2023\/01\/03\/air-canada-renueva-su-asociacion-exclusiva-con-el-cirque-du-soleil-hasta-2024\/\" rel=\"bookmark\">(Air Canada renueva su asociaci\u00f3n exclusiva con el Cirque du Soleil hasta 2024<\/a>).<\/p>\n","protected":false},"excerpt":{"rendered":"<p>Air Canada, junto con la Secretar\u00eda de Turismo de Nuevo Le\u00f3n y el Grupo Aeroportuario Centro Norte (OMA), anunci\u00f3 el inicio de sus operaciones en el Aeropuerto de Monterrey, convirti\u00e9ndose en la \u00fanica aerol\u00ednea de Canad\u00e1 que ofrece vuelos directos entre ambos destinos. A partir del 29 de octubre de 2023, los viajeros podr\u00e1n disfrutar [&hellip;]<\/p>\n","protected":false},"author":17,"featured_media":39320,"comment_status":"open","ping_status":"open","sticky":false,"template":"","format":"standard","meta":{"footnotes":""},"categories":[29],"tags":[1700,1701,23777,491,850,701,1052],"yoast_head":"<!-- This site is optimized with the Yoast SEO plugin v22.2 - https:\/\/yoast.com\/wordpress\/plugins\/seo\/ -->\n<title>Air Canada anuncia su nueva ruta de Monterrey a Toronto - Nitu - Noticias de la Industria Turistica<\/title>\n<meta name=\"robots\" content=\"index, follow, max-snippet:-1, max-image-preview:large, max-video-preview:-1\" \/>\n<link rel=\"canonical\" href=\"https:\/\/nitu.mx\/index.php\/2023\/05\/25\/air-canada-anuncia-su-nueva-ruta-de-monterrey-a-toronto\/\" \/>\n<meta name=\"twitter:card\" content=\"summary_large_image\" \/>\n<meta name=\"twitter:title\" content=\"Air Canada anuncia su nueva ruta de Monterrey a Toronto - Nitu - Noticias de la Industria Turistica\" \/>\n<meta name=\"twitter:description\" content=\"Air Canada, junto con la Secretar\u00eda de Turismo de Nuevo Le\u00f3n y el Grupo Aeroportuario Centro Norte (OMA), anunci\u00f3 el inicio de sus operaciones en el Aeropuerto de Monterrey, convirti\u00e9ndose en la \u00fanica aerol\u00ednea de Canad\u00e1 que ofrece vuelos directos entre ambos destinos. A partir del 29 de octubre de 2023, los viajeros podr\u00e1n disfrutar [&hellip;]\" \/>\n<meta name=\"twitter:image\" content=\"https:\/\/nitu.mx\/wp-content\/uploads\/2020\/01\/Air-Canada-737-MAX.jpg\" \/>\n<meta name=\"twitter:creator\" content=\"@NITUmx\" \/>\n<meta name=\"twitter:site\" content=\"@Arturo_Medina_G\" \/>\n<meta name=\"twitter:label1\" content=\"Escrito por\" \/>\n\t<meta name=\"twitter:data1\" content=\"Redacci\u00f3n\" \/>\n\t<meta name=\"twitter:label2\" content=\"Tiempo de lectura\" \/>\n\t<meta name=\"twitter:data2\" content=\"3 minutos\" \/>\n<script type=\"application\/ld+json\" class=\"yoast-schema-graph\">{\"@context\":\"https:\/\/schema.org\",\"@graph\":[{\"@type\":\"Article\",\"@id\":\"https:\/\/nitu.mx\/index.php\/2023\/05\/25\/air-canada-anuncia-su-nueva-ruta-de-monterrey-a-toronto\/#article\",\"isPartOf\":{\"@id\":\"https:\/\/nitu.mx\/index.php\/2023\/05\/25\/air-canada-anuncia-su-nueva-ruta-de-monterrey-a-toronto\/\"},\"author\":{\"name\":\"Redacci\u00f3n\",\"@id\":\"https:\/\/nitu.mx\/#\/schema\/person\/4a28fe9bd65924f7c90623773daf1b0b\"},\"headline\":\"Air Canada anuncia su nueva ruta de Monterrey a Toronto\",\"datePublished\":\"2023-05-26T04:40:25+00:00\",\"dateModified\":\"2023-05-26T04:55:53+00:00\",\"mainEntityOfPage\":{\"@id\":\"https:\/\/nitu.mx\/index.php\/2023\/05\/25\/air-canada-anuncia-su-nueva-ruta-de-monterrey-a-toronto\/\"},\"wordCount\":702,\"commentCount\":0,\"publisher\":{\"@id\":\"https:\/\/nitu.mx\/#\/schema\/person\/ae7a53426417292d3dd07b45a33e01bc\"},\"image\":{\"@id\":\"https:\/\/nitu.mx\/index.php\/2023\/05\/25\/air-canada-anuncia-su-nueva-ruta-de-monterrey-a-toronto\/#primaryimage\"},\"thumbnailUrl\":\"https:\/\/nitu.mx\/wp-content\/uploads\/2020\/01\/Air-Canada-737-MAX.jpg\",\"keywords\":[\"Air Canada\",\"Luis Noriega\",\"Maricarmen Mart\u00ednez\",\"Monterrey\",\"Nuevo Le\u00f3n\",\"OMA\",\"Toronto\"],\"articleSection\":[\"Aerol\u00edneas\"],\"inLanguage\":\"es-MX\",\"potentialAction\":[{\"@type\":\"CommentAction\",\"name\":\"Comment\",\"target\":[\"https:\/\/nitu.mx\/index.php\/2023\/05\/25\/air-canada-anuncia-su-nueva-ruta-de-monterrey-a-toronto\/#respond\"]}]},{\"@type\":\"WebPage\",\"@id\":\"https:\/\/nitu.mx\/index.php\/2023\/05\/25\/air-canada-anuncia-su-nueva-ruta-de-monterrey-a-toronto\/\",\"url\":\"https:\/\/nitu.mx\/index.php\/2023\/05\/25\/air-canada-anuncia-su-nueva-ruta-de-monterrey-a-toronto\/\",\"name\":\"Air Canada anuncia su nueva ruta de Monterrey a Toronto - Nitu - Noticias de la Industria Turistica\",\"isPartOf\":{\"@id\":\"https:\/\/nitu.mx\/#website\"},\"primaryImageOfPage\":{\"@id\":\"https:\/\/nitu.mx\/index.php\/2023\/05\/25\/air-canada-anuncia-su-nueva-ruta-de-monterrey-a-toronto\/#primaryimage\"},\"image\":{\"@id\":\"https:\/\/nitu.mx\/index.php\/2023\/05\/25\/air-canada-anuncia-su-nueva-ruta-de-monterrey-a-toronto\/#primaryimage\"},\"thumbnailUrl\":\"https:\/\/nitu.mx\/wp-content\/uploads\/2020\/01\/Air-Canada-737-MAX.jpg\",\"datePublished\":\"2023-05-26T04:40:25+00:00\",\"dateModified\":\"2023-05-26T04:55:53+00:00\",\"breadcrumb\":{\"@id\":\"https:\/\/nitu.mx\/index.php\/2023\/05\/25\/air-canada-anuncia-su-nueva-ruta-de-monterrey-a-toronto\/#breadcrumb\"},\"inLanguage\":\"es-MX\",\"potentialAction\":[{\"@type\":\"ReadAction\",\"target\":[\"https:\/\/nitu.mx\/index.php\/2023\/05\/25\/air-canada-anuncia-su-nueva-ruta-de-monterrey-a-toronto\/\"]}]},{\"@type\":\"ImageObject\",\"inLanguage\":\"es-MX\",\"@id\":\"https:\/\/nitu.mx\/index.php\/2023\/05\/25\/air-canada-anuncia-su-nueva-ruta-de-monterrey-a-toronto\/#primaryimage\",\"url\":\"https:\/\/nitu.mx\/wp-content\/uploads\/2020\/01\/Air-Canada-737-MAX.jpg\",\"contentUrl\":\"https:\/\/nitu.mx\/wp-content\/uploads\/2020\/01\/Air-Canada-737-MAX.jpg\",\"width\":850,\"height\":480,\"caption\":\"Air Canada 737 MAX\"},{\"@type\":\"BreadcrumbList\",\"@id\":\"https:\/\/nitu.mx\/index.php\/2023\/05\/25\/air-canada-anuncia-su-nueva-ruta-de-monterrey-a-toronto\/#breadcrumb\",\"itemListElement\":[{\"@type\":\"ListItem\",\"position\":1,\"name\":\"Inicio\",\"item\":\"https:\/\/nitu.mx\/\"},{\"@type\":\"ListItem\",\"position\":2,\"name\":\"Air Canada anuncia su nueva ruta de Monterrey a Toronto\"}]},{\"@type\":\"WebSite\",\"@id\":\"https:\/\/nitu.mx\/#website\",\"url\":\"https:\/\/nitu.mx\/\",\"name\":\"Nitu - Noticias de la Industria Turistica\",\"description\":\"Noticias de la Industria Turistica\",\"publisher\":{\"@id\":\"https:\/\/nitu.mx\/#\/schema\/person\/ae7a53426417292d3dd07b45a33e01bc\"},\"alternateName\":\"Noticias de la Industria Turistica\",\"potentialAction\":[{\"@type\":\"SearchAction\",\"target\":{\"@type\":\"EntryPoint\",\"urlTemplate\":\"https:\/\/nitu.mx\/?s={search_term_string}\"},\"query-input\":\"required name=search_term_string\"}],\"inLanguage\":\"es-MX\"},{\"@type\":[\"Person\",\"Organization\"],\"@id\":\"https:\/\/nitu.mx\/#\/schema\/person\/ae7a53426417292d3dd07b45a33e01bc\",\"name\":\"Arturo Medina\",\"image\":{\"@type\":\"ImageObject\",\"inLanguage\":\"es-MX\",\"@id\":\"https:\/\/nitu.mx\/#\/schema\/person\/image\/\",\"url\":\"https:\/\/nitu.mx\/wp-content\/uploads\/2024\/04\/4A315622-1904-4D5C-B022-878CDC840E04-90x90-1.jpeg\",\"contentUrl\":\"https:\/\/nitu.mx\/wp-content\/uploads\/2024\/04\/4A315622-1904-4D5C-B022-878CDC840E04-90x90-1.jpeg\",\"width\":90,\"height\":90,\"caption\":\"Arturo Medina\"},\"logo\":{\"@id\":\"https:\/\/nitu.mx\/#\/schema\/person\/image\/\"},\"description\":\"Director NITU.mx, Egresado de la Escuela de Periodismo Carlos Septi\u00e9n Garc\u00eda. Periodista y analista especializado en turismo desde hace 35 a\u00f1os, radicado en Canc\u00fan Q.Roo. arturo@nitu.mx\",\"sameAs\":[\"https:\/\/nitu.mx\",\"https:\/\/www.facebook.com\/NITUmx\/\",\"medinacancun\",\"https:\/\/twitter.com\/@Arturo_Medina_G\"]},{\"@type\":\"Person\",\"@id\":\"https:\/\/nitu.mx\/#\/schema\/person\/4a28fe9bd65924f7c90623773daf1b0b\",\"name\":\"Redacci\u00f3n\",\"image\":{\"@type\":\"ImageObject\",\"inLanguage\":\"es-MX\",\"@id\":\"https:\/\/nitu.mx\/#\/schema\/person\/image\/\",\"url\":\"https:\/\/secure.gravatar.com\/avatar\/5dd011c8ccfc5cd7e4c81e42252aab38?s=96&d=mm&r=g\",\"contentUrl\":\"https:\/\/secure.gravatar.com\/avatar\/5dd011c8ccfc5cd7e4c81e42252aab38?s=96&d=mm&r=g\",\"caption\":\"Redacci\u00f3n\"},\"url\":\"https:\/\/nitu.mx\/index.php\/author\/redaccion\/\"}]}<\/script>\n<!-- \/ Yoast SEO plugin. -->","yoast_head_json":{"title":"Air Canada anuncia su nueva ruta de Monterrey a Toronto - Nitu - Noticias de la Industria Turistica","robots":{"index":"index","follow":"follow","max-snippet":"max-snippet:-1","max-image-preview":"max-image-preview:large","max-video-preview":"max-video-preview:-1"},"canonical":"https:\/\/nitu.mx\/index.php\/2023\/05\/25\/air-canada-anuncia-su-nueva-ruta-de-monterrey-a-toronto\/","twitter_card":"summary_large_image","twitter_title":"Air Canada anuncia su nueva ruta de Monterrey a Toronto - Nitu - Noticias de la Industria Turistica","twitter_description":"Air Canada, junto con la Secretar\u00eda de Turismo de Nuevo Le\u00f3n y el Grupo Aeroportuario Centro Norte (OMA), anunci\u00f3 el inicio de sus operaciones en el Aeropuerto de Monterrey, convirti\u00e9ndose en la \u00fanica aerol\u00ednea de Canad\u00e1 que ofrece vuelos directos entre ambos destinos. A partir del 29 de octubre de 2023, los viajeros podr\u00e1n disfrutar [&hellip;]","twitter_image":"https:\/\/nitu.mx\/wp-content\/uploads\/2020\/01\/Air-Canada-737-MAX.jpg","twitter_creator":"@NITUmx","twitter_site":"@Arturo_Medina_G","twitter_misc":{"Escrito por":"Redacci\u00f3n","Tiempo de lectura":"3 minutos"},"schema":{"@context":"https:\/\/schema.org","@graph":[{"@type":"Article","@id":"https:\/\/nitu.mx\/index.php\/2023\/05\/25\/air-canada-anuncia-su-nueva-ruta-de-monterrey-a-toronto\/#article","isPartOf":{"@id":"https:\/\/nitu.mx\/index.php\/2023\/05\/25\/air-canada-anuncia-su-nueva-ruta-de-monterrey-a-toronto\/"},"author":{"name":"Redacci\u00f3n","@id":"https:\/\/nitu.mx\/#\/schema\/person\/4a28fe9bd65924f7c90623773daf1b0b"},"headline":"Air Canada anuncia su nueva ruta de Monterrey a Toronto","datePublished":"2023-05-26T04:40:25+00:00","dateModified":"2023-05-26T04:55:53+00:00","mainEntityOfPage":{"@id":"https:\/\/nitu.mx\/index.php\/2023\/05\/25\/air-canada-anuncia-su-nueva-ruta-de-monterrey-a-toronto\/"},"wordCount":702,"commentCount":0,"publisher":{"@id":"https:\/\/nitu.mx\/#\/schema\/person\/ae7a53426417292d3dd07b45a33e01bc"},"image":{"@id":"https:\/\/nitu.mx\/index.php\/2023\/05\/25\/air-canada-anuncia-su-nueva-ruta-de-monterrey-a-toronto\/#primaryimage"},"thumbnailUrl":"https:\/\/nitu.mx\/wp-content\/uploads\/2020\/01\/Air-Canada-737-MAX.jpg","keywords":["Air Canada","Luis Noriega","Maricarmen Mart\u00ednez","Monterrey","Nuevo Le\u00f3n","OMA","Toronto"],"articleSection":["Aerol\u00edneas"],"inLanguage":"es-MX","potentialAction":[{"@type":"CommentAction","name":"Comment","target":["https:\/\/nitu.mx\/index.php\/2023\/05\/25\/air-canada-anuncia-su-nueva-ruta-de-monterrey-a-toronto\/#respond"]}]},{"@type":"WebPage","@id":"https:\/\/nitu.mx\/index.php\/2023\/05\/25\/air-canada-anuncia-su-nueva-ruta-de-monterrey-a-toronto\/","url":"https:\/\/nitu.mx\/index.php\/2023\/05\/25\/air-canada-anuncia-su-nueva-ruta-de-monterrey-a-toronto\/","name":"Air Canada anuncia su nueva ruta de Monterrey a Toronto - Nitu - Noticias de la Industria Turistica","isPartOf":{"@id":"https:\/\/nitu.mx\/#website"},"primaryImageOfPage":{"@id":"https:\/\/nitu.mx\/index.php\/2023\/05\/25\/air-canada-anuncia-su-nueva-ruta-de-monterrey-a-toronto\/#primaryimage"},"image":{"@id":"https:\/\/nitu.mx\/index.php\/2023\/05\/25\/air-canada-anuncia-su-nueva-ruta-de-monterrey-a-toronto\/#primaryimage"},"thumbnailUrl":"https:\/\/nitu.mx\/wp-content\/uploads\/2020\/01\/Air-Canada-737-MAX.jpg","datePublished":"2023-05-26T04:40:25+00:00","dateModified":"2023-05-26T04:55:53+00:00","breadcrumb":{"@id":"https:\/\/nitu.mx\/index.php\/2023\/05\/25\/air-canada-anuncia-su-nueva-ruta-de-monterrey-a-toronto\/#breadcrumb"},"inLanguage":"es-MX","potentialAction":[{"@type":"ReadAction","target":["https:\/\/nitu.mx\/index.php\/2023\/05\/25\/air-canada-anuncia-su-nueva-ruta-de-monterrey-a-toronto\/"]}]},{"@type":"ImageObject","inLanguage":"es-MX","@id":"https:\/\/nitu.mx\/index.php\/2023\/05\/25\/air-canada-anuncia-su-nueva-ruta-de-monterrey-a-toronto\/#primaryimage","url":"https:\/\/nitu.mx\/wp-content\/uploads\/2020\/01\/Air-Canada-737-MAX.jpg","contentUrl":"https:\/\/nitu.mx\/wp-content\/uploads\/2020\/01\/Air-Canada-737-MAX.jpg","width":850,"height":480,"caption":"Air Canada 737 MAX"},{"@type":"BreadcrumbList","@id":"https:\/\/nitu.mx\/index.php\/2023\/05\/25\/air-canada-anuncia-su-nueva-ruta-de-monterrey-a-toronto\/#breadcrumb","itemListElement":[{"@type":"ListItem","position":1,"name":"Inicio","item":"https:\/\/nitu.mx\/"},{"@type":"ListItem","position":2,"name":"Air Canada anuncia su nueva ruta de Monterrey a Toronto"}]},{"@type":"WebSite","@id":"https:\/\/nitu.mx\/#website","url":"https:\/\/nitu.mx\/","name":"Nitu - Noticias de la Industria Turistica","description":"Noticias de la Industria Turistica","publisher":{"@id":"https:\/\/nitu.mx\/#\/schema\/person\/ae7a53426417292d3dd07b45a33e01bc"},"alternateName":"Noticias de la Industria Turistica","potentialAction":[{"@type":"SearchAction","target":{"@type":"EntryPoint","urlTemplate":"https:\/\/nitu.mx\/?s={search_term_string}"},"query-input":"required name=search_term_string"}],"inLanguage":"es-MX"},{"@type":["Person","Organization"],"@id":"https:\/\/nitu.mx\/#\/schema\/person\/ae7a53426417292d3dd07b45a33e01bc","name":"Arturo Medina","image":{"@type":"ImageObject","inLanguage":"es-MX","@id":"https:\/\/nitu.mx\/#\/schema\/person\/image\/","url":"https:\/\/nitu.mx\/wp-content\/uploads\/2024\/04\/4A315622-1904-4D5C-B022-878CDC840E04-90x90-1.jpeg","contentUrl":"https:\/\/nitu.mx\/wp-content\/uploads\/2024\/04\/4A315622-1904-4D5C-B022-878CDC840E04-90x90-1.jpeg","width":90,"height":90,"caption":"Arturo Medina"},"logo":{"@id":"https:\/\/nitu.mx\/#\/schema\/person\/image\/"},"description":"Director NITU.mx, Egresado de la Escuela de Periodismo Carlos Septi\u00e9n Garc\u00eda. Periodista y analista especializado en turismo desde hace 35 a\u00f1os, radicado en Canc\u00fan Q.Roo. arturo@nitu.mx","sameAs":["https:\/\/nitu.mx","https:\/\/www.facebook.com\/NITUmx\/","medinacancun","https:\/\/twitter.com\/@Arturo_Medina_G"]},{"@type":"Person","@id":"https:\/\/nitu.mx\/#\/schema\/person\/4a28fe9bd65924f7c90623773daf1b0b","name":"Redacci\u00f3n","image":{"@type":"ImageObject","inLanguage":"es-MX","@id":"https:\/\/nitu.mx\/#\/schema\/person\/image\/","url":"https:\/\/secure.gravatar.com\/avatar\/5dd011c8ccfc5cd7e4c81e42252aab38?s=96&d=mm&r=g","contentUrl":"https:\/\/secure.gravatar.com\/avatar\/5dd011c8ccfc5cd7e4c81e42252aab38?s=96&d=mm&r=g","caption":"Redacci\u00f3n"},"url":"https:\/\/nitu.mx\/index.php\/author\/redaccion\/"}]}},"views":1008,"_links":{"self":[{"href":"https:\/\/nitu.mx\/index.php\/wp-json\/wp\/v2\/posts\/64617"}],"collection":[{"href":"https:\/\/nitu.mx\/index.php\/wp-json\/wp\/v2\/posts"}],"about":[{"href":"https:\/\/nitu.mx\/index.php\/wp-json\/wp\/v2\/types\/post"}],"author":[{"embeddable":true,"href":"https:\/\/nitu.mx\/index.php\/wp-json\/wp\/v2\/users\/17"}],"replies":[{"embeddable":true,"href":"https:\/\/nitu.mx\/index.php\/wp-json\/wp\/v2\/comments?post=64617"}],"version-history":[{"count":5,"href":"https:\/\/nitu.mx\/index.php\/wp-json\/wp\/v2\/posts\/64617\/revisions"}],"predecessor-version":[{"id":64626,"href":"https:\/\/nitu.mx\/index.php\/wp-json\/wp\/v2\/posts\/64617\/revisions\/64626"}],"wp:featuredmedia":[{"embeddable":true,"href":"https:\/\/nitu.mx\/index.php\/wp-json\/wp\/v2\/media\/39320"}],"wp:attachment":[{"href":"https:\/\/nitu.mx\/index.php\/wp-json\/wp\/v2\/media?parent=64617"}],"wp:term":[{"taxonomy":"category","embeddable":true,"href":"https:\/\/nitu.mx\/index.php\/wp-json\/wp\/v2\/categories?post=64617"},{"taxonomy":"post_tag","embeddable":true,"href":"https:\/\/nitu.mx\/index.php\/wp-json\/wp\/v2\/tags?post=64617"}],"curies":[{"name":"wp","href":"https:\/\/api.w.org\/{rel}","templated":true}]}}