{"id":64615,"date":"2023-05-25T23:17:39","date_gmt":"2023-05-26T04:17:39","guid":{"rendered":"https:\/\/www.dev.nitu.mx\/?p=64615"},"modified":"2023-05-25T23:53:23","modified_gmt":"2023-05-26T04:53:23","slug":"cancun-mazatlan-y-acapulco-lideran-las-busquedas-de-mexicanos-para-el-verano-booking","status":"publish","type":"post","link":"https:\/\/nitu.mx\/index.php\/2023\/05\/25\/cancun-mazatlan-y-acapulco-lideran-las-busquedas-de-mexicanos-para-el-verano-booking\/","title":{"rendered":"Canc\u00fan, Mazatl\u00e1n y Acapulco lideran las b\u00fasquedas de mexicanos para el verano: Booking"},"content":{"rendered":"<p>De acuerdo con informaci\u00f3n de Booking.com dentro de los destinos m\u00e1s buscados por los mexicanos para esta temporada se encuentran las playas, adem\u00e1s, M\u00e9xico se caracteriza por contar con bellas alternativas gracias a su afortunada geograf\u00eda con acceso al oc\u00e9ano Pac\u00edfico y Atl\u00e1ntico.<\/p>\n<p>El Top 5 de los destinos m\u00e1s buscados por los viajeros mexicanos para el verano seg\u00fan datos de la plataforma de viajes con los cuales puede inspirarse el viajero para sus pr\u00f3ximas vacaciones, son: Canc\u00fan, Mazatl\u00e1n, Acapulco, Puerto Vallarta y Playa del Carmen. La compa\u00f1\u00eda revela que\u00a0estos datos reflejan b\u00fasquedas en la plataforma y no necesariamente reservas.<\/p>\n<p style=\"font-weight: 400;\">Canc\u00fan encabeza la lista y junto con Playa del Carmen se posicionan como las playas m\u00e1s destacadas de la regi\u00f3n del Caribe. Estas son dos incre\u00edbles opciones para quienes buscan relajarse admirando playas con arena blanca, explorar los arrecifes, gozar de la quietud del mar y apreciar la gama de colores turquesa.<\/p>\n<p style=\"font-weight: 400;\">Por otro lado, se encuentran Mazatl\u00e1n, Acapulco y Puerto Vallarta, ideales para quienes buscan observar la playa rodeada de imponentes monta\u00f1as. La costa del Pac\u00edfico se distingue por un oleaje m\u00e1s salvaje, un escenario emocionante para quienes buscan una experiencia m\u00e1s intensa, adem\u00e1s, la arena sorprender\u00e1 con distintos tonos de color, desde dorado a marr\u00f3n.<\/p>\n<p style=\"font-weight: 400;\">Adriana Mantilla, gerente regional para M\u00e9xico, Caribe y Centroam\u00e9rica de Booking.com menciona: \u201cestos datos confirman la preferencia de los viajeros mexicanos por los destinos de playa. Si bien, este top 5 corresponde a los lugares m\u00e1s populares para el verano, en M\u00e9xico existen a\u00fan m\u00e1s destinos de playa y ciudades que vale la pena visitar. Como es el caso de la Ciudad de M\u00e9xico, la ciudad m\u00e1s buscada por los viajeros nacionales que buscan disfrutar de un destino urbano para este verano&#8221;.<\/p>\n<p style=\"font-weight: 400;\">En este sentido,\u00a0el verano es un periodo emocionante del a\u00f1o para los mexicanos, pues las posibilidades para disfrutar de la playa son muy amplias, ya que estos destinos ofrecen paisajes incre\u00edbles, amplia variedad de flora y fauna, interesantes ofertas gastron\u00f3micas y entretenimiento para todas las edades y personalidades, sin importar cual sea el destino final.\u00a0<a title=\"Los 10 destinos nacionales tendencia para 2023 seg\u00fan Booking\" href=\"https:\/\/www.dev.nitu.mx\/index.php\/2023\/01\/04\/los-10-destinos-nacionales-tendencia-para-2023-segun-booking\/\" rel=\"bookmark\">(Los 10 destinos nacionales tendencia para 2023 seg\u00fan Booking<\/a>).<\/p>\n","protected":false},"excerpt":{"rendered":"<p>De acuerdo con informaci\u00f3n de Booking.com dentro de los destinos m\u00e1s buscados por los mexicanos para esta temporada se encuentran las playas, adem\u00e1s, M\u00e9xico se caracteriza por contar con bellas alternativas gracias a su afortunada geograf\u00eda con acceso al oc\u00e9ano Pac\u00edfico y Atl\u00e1ntico. El Top 5 de los destinos m\u00e1s buscados por los viajeros mexicanos [&hellip;]<\/p>\n","protected":false},"author":17,"featured_media":49030,"comment_status":"open","ping_status":"open","sticky":false,"template":"","format":"standard","meta":{"footnotes":""},"categories":[3],"tags":[40,23959,865,43,443],"yoast_head":"<!-- This site is optimized with the Yoast SEO plugin v22.2 - https:\/\/yoast.com\/wordpress\/plugins\/seo\/ -->\n<title>Canc\u00fan, Mazatl\u00e1n y Acapulco lideran las b\u00fasquedas de mexicanos para el verano: Booking - Nitu - Noticias de la Industria Turistica<\/title>\n<meta name=\"robots\" content=\"index, follow, max-snippet:-1, max-image-preview:large, max-video-preview:-1\" \/>\n<link rel=\"canonical\" href=\"https:\/\/nitu.mx\/index.php\/2023\/05\/25\/cancun-mazatlan-y-acapulco-lideran-las-busquedas-de-mexicanos-para-el-verano-booking\/\" \/>\n<meta name=\"twitter:card\" content=\"summary_large_image\" \/>\n<meta name=\"twitter:title\" content=\"Canc\u00fan, Mazatl\u00e1n y Acapulco lideran las b\u00fasquedas de mexicanos para el verano: Booking - Nitu - Noticias de la Industria Turistica\" \/>\n<meta name=\"twitter:description\" content=\"De acuerdo con informaci\u00f3n de Booking.com dentro de los destinos m\u00e1s buscados por los mexicanos para esta temporada se encuentran las playas, adem\u00e1s, M\u00e9xico se caracteriza por contar con bellas alternativas gracias a su afortunada geograf\u00eda con acceso al oc\u00e9ano Pac\u00edfico y Atl\u00e1ntico. El Top 5 de los destinos m\u00e1s buscados por los viajeros mexicanos [&hellip;]\" \/>\n<meta name=\"twitter:image\" content=\"https:\/\/nitu.mx\/wp-content\/uploads\/2020\/12\/Caribe-mexicano-cancu\u0301n.jpg\" \/>\n<meta name=\"twitter:creator\" content=\"@NITUmx\" \/>\n<meta name=\"twitter:site\" content=\"@Arturo_Medina_G\" \/>\n<meta name=\"twitter:label1\" content=\"Escrito por\" \/>\n\t<meta name=\"twitter:data1\" content=\"Redacci\u00f3n\" \/>\n\t<meta name=\"twitter:label2\" content=\"Tiempo de lectura\" \/>\n\t<meta name=\"twitter:data2\" content=\"2 minutos\" \/>\n<script type=\"application\/ld+json\" class=\"yoast-schema-graph\">{\"@context\":\"https:\/\/schema.org\",\"@graph\":[{\"@type\":\"Article\",\"@id\":\"https:\/\/nitu.mx\/index.php\/2023\/05\/25\/cancun-mazatlan-y-acapulco-lideran-las-busquedas-de-mexicanos-para-el-verano-booking\/#article\",\"isPartOf\":{\"@id\":\"https:\/\/nitu.mx\/index.php\/2023\/05\/25\/cancun-mazatlan-y-acapulco-lideran-las-busquedas-de-mexicanos-para-el-verano-booking\/\"},\"author\":{\"name\":\"Redacci\u00f3n\",\"@id\":\"https:\/\/nitu.mx\/#\/schema\/person\/4a28fe9bd65924f7c90623773daf1b0b\"},\"headline\":\"Canc\u00fan, Mazatl\u00e1n y Acapulco lideran las b\u00fasquedas de mexicanos para el verano: Booking\",\"datePublished\":\"2023-05-26T04:17:39+00:00\",\"dateModified\":\"2023-05-26T04:53:23+00:00\",\"mainEntityOfPage\":{\"@id\":\"https:\/\/nitu.mx\/index.php\/2023\/05\/25\/cancun-mazatlan-y-acapulco-lideran-las-busquedas-de-mexicanos-para-el-verano-booking\/\"},\"wordCount\":407,\"commentCount\":0,\"publisher\":{\"@id\":\"https:\/\/nitu.mx\/#\/schema\/person\/ae7a53426417292d3dd07b45a33e01bc\"},\"image\":{\"@id\":\"https:\/\/nitu.mx\/index.php\/2023\/05\/25\/cancun-mazatlan-y-acapulco-lideran-las-busquedas-de-mexicanos-para-el-verano-booking\/#primaryimage\"},\"thumbnailUrl\":\"https:\/\/nitu.mx\/wp-content\/uploads\/2020\/12\/Caribe-mexicano-cancu\u0301n.jpg\",\"keywords\":[\"Acapulco\",\"Adriana Mantilla\",\"booking.com\",\"Canc\u00fan\",\"Mazatl\u00e1n\"],\"articleSection\":[\"Agencias de Viajes\"],\"inLanguage\":\"es-MX\",\"potentialAction\":[{\"@type\":\"CommentAction\",\"name\":\"Comment\",\"target\":[\"https:\/\/nitu.mx\/index.php\/2023\/05\/25\/cancun-mazatlan-y-acapulco-lideran-las-busquedas-de-mexicanos-para-el-verano-booking\/#respond\"]}]},{\"@type\":\"WebPage\",\"@id\":\"https:\/\/nitu.mx\/index.php\/2023\/05\/25\/cancun-mazatlan-y-acapulco-lideran-las-busquedas-de-mexicanos-para-el-verano-booking\/\",\"url\":\"https:\/\/nitu.mx\/index.php\/2023\/05\/25\/cancun-mazatlan-y-acapulco-lideran-las-busquedas-de-mexicanos-para-el-verano-booking\/\",\"name\":\"Canc\u00fan, Mazatl\u00e1n y Acapulco lideran las b\u00fasquedas de mexicanos para el verano: Booking - Nitu - Noticias de la Industria Turistica\",\"isPartOf\":{\"@id\":\"https:\/\/nitu.mx\/#website\"},\"primaryImageOfPage\":{\"@id\":\"https:\/\/nitu.mx\/index.php\/2023\/05\/25\/cancun-mazatlan-y-acapulco-lideran-las-busquedas-de-mexicanos-para-el-verano-booking\/#primaryimage\"},\"image\":{\"@id\":\"https:\/\/nitu.mx\/index.php\/2023\/05\/25\/cancun-mazatlan-y-acapulco-lideran-las-busquedas-de-mexicanos-para-el-verano-booking\/#primaryimage\"},\"thumbnailUrl\":\"https:\/\/nitu.mx\/wp-content\/uploads\/2020\/12\/Caribe-mexicano-cancu\u0301n.jpg\",\"datePublished\":\"2023-05-26T04:17:39+00:00\",\"dateModified\":\"2023-05-26T04:53:23+00:00\",\"breadcrumb\":{\"@id\":\"https:\/\/nitu.mx\/index.php\/2023\/05\/25\/cancun-mazatlan-y-acapulco-lideran-las-busquedas-de-mexicanos-para-el-verano-booking\/#breadcrumb\"},\"inLanguage\":\"es-MX\",\"potentialAction\":[{\"@type\":\"ReadAction\",\"target\":[\"https:\/\/nitu.mx\/index.php\/2023\/05\/25\/cancun-mazatlan-y-acapulco-lideran-las-busquedas-de-mexicanos-para-el-verano-booking\/\"]}]},{\"@type\":\"ImageObject\",\"inLanguage\":\"es-MX\",\"@id\":\"https:\/\/nitu.mx\/index.php\/2023\/05\/25\/cancun-mazatlan-y-acapulco-lideran-las-busquedas-de-mexicanos-para-el-verano-booking\/#primaryimage\",\"url\":\"https:\/\/nitu.mx\/wp-content\/uploads\/2020\/12\/Caribe-mexicano-cancu\u0301n.jpg\",\"contentUrl\":\"https:\/\/nitu.mx\/wp-content\/uploads\/2020\/12\/Caribe-mexicano-cancu\u0301n.jpg\",\"width\":1200,\"height\":675,\"caption\":\"Quintana Roo Acotur Caribe mexicano, Canc\u00fan\"},{\"@type\":\"BreadcrumbList\",\"@id\":\"https:\/\/nitu.mx\/index.php\/2023\/05\/25\/cancun-mazatlan-y-acapulco-lideran-las-busquedas-de-mexicanos-para-el-verano-booking\/#breadcrumb\",\"itemListElement\":[{\"@type\":\"ListItem\",\"position\":1,\"name\":\"Inicio\",\"item\":\"https:\/\/nitu.mx\/\"},{\"@type\":\"ListItem\",\"position\":2,\"name\":\"Canc\u00fan, Mazatl\u00e1n y Acapulco lideran las b\u00fasquedas de mexicanos para el verano: Booking\"}]},{\"@type\":\"WebSite\",\"@id\":\"https:\/\/nitu.mx\/#website\",\"url\":\"https:\/\/nitu.mx\/\",\"name\":\"Nitu - Noticias de la Industria Turistica\",\"description\":\"Noticias de la Industria Turistica\",\"publisher\":{\"@id\":\"https:\/\/nitu.mx\/#\/schema\/person\/ae7a53426417292d3dd07b45a33e01bc\"},\"alternateName\":\"Noticias de la Industria Turistica\",\"potentialAction\":[{\"@type\":\"SearchAction\",\"target\":{\"@type\":\"EntryPoint\",\"urlTemplate\":\"https:\/\/nitu.mx\/?s={search_term_string}\"},\"query-input\":\"required name=search_term_string\"}],\"inLanguage\":\"es-MX\"},{\"@type\":[\"Person\",\"Organization\"],\"@id\":\"https:\/\/nitu.mx\/#\/schema\/person\/ae7a53426417292d3dd07b45a33e01bc\",\"name\":\"Arturo Medina\",\"image\":{\"@type\":\"ImageObject\",\"inLanguage\":\"es-MX\",\"@id\":\"https:\/\/nitu.mx\/#\/schema\/person\/image\/\",\"url\":\"https:\/\/nitu.mx\/wp-content\/uploads\/2024\/04\/4A315622-1904-4D5C-B022-878CDC840E04-90x90-1.jpeg\",\"contentUrl\":\"https:\/\/nitu.mx\/wp-content\/uploads\/2024\/04\/4A315622-1904-4D5C-B022-878CDC840E04-90x90-1.jpeg\",\"width\":90,\"height\":90,\"caption\":\"Arturo Medina\"},\"logo\":{\"@id\":\"https:\/\/nitu.mx\/#\/schema\/person\/image\/\"},\"description\":\"Director NITU.mx, Egresado de la Escuela de Periodismo Carlos Septi\u00e9n Garc\u00eda. Periodista y analista especializado en turismo desde hace 35 a\u00f1os, radicado en Canc\u00fan Q.Roo. arturo@nitu.mx\",\"sameAs\":[\"https:\/\/nitu.mx\",\"https:\/\/www.facebook.com\/NITUmx\/\",\"medinacancun\",\"https:\/\/twitter.com\/@Arturo_Medina_G\"]},{\"@type\":\"Person\",\"@id\":\"https:\/\/nitu.mx\/#\/schema\/person\/4a28fe9bd65924f7c90623773daf1b0b\",\"name\":\"Redacci\u00f3n\",\"image\":{\"@type\":\"ImageObject\",\"inLanguage\":\"es-MX\",\"@id\":\"https:\/\/nitu.mx\/#\/schema\/person\/image\/\",\"url\":\"https:\/\/secure.gravatar.com\/avatar\/5dd011c8ccfc5cd7e4c81e42252aab38?s=96&d=mm&r=g\",\"contentUrl\":\"https:\/\/secure.gravatar.com\/avatar\/5dd011c8ccfc5cd7e4c81e42252aab38?s=96&d=mm&r=g\",\"caption\":\"Redacci\u00f3n\"},\"url\":\"https:\/\/nitu.mx\/index.php\/author\/redaccion\/\"}]}<\/script>\n<!-- \/ Yoast SEO plugin. -->","yoast_head_json":{"title":"Canc\u00fan, Mazatl\u00e1n y Acapulco lideran las b\u00fasquedas de mexicanos para el verano: Booking - Nitu - Noticias de la Industria Turistica","robots":{"index":"index","follow":"follow","max-snippet":"max-snippet:-1","max-image-preview":"max-image-preview:large","max-video-preview":"max-video-preview:-1"},"canonical":"https:\/\/nitu.mx\/index.php\/2023\/05\/25\/cancun-mazatlan-y-acapulco-lideran-las-busquedas-de-mexicanos-para-el-verano-booking\/","twitter_card":"summary_large_image","twitter_title":"Canc\u00fan, Mazatl\u00e1n y Acapulco lideran las b\u00fasquedas de mexicanos para el verano: Booking - Nitu - Noticias de la Industria Turistica","twitter_description":"De acuerdo con informaci\u00f3n de Booking.com dentro de los destinos m\u00e1s buscados por los mexicanos para esta temporada se encuentran las playas, adem\u00e1s, M\u00e9xico se caracteriza por contar con bellas alternativas gracias a su afortunada geograf\u00eda con acceso al oc\u00e9ano Pac\u00edfico y Atl\u00e1ntico. El Top 5 de los destinos m\u00e1s buscados por los viajeros mexicanos [&hellip;]","twitter_image":"https:\/\/nitu.mx\/wp-content\/uploads\/2020\/12\/Caribe-mexicano-cancu\u0301n.jpg","twitter_creator":"@NITUmx","twitter_site":"@Arturo_Medina_G","twitter_misc":{"Escrito por":"Redacci\u00f3n","Tiempo de lectura":"2 minutos"},"schema":{"@context":"https:\/\/schema.org","@graph":[{"@type":"Article","@id":"https:\/\/nitu.mx\/index.php\/2023\/05\/25\/cancun-mazatlan-y-acapulco-lideran-las-busquedas-de-mexicanos-para-el-verano-booking\/#article","isPartOf":{"@id":"https:\/\/nitu.mx\/index.php\/2023\/05\/25\/cancun-mazatlan-y-acapulco-lideran-las-busquedas-de-mexicanos-para-el-verano-booking\/"},"author":{"name":"Redacci\u00f3n","@id":"https:\/\/nitu.mx\/#\/schema\/person\/4a28fe9bd65924f7c90623773daf1b0b"},"headline":"Canc\u00fan, Mazatl\u00e1n y Acapulco lideran las b\u00fasquedas de mexicanos para el verano: Booking","datePublished":"2023-05-26T04:17:39+00:00","dateModified":"2023-05-26T04:53:23+00:00","mainEntityOfPage":{"@id":"https:\/\/nitu.mx\/index.php\/2023\/05\/25\/cancun-mazatlan-y-acapulco-lideran-las-busquedas-de-mexicanos-para-el-verano-booking\/"},"wordCount":407,"commentCount":0,"publisher":{"@id":"https:\/\/nitu.mx\/#\/schema\/person\/ae7a53426417292d3dd07b45a33e01bc"},"image":{"@id":"https:\/\/nitu.mx\/index.php\/2023\/05\/25\/cancun-mazatlan-y-acapulco-lideran-las-busquedas-de-mexicanos-para-el-verano-booking\/#primaryimage"},"thumbnailUrl":"https:\/\/nitu.mx\/wp-content\/uploads\/2020\/12\/Caribe-mexicano-cancu\u0301n.jpg","keywords":["Acapulco","Adriana Mantilla","booking.com","Canc\u00fan","Mazatl\u00e1n"],"articleSection":["Agencias de Viajes"],"inLanguage":"es-MX","potentialAction":[{"@type":"CommentAction","name":"Comment","target":["https:\/\/nitu.mx\/index.php\/2023\/05\/25\/cancun-mazatlan-y-acapulco-lideran-las-busquedas-de-mexicanos-para-el-verano-booking\/#respond"]}]},{"@type":"WebPage","@id":"https:\/\/nitu.mx\/index.php\/2023\/05\/25\/cancun-mazatlan-y-acapulco-lideran-las-busquedas-de-mexicanos-para-el-verano-booking\/","url":"https:\/\/nitu.mx\/index.php\/2023\/05\/25\/cancun-mazatlan-y-acapulco-lideran-las-busquedas-de-mexicanos-para-el-verano-booking\/","name":"Canc\u00fan, Mazatl\u00e1n y Acapulco lideran las b\u00fasquedas de mexicanos para el verano: Booking - Nitu - Noticias de la Industria Turistica","isPartOf":{"@id":"https:\/\/nitu.mx\/#website"},"primaryImageOfPage":{"@id":"https:\/\/nitu.mx\/index.php\/2023\/05\/25\/cancun-mazatlan-y-acapulco-lideran-las-busquedas-de-mexicanos-para-el-verano-booking\/#primaryimage"},"image":{"@id":"https:\/\/nitu.mx\/index.php\/2023\/05\/25\/cancun-mazatlan-y-acapulco-lideran-las-busquedas-de-mexicanos-para-el-verano-booking\/#primaryimage"},"thumbnailUrl":"https:\/\/nitu.mx\/wp-content\/uploads\/2020\/12\/Caribe-mexicano-cancu\u0301n.jpg","datePublished":"2023-05-26T04:17:39+00:00","dateModified":"2023-05-26T04:53:23+00:00","breadcrumb":{"@id":"https:\/\/nitu.mx\/index.php\/2023\/05\/25\/cancun-mazatlan-y-acapulco-lideran-las-busquedas-de-mexicanos-para-el-verano-booking\/#breadcrumb"},"inLanguage":"es-MX","potentialAction":[{"@type":"ReadAction","target":["https:\/\/nitu.mx\/index.php\/2023\/05\/25\/cancun-mazatlan-y-acapulco-lideran-las-busquedas-de-mexicanos-para-el-verano-booking\/"]}]},{"@type":"ImageObject","inLanguage":"es-MX","@id":"https:\/\/nitu.mx\/index.php\/2023\/05\/25\/cancun-mazatlan-y-acapulco-lideran-las-busquedas-de-mexicanos-para-el-verano-booking\/#primaryimage","url":"https:\/\/nitu.mx\/wp-content\/uploads\/2020\/12\/Caribe-mexicano-cancu\u0301n.jpg","contentUrl":"https:\/\/nitu.mx\/wp-content\/uploads\/2020\/12\/Caribe-mexicano-cancu\u0301n.jpg","width":1200,"height":675,"caption":"Quintana Roo Acotur Caribe mexicano, Canc\u00fan"},{"@type":"BreadcrumbList","@id":"https:\/\/nitu.mx\/index.php\/2023\/05\/25\/cancun-mazatlan-y-acapulco-lideran-las-busquedas-de-mexicanos-para-el-verano-booking\/#breadcrumb","itemListElement":[{"@type":"ListItem","position":1,"name":"Inicio","item":"https:\/\/nitu.mx\/"},{"@type":"ListItem","position":2,"name":"Canc\u00fan, Mazatl\u00e1n y Acapulco lideran las b\u00fasquedas de mexicanos para el verano: Booking"}]},{"@type":"WebSite","@id":"https:\/\/nitu.mx\/#website","url":"https:\/\/nitu.mx\/","name":"Nitu - Noticias de la Industria Turistica","description":"Noticias de la Industria Turistica","publisher":{"@id":"https:\/\/nitu.mx\/#\/schema\/person\/ae7a53426417292d3dd07b45a33e01bc"},"alternateName":"Noticias de la Industria Turistica","potentialAction":[{"@type":"SearchAction","target":{"@type":"EntryPoint","urlTemplate":"https:\/\/nitu.mx\/?s={search_term_string}"},"query-input":"required name=search_term_string"}],"inLanguage":"es-MX"},{"@type":["Person","Organization"],"@id":"https:\/\/nitu.mx\/#\/schema\/person\/ae7a53426417292d3dd07b45a33e01bc","name":"Arturo Medina","image":{"@type":"ImageObject","inLanguage":"es-MX","@id":"https:\/\/nitu.mx\/#\/schema\/person\/image\/","url":"https:\/\/nitu.mx\/wp-content\/uploads\/2024\/04\/4A315622-1904-4D5C-B022-878CDC840E04-90x90-1.jpeg","contentUrl":"https:\/\/nitu.mx\/wp-content\/uploads\/2024\/04\/4A315622-1904-4D5C-B022-878CDC840E04-90x90-1.jpeg","width":90,"height":90,"caption":"Arturo Medina"},"logo":{"@id":"https:\/\/nitu.mx\/#\/schema\/person\/image\/"},"description":"Director NITU.mx, Egresado de la Escuela de Periodismo Carlos Septi\u00e9n Garc\u00eda. Periodista y analista especializado en turismo desde hace 35 a\u00f1os, radicado en Canc\u00fan Q.Roo. arturo@nitu.mx","sameAs":["https:\/\/nitu.mx","https:\/\/www.facebook.com\/NITUmx\/","medinacancun","https:\/\/twitter.com\/@Arturo_Medina_G"]},{"@type":"Person","@id":"https:\/\/nitu.mx\/#\/schema\/person\/4a28fe9bd65924f7c90623773daf1b0b","name":"Redacci\u00f3n","image":{"@type":"ImageObject","inLanguage":"es-MX","@id":"https:\/\/nitu.mx\/#\/schema\/person\/image\/","url":"https:\/\/secure.gravatar.com\/avatar\/5dd011c8ccfc5cd7e4c81e42252aab38?s=96&d=mm&r=g","contentUrl":"https:\/\/secure.gravatar.com\/avatar\/5dd011c8ccfc5cd7e4c81e42252aab38?s=96&d=mm&r=g","caption":"Redacci\u00f3n"},"url":"https:\/\/nitu.mx\/index.php\/author\/redaccion\/"}]}},"views":731,"_links":{"self":[{"href":"https:\/\/nitu.mx\/index.php\/wp-json\/wp\/v2\/posts\/64615"}],"collection":[{"href":"https:\/\/nitu.mx\/index.php\/wp-json\/wp\/v2\/posts"}],"about":[{"href":"https:\/\/nitu.mx\/index.php\/wp-json\/wp\/v2\/types\/post"}],"author":[{"embeddable":true,"href":"https:\/\/nitu.mx\/index.php\/wp-json\/wp\/v2\/users\/17"}],"replies":[{"embeddable":true,"href":"https:\/\/nitu.mx\/index.php\/wp-json\/wp\/v2\/comments?post=64615"}],"version-history":[{"count":1,"href":"https:\/\/nitu.mx\/index.php\/wp-json\/wp\/v2\/posts\/64615\/revisions"}],"predecessor-version":[{"id":64616,"href":"https:\/\/nitu.mx\/index.php\/wp-json\/wp\/v2\/posts\/64615\/revisions\/64616"}],"wp:featuredmedia":[{"embeddable":true,"href":"https:\/\/nitu.mx\/index.php\/wp-json\/wp\/v2\/media\/49030"}],"wp:attachment":[{"href":"https:\/\/nitu.mx\/index.php\/wp-json\/wp\/v2\/media?parent=64615"}],"wp:term":[{"taxonomy":"category","embeddable":true,"href":"https:\/\/nitu.mx\/index.php\/wp-json\/wp\/v2\/categories?post=64615"},{"taxonomy":"post_tag","embeddable":true,"href":"https:\/\/nitu.mx\/index.php\/wp-json\/wp\/v2\/tags?post=64615"}],"curies":[{"name":"wp","href":"https:\/\/api.w.org\/{rel}","templated":true}]}}