{"id":64513,"date":"2023-05-19T00:49:24","date_gmt":"2023-05-19T05:49:24","guid":{"rendered":"https:\/\/www.dev.nitu.mx\/?p=64513"},"modified":"2023-05-19T00:49:24","modified_gmt":"2023-05-19T05:49:24","slug":"quintana-roo-ya-cuenta-con-su-consejo-consultivo-y-comision-ejecutiva-de-turismo","status":"publish","type":"post","link":"https:\/\/nitu.mx\/index.php\/2023\/05\/19\/quintana-roo-ya-cuenta-con-su-consejo-consultivo-y-comision-ejecutiva-de-turismo\/","title":{"rendered":"Quintana Roo ya cuenta con su Consejo Consultivo y Comisi\u00f3n Ejecutiva de Turismo"},"content":{"rendered":"<p>Para fortalecer e impulsar la competitividad tur\u00edstica del Caribe mexicano, bajo el nuevo modelo que impulsa la gobernadora Mara Lezama Espinosa, se instal\u00f3 por primera vez en la historia de Quintana Roo el Consejo Consultivo y Comisi\u00f3n Ejecutiva de Turismo.<\/p>\n<p>Lo anterior fue dado a conocer por el titular de la Secretar\u00eda Estatal de Turismo (Sedetur), Bernardo Cueto Riestra, quien explic\u00f3 que dichos organismos se crean en el marco de la Ley Estatal de Turismo y son presididos por la titular del Ejecutivo estatal, Mara Lezama, y permitir\u00e1n priorizar el ordenamiento, promoci\u00f3n, la sustentabilidad, diversificaci\u00f3n y seguridad para una mayor competitividad tur\u00edstica.<\/p>\n<p>Detall\u00f3 que el objetivo, es motivar la participaci\u00f3n de la sociedad y de la administraci\u00f3n p\u00fablica estatal en la aplicaci\u00f3n de medidas para mejorar las condiciones sociales, econ\u00f3micas y ambientales, para lograr la transformaci\u00f3n profunda que se enmarca en el Nuevo Acuerdo por el Bienestar y Desarrollo de Quintana Roo, que impulsa la gobernadora Mara Lezama Espinosa.<\/p>\n<p>El Consejo Consultivo y Comisi\u00f3n Ejecutiva de Turismo involucra a representantes de los tres niveles de gobierno, el sector privado, acad\u00e9mico y social; y de acuerdo a su reglamento interno considera reunirse cuatro veces al a\u00f1o.<\/p>\n<p>\u201cAunque el Caribe mexicano se recuper\u00f3 de la emergencia sanitaria en un tiempo r\u00e9cord de dos a\u00f1os, logrando mejorar la afluencia tur\u00edstica de 2019, hay contrastes sociales y econ\u00f3micos que se manifiestan con fen\u00f3menos como la segregaci\u00f3n, marginaci\u00f3n, degradaci\u00f3n y vulnerabilidad de la poblaci\u00f3n\u201d, dijo.<\/p>\n<p>El titular de la Sedetur coment\u00f3 que con el cumplimiento de la Ley de Turismo del Estado y el pacto social, se pueden sumar esfuerzos concurrentes que procuren un crecimiento inclusivo y de bienestar compartido en la sociedad, permitiendo la reducci\u00f3n de brechas entre mujeres y hombres, entre j\u00f3venes y adultos, entre poblaci\u00f3n ind\u00edgena y no ind\u00edgena, entre zonas urbanas y rurales y entre el desarrollo econ\u00f3mico y social.<\/p>\n<p>Puntualiz\u00f3 que en Quintana Roo ya est\u00e1 en marcha el nuevo modelo de desarrollo tur\u00edstico que busca la prosperidad compartida, pero que enfrenta varios retos, como el combate a las desigualdades; el ordenamiento y capacidad de carga; la degradaci\u00f3n y vulnerabilidad del ambiente; la incorporaci\u00f3n y adaptaci\u00f3n tecnol\u00f3gica; el mejoramiento de la calidad del empleo y la seguridad de los visitantes.\u00a0<a title=\"Caribe Mexicano refrendar\u00e1 su liderazgo mundial en la llegada de cruceros este a\u00f1o\" href=\"https:\/\/www.dev.nitu.mx\/index.php\/2023\/05\/07\/caribe-mexicano-refrendara-su-liderazgo-mundial-en-la-llegada-de-cruceros-este-ano\/\" rel=\"bookmark\">(Caribe Mexicano refrendar\u00e1 su liderazgo mundial en la llegada de cruceros este a\u00f1o<\/a>).<\/p>\n","protected":false},"excerpt":{"rendered":"<p>Para fortalecer e impulsar la competitividad tur\u00edstica del Caribe mexicano, bajo el nuevo modelo que impulsa la gobernadora Mara Lezama Espinosa, se instal\u00f3 por primera vez en la historia de Quintana Roo el Consejo Consultivo y Comisi\u00f3n Ejecutiva de Turismo. Lo anterior fue dado a conocer por el titular de la Secretar\u00eda Estatal de Turismo [&hellip;]<\/p>\n","protected":false},"author":17,"featured_media":64514,"comment_status":"open","ping_status":"open","sticky":false,"template":"","format":"standard","meta":{"footnotes":""},"categories":[18475],"tags":[13931,83,23942,14028,1153],"yoast_head":"<!-- This site is optimized with the Yoast SEO plugin v22.2 - https:\/\/yoast.com\/wordpress\/plugins\/seo\/ -->\n<title>Quintana Roo ya cuenta con su Consejo Consultivo y Comisi\u00f3n Ejecutiva de Turismo - Nitu - Noticias de la Industria Turistica<\/title>\n<meta name=\"robots\" content=\"index, follow, max-snippet:-1, max-image-preview:large, max-video-preview:-1\" \/>\n<link rel=\"canonical\" href=\"https:\/\/nitu.mx\/index.php\/2023\/05\/19\/quintana-roo-ya-cuenta-con-su-consejo-consultivo-y-comision-ejecutiva-de-turismo\/\" \/>\n<meta name=\"twitter:card\" content=\"summary_large_image\" \/>\n<meta name=\"twitter:title\" content=\"Quintana Roo ya cuenta con su Consejo Consultivo y Comisi\u00f3n Ejecutiva de Turismo - Nitu - Noticias de la Industria Turistica\" \/>\n<meta name=\"twitter:description\" content=\"Para fortalecer e impulsar la competitividad tur\u00edstica del Caribe mexicano, bajo el nuevo modelo que impulsa la gobernadora Mara Lezama Espinosa, se instal\u00f3 por primera vez en la historia de Quintana Roo el Consejo Consultivo y Comisi\u00f3n Ejecutiva de Turismo. Lo anterior fue dado a conocer por el titular de la Secretar\u00eda Estatal de Turismo [&hellip;]\" \/>\n<meta name=\"twitter:image\" content=\"https:\/\/nitu.mx\/wp-content\/uploads\/2023\/05\/SEDETUR-Consejo-01.jpeg\" \/>\n<meta name=\"twitter:creator\" content=\"@NITUmx\" \/>\n<meta name=\"twitter:site\" content=\"@Arturo_Medina_G\" \/>\n<meta name=\"twitter:label1\" content=\"Escrito por\" \/>\n\t<meta name=\"twitter:data1\" content=\"Redacci\u00f3n\" \/>\n\t<meta name=\"twitter:label2\" content=\"Tiempo de lectura\" \/>\n\t<meta name=\"twitter:data2\" content=\"2 minutos\" \/>\n<script type=\"application\/ld+json\" class=\"yoast-schema-graph\">{\"@context\":\"https:\/\/schema.org\",\"@graph\":[{\"@type\":\"Article\",\"@id\":\"https:\/\/nitu.mx\/index.php\/2023\/05\/19\/quintana-roo-ya-cuenta-con-su-consejo-consultivo-y-comision-ejecutiva-de-turismo\/#article\",\"isPartOf\":{\"@id\":\"https:\/\/nitu.mx\/index.php\/2023\/05\/19\/quintana-roo-ya-cuenta-con-su-consejo-consultivo-y-comision-ejecutiva-de-turismo\/\"},\"author\":{\"name\":\"Redacci\u00f3n\",\"@id\":\"https:\/\/nitu.mx\/#\/schema\/person\/4a28fe9bd65924f7c90623773daf1b0b\"},\"headline\":\"Quintana Roo ya cuenta con su Consejo Consultivo y Comisi\u00f3n Ejecutiva de Turismo\",\"datePublished\":\"2023-05-19T05:49:24+00:00\",\"dateModified\":\"2023-05-19T05:49:24+00:00\",\"mainEntityOfPage\":{\"@id\":\"https:\/\/nitu.mx\/index.php\/2023\/05\/19\/quintana-roo-ya-cuenta-con-su-consejo-consultivo-y-comision-ejecutiva-de-turismo\/\"},\"wordCount\":433,\"commentCount\":0,\"publisher\":{\"@id\":\"https:\/\/nitu.mx\/#\/schema\/person\/ae7a53426417292d3dd07b45a33e01bc\"},\"image\":{\"@id\":\"https:\/\/nitu.mx\/index.php\/2023\/05\/19\/quintana-roo-ya-cuenta-con-su-consejo-consultivo-y-comision-ejecutiva-de-turismo\/#primaryimage\"},\"thumbnailUrl\":\"https:\/\/nitu.mx\/wp-content\/uploads\/2023\/05\/SEDETUR-Consejo-01.jpeg\",\"keywords\":[\"Bernardo Cueto\",\"Caribe mexicano\",\"Consejo Consultivo y Comisi\u00f3n Ejecutiva de Turismo.\",\"Mara Lezama\",\"Sedetur\"],\"articleSection\":[\"Caribe Mexicano\"],\"inLanguage\":\"es-MX\",\"potentialAction\":[{\"@type\":\"CommentAction\",\"name\":\"Comment\",\"target\":[\"https:\/\/nitu.mx\/index.php\/2023\/05\/19\/quintana-roo-ya-cuenta-con-su-consejo-consultivo-y-comision-ejecutiva-de-turismo\/#respond\"]}]},{\"@type\":\"WebPage\",\"@id\":\"https:\/\/nitu.mx\/index.php\/2023\/05\/19\/quintana-roo-ya-cuenta-con-su-consejo-consultivo-y-comision-ejecutiva-de-turismo\/\",\"url\":\"https:\/\/nitu.mx\/index.php\/2023\/05\/19\/quintana-roo-ya-cuenta-con-su-consejo-consultivo-y-comision-ejecutiva-de-turismo\/\",\"name\":\"Quintana Roo ya cuenta con su Consejo Consultivo y Comisi\u00f3n Ejecutiva de Turismo - Nitu - Noticias de la Industria Turistica\",\"isPartOf\":{\"@id\":\"https:\/\/nitu.mx\/#website\"},\"primaryImageOfPage\":{\"@id\":\"https:\/\/nitu.mx\/index.php\/2023\/05\/19\/quintana-roo-ya-cuenta-con-su-consejo-consultivo-y-comision-ejecutiva-de-turismo\/#primaryimage\"},\"image\":{\"@id\":\"https:\/\/nitu.mx\/index.php\/2023\/05\/19\/quintana-roo-ya-cuenta-con-su-consejo-consultivo-y-comision-ejecutiva-de-turismo\/#primaryimage\"},\"thumbnailUrl\":\"https:\/\/nitu.mx\/wp-content\/uploads\/2023\/05\/SEDETUR-Consejo-01.jpeg\",\"datePublished\":\"2023-05-19T05:49:24+00:00\",\"dateModified\":\"2023-05-19T05:49:24+00:00\",\"breadcrumb\":{\"@id\":\"https:\/\/nitu.mx\/index.php\/2023\/05\/19\/quintana-roo-ya-cuenta-con-su-consejo-consultivo-y-comision-ejecutiva-de-turismo\/#breadcrumb\"},\"inLanguage\":\"es-MX\",\"potentialAction\":[{\"@type\":\"ReadAction\",\"target\":[\"https:\/\/nitu.mx\/index.php\/2023\/05\/19\/quintana-roo-ya-cuenta-con-su-consejo-consultivo-y-comision-ejecutiva-de-turismo\/\"]}]},{\"@type\":\"ImageObject\",\"inLanguage\":\"es-MX\",\"@id\":\"https:\/\/nitu.mx\/index.php\/2023\/05\/19\/quintana-roo-ya-cuenta-con-su-consejo-consultivo-y-comision-ejecutiva-de-turismo\/#primaryimage\",\"url\":\"https:\/\/nitu.mx\/wp-content\/uploads\/2023\/05\/SEDETUR-Consejo-01.jpeg\",\"contentUrl\":\"https:\/\/nitu.mx\/wp-content\/uploads\/2023\/05\/SEDETUR-Consejo-01.jpeg\",\"width\":1200,\"height\":675,\"caption\":\"Quintana Roo\"},{\"@type\":\"BreadcrumbList\",\"@id\":\"https:\/\/nitu.mx\/index.php\/2023\/05\/19\/quintana-roo-ya-cuenta-con-su-consejo-consultivo-y-comision-ejecutiva-de-turismo\/#breadcrumb\",\"itemListElement\":[{\"@type\":\"ListItem\",\"position\":1,\"name\":\"Inicio\",\"item\":\"https:\/\/nitu.mx\/\"},{\"@type\":\"ListItem\",\"position\":2,\"name\":\"Quintana Roo ya cuenta con su Consejo Consultivo y Comisi\u00f3n Ejecutiva de Turismo\"}]},{\"@type\":\"WebSite\",\"@id\":\"https:\/\/nitu.mx\/#website\",\"url\":\"https:\/\/nitu.mx\/\",\"name\":\"Nitu - Noticias de la Industria Turistica\",\"description\":\"Noticias de la Industria Turistica\",\"publisher\":{\"@id\":\"https:\/\/nitu.mx\/#\/schema\/person\/ae7a53426417292d3dd07b45a33e01bc\"},\"alternateName\":\"Noticias de la Industria Turistica\",\"potentialAction\":[{\"@type\":\"SearchAction\",\"target\":{\"@type\":\"EntryPoint\",\"urlTemplate\":\"https:\/\/nitu.mx\/?s={search_term_string}\"},\"query-input\":\"required name=search_term_string\"}],\"inLanguage\":\"es-MX\"},{\"@type\":[\"Person\",\"Organization\"],\"@id\":\"https:\/\/nitu.mx\/#\/schema\/person\/ae7a53426417292d3dd07b45a33e01bc\",\"name\":\"Arturo Medina\",\"image\":{\"@type\":\"ImageObject\",\"inLanguage\":\"es-MX\",\"@id\":\"https:\/\/nitu.mx\/#\/schema\/person\/image\/\",\"url\":\"https:\/\/nitu.mx\/wp-content\/uploads\/2024\/04\/4A315622-1904-4D5C-B022-878CDC840E04-90x90-1.jpeg\",\"contentUrl\":\"https:\/\/nitu.mx\/wp-content\/uploads\/2024\/04\/4A315622-1904-4D5C-B022-878CDC840E04-90x90-1.jpeg\",\"width\":90,\"height\":90,\"caption\":\"Arturo Medina\"},\"logo\":{\"@id\":\"https:\/\/nitu.mx\/#\/schema\/person\/image\/\"},\"description\":\"Director NITU.mx, Egresado de la Escuela de Periodismo Carlos Septi\u00e9n Garc\u00eda. Periodista y analista especializado en turismo desde hace 35 a\u00f1os, radicado en Canc\u00fan Q.Roo. arturo@nitu.mx\",\"sameAs\":[\"https:\/\/nitu.mx\",\"https:\/\/www.facebook.com\/NITUmx\/\",\"medinacancun\",\"https:\/\/twitter.com\/@Arturo_Medina_G\"]},{\"@type\":\"Person\",\"@id\":\"https:\/\/nitu.mx\/#\/schema\/person\/4a28fe9bd65924f7c90623773daf1b0b\",\"name\":\"Redacci\u00f3n\",\"image\":{\"@type\":\"ImageObject\",\"inLanguage\":\"es-MX\",\"@id\":\"https:\/\/nitu.mx\/#\/schema\/person\/image\/\",\"url\":\"https:\/\/secure.gravatar.com\/avatar\/5dd011c8ccfc5cd7e4c81e42252aab38?s=96&d=mm&r=g\",\"contentUrl\":\"https:\/\/secure.gravatar.com\/avatar\/5dd011c8ccfc5cd7e4c81e42252aab38?s=96&d=mm&r=g\",\"caption\":\"Redacci\u00f3n\"},\"url\":\"https:\/\/nitu.mx\/index.php\/author\/redaccion\/\"}]}<\/script>\n<!-- \/ Yoast SEO plugin. -->","yoast_head_json":{"title":"Quintana Roo ya cuenta con su Consejo Consultivo y Comisi\u00f3n Ejecutiva de Turismo - Nitu - Noticias de la Industria Turistica","robots":{"index":"index","follow":"follow","max-snippet":"max-snippet:-1","max-image-preview":"max-image-preview:large","max-video-preview":"max-video-preview:-1"},"canonical":"https:\/\/nitu.mx\/index.php\/2023\/05\/19\/quintana-roo-ya-cuenta-con-su-consejo-consultivo-y-comision-ejecutiva-de-turismo\/","twitter_card":"summary_large_image","twitter_title":"Quintana Roo ya cuenta con su Consejo Consultivo y Comisi\u00f3n Ejecutiva de Turismo - Nitu - Noticias de la Industria Turistica","twitter_description":"Para fortalecer e impulsar la competitividad tur\u00edstica del Caribe mexicano, bajo el nuevo modelo que impulsa la gobernadora Mara Lezama Espinosa, se instal\u00f3 por primera vez en la historia de Quintana Roo el Consejo Consultivo y Comisi\u00f3n Ejecutiva de Turismo. Lo anterior fue dado a conocer por el titular de la Secretar\u00eda Estatal de Turismo [&hellip;]","twitter_image":"https:\/\/nitu.mx\/wp-content\/uploads\/2023\/05\/SEDETUR-Consejo-01.jpeg","twitter_creator":"@NITUmx","twitter_site":"@Arturo_Medina_G","twitter_misc":{"Escrito por":"Redacci\u00f3n","Tiempo de lectura":"2 minutos"},"schema":{"@context":"https:\/\/schema.org","@graph":[{"@type":"Article","@id":"https:\/\/nitu.mx\/index.php\/2023\/05\/19\/quintana-roo-ya-cuenta-con-su-consejo-consultivo-y-comision-ejecutiva-de-turismo\/#article","isPartOf":{"@id":"https:\/\/nitu.mx\/index.php\/2023\/05\/19\/quintana-roo-ya-cuenta-con-su-consejo-consultivo-y-comision-ejecutiva-de-turismo\/"},"author":{"name":"Redacci\u00f3n","@id":"https:\/\/nitu.mx\/#\/schema\/person\/4a28fe9bd65924f7c90623773daf1b0b"},"headline":"Quintana Roo ya cuenta con su Consejo Consultivo y Comisi\u00f3n Ejecutiva de Turismo","datePublished":"2023-05-19T05:49:24+00:00","dateModified":"2023-05-19T05:49:24+00:00","mainEntityOfPage":{"@id":"https:\/\/nitu.mx\/index.php\/2023\/05\/19\/quintana-roo-ya-cuenta-con-su-consejo-consultivo-y-comision-ejecutiva-de-turismo\/"},"wordCount":433,"commentCount":0,"publisher":{"@id":"https:\/\/nitu.mx\/#\/schema\/person\/ae7a53426417292d3dd07b45a33e01bc"},"image":{"@id":"https:\/\/nitu.mx\/index.php\/2023\/05\/19\/quintana-roo-ya-cuenta-con-su-consejo-consultivo-y-comision-ejecutiva-de-turismo\/#primaryimage"},"thumbnailUrl":"https:\/\/nitu.mx\/wp-content\/uploads\/2023\/05\/SEDETUR-Consejo-01.jpeg","keywords":["Bernardo Cueto","Caribe mexicano","Consejo Consultivo y Comisi\u00f3n Ejecutiva de Turismo.","Mara Lezama","Sedetur"],"articleSection":["Caribe Mexicano"],"inLanguage":"es-MX","potentialAction":[{"@type":"CommentAction","name":"Comment","target":["https:\/\/nitu.mx\/index.php\/2023\/05\/19\/quintana-roo-ya-cuenta-con-su-consejo-consultivo-y-comision-ejecutiva-de-turismo\/#respond"]}]},{"@type":"WebPage","@id":"https:\/\/nitu.mx\/index.php\/2023\/05\/19\/quintana-roo-ya-cuenta-con-su-consejo-consultivo-y-comision-ejecutiva-de-turismo\/","url":"https:\/\/nitu.mx\/index.php\/2023\/05\/19\/quintana-roo-ya-cuenta-con-su-consejo-consultivo-y-comision-ejecutiva-de-turismo\/","name":"Quintana Roo ya cuenta con su Consejo Consultivo y Comisi\u00f3n Ejecutiva de Turismo - Nitu - Noticias de la Industria Turistica","isPartOf":{"@id":"https:\/\/nitu.mx\/#website"},"primaryImageOfPage":{"@id":"https:\/\/nitu.mx\/index.php\/2023\/05\/19\/quintana-roo-ya-cuenta-con-su-consejo-consultivo-y-comision-ejecutiva-de-turismo\/#primaryimage"},"image":{"@id":"https:\/\/nitu.mx\/index.php\/2023\/05\/19\/quintana-roo-ya-cuenta-con-su-consejo-consultivo-y-comision-ejecutiva-de-turismo\/#primaryimage"},"thumbnailUrl":"https:\/\/nitu.mx\/wp-content\/uploads\/2023\/05\/SEDETUR-Consejo-01.jpeg","datePublished":"2023-05-19T05:49:24+00:00","dateModified":"2023-05-19T05:49:24+00:00","breadcrumb":{"@id":"https:\/\/nitu.mx\/index.php\/2023\/05\/19\/quintana-roo-ya-cuenta-con-su-consejo-consultivo-y-comision-ejecutiva-de-turismo\/#breadcrumb"},"inLanguage":"es-MX","potentialAction":[{"@type":"ReadAction","target":["https:\/\/nitu.mx\/index.php\/2023\/05\/19\/quintana-roo-ya-cuenta-con-su-consejo-consultivo-y-comision-ejecutiva-de-turismo\/"]}]},{"@type":"ImageObject","inLanguage":"es-MX","@id":"https:\/\/nitu.mx\/index.php\/2023\/05\/19\/quintana-roo-ya-cuenta-con-su-consejo-consultivo-y-comision-ejecutiva-de-turismo\/#primaryimage","url":"https:\/\/nitu.mx\/wp-content\/uploads\/2023\/05\/SEDETUR-Consejo-01.jpeg","contentUrl":"https:\/\/nitu.mx\/wp-content\/uploads\/2023\/05\/SEDETUR-Consejo-01.jpeg","width":1200,"height":675,"caption":"Quintana Roo"},{"@type":"BreadcrumbList","@id":"https:\/\/nitu.mx\/index.php\/2023\/05\/19\/quintana-roo-ya-cuenta-con-su-consejo-consultivo-y-comision-ejecutiva-de-turismo\/#breadcrumb","itemListElement":[{"@type":"ListItem","position":1,"name":"Inicio","item":"https:\/\/nitu.mx\/"},{"@type":"ListItem","position":2,"name":"Quintana Roo ya cuenta con su Consejo Consultivo y Comisi\u00f3n Ejecutiva de Turismo"}]},{"@type":"WebSite","@id":"https:\/\/nitu.mx\/#website","url":"https:\/\/nitu.mx\/","name":"Nitu - Noticias de la Industria Turistica","description":"Noticias de la Industria Turistica","publisher":{"@id":"https:\/\/nitu.mx\/#\/schema\/person\/ae7a53426417292d3dd07b45a33e01bc"},"alternateName":"Noticias de la Industria Turistica","potentialAction":[{"@type":"SearchAction","target":{"@type":"EntryPoint","urlTemplate":"https:\/\/nitu.mx\/?s={search_term_string}"},"query-input":"required name=search_term_string"}],"inLanguage":"es-MX"},{"@type":["Person","Organization"],"@id":"https:\/\/nitu.mx\/#\/schema\/person\/ae7a53426417292d3dd07b45a33e01bc","name":"Arturo Medina","image":{"@type":"ImageObject","inLanguage":"es-MX","@id":"https:\/\/nitu.mx\/#\/schema\/person\/image\/","url":"https:\/\/nitu.mx\/wp-content\/uploads\/2024\/04\/4A315622-1904-4D5C-B022-878CDC840E04-90x90-1.jpeg","contentUrl":"https:\/\/nitu.mx\/wp-content\/uploads\/2024\/04\/4A315622-1904-4D5C-B022-878CDC840E04-90x90-1.jpeg","width":90,"height":90,"caption":"Arturo Medina"},"logo":{"@id":"https:\/\/nitu.mx\/#\/schema\/person\/image\/"},"description":"Director NITU.mx, Egresado de la Escuela de Periodismo Carlos Septi\u00e9n Garc\u00eda. Periodista y analista especializado en turismo desde hace 35 a\u00f1os, radicado en Canc\u00fan Q.Roo. arturo@nitu.mx","sameAs":["https:\/\/nitu.mx","https:\/\/www.facebook.com\/NITUmx\/","medinacancun","https:\/\/twitter.com\/@Arturo_Medina_G"]},{"@type":"Person","@id":"https:\/\/nitu.mx\/#\/schema\/person\/4a28fe9bd65924f7c90623773daf1b0b","name":"Redacci\u00f3n","image":{"@type":"ImageObject","inLanguage":"es-MX","@id":"https:\/\/nitu.mx\/#\/schema\/person\/image\/","url":"https:\/\/secure.gravatar.com\/avatar\/5dd011c8ccfc5cd7e4c81e42252aab38?s=96&d=mm&r=g","contentUrl":"https:\/\/secure.gravatar.com\/avatar\/5dd011c8ccfc5cd7e4c81e42252aab38?s=96&d=mm&r=g","caption":"Redacci\u00f3n"},"url":"https:\/\/nitu.mx\/index.php\/author\/redaccion\/"}]}},"views":1582,"_links":{"self":[{"href":"https:\/\/nitu.mx\/index.php\/wp-json\/wp\/v2\/posts\/64513"}],"collection":[{"href":"https:\/\/nitu.mx\/index.php\/wp-json\/wp\/v2\/posts"}],"about":[{"href":"https:\/\/nitu.mx\/index.php\/wp-json\/wp\/v2\/types\/post"}],"author":[{"embeddable":true,"href":"https:\/\/nitu.mx\/index.php\/wp-json\/wp\/v2\/users\/17"}],"replies":[{"embeddable":true,"href":"https:\/\/nitu.mx\/index.php\/wp-json\/wp\/v2\/comments?post=64513"}],"version-history":[{"count":1,"href":"https:\/\/nitu.mx\/index.php\/wp-json\/wp\/v2\/posts\/64513\/revisions"}],"predecessor-version":[{"id":64515,"href":"https:\/\/nitu.mx\/index.php\/wp-json\/wp\/v2\/posts\/64513\/revisions\/64515"}],"wp:featuredmedia":[{"embeddable":true,"href":"https:\/\/nitu.mx\/index.php\/wp-json\/wp\/v2\/media\/64514"}],"wp:attachment":[{"href":"https:\/\/nitu.mx\/index.php\/wp-json\/wp\/v2\/media?parent=64513"}],"wp:term":[{"taxonomy":"category","embeddable":true,"href":"https:\/\/nitu.mx\/index.php\/wp-json\/wp\/v2\/categories?post=64513"},{"taxonomy":"post_tag","embeddable":true,"href":"https:\/\/nitu.mx\/index.php\/wp-json\/wp\/v2\/tags?post=64513"}],"curies":[{"name":"wp","href":"https:\/\/api.w.org\/{rel}","templated":true}]}}