{"id":64509,"date":"2023-05-19T00:16:33","date_gmt":"2023-05-19T05:16:33","guid":{"rendered":"https:\/\/www.dev.nitu.mx\/?p=64509"},"modified":"2023-05-19T00:27:43","modified_gmt":"2023-05-19T05:27:43","slug":"viva-aerobus-inaugura-ruta-de-los-cabos-a-cancun-y-a-toluca","status":"publish","type":"post","link":"https:\/\/nitu.mx\/index.php\/2023\/05\/19\/viva-aerobus-inaugura-ruta-de-los-cabos-a-cancun-y-a-toluca\/","title":{"rendered":"Viva Aerobus inaugura ruta de Los Cabos a Canc\u00fan y a Toluca"},"content":{"rendered":"<p>Tal como lo informamos en <em><strong>NITU.mx<\/strong><\/em>,\u00a0este jueves a las 14:00 horas\u00a0aterriz\u00f3 en el Aeropuerto Internacional de San Jos\u00e9 del Cabo el vuelo inaugural de la nueva ruta de Viva Aerobus que conecta a Los Cabos con Canc\u00fan y con Toluca, servicio que comienza en un momento clave ante la cercan\u00eda de la temporada vacacional de verano.<\/p>\n<p>\u201cRecibir este nuevo vuelo nos llena de orgullo en Los Cabos pues es muestra del importante crecimiento que est\u00e1 teniendo el destino entre los viajeros nacionales que se ven atra\u00eddos por la exclusiva oferta de alojamientos y experiencias de alto perfil que nos permite ampliar la red de conexi\u00f3n con la zona centro y Caribe del pa\u00eds de la mano de actores clave como lo es Viva Aerobus\u201d coment\u00f3 Rodrigo Esponda, director del Fideicomiso de Turismo de Los Cabos (Fiturca).<\/p>\n<p>Este nuevo servicio ofrece un vuelo diario y ya sea que parta desde Los Cabos o Canc\u00fan, se realiza una escala expr\u00e9s en Toluca. En esta escala, los pasajeros provenientes de Baja California o Quintana Roo, seg\u00fan sea la direcci\u00f3n del vuelo, no requieren bajarse del avi\u00f3n salvo que su destino final sea la capital mexiquense; y nuevos pasajeros de Toluca podr\u00e1n abordar \u00e1gilmente la aeronave para viajar a cualquiera de estas dos ic\u00f3nicas playas mexicanas. Cualquiera que sea el caso, los viajeros disfrutar\u00e1n de volar en la flota m\u00e1s joven de M\u00e9xico, conformada por 71 aeronaves Airbus con una edad promedio de tan s\u00f3lo 5 a\u00f1os.<\/p>\n<p>\u201cEs un gusto contribuir con el desarrollo del sector tur\u00edstico de Baja California Sur con vuelos a precios bajos y en aviones nuevos que conectan a Los Cabos con m\u00e1s y m\u00e1s puntos del pa\u00eds para que nadie se pierda la oportunidad de descubrir sus inolvidables playas. Se trata de un destino bandera de M\u00e9xico y en este a\u00f1o hemos trabajado arduamente para ponerlo al alcance de todos\u201d, mencion\u00f3 Walfred Castro, director de Comunicaci\u00f3n de Viva Aerobus.<\/p>\n<p>Este 2023, la aerol\u00ednea mexicana de bajo costo ha anunciado cinco nuevas rutas en Baja California. Desde Los Cabos, adem\u00e1s de estos vuelos a Canc\u00fan y Toluca, tambi\u00e9n est\u00e1n por iniciar las rutas a Quer\u00e9taro y Ciudad Ju\u00e1rez el primero de junio y julio, respectivamente; y desde La Paz comenzar\u00e1 la ruta a Mazatl\u00e1n desde el primer d\u00eda de julio.\u00a0<a title=\"Viva Aerobus anuncia su ruta exclusiva Los Cabos-Ciudad Ju\u00e1rez\" href=\"https:\/\/www.dev.nitu.mx\/index.php\/2023\/04\/28\/viva-aerobus-anuncia-su-ruta-exclusiva-los-cabos-ciudad-juarez\/\" rel=\"bookmark\">(Viva Aerobus anuncia su ruta exclusiva Los Cabos-Ciudad Ju\u00e1rez<\/a>).<\/p>\n<p>De esta manera, Viva se ha convertido en una de las aerol\u00edneas con mayor presencia en el estado, sumando un total de trece rutas, diez desde Los Cabos y tres desde la capital sudcaliforniana.<\/p>\n","protected":false},"excerpt":{"rendered":"<p>Tal como lo informamos en NITU.mx,\u00a0este jueves a las 14:00 horas\u00a0aterriz\u00f3 en el Aeropuerto Internacional de San Jos\u00e9 del Cabo el vuelo inaugural de la nueva ruta de Viva Aerobus que conecta a Los Cabos con Canc\u00fan y con Toluca, servicio que comienza en un momento clave ante la cercan\u00eda de la temporada vacacional de [&hellip;]<\/p>\n","protected":false},"author":17,"featured_media":57619,"comment_status":"open","ping_status":"open","sticky":false,"template":"","format":"standard","meta":{"footnotes":""},"categories":[29],"tags":[43,130,919,2102],"yoast_head":"<!-- This site is optimized with the Yoast SEO plugin v22.2 - https:\/\/yoast.com\/wordpress\/plugins\/seo\/ -->\n<title>Viva Aerobus inaugura ruta de Los Cabos a Canc\u00fan y a Toluca - Nitu - Noticias de la Industria Turistica<\/title>\n<meta name=\"robots\" content=\"index, follow, max-snippet:-1, max-image-preview:large, max-video-preview:-1\" \/>\n<link rel=\"canonical\" href=\"https:\/\/nitu.mx\/index.php\/2023\/05\/19\/viva-aerobus-inaugura-ruta-de-los-cabos-a-cancun-y-a-toluca\/\" \/>\n<meta name=\"twitter:card\" content=\"summary_large_image\" \/>\n<meta name=\"twitter:title\" content=\"Viva Aerobus inaugura ruta de Los Cabos a Canc\u00fan y a Toluca - Nitu - Noticias de la Industria Turistica\" \/>\n<meta name=\"twitter:description\" content=\"Tal como lo informamos en NITU.mx,\u00a0este jueves a las 14:00 horas\u00a0aterriz\u00f3 en el Aeropuerto Internacional de San Jos\u00e9 del Cabo el vuelo inaugural de la nueva ruta de Viva Aerobus que conecta a Los Cabos con Canc\u00fan y con Toluca, servicio que comienza en un momento clave ante la cercan\u00eda de la temporada vacacional de [&hellip;]\" \/>\n<meta name=\"twitter:image\" content=\"https:\/\/nitu.mx\/wp-content\/uploads\/2022\/01\/Viva-Aerobus-A321.jpg\" \/>\n<meta name=\"twitter:creator\" content=\"@NITUmx\" \/>\n<meta name=\"twitter:site\" content=\"@Arturo_Medina_G\" \/>\n<meta name=\"twitter:label1\" content=\"Escrito por\" \/>\n\t<meta name=\"twitter:data1\" content=\"Redacci\u00f3n\" \/>\n\t<meta name=\"twitter:label2\" content=\"Tiempo de lectura\" \/>\n\t<meta name=\"twitter:data2\" content=\"2 minutos\" \/>\n<script type=\"application\/ld+json\" class=\"yoast-schema-graph\">{\"@context\":\"https:\/\/schema.org\",\"@graph\":[{\"@type\":\"Article\",\"@id\":\"https:\/\/nitu.mx\/index.php\/2023\/05\/19\/viva-aerobus-inaugura-ruta-de-los-cabos-a-cancun-y-a-toluca\/#article\",\"isPartOf\":{\"@id\":\"https:\/\/nitu.mx\/index.php\/2023\/05\/19\/viva-aerobus-inaugura-ruta-de-los-cabos-a-cancun-y-a-toluca\/\"},\"author\":{\"name\":\"Redacci\u00f3n\",\"@id\":\"https:\/\/nitu.mx\/#\/schema\/person\/4a28fe9bd65924f7c90623773daf1b0b\"},\"headline\":\"Viva Aerobus inaugura ruta de Los Cabos a Canc\u00fan y a Toluca\",\"datePublished\":\"2023-05-19T05:16:33+00:00\",\"dateModified\":\"2023-05-19T05:27:43+00:00\",\"mainEntityOfPage\":{\"@id\":\"https:\/\/nitu.mx\/index.php\/2023\/05\/19\/viva-aerobus-inaugura-ruta-de-los-cabos-a-cancun-y-a-toluca\/\"},\"wordCount\":470,\"commentCount\":0,\"publisher\":{\"@id\":\"https:\/\/nitu.mx\/#\/schema\/person\/ae7a53426417292d3dd07b45a33e01bc\"},\"image\":{\"@id\":\"https:\/\/nitu.mx\/index.php\/2023\/05\/19\/viva-aerobus-inaugura-ruta-de-los-cabos-a-cancun-y-a-toluca\/#primaryimage\"},\"thumbnailUrl\":\"https:\/\/nitu.mx\/wp-content\/uploads\/2022\/01\/Viva-Aerobus-A321.jpg\",\"keywords\":[\"Canc\u00fan\",\"Los Cabos\",\"Toluca\",\"Viva Aerobus\"],\"articleSection\":[\"Aerol\u00edneas\"],\"inLanguage\":\"es-MX\",\"potentialAction\":[{\"@type\":\"CommentAction\",\"name\":\"Comment\",\"target\":[\"https:\/\/nitu.mx\/index.php\/2023\/05\/19\/viva-aerobus-inaugura-ruta-de-los-cabos-a-cancun-y-a-toluca\/#respond\"]}]},{\"@type\":\"WebPage\",\"@id\":\"https:\/\/nitu.mx\/index.php\/2023\/05\/19\/viva-aerobus-inaugura-ruta-de-los-cabos-a-cancun-y-a-toluca\/\",\"url\":\"https:\/\/nitu.mx\/index.php\/2023\/05\/19\/viva-aerobus-inaugura-ruta-de-los-cabos-a-cancun-y-a-toluca\/\",\"name\":\"Viva Aerobus inaugura ruta de Los Cabos a Canc\u00fan y a Toluca - Nitu - Noticias de la Industria Turistica\",\"isPartOf\":{\"@id\":\"https:\/\/nitu.mx\/#website\"},\"primaryImageOfPage\":{\"@id\":\"https:\/\/nitu.mx\/index.php\/2023\/05\/19\/viva-aerobus-inaugura-ruta-de-los-cabos-a-cancun-y-a-toluca\/#primaryimage\"},\"image\":{\"@id\":\"https:\/\/nitu.mx\/index.php\/2023\/05\/19\/viva-aerobus-inaugura-ruta-de-los-cabos-a-cancun-y-a-toluca\/#primaryimage\"},\"thumbnailUrl\":\"https:\/\/nitu.mx\/wp-content\/uploads\/2022\/01\/Viva-Aerobus-A321.jpg\",\"datePublished\":\"2023-05-19T05:16:33+00:00\",\"dateModified\":\"2023-05-19T05:27:43+00:00\",\"breadcrumb\":{\"@id\":\"https:\/\/nitu.mx\/index.php\/2023\/05\/19\/viva-aerobus-inaugura-ruta-de-los-cabos-a-cancun-y-a-toluca\/#breadcrumb\"},\"inLanguage\":\"es-MX\",\"potentialAction\":[{\"@type\":\"ReadAction\",\"target\":[\"https:\/\/nitu.mx\/index.php\/2023\/05\/19\/viva-aerobus-inaugura-ruta-de-los-cabos-a-cancun-y-a-toluca\/\"]}]},{\"@type\":\"ImageObject\",\"inLanguage\":\"es-MX\",\"@id\":\"https:\/\/nitu.mx\/index.php\/2023\/05\/19\/viva-aerobus-inaugura-ruta-de-los-cabos-a-cancun-y-a-toluca\/#primaryimage\",\"url\":\"https:\/\/nitu.mx\/wp-content\/uploads\/2022\/01\/Viva-Aerobus-A321.jpg\",\"contentUrl\":\"https:\/\/nitu.mx\/wp-content\/uploads\/2022\/01\/Viva-Aerobus-A321.jpg\",\"width\":1200,\"height\":675,\"caption\":\"Viva Aerobus\"},{\"@type\":\"BreadcrumbList\",\"@id\":\"https:\/\/nitu.mx\/index.php\/2023\/05\/19\/viva-aerobus-inaugura-ruta-de-los-cabos-a-cancun-y-a-toluca\/#breadcrumb\",\"itemListElement\":[{\"@type\":\"ListItem\",\"position\":1,\"name\":\"Inicio\",\"item\":\"https:\/\/nitu.mx\/\"},{\"@type\":\"ListItem\",\"position\":2,\"name\":\"Viva Aerobus inaugura ruta de Los Cabos a Canc\u00fan y a Toluca\"}]},{\"@type\":\"WebSite\",\"@id\":\"https:\/\/nitu.mx\/#website\",\"url\":\"https:\/\/nitu.mx\/\",\"name\":\"Nitu - Noticias de la Industria Turistica\",\"description\":\"Noticias de la Industria Turistica\",\"publisher\":{\"@id\":\"https:\/\/nitu.mx\/#\/schema\/person\/ae7a53426417292d3dd07b45a33e01bc\"},\"alternateName\":\"Noticias de la Industria Turistica\",\"potentialAction\":[{\"@type\":\"SearchAction\",\"target\":{\"@type\":\"EntryPoint\",\"urlTemplate\":\"https:\/\/nitu.mx\/?s={search_term_string}\"},\"query-input\":\"required name=search_term_string\"}],\"inLanguage\":\"es-MX\"},{\"@type\":[\"Person\",\"Organization\"],\"@id\":\"https:\/\/nitu.mx\/#\/schema\/person\/ae7a53426417292d3dd07b45a33e01bc\",\"name\":\"Arturo Medina\",\"image\":{\"@type\":\"ImageObject\",\"inLanguage\":\"es-MX\",\"@id\":\"https:\/\/nitu.mx\/#\/schema\/person\/image\/\",\"url\":\"https:\/\/nitu.mx\/wp-content\/uploads\/2024\/04\/4A315622-1904-4D5C-B022-878CDC840E04-90x90-1.jpeg\",\"contentUrl\":\"https:\/\/nitu.mx\/wp-content\/uploads\/2024\/04\/4A315622-1904-4D5C-B022-878CDC840E04-90x90-1.jpeg\",\"width\":90,\"height\":90,\"caption\":\"Arturo Medina\"},\"logo\":{\"@id\":\"https:\/\/nitu.mx\/#\/schema\/person\/image\/\"},\"description\":\"Director NITU.mx, Egresado de la Escuela de Periodismo Carlos Septi\u00e9n Garc\u00eda. Periodista y analista especializado en turismo desde hace 35 a\u00f1os, radicado en Canc\u00fan Q.Roo. arturo@nitu.mx\",\"sameAs\":[\"https:\/\/nitu.mx\",\"https:\/\/www.facebook.com\/NITUmx\/\",\"medinacancun\",\"https:\/\/twitter.com\/@Arturo_Medina_G\"]},{\"@type\":\"Person\",\"@id\":\"https:\/\/nitu.mx\/#\/schema\/person\/4a28fe9bd65924f7c90623773daf1b0b\",\"name\":\"Redacci\u00f3n\",\"image\":{\"@type\":\"ImageObject\",\"inLanguage\":\"es-MX\",\"@id\":\"https:\/\/nitu.mx\/#\/schema\/person\/image\/\",\"url\":\"https:\/\/secure.gravatar.com\/avatar\/5dd011c8ccfc5cd7e4c81e42252aab38?s=96&d=mm&r=g\",\"contentUrl\":\"https:\/\/secure.gravatar.com\/avatar\/5dd011c8ccfc5cd7e4c81e42252aab38?s=96&d=mm&r=g\",\"caption\":\"Redacci\u00f3n\"},\"url\":\"https:\/\/nitu.mx\/index.php\/author\/redaccion\/\"}]}<\/script>\n<!-- \/ Yoast SEO plugin. -->","yoast_head_json":{"title":"Viva Aerobus inaugura ruta de Los Cabos a Canc\u00fan y a Toluca - Nitu - Noticias de la Industria Turistica","robots":{"index":"index","follow":"follow","max-snippet":"max-snippet:-1","max-image-preview":"max-image-preview:large","max-video-preview":"max-video-preview:-1"},"canonical":"https:\/\/nitu.mx\/index.php\/2023\/05\/19\/viva-aerobus-inaugura-ruta-de-los-cabos-a-cancun-y-a-toluca\/","twitter_card":"summary_large_image","twitter_title":"Viva Aerobus inaugura ruta de Los Cabos a Canc\u00fan y a Toluca - Nitu - Noticias de la Industria Turistica","twitter_description":"Tal como lo informamos en NITU.mx,\u00a0este jueves a las 14:00 horas\u00a0aterriz\u00f3 en el Aeropuerto Internacional de San Jos\u00e9 del Cabo el vuelo inaugural de la nueva ruta de Viva Aerobus que conecta a Los Cabos con Canc\u00fan y con Toluca, servicio que comienza en un momento clave ante la cercan\u00eda de la temporada vacacional de [&hellip;]","twitter_image":"https:\/\/nitu.mx\/wp-content\/uploads\/2022\/01\/Viva-Aerobus-A321.jpg","twitter_creator":"@NITUmx","twitter_site":"@Arturo_Medina_G","twitter_misc":{"Escrito por":"Redacci\u00f3n","Tiempo de lectura":"2 minutos"},"schema":{"@context":"https:\/\/schema.org","@graph":[{"@type":"Article","@id":"https:\/\/nitu.mx\/index.php\/2023\/05\/19\/viva-aerobus-inaugura-ruta-de-los-cabos-a-cancun-y-a-toluca\/#article","isPartOf":{"@id":"https:\/\/nitu.mx\/index.php\/2023\/05\/19\/viva-aerobus-inaugura-ruta-de-los-cabos-a-cancun-y-a-toluca\/"},"author":{"name":"Redacci\u00f3n","@id":"https:\/\/nitu.mx\/#\/schema\/person\/4a28fe9bd65924f7c90623773daf1b0b"},"headline":"Viva Aerobus inaugura ruta de Los Cabos a Canc\u00fan y a Toluca","datePublished":"2023-05-19T05:16:33+00:00","dateModified":"2023-05-19T05:27:43+00:00","mainEntityOfPage":{"@id":"https:\/\/nitu.mx\/index.php\/2023\/05\/19\/viva-aerobus-inaugura-ruta-de-los-cabos-a-cancun-y-a-toluca\/"},"wordCount":470,"commentCount":0,"publisher":{"@id":"https:\/\/nitu.mx\/#\/schema\/person\/ae7a53426417292d3dd07b45a33e01bc"},"image":{"@id":"https:\/\/nitu.mx\/index.php\/2023\/05\/19\/viva-aerobus-inaugura-ruta-de-los-cabos-a-cancun-y-a-toluca\/#primaryimage"},"thumbnailUrl":"https:\/\/nitu.mx\/wp-content\/uploads\/2022\/01\/Viva-Aerobus-A321.jpg","keywords":["Canc\u00fan","Los Cabos","Toluca","Viva Aerobus"],"articleSection":["Aerol\u00edneas"],"inLanguage":"es-MX","potentialAction":[{"@type":"CommentAction","name":"Comment","target":["https:\/\/nitu.mx\/index.php\/2023\/05\/19\/viva-aerobus-inaugura-ruta-de-los-cabos-a-cancun-y-a-toluca\/#respond"]}]},{"@type":"WebPage","@id":"https:\/\/nitu.mx\/index.php\/2023\/05\/19\/viva-aerobus-inaugura-ruta-de-los-cabos-a-cancun-y-a-toluca\/","url":"https:\/\/nitu.mx\/index.php\/2023\/05\/19\/viva-aerobus-inaugura-ruta-de-los-cabos-a-cancun-y-a-toluca\/","name":"Viva Aerobus inaugura ruta de Los Cabos a Canc\u00fan y a Toluca - Nitu - Noticias de la Industria Turistica","isPartOf":{"@id":"https:\/\/nitu.mx\/#website"},"primaryImageOfPage":{"@id":"https:\/\/nitu.mx\/index.php\/2023\/05\/19\/viva-aerobus-inaugura-ruta-de-los-cabos-a-cancun-y-a-toluca\/#primaryimage"},"image":{"@id":"https:\/\/nitu.mx\/index.php\/2023\/05\/19\/viva-aerobus-inaugura-ruta-de-los-cabos-a-cancun-y-a-toluca\/#primaryimage"},"thumbnailUrl":"https:\/\/nitu.mx\/wp-content\/uploads\/2022\/01\/Viva-Aerobus-A321.jpg","datePublished":"2023-05-19T05:16:33+00:00","dateModified":"2023-05-19T05:27:43+00:00","breadcrumb":{"@id":"https:\/\/nitu.mx\/index.php\/2023\/05\/19\/viva-aerobus-inaugura-ruta-de-los-cabos-a-cancun-y-a-toluca\/#breadcrumb"},"inLanguage":"es-MX","potentialAction":[{"@type":"ReadAction","target":["https:\/\/nitu.mx\/index.php\/2023\/05\/19\/viva-aerobus-inaugura-ruta-de-los-cabos-a-cancun-y-a-toluca\/"]}]},{"@type":"ImageObject","inLanguage":"es-MX","@id":"https:\/\/nitu.mx\/index.php\/2023\/05\/19\/viva-aerobus-inaugura-ruta-de-los-cabos-a-cancun-y-a-toluca\/#primaryimage","url":"https:\/\/nitu.mx\/wp-content\/uploads\/2022\/01\/Viva-Aerobus-A321.jpg","contentUrl":"https:\/\/nitu.mx\/wp-content\/uploads\/2022\/01\/Viva-Aerobus-A321.jpg","width":1200,"height":675,"caption":"Viva Aerobus"},{"@type":"BreadcrumbList","@id":"https:\/\/nitu.mx\/index.php\/2023\/05\/19\/viva-aerobus-inaugura-ruta-de-los-cabos-a-cancun-y-a-toluca\/#breadcrumb","itemListElement":[{"@type":"ListItem","position":1,"name":"Inicio","item":"https:\/\/nitu.mx\/"},{"@type":"ListItem","position":2,"name":"Viva Aerobus inaugura ruta de Los Cabos a Canc\u00fan y a Toluca"}]},{"@type":"WebSite","@id":"https:\/\/nitu.mx\/#website","url":"https:\/\/nitu.mx\/","name":"Nitu - Noticias de la Industria Turistica","description":"Noticias de la Industria Turistica","publisher":{"@id":"https:\/\/nitu.mx\/#\/schema\/person\/ae7a53426417292d3dd07b45a33e01bc"},"alternateName":"Noticias de la Industria Turistica","potentialAction":[{"@type":"SearchAction","target":{"@type":"EntryPoint","urlTemplate":"https:\/\/nitu.mx\/?s={search_term_string}"},"query-input":"required name=search_term_string"}],"inLanguage":"es-MX"},{"@type":["Person","Organization"],"@id":"https:\/\/nitu.mx\/#\/schema\/person\/ae7a53426417292d3dd07b45a33e01bc","name":"Arturo Medina","image":{"@type":"ImageObject","inLanguage":"es-MX","@id":"https:\/\/nitu.mx\/#\/schema\/person\/image\/","url":"https:\/\/nitu.mx\/wp-content\/uploads\/2024\/04\/4A315622-1904-4D5C-B022-878CDC840E04-90x90-1.jpeg","contentUrl":"https:\/\/nitu.mx\/wp-content\/uploads\/2024\/04\/4A315622-1904-4D5C-B022-878CDC840E04-90x90-1.jpeg","width":90,"height":90,"caption":"Arturo Medina"},"logo":{"@id":"https:\/\/nitu.mx\/#\/schema\/person\/image\/"},"description":"Director NITU.mx, Egresado de la Escuela de Periodismo Carlos Septi\u00e9n Garc\u00eda. Periodista y analista especializado en turismo desde hace 35 a\u00f1os, radicado en Canc\u00fan Q.Roo. arturo@nitu.mx","sameAs":["https:\/\/nitu.mx","https:\/\/www.facebook.com\/NITUmx\/","medinacancun","https:\/\/twitter.com\/@Arturo_Medina_G"]},{"@type":"Person","@id":"https:\/\/nitu.mx\/#\/schema\/person\/4a28fe9bd65924f7c90623773daf1b0b","name":"Redacci\u00f3n","image":{"@type":"ImageObject","inLanguage":"es-MX","@id":"https:\/\/nitu.mx\/#\/schema\/person\/image\/","url":"https:\/\/secure.gravatar.com\/avatar\/5dd011c8ccfc5cd7e4c81e42252aab38?s=96&d=mm&r=g","contentUrl":"https:\/\/secure.gravatar.com\/avatar\/5dd011c8ccfc5cd7e4c81e42252aab38?s=96&d=mm&r=g","caption":"Redacci\u00f3n"},"url":"https:\/\/nitu.mx\/index.php\/author\/redaccion\/"}]}},"views":1257,"_links":{"self":[{"href":"https:\/\/nitu.mx\/index.php\/wp-json\/wp\/v2\/posts\/64509"}],"collection":[{"href":"https:\/\/nitu.mx\/index.php\/wp-json\/wp\/v2\/posts"}],"about":[{"href":"https:\/\/nitu.mx\/index.php\/wp-json\/wp\/v2\/types\/post"}],"author":[{"embeddable":true,"href":"https:\/\/nitu.mx\/index.php\/wp-json\/wp\/v2\/users\/17"}],"replies":[{"embeddable":true,"href":"https:\/\/nitu.mx\/index.php\/wp-json\/wp\/v2\/comments?post=64509"}],"version-history":[{"count":1,"href":"https:\/\/nitu.mx\/index.php\/wp-json\/wp\/v2\/posts\/64509\/revisions"}],"predecessor-version":[{"id":64510,"href":"https:\/\/nitu.mx\/index.php\/wp-json\/wp\/v2\/posts\/64509\/revisions\/64510"}],"wp:featuredmedia":[{"embeddable":true,"href":"https:\/\/nitu.mx\/index.php\/wp-json\/wp\/v2\/media\/57619"}],"wp:attachment":[{"href":"https:\/\/nitu.mx\/index.php\/wp-json\/wp\/v2\/media?parent=64509"}],"wp:term":[{"taxonomy":"category","embeddable":true,"href":"https:\/\/nitu.mx\/index.php\/wp-json\/wp\/v2\/categories?post=64509"},{"taxonomy":"post_tag","embeddable":true,"href":"https:\/\/nitu.mx\/index.php\/wp-json\/wp\/v2\/tags?post=64509"}],"curies":[{"name":"wp","href":"https:\/\/api.w.org\/{rel}","templated":true}]}}