{"id":64503,"date":"2023-05-19T00:26:11","date_gmt":"2023-05-19T05:26:11","guid":{"rendered":"https:\/\/www.dev.nitu.mx\/?p=64503"},"modified":"2023-05-19T00:27:49","modified_gmt":"2023-05-19T05:27:49","slug":"anuncia-la-canadiense-wesjet-cancelaciones-tras-anuncio-de-huelga","status":"publish","type":"post","link":"https:\/\/nitu.mx\/index.php\/2023\/05\/19\/anuncia-la-canadiense-wesjet-cancelaciones-tras-anuncio-de-huelga\/","title":{"rendered":"Anuncia la canadiense WesJet cancelaciones tras anuncio de huelga"},"content":{"rendered":"<p>WestJet pausar\u00e1 temporalmente los servicios en muchas de sus rutas mientras se prepara para una pr\u00f3xima huelga de pilotos. La aerol\u00ednea canadiense afirma que est\u00e1 tomando esta medida dr\u00e1stica para garantizar que sus rutas m\u00e1s transitadas contin\u00faen funcionando durante la huelga, y que los aviones y las tripulaciones no queden varados en lugares remotos lejos de sus centros. El anuncio se produce cuando la aerol\u00ednea se ha visto envuelta en un feroz debate con el sindicato de pilotos Airline Pilot Association (ALPA) que representa a sus pilotos.<\/p>\n<p>Al cerrar muchas de sus rutas menos populares, miles de pasajeros recibir\u00e1n hoy avisos de cancelaci\u00f3n de vuelos. Estas cancelaciones tendr\u00e1n un gran impacto en las ganancias de la aerol\u00ednea y en los pasajeros que dependen de los servicios de las aerol\u00edneas para viajes de negocios y de placer. Esto dejar\u00e1 muchos mercados desatendidos, lo que provocar\u00e1 aumentos de precios en otras aerol\u00edneas que operan rutas similares.<\/p>\n<p>La aerol\u00ednea a\u00fan no ha declarado qu\u00e9 rutas se pausar\u00e1n temporalmente. Sin embargo, ha compartido que planea estacionar la mayor\u00eda de sus Boeing 737 y Boeing 787. Con una flota de m\u00e1s de 100 aviones compuesta \u00fanicamente por 737 y 787, es probable que WestJet detenga la mayor\u00eda de sus rutas.<\/p>\n<p>Si bien esto afectar\u00e1 a miles de pasajeros, muchos de los clientes del grupo de aerol\u00edneas a\u00fan podr\u00e1n llegar a sus destinos, ya que WestJet Link y WestJet Encore permanecer\u00e1n en pleno funcionamiento. Estas compa\u00f1\u00edas separadas seguir\u00e1n realizando sus vuelos regulares ya que no se espera que sus pilotos se unan a la huelga. Sin embargo, es probable que sus operaciones enfrenten muchos retrasos debido a la gran cantidad de cancelaciones de vuelos de WestJet.<\/p>\n<p>Los representantes de ALPA y WetJet han estado discutiendo los aumentos salariales de los pilotos durante casi un a\u00f1o. Desafortunadamente para los pilotos, las discusiones no han dado los resultados deseados.<\/p>\n<p>Debido al estancamiento, ALPA emiti\u00f3 un aviso de huelga de 72 horas a la aerol\u00ednea hace dos d\u00edas. A las 03:00 ET del viernes 19 de mayo, muchos pilotos de WestJet planean hacer huelga. Si suficientes pilotos se unen a la huelga, forzar\u00e1n un cierre operativo.<\/p>\n<p>El director ejecutivo de WestJet Group, Alexis von Hoensbroech, declar\u00f3: &#8220;Estamos extremadamente desalentados de encontrarnos en un lugar donde tenemos que activar nuestro plan de contingencia y el posterior desmantelamiento de nuestra red como resultado del aviso de huelga entregado por ALPA y su incapacidad para aceptar una oferta razonable. Lamentamos profundamente la interrupci\u00f3n de este tendr\u00e1 en los planes de viaje de nuestros hu\u00e9spedes y las comunidades y empresas que dependen de nuestro servicio a\u00e9reo cr\u00edtico&#8221;.<\/p>\n<p>&#8220;Seguimos en un callej\u00f3n sin salida cr\u00edtico con el sindicato, y no nos ha quedado m\u00e1s remedio que comenzar a tomar los dolorosos pasos de preparaci\u00f3n para la realidad de un paro laboral&#8221;, agreg\u00f3 el ejecutivo.<\/p>\n<p>ALPA ha dejado en claro que cree que WestJet est\u00e1 pagando muy poco a sus pilotos. Ha declarado en repetidas ocasiones que los pilotos de WestJet deben recibir un pago considerablemente mayor que el actual.<\/p>\n<p>A pesar de estas afirmaciones, WestJet no ha aumentado los salarios de los pilotos. Muchos en ALPA creen que esto se debe a que los ejecutivos desean quedarse con la mayor cantidad posible de las ganancias de la aerol\u00ednea. En un podcast reciente de WestJet ALPA, el capit\u00e1n Chris Tholl cit\u00f3 al presidente nacional de ALPA, Jason Ambrose, quien declar\u00f3 lo siguiente: &#8220;Al fondo de cobertura que toma las decisiones y estas negociaciones, a Onyx no le importan los sacrificios que nuestros hermanos y hermanas hicieron durante COVID&#8221;.<\/p>\n<p>El mensaje a\u00f1ade: &#8220;No les importan los sacrificios que contin\u00faan haciendo d\u00eda tras d\u00eda. Y ciertamente no les importa les importa eso, gracias a los aviadores altamente capacitados de WestJet. Volar sigue siendo el medio de transporte m\u00e1s seguro en Canad\u00e1. Solo les importa una cosa ganar la mayor cantidad de dinero posible para ellos. Y, lamentablemente, esta es la raz\u00f3n por la que las negociaciones se han vuelto tan lentas&#8221;.\u00a0<a title=\"WestJet espera asegurar compra de Sunwing con nueva inversi\u00f3n\" href=\"https:\/\/www.dev.nitu.mx\/index.php\/2022\/10\/03\/westjet-espera-asegurar-compra-de-sunwing-con-nueva-inversion\/\" rel=\"bookmark\">(WestJet espera asegurar compra de Sunwing con nueva inversi\u00f3n<\/a>).<\/p>\n","protected":false},"excerpt":{"rendered":"<p>WestJet pausar\u00e1 temporalmente los servicios en muchas de sus rutas mientras se prepara para una pr\u00f3xima huelga de pilotos. La aerol\u00ednea canadiense afirma que est\u00e1 tomando esta medida dr\u00e1stica para garantizar que sus rutas m\u00e1s transitadas contin\u00faen funcionando durante la huelga, y que los aviones y las tripulaciones no queden varados en lugares remotos lejos [&hellip;]<\/p>\n","protected":false},"author":2,"featured_media":21927,"comment_status":"open","ping_status":"open","sticky":false,"template":"","format":"standard","meta":{"footnotes":""},"categories":[29],"tags":[23415,1031,4745,4095,240],"yoast_head":"<!-- This site is optimized with the Yoast SEO plugin v22.2 - https:\/\/yoast.com\/wordpress\/plugins\/seo\/ -->\n<title>Anuncia la canadiense WesJet cancelaciones tras anuncio de huelga - Nitu - Noticias de la Industria Turistica<\/title>\n<meta name=\"robots\" content=\"index, follow, max-snippet:-1, max-image-preview:large, max-video-preview:-1\" \/>\n<link rel=\"canonical\" href=\"https:\/\/nitu.mx\/index.php\/2023\/05\/19\/anuncia-la-canadiense-wesjet-cancelaciones-tras-anuncio-de-huelga\/\" \/>\n<meta name=\"twitter:card\" content=\"summary_large_image\" \/>\n<meta name=\"twitter:title\" content=\"Anuncia la canadiense WesJet cancelaciones tras anuncio de huelga - Nitu - Noticias de la Industria Turistica\" \/>\n<meta name=\"twitter:description\" content=\"WestJet pausar\u00e1 temporalmente los servicios en muchas de sus rutas mientras se prepara para una pr\u00f3xima huelga de pilotos. La aerol\u00ednea canadiense afirma que est\u00e1 tomando esta medida dr\u00e1stica para garantizar que sus rutas m\u00e1s transitadas contin\u00faen funcionando durante la huelga, y que los aviones y las tripulaciones no queden varados en lugares remotos lejos [&hellip;]\" \/>\n<meta name=\"twitter:image\" content=\"https:\/\/nitu.mx\/wp-content\/uploads\/2018\/06\/WestJet_WestJet_to_purchase_Boeing_787_9_Dreamliners.jpg\" \/>\n<meta name=\"twitter:creator\" content=\"@Arturo_Medina_G\" \/>\n<meta name=\"twitter:site\" content=\"@Arturo_Medina_G\" \/>\n<meta name=\"twitter:label1\" content=\"Escrito por\" \/>\n\t<meta name=\"twitter:data1\" content=\"Arturo Medina\" \/>\n\t<meta name=\"twitter:label2\" content=\"Tiempo de lectura\" \/>\n\t<meta name=\"twitter:data2\" content=\"4 minutos\" \/>\n<script type=\"application\/ld+json\" class=\"yoast-schema-graph\">{\"@context\":\"https:\/\/schema.org\",\"@graph\":[{\"@type\":\"Article\",\"@id\":\"https:\/\/nitu.mx\/index.php\/2023\/05\/19\/anuncia-la-canadiense-wesjet-cancelaciones-tras-anuncio-de-huelga\/#article\",\"isPartOf\":{\"@id\":\"https:\/\/nitu.mx\/index.php\/2023\/05\/19\/anuncia-la-canadiense-wesjet-cancelaciones-tras-anuncio-de-huelga\/\"},\"author\":{\"name\":\"Arturo Medina\",\"@id\":\"https:\/\/nitu.mx\/#\/schema\/person\/ae7a53426417292d3dd07b45a33e01bc\"},\"headline\":\"Anuncia la canadiense WesJet cancelaciones tras anuncio de huelga\",\"datePublished\":\"2023-05-19T05:26:11+00:00\",\"dateModified\":\"2023-05-19T05:27:49+00:00\",\"mainEntityOfPage\":{\"@id\":\"https:\/\/nitu.mx\/index.php\/2023\/05\/19\/anuncia-la-canadiense-wesjet-cancelaciones-tras-anuncio-de-huelga\/\"},\"wordCount\":719,\"commentCount\":0,\"publisher\":{\"@id\":\"https:\/\/nitu.mx\/#\/schema\/person\/ae7a53426417292d3dd07b45a33e01bc\"},\"image\":{\"@id\":\"https:\/\/nitu.mx\/index.php\/2023\/05\/19\/anuncia-la-canadiense-wesjet-cancelaciones-tras-anuncio-de-huelga\/#primaryimage\"},\"thumbnailUrl\":\"https:\/\/nitu.mx\/wp-content\/uploads\/2018\/06\/WestJet_WestJet_to_purchase_Boeing_787_9_Dreamliners.jpg\",\"keywords\":[\"ALPA\",\"Canad\u00e1\",\"huelga\",\"pilotos\",\"Westjet\"],\"articleSection\":[\"Aerol\u00edneas\"],\"inLanguage\":\"es-MX\",\"potentialAction\":[{\"@type\":\"CommentAction\",\"name\":\"Comment\",\"target\":[\"https:\/\/nitu.mx\/index.php\/2023\/05\/19\/anuncia-la-canadiense-wesjet-cancelaciones-tras-anuncio-de-huelga\/#respond\"]}]},{\"@type\":\"WebPage\",\"@id\":\"https:\/\/nitu.mx\/index.php\/2023\/05\/19\/anuncia-la-canadiense-wesjet-cancelaciones-tras-anuncio-de-huelga\/\",\"url\":\"https:\/\/nitu.mx\/index.php\/2023\/05\/19\/anuncia-la-canadiense-wesjet-cancelaciones-tras-anuncio-de-huelga\/\",\"name\":\"Anuncia la canadiense WesJet cancelaciones tras anuncio de huelga - Nitu - Noticias de la Industria Turistica\",\"isPartOf\":{\"@id\":\"https:\/\/nitu.mx\/#website\"},\"primaryImageOfPage\":{\"@id\":\"https:\/\/nitu.mx\/index.php\/2023\/05\/19\/anuncia-la-canadiense-wesjet-cancelaciones-tras-anuncio-de-huelga\/#primaryimage\"},\"image\":{\"@id\":\"https:\/\/nitu.mx\/index.php\/2023\/05\/19\/anuncia-la-canadiense-wesjet-cancelaciones-tras-anuncio-de-huelga\/#primaryimage\"},\"thumbnailUrl\":\"https:\/\/nitu.mx\/wp-content\/uploads\/2018\/06\/WestJet_WestJet_to_purchase_Boeing_787_9_Dreamliners.jpg\",\"datePublished\":\"2023-05-19T05:26:11+00:00\",\"dateModified\":\"2023-05-19T05:27:49+00:00\",\"breadcrumb\":{\"@id\":\"https:\/\/nitu.mx\/index.php\/2023\/05\/19\/anuncia-la-canadiense-wesjet-cancelaciones-tras-anuncio-de-huelga\/#breadcrumb\"},\"inLanguage\":\"es-MX\",\"potentialAction\":[{\"@type\":\"ReadAction\",\"target\":[\"https:\/\/nitu.mx\/index.php\/2023\/05\/19\/anuncia-la-canadiense-wesjet-cancelaciones-tras-anuncio-de-huelga\/\"]}]},{\"@type\":\"ImageObject\",\"inLanguage\":\"es-MX\",\"@id\":\"https:\/\/nitu.mx\/index.php\/2023\/05\/19\/anuncia-la-canadiense-wesjet-cancelaciones-tras-anuncio-de-huelga\/#primaryimage\",\"url\":\"https:\/\/nitu.mx\/wp-content\/uploads\/2018\/06\/WestJet_WestJet_to_purchase_Boeing_787_9_Dreamliners.jpg\",\"contentUrl\":\"https:\/\/nitu.mx\/wp-content\/uploads\/2018\/06\/WestJet_WestJet_to_purchase_Boeing_787_9_Dreamliners.jpg\",\"width\":850,\"height\":480,\"caption\":\"Westjet\"},{\"@type\":\"BreadcrumbList\",\"@id\":\"https:\/\/nitu.mx\/index.php\/2023\/05\/19\/anuncia-la-canadiense-wesjet-cancelaciones-tras-anuncio-de-huelga\/#breadcrumb\",\"itemListElement\":[{\"@type\":\"ListItem\",\"position\":1,\"name\":\"Inicio\",\"item\":\"https:\/\/nitu.mx\/\"},{\"@type\":\"ListItem\",\"position\":2,\"name\":\"Anuncia la canadiense WesJet cancelaciones tras anuncio de huelga\"}]},{\"@type\":\"WebSite\",\"@id\":\"https:\/\/nitu.mx\/#website\",\"url\":\"https:\/\/nitu.mx\/\",\"name\":\"Nitu - Noticias de la Industria Turistica\",\"description\":\"Noticias de la Industria Turistica\",\"publisher\":{\"@id\":\"https:\/\/nitu.mx\/#\/schema\/person\/ae7a53426417292d3dd07b45a33e01bc\"},\"alternateName\":\"Noticias de la Industria Turistica\",\"potentialAction\":[{\"@type\":\"SearchAction\",\"target\":{\"@type\":\"EntryPoint\",\"urlTemplate\":\"https:\/\/nitu.mx\/?s={search_term_string}\"},\"query-input\":\"required name=search_term_string\"}],\"inLanguage\":\"es-MX\"},{\"@type\":[\"Person\",\"Organization\"],\"@id\":\"https:\/\/nitu.mx\/#\/schema\/person\/ae7a53426417292d3dd07b45a33e01bc\",\"name\":\"Arturo Medina\",\"image\":{\"@type\":\"ImageObject\",\"inLanguage\":\"es-MX\",\"@id\":\"https:\/\/nitu.mx\/#\/schema\/person\/image\/\",\"url\":\"https:\/\/nitu.mx\/wp-content\/uploads\/2024\/04\/4A315622-1904-4D5C-B022-878CDC840E04-90x90-1.jpeg\",\"contentUrl\":\"https:\/\/nitu.mx\/wp-content\/uploads\/2024\/04\/4A315622-1904-4D5C-B022-878CDC840E04-90x90-1.jpeg\",\"width\":90,\"height\":90,\"caption\":\"Arturo Medina\"},\"logo\":{\"@id\":\"https:\/\/nitu.mx\/#\/schema\/person\/image\/\"},\"description\":\"Director NITU.mx, Egresado de la Escuela de Periodismo Carlos Septi\u00e9n Garc\u00eda. Periodista y analista especializado en turismo desde hace 35 a\u00f1os, radicado en Canc\u00fan Q.Roo. arturo@nitu.mx\",\"sameAs\":[\"https:\/\/nitu.mx\",\"https:\/\/www.facebook.com\/NITUmx\/\",\"medinacancun\",\"https:\/\/twitter.com\/@Arturo_Medina_G\"],\"url\":\"https:\/\/nitu.mx\/index.php\/author\/arturo-medina\/\"}]}<\/script>\n<!-- \/ Yoast SEO plugin. -->","yoast_head_json":{"title":"Anuncia la canadiense WesJet cancelaciones tras anuncio de huelga - Nitu - Noticias de la Industria Turistica","robots":{"index":"index","follow":"follow","max-snippet":"max-snippet:-1","max-image-preview":"max-image-preview:large","max-video-preview":"max-video-preview:-1"},"canonical":"https:\/\/nitu.mx\/index.php\/2023\/05\/19\/anuncia-la-canadiense-wesjet-cancelaciones-tras-anuncio-de-huelga\/","twitter_card":"summary_large_image","twitter_title":"Anuncia la canadiense WesJet cancelaciones tras anuncio de huelga - Nitu - Noticias de la Industria Turistica","twitter_description":"WestJet pausar\u00e1 temporalmente los servicios en muchas de sus rutas mientras se prepara para una pr\u00f3xima huelga de pilotos. La aerol\u00ednea canadiense afirma que est\u00e1 tomando esta medida dr\u00e1stica para garantizar que sus rutas m\u00e1s transitadas contin\u00faen funcionando durante la huelga, y que los aviones y las tripulaciones no queden varados en lugares remotos lejos [&hellip;]","twitter_image":"https:\/\/nitu.mx\/wp-content\/uploads\/2018\/06\/WestJet_WestJet_to_purchase_Boeing_787_9_Dreamliners.jpg","twitter_creator":"@Arturo_Medina_G","twitter_site":"@Arturo_Medina_G","twitter_misc":{"Escrito por":"Arturo Medina","Tiempo de lectura":"4 minutos"},"schema":{"@context":"https:\/\/schema.org","@graph":[{"@type":"Article","@id":"https:\/\/nitu.mx\/index.php\/2023\/05\/19\/anuncia-la-canadiense-wesjet-cancelaciones-tras-anuncio-de-huelga\/#article","isPartOf":{"@id":"https:\/\/nitu.mx\/index.php\/2023\/05\/19\/anuncia-la-canadiense-wesjet-cancelaciones-tras-anuncio-de-huelga\/"},"author":{"name":"Arturo Medina","@id":"https:\/\/nitu.mx\/#\/schema\/person\/ae7a53426417292d3dd07b45a33e01bc"},"headline":"Anuncia la canadiense WesJet cancelaciones tras anuncio de huelga","datePublished":"2023-05-19T05:26:11+00:00","dateModified":"2023-05-19T05:27:49+00:00","mainEntityOfPage":{"@id":"https:\/\/nitu.mx\/index.php\/2023\/05\/19\/anuncia-la-canadiense-wesjet-cancelaciones-tras-anuncio-de-huelga\/"},"wordCount":719,"commentCount":0,"publisher":{"@id":"https:\/\/nitu.mx\/#\/schema\/person\/ae7a53426417292d3dd07b45a33e01bc"},"image":{"@id":"https:\/\/nitu.mx\/index.php\/2023\/05\/19\/anuncia-la-canadiense-wesjet-cancelaciones-tras-anuncio-de-huelga\/#primaryimage"},"thumbnailUrl":"https:\/\/nitu.mx\/wp-content\/uploads\/2018\/06\/WestJet_WestJet_to_purchase_Boeing_787_9_Dreamliners.jpg","keywords":["ALPA","Canad\u00e1","huelga","pilotos","Westjet"],"articleSection":["Aerol\u00edneas"],"inLanguage":"es-MX","potentialAction":[{"@type":"CommentAction","name":"Comment","target":["https:\/\/nitu.mx\/index.php\/2023\/05\/19\/anuncia-la-canadiense-wesjet-cancelaciones-tras-anuncio-de-huelga\/#respond"]}]},{"@type":"WebPage","@id":"https:\/\/nitu.mx\/index.php\/2023\/05\/19\/anuncia-la-canadiense-wesjet-cancelaciones-tras-anuncio-de-huelga\/","url":"https:\/\/nitu.mx\/index.php\/2023\/05\/19\/anuncia-la-canadiense-wesjet-cancelaciones-tras-anuncio-de-huelga\/","name":"Anuncia la canadiense WesJet cancelaciones tras anuncio de huelga - Nitu - Noticias de la Industria Turistica","isPartOf":{"@id":"https:\/\/nitu.mx\/#website"},"primaryImageOfPage":{"@id":"https:\/\/nitu.mx\/index.php\/2023\/05\/19\/anuncia-la-canadiense-wesjet-cancelaciones-tras-anuncio-de-huelga\/#primaryimage"},"image":{"@id":"https:\/\/nitu.mx\/index.php\/2023\/05\/19\/anuncia-la-canadiense-wesjet-cancelaciones-tras-anuncio-de-huelga\/#primaryimage"},"thumbnailUrl":"https:\/\/nitu.mx\/wp-content\/uploads\/2018\/06\/WestJet_WestJet_to_purchase_Boeing_787_9_Dreamliners.jpg","datePublished":"2023-05-19T05:26:11+00:00","dateModified":"2023-05-19T05:27:49+00:00","breadcrumb":{"@id":"https:\/\/nitu.mx\/index.php\/2023\/05\/19\/anuncia-la-canadiense-wesjet-cancelaciones-tras-anuncio-de-huelga\/#breadcrumb"},"inLanguage":"es-MX","potentialAction":[{"@type":"ReadAction","target":["https:\/\/nitu.mx\/index.php\/2023\/05\/19\/anuncia-la-canadiense-wesjet-cancelaciones-tras-anuncio-de-huelga\/"]}]},{"@type":"ImageObject","inLanguage":"es-MX","@id":"https:\/\/nitu.mx\/index.php\/2023\/05\/19\/anuncia-la-canadiense-wesjet-cancelaciones-tras-anuncio-de-huelga\/#primaryimage","url":"https:\/\/nitu.mx\/wp-content\/uploads\/2018\/06\/WestJet_WestJet_to_purchase_Boeing_787_9_Dreamliners.jpg","contentUrl":"https:\/\/nitu.mx\/wp-content\/uploads\/2018\/06\/WestJet_WestJet_to_purchase_Boeing_787_9_Dreamliners.jpg","width":850,"height":480,"caption":"Westjet"},{"@type":"BreadcrumbList","@id":"https:\/\/nitu.mx\/index.php\/2023\/05\/19\/anuncia-la-canadiense-wesjet-cancelaciones-tras-anuncio-de-huelga\/#breadcrumb","itemListElement":[{"@type":"ListItem","position":1,"name":"Inicio","item":"https:\/\/nitu.mx\/"},{"@type":"ListItem","position":2,"name":"Anuncia la canadiense WesJet cancelaciones tras anuncio de huelga"}]},{"@type":"WebSite","@id":"https:\/\/nitu.mx\/#website","url":"https:\/\/nitu.mx\/","name":"Nitu - Noticias de la Industria Turistica","description":"Noticias de la Industria Turistica","publisher":{"@id":"https:\/\/nitu.mx\/#\/schema\/person\/ae7a53426417292d3dd07b45a33e01bc"},"alternateName":"Noticias de la Industria Turistica","potentialAction":[{"@type":"SearchAction","target":{"@type":"EntryPoint","urlTemplate":"https:\/\/nitu.mx\/?s={search_term_string}"},"query-input":"required name=search_term_string"}],"inLanguage":"es-MX"},{"@type":["Person","Organization"],"@id":"https:\/\/nitu.mx\/#\/schema\/person\/ae7a53426417292d3dd07b45a33e01bc","name":"Arturo Medina","image":{"@type":"ImageObject","inLanguage":"es-MX","@id":"https:\/\/nitu.mx\/#\/schema\/person\/image\/","url":"https:\/\/nitu.mx\/wp-content\/uploads\/2024\/04\/4A315622-1904-4D5C-B022-878CDC840E04-90x90-1.jpeg","contentUrl":"https:\/\/nitu.mx\/wp-content\/uploads\/2024\/04\/4A315622-1904-4D5C-B022-878CDC840E04-90x90-1.jpeg","width":90,"height":90,"caption":"Arturo Medina"},"logo":{"@id":"https:\/\/nitu.mx\/#\/schema\/person\/image\/"},"description":"Director NITU.mx, Egresado de la Escuela de Periodismo Carlos Septi\u00e9n Garc\u00eda. Periodista y analista especializado en turismo desde hace 35 a\u00f1os, radicado en Canc\u00fan Q.Roo. arturo@nitu.mx","sameAs":["https:\/\/nitu.mx","https:\/\/www.facebook.com\/NITUmx\/","medinacancun","https:\/\/twitter.com\/@Arturo_Medina_G"],"url":"https:\/\/nitu.mx\/index.php\/author\/arturo-medina\/"}]}},"views":602,"_links":{"self":[{"href":"https:\/\/nitu.mx\/index.php\/wp-json\/wp\/v2\/posts\/64503"}],"collection":[{"href":"https:\/\/nitu.mx\/index.php\/wp-json\/wp\/v2\/posts"}],"about":[{"href":"https:\/\/nitu.mx\/index.php\/wp-json\/wp\/v2\/types\/post"}],"author":[{"embeddable":true,"href":"https:\/\/nitu.mx\/index.php\/wp-json\/wp\/v2\/users\/2"}],"replies":[{"embeddable":true,"href":"https:\/\/nitu.mx\/index.php\/wp-json\/wp\/v2\/comments?post=64503"}],"version-history":[{"count":2,"href":"https:\/\/nitu.mx\/index.php\/wp-json\/wp\/v2\/posts\/64503\/revisions"}],"predecessor-version":[{"id":64512,"href":"https:\/\/nitu.mx\/index.php\/wp-json\/wp\/v2\/posts\/64503\/revisions\/64512"}],"wp:featuredmedia":[{"embeddable":true,"href":"https:\/\/nitu.mx\/index.php\/wp-json\/wp\/v2\/media\/21927"}],"wp:attachment":[{"href":"https:\/\/nitu.mx\/index.php\/wp-json\/wp\/v2\/media?parent=64503"}],"wp:term":[{"taxonomy":"category","embeddable":true,"href":"https:\/\/nitu.mx\/index.php\/wp-json\/wp\/v2\/categories?post=64503"},{"taxonomy":"post_tag","embeddable":true,"href":"https:\/\/nitu.mx\/index.php\/wp-json\/wp\/v2\/tags?post=64503"}],"curies":[{"name":"wp","href":"https:\/\/api.w.org\/{rel}","templated":true}]}}