{"id":64285,"date":"2023-05-04T00:16:07","date_gmt":"2023-05-04T05:16:07","guid":{"rendered":"https:\/\/www.dev.nitu.mx\/?p=64285"},"modified":"2023-05-04T01:00:06","modified_gmt":"2023-05-04T06:00:06","slug":"volaris-conectara-cancun-con-hermosillo-y-queretaro-con-los-cabos","status":"publish","type":"post","link":"https:\/\/nitu.mx\/index.php\/2023\/05\/04\/volaris-conectara-cancun-con-hermosillo-y-queretaro-con-los-cabos\/","title":{"rendered":"Volaris conectar\u00e1 Canc\u00fan con Hermosillo y Quer\u00e9taro con Los Cabos"},"content":{"rendered":"<p style=\"font-weight: 400;\">Volaris anunci\u00f3 el lanzamiento de dos nuevas rutas que conectar\u00e1n las playas de Canc\u00fan con Hermosillo, la capital sonorense, iniciando el 13 de julio con dos frecuencias semanales; y a la ciudad de Quer\u00e9taro con Los Cabos, en Baja California Sur, con cuatro frecuencias a la semana a partir del 10 de julio.<\/p>\n<p style=\"font-weight: 400;\">Omar Carrera, director Comercial dela aerol\u00ednea\u00a0mexicana de ultra bajo costo que opera en M\u00e9xico, Estados Unidos, Centro y Sudam\u00e9rica: \u201cEn Volaris seguimos trabajando para ampliar nuestra operaci\u00f3n y conectividad dentro del pa\u00eds en beneficio de los mexicanos, abriendo nuevas rutas que conecten de forma directa y al menor costo a m\u00e1s ciudades, impulsando el flujo de viajeros que, en el caso de estas nueva rutas, ayudar\u00e1 a fortalecer la actividad econ\u00f3mica de estas regiones con importante vocaci\u00f3n tur\u00edstica, al ser de los principales sitios que son buscados para vacacionar entre los viajeros&#8221;.<\/p>\n<p style=\"font-weight: 400;\">Canc\u00fan se mantiene como el destino mexicano favorito para los viajeros, colocando a su aeropuerto como el principal en cuanto a recepci\u00f3n de turistas extranjeros, por encima del de la Ciudad de M\u00e9xico, pues seg\u00fan datos de la Secretar\u00eda de Turismo federal, en 2022 Canc\u00fan recibi\u00f3 a 9.4 millones de turistas internacionales, casi el 50% de lo que recibi\u00f3 el pa\u00eds de manera general.<\/p>\n<p style=\"font-weight: 400;\">En tanto, Hermosillo es un destino que se caracteriza por su dinamismo econ\u00f3mico liderado por la actividad exportadora agropecuaria, manufacturera y minera, as\u00ed como el creciente potencial tur\u00edstico y de negocios. De acuerdo con la Oficina de Convenciones y Visitantes de Hermosillo, en Semana Santa registr\u00f3 una ocupaci\u00f3n de alrededor del 75 por ciento.<\/p>\n<p style=\"font-weight: 400;\">Por su parte, Quer\u00e9taro se posiciona cada vez m\u00e1s como un destino tur\u00edstico y de negocios de talla nacional, gracias al atractivo y diversidad que brinda a los visitantes, al conjugar historia, naturaleza y oferta culinaria, lo que le ha permitido avanzar en la recuperaci\u00f3n de esta actividad, superando los 2 millones de turistas durante el 2022.<\/p>\n<p style=\"font-weight: 400;\">Mientras que Los Cabos destaca como uno de los destinos tur\u00edsticos de playa con m\u00e1s proyecci\u00f3n de crecimiento en el pa\u00eds, con un aeropuerto que al cierre del 2022 se ubic\u00f3 como el tercero con m\u00e1s captaci\u00f3n de visitantes extranjeros a nivel nacional, s\u00f3lo por detr\u00e1s de la CDMX y Canc\u00fan, con un crecimiento del 25.1% en las llegadas, seg\u00fan cifras de la Secretar\u00eda de Turismo de Baja California Sur y el Fideicomiso de Turismo de Los Cabos.<\/p>\n<p style=\"font-weight: 400;\">Estas rutas se suman a las reci\u00e9n anunciadas por la aerol\u00ednea\u00a0, durante la pasada edici\u00f3n del Tianguis Tur\u00edstico, que conectar\u00e1n a las ciudades de Guadalajara con Loreto y a Mexicali con Los Cabos.\u00a0<a title=\"Volaris pone en marcha pr\u00e1cticas para reducir la huella ambiental\" href=\"https:\/\/www.dev.nitu.mx\/index.php\/2023\/04\/18\/volaris-pone-en-marcha-practicas-para-reducir-la-huella-ambiental\/\" rel=\"bookmark\">(Volaris pone en marcha pr\u00e1cticas para reducir la huella ambiental<\/a>).<\/p>\n<p style=\"font-weight: 400;\">Los interesados en viajar en estas nuevas rutas podr\u00e1n adquirir sus boletos a partir de hoy, en los siguientes itinerarios:<strong><u>\u00a0<\/u><\/strong><\/p>\n<p style=\"font-weight: 400;\"><strong><u>Canc\u00fan- Hermosillo:\u00a0\u00a0<\/u><\/strong><strong>Frecuencia:\u00a0<\/strong>jueves y domingo<\/p>\n<p style=\"font-weight: 400;\"><strong>Saliendo de Canc\u00fan\u00a0<\/strong>a las 14:59 hrs., llegando a\u00a0<strong>Hermosillo<\/strong>\u00a0a las 16:59 hrs.<\/p>\n<p style=\"font-weight: 400;\"><strong>Saliendo de Hermosillo\u00a0<\/strong>a las 08:36 hrs., llegando a\u00a0<strong>Canc\u00fan<\/strong>\u00a0a las 14:20 hrs.<\/p>\n<p style=\"font-weight: 400;\"><strong><u>Quer\u00e9taro \u2013 Los Cabos:\u00a0<\/u><\/strong><strong>Frecuencia:\u00a0<\/strong>Lunes, mi\u00e9rcoles, viernes y domingo<\/p>\n<p style=\"font-weight: 400;\"><strong>Saliendo de Quer\u00e9taro\u00a0<\/strong>a las 14:00 hrs., llegando a\u00a0<strong>Los Cabos<\/strong>\u00a0a las 15:00 hrs.<\/p>\n<p style=\"font-weight: 400;\"><strong>Saliendo de Los Cabos\u00a0<\/strong>a las 10:46 hrs., llegando a\u00a0<strong>Quer\u00e9taro<\/strong>\u00a0a las 13:30 hrs<\/p>\n","protected":false},"excerpt":{"rendered":"<p>Volaris anunci\u00f3 el lanzamiento de dos nuevas rutas que conectar\u00e1n las playas de Canc\u00fan con Hermosillo, la capital sonorense, iniciando el 13 de julio con dos frecuencias semanales; y a la ciudad de Quer\u00e9taro con Los Cabos, en Baja California Sur, con cuatro frecuencias a la semana a partir del 10 de julio. Omar Carrera, [&hellip;]<\/p>\n","protected":false},"author":17,"featured_media":27038,"comment_status":"open","ping_status":"open","sticky":false,"template":"","format":"standard","meta":{"footnotes":""},"categories":[29],"tags":[43,300,130,22860,61,131],"yoast_head":"<!-- This site is optimized with the Yoast SEO plugin v22.2 - https:\/\/yoast.com\/wordpress\/plugins\/seo\/ -->\n<title>Volaris conectar\u00e1 Canc\u00fan con Hermosillo y Quer\u00e9taro con Los Cabos - Nitu - Noticias de la Industria Turistica<\/title>\n<meta name=\"robots\" content=\"index, follow, max-snippet:-1, max-image-preview:large, max-video-preview:-1\" \/>\n<link rel=\"canonical\" href=\"https:\/\/nitu.mx\/index.php\/2023\/05\/04\/volaris-conectara-cancun-con-hermosillo-y-queretaro-con-los-cabos\/\" \/>\n<meta name=\"twitter:card\" content=\"summary_large_image\" \/>\n<meta name=\"twitter:title\" content=\"Volaris conectar\u00e1 Canc\u00fan con Hermosillo y Quer\u00e9taro con Los Cabos - Nitu - Noticias de la Industria Turistica\" \/>\n<meta name=\"twitter:description\" content=\"Volaris anunci\u00f3 el lanzamiento de dos nuevas rutas que conectar\u00e1n las playas de Canc\u00fan con Hermosillo, la capital sonorense, iniciando el 13 de julio con dos frecuencias semanales; y a la ciudad de Quer\u00e9taro con Los Cabos, en Baja California Sur, con cuatro frecuencias a la semana a partir del 10 de julio. Omar Carrera, [&hellip;]\" \/>\n<meta name=\"twitter:image\" content=\"https:\/\/nitu.mx\/wp-content\/uploads\/2018\/11\/Avi\u00f3n-A320neo-Volaris.jpg\" \/>\n<meta name=\"twitter:creator\" content=\"@NITUmx\" \/>\n<meta name=\"twitter:site\" content=\"@Arturo_Medina_G\" \/>\n<meta name=\"twitter:label1\" content=\"Escrito por\" \/>\n\t<meta name=\"twitter:data1\" content=\"Redacci\u00f3n\" \/>\n\t<meta name=\"twitter:label2\" content=\"Tiempo de lectura\" \/>\n\t<meta name=\"twitter:data2\" content=\"3 minutos\" \/>\n<script type=\"application\/ld+json\" class=\"yoast-schema-graph\">{\"@context\":\"https:\/\/schema.org\",\"@graph\":[{\"@type\":\"Article\",\"@id\":\"https:\/\/nitu.mx\/index.php\/2023\/05\/04\/volaris-conectara-cancun-con-hermosillo-y-queretaro-con-los-cabos\/#article\",\"isPartOf\":{\"@id\":\"https:\/\/nitu.mx\/index.php\/2023\/05\/04\/volaris-conectara-cancun-con-hermosillo-y-queretaro-con-los-cabos\/\"},\"author\":{\"name\":\"Redacci\u00f3n\",\"@id\":\"https:\/\/nitu.mx\/#\/schema\/person\/4a28fe9bd65924f7c90623773daf1b0b\"},\"headline\":\"Volaris conectar\u00e1 Canc\u00fan con Hermosillo y Quer\u00e9taro con Los Cabos\",\"datePublished\":\"2023-05-04T05:16:07+00:00\",\"dateModified\":\"2023-05-04T06:00:06+00:00\",\"mainEntityOfPage\":{\"@id\":\"https:\/\/nitu.mx\/index.php\/2023\/05\/04\/volaris-conectara-cancun-con-hermosillo-y-queretaro-con-los-cabos\/\"},\"wordCount\":580,\"commentCount\":0,\"publisher\":{\"@id\":\"https:\/\/nitu.mx\/#\/schema\/person\/ae7a53426417292d3dd07b45a33e01bc\"},\"image\":{\"@id\":\"https:\/\/nitu.mx\/index.php\/2023\/05\/04\/volaris-conectara-cancun-con-hermosillo-y-queretaro-con-los-cabos\/#primaryimage\"},\"thumbnailUrl\":\"https:\/\/nitu.mx\/wp-content\/uploads\/2018\/11\/Avi\u00f3n-A320neo-Volaris.jpg\",\"keywords\":[\"Canc\u00fan\",\"Hermosillo\",\"Los Cabos\",\"Omar Carrera\",\"Quer\u00e9taro\",\"Volaris\"],\"articleSection\":[\"Aerol\u00edneas\"],\"inLanguage\":\"es-MX\",\"potentialAction\":[{\"@type\":\"CommentAction\",\"name\":\"Comment\",\"target\":[\"https:\/\/nitu.mx\/index.php\/2023\/05\/04\/volaris-conectara-cancun-con-hermosillo-y-queretaro-con-los-cabos\/#respond\"]}]},{\"@type\":\"WebPage\",\"@id\":\"https:\/\/nitu.mx\/index.php\/2023\/05\/04\/volaris-conectara-cancun-con-hermosillo-y-queretaro-con-los-cabos\/\",\"url\":\"https:\/\/nitu.mx\/index.php\/2023\/05\/04\/volaris-conectara-cancun-con-hermosillo-y-queretaro-con-los-cabos\/\",\"name\":\"Volaris conectar\u00e1 Canc\u00fan con Hermosillo y Quer\u00e9taro con Los Cabos - Nitu - Noticias de la Industria Turistica\",\"isPartOf\":{\"@id\":\"https:\/\/nitu.mx\/#website\"},\"primaryImageOfPage\":{\"@id\":\"https:\/\/nitu.mx\/index.php\/2023\/05\/04\/volaris-conectara-cancun-con-hermosillo-y-queretaro-con-los-cabos\/#primaryimage\"},\"image\":{\"@id\":\"https:\/\/nitu.mx\/index.php\/2023\/05\/04\/volaris-conectara-cancun-con-hermosillo-y-queretaro-con-los-cabos\/#primaryimage\"},\"thumbnailUrl\":\"https:\/\/nitu.mx\/wp-content\/uploads\/2018\/11\/Avi\u00f3n-A320neo-Volaris.jpg\",\"datePublished\":\"2023-05-04T05:16:07+00:00\",\"dateModified\":\"2023-05-04T06:00:06+00:00\",\"breadcrumb\":{\"@id\":\"https:\/\/nitu.mx\/index.php\/2023\/05\/04\/volaris-conectara-cancun-con-hermosillo-y-queretaro-con-los-cabos\/#breadcrumb\"},\"inLanguage\":\"es-MX\",\"potentialAction\":[{\"@type\":\"ReadAction\",\"target\":[\"https:\/\/nitu.mx\/index.php\/2023\/05\/04\/volaris-conectara-cancun-con-hermosillo-y-queretaro-con-los-cabos\/\"]}]},{\"@type\":\"ImageObject\",\"inLanguage\":\"es-MX\",\"@id\":\"https:\/\/nitu.mx\/index.php\/2023\/05\/04\/volaris-conectara-cancun-con-hermosillo-y-queretaro-con-los-cabos\/#primaryimage\",\"url\":\"https:\/\/nitu.mx\/wp-content\/uploads\/2018\/11\/Avi\u00f3n-A320neo-Volaris.jpg\",\"contentUrl\":\"https:\/\/nitu.mx\/wp-content\/uploads\/2018\/11\/Avi\u00f3n-A320neo-Volaris.jpg\",\"width\":850,\"height\":480,\"caption\":\"Volaris BMV v.business Baja California Sur\"},{\"@type\":\"BreadcrumbList\",\"@id\":\"https:\/\/nitu.mx\/index.php\/2023\/05\/04\/volaris-conectara-cancun-con-hermosillo-y-queretaro-con-los-cabos\/#breadcrumb\",\"itemListElement\":[{\"@type\":\"ListItem\",\"position\":1,\"name\":\"Inicio\",\"item\":\"https:\/\/nitu.mx\/\"},{\"@type\":\"ListItem\",\"position\":2,\"name\":\"Volaris conectar\u00e1 Canc\u00fan con Hermosillo y Quer\u00e9taro con Los Cabos\"}]},{\"@type\":\"WebSite\",\"@id\":\"https:\/\/nitu.mx\/#website\",\"url\":\"https:\/\/nitu.mx\/\",\"name\":\"Nitu - Noticias de la Industria Turistica\",\"description\":\"Noticias de la Industria Turistica\",\"publisher\":{\"@id\":\"https:\/\/nitu.mx\/#\/schema\/person\/ae7a53426417292d3dd07b45a33e01bc\"},\"alternateName\":\"Noticias de la Industria Turistica\",\"potentialAction\":[{\"@type\":\"SearchAction\",\"target\":{\"@type\":\"EntryPoint\",\"urlTemplate\":\"https:\/\/nitu.mx\/?s={search_term_string}\"},\"query-input\":\"required name=search_term_string\"}],\"inLanguage\":\"es-MX\"},{\"@type\":[\"Person\",\"Organization\"],\"@id\":\"https:\/\/nitu.mx\/#\/schema\/person\/ae7a53426417292d3dd07b45a33e01bc\",\"name\":\"Arturo Medina\",\"image\":{\"@type\":\"ImageObject\",\"inLanguage\":\"es-MX\",\"@id\":\"https:\/\/nitu.mx\/#\/schema\/person\/image\/\",\"url\":\"https:\/\/nitu.mx\/wp-content\/uploads\/2024\/04\/4A315622-1904-4D5C-B022-878CDC840E04-90x90-1.jpeg\",\"contentUrl\":\"https:\/\/nitu.mx\/wp-content\/uploads\/2024\/04\/4A315622-1904-4D5C-B022-878CDC840E04-90x90-1.jpeg\",\"width\":90,\"height\":90,\"caption\":\"Arturo Medina\"},\"logo\":{\"@id\":\"https:\/\/nitu.mx\/#\/schema\/person\/image\/\"},\"description\":\"Director NITU.mx, Egresado de la Escuela de Periodismo Carlos Septi\u00e9n Garc\u00eda. Periodista y analista especializado en turismo desde hace 35 a\u00f1os, radicado en Canc\u00fan Q.Roo. arturo@nitu.mx\",\"sameAs\":[\"https:\/\/nitu.mx\",\"https:\/\/www.facebook.com\/NITUmx\/\",\"medinacancun\",\"https:\/\/twitter.com\/@Arturo_Medina_G\"]},{\"@type\":\"Person\",\"@id\":\"https:\/\/nitu.mx\/#\/schema\/person\/4a28fe9bd65924f7c90623773daf1b0b\",\"name\":\"Redacci\u00f3n\",\"image\":{\"@type\":\"ImageObject\",\"inLanguage\":\"es-MX\",\"@id\":\"https:\/\/nitu.mx\/#\/schema\/person\/image\/\",\"url\":\"https:\/\/secure.gravatar.com\/avatar\/5dd011c8ccfc5cd7e4c81e42252aab38?s=96&d=mm&r=g\",\"contentUrl\":\"https:\/\/secure.gravatar.com\/avatar\/5dd011c8ccfc5cd7e4c81e42252aab38?s=96&d=mm&r=g\",\"caption\":\"Redacci\u00f3n\"},\"url\":\"https:\/\/nitu.mx\/index.php\/author\/redaccion\/\"}]}<\/script>\n<!-- \/ Yoast SEO plugin. -->","yoast_head_json":{"title":"Volaris conectar\u00e1 Canc\u00fan con Hermosillo y Quer\u00e9taro con Los Cabos - Nitu - Noticias de la Industria Turistica","robots":{"index":"index","follow":"follow","max-snippet":"max-snippet:-1","max-image-preview":"max-image-preview:large","max-video-preview":"max-video-preview:-1"},"canonical":"https:\/\/nitu.mx\/index.php\/2023\/05\/04\/volaris-conectara-cancun-con-hermosillo-y-queretaro-con-los-cabos\/","twitter_card":"summary_large_image","twitter_title":"Volaris conectar\u00e1 Canc\u00fan con Hermosillo y Quer\u00e9taro con Los Cabos - Nitu - Noticias de la Industria Turistica","twitter_description":"Volaris anunci\u00f3 el lanzamiento de dos nuevas rutas que conectar\u00e1n las playas de Canc\u00fan con Hermosillo, la capital sonorense, iniciando el 13 de julio con dos frecuencias semanales; y a la ciudad de Quer\u00e9taro con Los Cabos, en Baja California Sur, con cuatro frecuencias a la semana a partir del 10 de julio. Omar Carrera, [&hellip;]","twitter_image":"https:\/\/nitu.mx\/wp-content\/uploads\/2018\/11\/Avi\u00f3n-A320neo-Volaris.jpg","twitter_creator":"@NITUmx","twitter_site":"@Arturo_Medina_G","twitter_misc":{"Escrito por":"Redacci\u00f3n","Tiempo de lectura":"3 minutos"},"schema":{"@context":"https:\/\/schema.org","@graph":[{"@type":"Article","@id":"https:\/\/nitu.mx\/index.php\/2023\/05\/04\/volaris-conectara-cancun-con-hermosillo-y-queretaro-con-los-cabos\/#article","isPartOf":{"@id":"https:\/\/nitu.mx\/index.php\/2023\/05\/04\/volaris-conectara-cancun-con-hermosillo-y-queretaro-con-los-cabos\/"},"author":{"name":"Redacci\u00f3n","@id":"https:\/\/nitu.mx\/#\/schema\/person\/4a28fe9bd65924f7c90623773daf1b0b"},"headline":"Volaris conectar\u00e1 Canc\u00fan con Hermosillo y Quer\u00e9taro con Los Cabos","datePublished":"2023-05-04T05:16:07+00:00","dateModified":"2023-05-04T06:00:06+00:00","mainEntityOfPage":{"@id":"https:\/\/nitu.mx\/index.php\/2023\/05\/04\/volaris-conectara-cancun-con-hermosillo-y-queretaro-con-los-cabos\/"},"wordCount":580,"commentCount":0,"publisher":{"@id":"https:\/\/nitu.mx\/#\/schema\/person\/ae7a53426417292d3dd07b45a33e01bc"},"image":{"@id":"https:\/\/nitu.mx\/index.php\/2023\/05\/04\/volaris-conectara-cancun-con-hermosillo-y-queretaro-con-los-cabos\/#primaryimage"},"thumbnailUrl":"https:\/\/nitu.mx\/wp-content\/uploads\/2018\/11\/Avi\u00f3n-A320neo-Volaris.jpg","keywords":["Canc\u00fan","Hermosillo","Los Cabos","Omar Carrera","Quer\u00e9taro","Volaris"],"articleSection":["Aerol\u00edneas"],"inLanguage":"es-MX","potentialAction":[{"@type":"CommentAction","name":"Comment","target":["https:\/\/nitu.mx\/index.php\/2023\/05\/04\/volaris-conectara-cancun-con-hermosillo-y-queretaro-con-los-cabos\/#respond"]}]},{"@type":"WebPage","@id":"https:\/\/nitu.mx\/index.php\/2023\/05\/04\/volaris-conectara-cancun-con-hermosillo-y-queretaro-con-los-cabos\/","url":"https:\/\/nitu.mx\/index.php\/2023\/05\/04\/volaris-conectara-cancun-con-hermosillo-y-queretaro-con-los-cabos\/","name":"Volaris conectar\u00e1 Canc\u00fan con Hermosillo y Quer\u00e9taro con Los Cabos - Nitu - Noticias de la Industria Turistica","isPartOf":{"@id":"https:\/\/nitu.mx\/#website"},"primaryImageOfPage":{"@id":"https:\/\/nitu.mx\/index.php\/2023\/05\/04\/volaris-conectara-cancun-con-hermosillo-y-queretaro-con-los-cabos\/#primaryimage"},"image":{"@id":"https:\/\/nitu.mx\/index.php\/2023\/05\/04\/volaris-conectara-cancun-con-hermosillo-y-queretaro-con-los-cabos\/#primaryimage"},"thumbnailUrl":"https:\/\/nitu.mx\/wp-content\/uploads\/2018\/11\/Avi\u00f3n-A320neo-Volaris.jpg","datePublished":"2023-05-04T05:16:07+00:00","dateModified":"2023-05-04T06:00:06+00:00","breadcrumb":{"@id":"https:\/\/nitu.mx\/index.php\/2023\/05\/04\/volaris-conectara-cancun-con-hermosillo-y-queretaro-con-los-cabos\/#breadcrumb"},"inLanguage":"es-MX","potentialAction":[{"@type":"ReadAction","target":["https:\/\/nitu.mx\/index.php\/2023\/05\/04\/volaris-conectara-cancun-con-hermosillo-y-queretaro-con-los-cabos\/"]}]},{"@type":"ImageObject","inLanguage":"es-MX","@id":"https:\/\/nitu.mx\/index.php\/2023\/05\/04\/volaris-conectara-cancun-con-hermosillo-y-queretaro-con-los-cabos\/#primaryimage","url":"https:\/\/nitu.mx\/wp-content\/uploads\/2018\/11\/Avi\u00f3n-A320neo-Volaris.jpg","contentUrl":"https:\/\/nitu.mx\/wp-content\/uploads\/2018\/11\/Avi\u00f3n-A320neo-Volaris.jpg","width":850,"height":480,"caption":"Volaris BMV v.business Baja California Sur"},{"@type":"BreadcrumbList","@id":"https:\/\/nitu.mx\/index.php\/2023\/05\/04\/volaris-conectara-cancun-con-hermosillo-y-queretaro-con-los-cabos\/#breadcrumb","itemListElement":[{"@type":"ListItem","position":1,"name":"Inicio","item":"https:\/\/nitu.mx\/"},{"@type":"ListItem","position":2,"name":"Volaris conectar\u00e1 Canc\u00fan con Hermosillo y Quer\u00e9taro con Los Cabos"}]},{"@type":"WebSite","@id":"https:\/\/nitu.mx\/#website","url":"https:\/\/nitu.mx\/","name":"Nitu - Noticias de la Industria Turistica","description":"Noticias de la Industria Turistica","publisher":{"@id":"https:\/\/nitu.mx\/#\/schema\/person\/ae7a53426417292d3dd07b45a33e01bc"},"alternateName":"Noticias de la Industria Turistica","potentialAction":[{"@type":"SearchAction","target":{"@type":"EntryPoint","urlTemplate":"https:\/\/nitu.mx\/?s={search_term_string}"},"query-input":"required name=search_term_string"}],"inLanguage":"es-MX"},{"@type":["Person","Organization"],"@id":"https:\/\/nitu.mx\/#\/schema\/person\/ae7a53426417292d3dd07b45a33e01bc","name":"Arturo Medina","image":{"@type":"ImageObject","inLanguage":"es-MX","@id":"https:\/\/nitu.mx\/#\/schema\/person\/image\/","url":"https:\/\/nitu.mx\/wp-content\/uploads\/2024\/04\/4A315622-1904-4D5C-B022-878CDC840E04-90x90-1.jpeg","contentUrl":"https:\/\/nitu.mx\/wp-content\/uploads\/2024\/04\/4A315622-1904-4D5C-B022-878CDC840E04-90x90-1.jpeg","width":90,"height":90,"caption":"Arturo Medina"},"logo":{"@id":"https:\/\/nitu.mx\/#\/schema\/person\/image\/"},"description":"Director NITU.mx, Egresado de la Escuela de Periodismo Carlos Septi\u00e9n Garc\u00eda. Periodista y analista especializado en turismo desde hace 35 a\u00f1os, radicado en Canc\u00fan Q.Roo. arturo@nitu.mx","sameAs":["https:\/\/nitu.mx","https:\/\/www.facebook.com\/NITUmx\/","medinacancun","https:\/\/twitter.com\/@Arturo_Medina_G"]},{"@type":"Person","@id":"https:\/\/nitu.mx\/#\/schema\/person\/4a28fe9bd65924f7c90623773daf1b0b","name":"Redacci\u00f3n","image":{"@type":"ImageObject","inLanguage":"es-MX","@id":"https:\/\/nitu.mx\/#\/schema\/person\/image\/","url":"https:\/\/secure.gravatar.com\/avatar\/5dd011c8ccfc5cd7e4c81e42252aab38?s=96&d=mm&r=g","contentUrl":"https:\/\/secure.gravatar.com\/avatar\/5dd011c8ccfc5cd7e4c81e42252aab38?s=96&d=mm&r=g","caption":"Redacci\u00f3n"},"url":"https:\/\/nitu.mx\/index.php\/author\/redaccion\/"}]}},"views":572,"_links":{"self":[{"href":"https:\/\/nitu.mx\/index.php\/wp-json\/wp\/v2\/posts\/64285"}],"collection":[{"href":"https:\/\/nitu.mx\/index.php\/wp-json\/wp\/v2\/posts"}],"about":[{"href":"https:\/\/nitu.mx\/index.php\/wp-json\/wp\/v2\/types\/post"}],"author":[{"embeddable":true,"href":"https:\/\/nitu.mx\/index.php\/wp-json\/wp\/v2\/users\/17"}],"replies":[{"embeddable":true,"href":"https:\/\/nitu.mx\/index.php\/wp-json\/wp\/v2\/comments?post=64285"}],"version-history":[{"count":1,"href":"https:\/\/nitu.mx\/index.php\/wp-json\/wp\/v2\/posts\/64285\/revisions"}],"predecessor-version":[{"id":64286,"href":"https:\/\/nitu.mx\/index.php\/wp-json\/wp\/v2\/posts\/64285\/revisions\/64286"}],"wp:featuredmedia":[{"embeddable":true,"href":"https:\/\/nitu.mx\/index.php\/wp-json\/wp\/v2\/media\/27038"}],"wp:attachment":[{"href":"https:\/\/nitu.mx\/index.php\/wp-json\/wp\/v2\/media?parent=64285"}],"wp:term":[{"taxonomy":"category","embeddable":true,"href":"https:\/\/nitu.mx\/index.php\/wp-json\/wp\/v2\/categories?post=64285"},{"taxonomy":"post_tag","embeddable":true,"href":"https:\/\/nitu.mx\/index.php\/wp-json\/wp\/v2\/tags?post=64285"}],"curies":[{"name":"wp","href":"https:\/\/api.w.org\/{rel}","templated":true}]}}