{"id":64093,"date":"2023-04-18T00:56:19","date_gmt":"2023-04-18T05:56:19","guid":{"rendered":"https:\/\/www.dev.nitu.mx\/?p=64093"},"modified":"2023-04-18T01:12:22","modified_gmt":"2023-04-18T06:12:22","slug":"volaris-pone-en-marcha-practicas-para-reducir-la-huella-ambiental","status":"publish","type":"post","link":"https:\/\/nitu.mx\/index.php\/2023\/04\/18\/volaris-pone-en-marcha-practicas-para-reducir-la-huella-ambiental\/","title":{"rendered":"Volaris pone en marcha pr\u00e1cticas para reducir la huella ambiental"},"content":{"rendered":"<p style=\"font-weight: 400;\">\u00a0Volaris, la aerol\u00ednea mexicana de ultra bajo costo,\u00a0trabaja para que cuando viajas y compras alg\u00fan producto en la venta a bordo, la huella ambiental sea m\u00ednima, asegur\u00f3 en un comunicado.<\/p>\n<p style=\"font-weight: 400;\">En l\u00ednea con el compromiso de adoptar las mejores pr\u00e1cticas para reducir las emisiones contaminantes de nuestras operaciones, incluyendo la venta y servicio a bordo, la compa\u00f1\u00eda a\u00e9rea ha implementado diversas acciones encaminadas a reducir la huella medioambiental:<\/p>\n<ul style=\"font-weight: 400;\">\n<li>100% de los pl\u00e1sticos de un s\u00f3lo uso han sido sustituidos por mate\u00adrial biodegradable: tenedores, removedores, vasos de pl\u00e1stico y servilletas.<\/li>\n<li>100% de nuestros consumibles de servicio a bordo son biodegra\u00addables (toallas de papel para manos, papel de ba\u00f1o, bolsas de basura, jab\u00f3n).<\/li>\n<li>98% de los productos que se ofrecen en la venta a bordo tienen empaques biodegradables.<\/li>\n<li>Hemos reducido 11% las emisiones de CO2\u00a0de nuestro servicio a bordo, gracias a:\n<ul>\n<li>La compra de trolleys (carritos de servicio) ultraligeros: 29% de todos ellos ya son ultraligeros,<\/li>\n<li>Reducci\u00f3n de boxes transportados, y<\/li>\n<li>Una mezcla de producto para venta m\u00e1s ligera.<\/li>\n<\/ul>\n<\/li>\n<\/ul>\n<p style=\"font-weight: 400;\">Seguimos trabajando para mejorar continuamente y nos hemos puesto las siguientes metas:<\/p>\n<ul style=\"font-weight: 400;\">\n<li>2023: eliminar al 100% los empaques no biodegra\u00addables de los productos de venta abordo y que el 70% de nuestros trolleys sean ultraligeros.<\/li>\n<li>2024: que el men\u00fa\u00a0<em>Entre Nubes<\/em>\u00a0sea 100% digital, con el fin de reducir el uso de papel a bordo. <a title=\"Volaris transporta 2.8 millones de pasajeros en marzo\" href=\"https:\/\/www.dev.nitu.mx\/index.php\/2023\/04\/09\/volaris-transporta-2-8-millones-de-pasajeros-en-marzo\/\" rel=\"bookmark\">(Volaris transporta 2.8 millones de pasajeros en marzo<\/a>).<\/li>\n<\/ul>\n","protected":false},"excerpt":{"rendered":"<p>\u00a0Volaris, la aerol\u00ednea mexicana de ultra bajo costo,\u00a0trabaja para que cuando viajas y compras alg\u00fan producto en la venta a bordo, la huella ambiental sea m\u00ednima, asegur\u00f3 en un comunicado. En l\u00ednea con el compromiso de adoptar las mejores pr\u00e1cticas para reducir las emisiones contaminantes de nuestras operaciones, incluyendo la venta y servicio a bordo, [&hellip;]<\/p>\n","protected":false},"author":17,"featured_media":4514,"comment_status":"open","ping_status":"open","sticky":false,"template":"","format":"standard","meta":{"footnotes":""},"categories":[29],"tags":[23885,13274,131],"yoast_head":"<!-- This site is optimized with the Yoast SEO plugin v22.2 - https:\/\/yoast.com\/wordpress\/plugins\/seo\/ -->\n<title>Volaris pone en marcha pr\u00e1cticas para reducir la huella ambiental - Nitu - Noticias de la Industria Turistica<\/title>\n<meta name=\"robots\" content=\"index, follow, max-snippet:-1, max-image-preview:large, max-video-preview:-1\" \/>\n<link rel=\"canonical\" href=\"https:\/\/nitu.mx\/index.php\/2023\/04\/18\/volaris-pone-en-marcha-practicas-para-reducir-la-huella-ambiental\/\" \/>\n<meta name=\"twitter:card\" content=\"summary_large_image\" \/>\n<meta name=\"twitter:title\" content=\"Volaris pone en marcha pr\u00e1cticas para reducir la huella ambiental - Nitu - Noticias de la Industria Turistica\" \/>\n<meta name=\"twitter:description\" content=\"\u00a0Volaris, la aerol\u00ednea mexicana de ultra bajo costo,\u00a0trabaja para que cuando viajas y compras alg\u00fan producto en la venta a bordo, la huella ambiental sea m\u00ednima, asegur\u00f3 en un comunicado. En l\u00ednea con el compromiso de adoptar las mejores pr\u00e1cticas para reducir las emisiones contaminantes de nuestras operaciones, incluyendo la venta y servicio a bordo, [&hellip;]\" \/>\n<meta name=\"twitter:image\" content=\"https:\/\/nitu.mx\/wp-content\/uploads\/2016\/11\/volaris-asientos-m\u00e9xico.jpg\" \/>\n<meta name=\"twitter:creator\" content=\"@NITUmx\" \/>\n<meta name=\"twitter:site\" content=\"@Arturo_Medina_G\" \/>\n<meta name=\"twitter:label1\" content=\"Escrito por\" \/>\n\t<meta name=\"twitter:data1\" content=\"Redacci\u00f3n\" \/>\n\t<meta name=\"twitter:label2\" content=\"Tiempo de lectura\" \/>\n\t<meta name=\"twitter:data2\" content=\"1 minuto\" \/>\n<script type=\"application\/ld+json\" class=\"yoast-schema-graph\">{\"@context\":\"https:\/\/schema.org\",\"@graph\":[{\"@type\":\"Article\",\"@id\":\"https:\/\/nitu.mx\/index.php\/2023\/04\/18\/volaris-pone-en-marcha-practicas-para-reducir-la-huella-ambiental\/#article\",\"isPartOf\":{\"@id\":\"https:\/\/nitu.mx\/index.php\/2023\/04\/18\/volaris-pone-en-marcha-practicas-para-reducir-la-huella-ambiental\/\"},\"author\":{\"name\":\"Redacci\u00f3n\",\"@id\":\"https:\/\/nitu.mx\/#\/schema\/person\/4a28fe9bd65924f7c90623773daf1b0b\"},\"headline\":\"Volaris pone en marcha pr\u00e1cticas para reducir la huella ambiental\",\"datePublished\":\"2023-04-18T05:56:19+00:00\",\"dateModified\":\"2023-04-18T06:12:22+00:00\",\"mainEntityOfPage\":{\"@id\":\"https:\/\/nitu.mx\/index.php\/2023\/04\/18\/volaris-pone-en-marcha-practicas-para-reducir-la-huella-ambiental\/\"},\"wordCount\":249,\"commentCount\":0,\"publisher\":{\"@id\":\"https:\/\/nitu.mx\/#\/schema\/person\/ae7a53426417292d3dd07b45a33e01bc\"},\"image\":{\"@id\":\"https:\/\/nitu.mx\/index.php\/2023\/04\/18\/volaris-pone-en-marcha-practicas-para-reducir-la-huella-ambiental\/#primaryimage\"},\"thumbnailUrl\":\"https:\/\/nitu.mx\/wp-content\/uploads\/2016\/11\/volaris-asientos-m\u00e9xico.jpg\",\"keywords\":[\"huella ambiental\",\"pl\u00e1sticos\",\"Volaris\"],\"articleSection\":[\"Aerol\u00edneas\"],\"inLanguage\":\"es-MX\",\"potentialAction\":[{\"@type\":\"CommentAction\",\"name\":\"Comment\",\"target\":[\"https:\/\/nitu.mx\/index.php\/2023\/04\/18\/volaris-pone-en-marcha-practicas-para-reducir-la-huella-ambiental\/#respond\"]}]},{\"@type\":\"WebPage\",\"@id\":\"https:\/\/nitu.mx\/index.php\/2023\/04\/18\/volaris-pone-en-marcha-practicas-para-reducir-la-huella-ambiental\/\",\"url\":\"https:\/\/nitu.mx\/index.php\/2023\/04\/18\/volaris-pone-en-marcha-practicas-para-reducir-la-huella-ambiental\/\",\"name\":\"Volaris pone en marcha pr\u00e1cticas para reducir la huella ambiental - Nitu - Noticias de la Industria Turistica\",\"isPartOf\":{\"@id\":\"https:\/\/nitu.mx\/#website\"},\"primaryImageOfPage\":{\"@id\":\"https:\/\/nitu.mx\/index.php\/2023\/04\/18\/volaris-pone-en-marcha-practicas-para-reducir-la-huella-ambiental\/#primaryimage\"},\"image\":{\"@id\":\"https:\/\/nitu.mx\/index.php\/2023\/04\/18\/volaris-pone-en-marcha-practicas-para-reducir-la-huella-ambiental\/#primaryimage\"},\"thumbnailUrl\":\"https:\/\/nitu.mx\/wp-content\/uploads\/2016\/11\/volaris-asientos-m\u00e9xico.jpg\",\"datePublished\":\"2023-04-18T05:56:19+00:00\",\"dateModified\":\"2023-04-18T06:12:22+00:00\",\"breadcrumb\":{\"@id\":\"https:\/\/nitu.mx\/index.php\/2023\/04\/18\/volaris-pone-en-marcha-practicas-para-reducir-la-huella-ambiental\/#breadcrumb\"},\"inLanguage\":\"es-MX\",\"potentialAction\":[{\"@type\":\"ReadAction\",\"target\":[\"https:\/\/nitu.mx\/index.php\/2023\/04\/18\/volaris-pone-en-marcha-practicas-para-reducir-la-huella-ambiental\/\"]}]},{\"@type\":\"ImageObject\",\"inLanguage\":\"es-MX\",\"@id\":\"https:\/\/nitu.mx\/index.php\/2023\/04\/18\/volaris-pone-en-marcha-practicas-para-reducir-la-huella-ambiental\/#primaryimage\",\"url\":\"https:\/\/nitu.mx\/wp-content\/uploads\/2016\/11\/volaris-asientos-m\u00e9xico.jpg\",\"contentUrl\":\"https:\/\/nitu.mx\/wp-content\/uploads\/2016\/11\/volaris-asientos-m\u00e9xico.jpg\",\"width\":3049,\"height\":1915,\"caption\":\"volaris asientos mexico\"},{\"@type\":\"BreadcrumbList\",\"@id\":\"https:\/\/nitu.mx\/index.php\/2023\/04\/18\/volaris-pone-en-marcha-practicas-para-reducir-la-huella-ambiental\/#breadcrumb\",\"itemListElement\":[{\"@type\":\"ListItem\",\"position\":1,\"name\":\"Inicio\",\"item\":\"https:\/\/nitu.mx\/\"},{\"@type\":\"ListItem\",\"position\":2,\"name\":\"Volaris pone en marcha pr\u00e1cticas para reducir la huella ambiental\"}]},{\"@type\":\"WebSite\",\"@id\":\"https:\/\/nitu.mx\/#website\",\"url\":\"https:\/\/nitu.mx\/\",\"name\":\"Nitu - Noticias de la Industria Turistica\",\"description\":\"Noticias de la Industria Turistica\",\"publisher\":{\"@id\":\"https:\/\/nitu.mx\/#\/schema\/person\/ae7a53426417292d3dd07b45a33e01bc\"},\"alternateName\":\"Noticias de la Industria Turistica\",\"potentialAction\":[{\"@type\":\"SearchAction\",\"target\":{\"@type\":\"EntryPoint\",\"urlTemplate\":\"https:\/\/nitu.mx\/?s={search_term_string}\"},\"query-input\":\"required name=search_term_string\"}],\"inLanguage\":\"es-MX\"},{\"@type\":[\"Person\",\"Organization\"],\"@id\":\"https:\/\/nitu.mx\/#\/schema\/person\/ae7a53426417292d3dd07b45a33e01bc\",\"name\":\"Arturo Medina\",\"image\":{\"@type\":\"ImageObject\",\"inLanguage\":\"es-MX\",\"@id\":\"https:\/\/nitu.mx\/#\/schema\/person\/image\/\",\"url\":\"https:\/\/nitu.mx\/wp-content\/uploads\/2024\/04\/4A315622-1904-4D5C-B022-878CDC840E04-90x90-1.jpeg\",\"contentUrl\":\"https:\/\/nitu.mx\/wp-content\/uploads\/2024\/04\/4A315622-1904-4D5C-B022-878CDC840E04-90x90-1.jpeg\",\"width\":90,\"height\":90,\"caption\":\"Arturo Medina\"},\"logo\":{\"@id\":\"https:\/\/nitu.mx\/#\/schema\/person\/image\/\"},\"description\":\"Director NITU.mx, Egresado de la Escuela de Periodismo Carlos Septi\u00e9n Garc\u00eda. Periodista y analista especializado en turismo desde hace 35 a\u00f1os, radicado en Canc\u00fan Q.Roo. arturo@nitu.mx\",\"sameAs\":[\"https:\/\/nitu.mx\",\"https:\/\/www.facebook.com\/NITUmx\/\",\"medinacancun\",\"https:\/\/twitter.com\/@Arturo_Medina_G\"]},{\"@type\":\"Person\",\"@id\":\"https:\/\/nitu.mx\/#\/schema\/person\/4a28fe9bd65924f7c90623773daf1b0b\",\"name\":\"Redacci\u00f3n\",\"image\":{\"@type\":\"ImageObject\",\"inLanguage\":\"es-MX\",\"@id\":\"https:\/\/nitu.mx\/#\/schema\/person\/image\/\",\"url\":\"https:\/\/secure.gravatar.com\/avatar\/5dd011c8ccfc5cd7e4c81e42252aab38?s=96&d=mm&r=g\",\"contentUrl\":\"https:\/\/secure.gravatar.com\/avatar\/5dd011c8ccfc5cd7e4c81e42252aab38?s=96&d=mm&r=g\",\"caption\":\"Redacci\u00f3n\"},\"url\":\"https:\/\/nitu.mx\/index.php\/author\/redaccion\/\"}]}<\/script>\n<!-- \/ Yoast SEO plugin. -->","yoast_head_json":{"title":"Volaris pone en marcha pr\u00e1cticas para reducir la huella ambiental - Nitu - Noticias de la Industria Turistica","robots":{"index":"index","follow":"follow","max-snippet":"max-snippet:-1","max-image-preview":"max-image-preview:large","max-video-preview":"max-video-preview:-1"},"canonical":"https:\/\/nitu.mx\/index.php\/2023\/04\/18\/volaris-pone-en-marcha-practicas-para-reducir-la-huella-ambiental\/","twitter_card":"summary_large_image","twitter_title":"Volaris pone en marcha pr\u00e1cticas para reducir la huella ambiental - Nitu - Noticias de la Industria Turistica","twitter_description":"\u00a0Volaris, la aerol\u00ednea mexicana de ultra bajo costo,\u00a0trabaja para que cuando viajas y compras alg\u00fan producto en la venta a bordo, la huella ambiental sea m\u00ednima, asegur\u00f3 en un comunicado. En l\u00ednea con el compromiso de adoptar las mejores pr\u00e1cticas para reducir las emisiones contaminantes de nuestras operaciones, incluyendo la venta y servicio a bordo, [&hellip;]","twitter_image":"https:\/\/nitu.mx\/wp-content\/uploads\/2016\/11\/volaris-asientos-m\u00e9xico.jpg","twitter_creator":"@NITUmx","twitter_site":"@Arturo_Medina_G","twitter_misc":{"Escrito por":"Redacci\u00f3n","Tiempo de lectura":"1 minuto"},"schema":{"@context":"https:\/\/schema.org","@graph":[{"@type":"Article","@id":"https:\/\/nitu.mx\/index.php\/2023\/04\/18\/volaris-pone-en-marcha-practicas-para-reducir-la-huella-ambiental\/#article","isPartOf":{"@id":"https:\/\/nitu.mx\/index.php\/2023\/04\/18\/volaris-pone-en-marcha-practicas-para-reducir-la-huella-ambiental\/"},"author":{"name":"Redacci\u00f3n","@id":"https:\/\/nitu.mx\/#\/schema\/person\/4a28fe9bd65924f7c90623773daf1b0b"},"headline":"Volaris pone en marcha pr\u00e1cticas para reducir la huella ambiental","datePublished":"2023-04-18T05:56:19+00:00","dateModified":"2023-04-18T06:12:22+00:00","mainEntityOfPage":{"@id":"https:\/\/nitu.mx\/index.php\/2023\/04\/18\/volaris-pone-en-marcha-practicas-para-reducir-la-huella-ambiental\/"},"wordCount":249,"commentCount":0,"publisher":{"@id":"https:\/\/nitu.mx\/#\/schema\/person\/ae7a53426417292d3dd07b45a33e01bc"},"image":{"@id":"https:\/\/nitu.mx\/index.php\/2023\/04\/18\/volaris-pone-en-marcha-practicas-para-reducir-la-huella-ambiental\/#primaryimage"},"thumbnailUrl":"https:\/\/nitu.mx\/wp-content\/uploads\/2016\/11\/volaris-asientos-m\u00e9xico.jpg","keywords":["huella ambiental","pl\u00e1sticos","Volaris"],"articleSection":["Aerol\u00edneas"],"inLanguage":"es-MX","potentialAction":[{"@type":"CommentAction","name":"Comment","target":["https:\/\/nitu.mx\/index.php\/2023\/04\/18\/volaris-pone-en-marcha-practicas-para-reducir-la-huella-ambiental\/#respond"]}]},{"@type":"WebPage","@id":"https:\/\/nitu.mx\/index.php\/2023\/04\/18\/volaris-pone-en-marcha-practicas-para-reducir-la-huella-ambiental\/","url":"https:\/\/nitu.mx\/index.php\/2023\/04\/18\/volaris-pone-en-marcha-practicas-para-reducir-la-huella-ambiental\/","name":"Volaris pone en marcha pr\u00e1cticas para reducir la huella ambiental - Nitu - Noticias de la Industria Turistica","isPartOf":{"@id":"https:\/\/nitu.mx\/#website"},"primaryImageOfPage":{"@id":"https:\/\/nitu.mx\/index.php\/2023\/04\/18\/volaris-pone-en-marcha-practicas-para-reducir-la-huella-ambiental\/#primaryimage"},"image":{"@id":"https:\/\/nitu.mx\/index.php\/2023\/04\/18\/volaris-pone-en-marcha-practicas-para-reducir-la-huella-ambiental\/#primaryimage"},"thumbnailUrl":"https:\/\/nitu.mx\/wp-content\/uploads\/2016\/11\/volaris-asientos-m\u00e9xico.jpg","datePublished":"2023-04-18T05:56:19+00:00","dateModified":"2023-04-18T06:12:22+00:00","breadcrumb":{"@id":"https:\/\/nitu.mx\/index.php\/2023\/04\/18\/volaris-pone-en-marcha-practicas-para-reducir-la-huella-ambiental\/#breadcrumb"},"inLanguage":"es-MX","potentialAction":[{"@type":"ReadAction","target":["https:\/\/nitu.mx\/index.php\/2023\/04\/18\/volaris-pone-en-marcha-practicas-para-reducir-la-huella-ambiental\/"]}]},{"@type":"ImageObject","inLanguage":"es-MX","@id":"https:\/\/nitu.mx\/index.php\/2023\/04\/18\/volaris-pone-en-marcha-practicas-para-reducir-la-huella-ambiental\/#primaryimage","url":"https:\/\/nitu.mx\/wp-content\/uploads\/2016\/11\/volaris-asientos-m\u00e9xico.jpg","contentUrl":"https:\/\/nitu.mx\/wp-content\/uploads\/2016\/11\/volaris-asientos-m\u00e9xico.jpg","width":3049,"height":1915,"caption":"volaris asientos mexico"},{"@type":"BreadcrumbList","@id":"https:\/\/nitu.mx\/index.php\/2023\/04\/18\/volaris-pone-en-marcha-practicas-para-reducir-la-huella-ambiental\/#breadcrumb","itemListElement":[{"@type":"ListItem","position":1,"name":"Inicio","item":"https:\/\/nitu.mx\/"},{"@type":"ListItem","position":2,"name":"Volaris pone en marcha pr\u00e1cticas para reducir la huella ambiental"}]},{"@type":"WebSite","@id":"https:\/\/nitu.mx\/#website","url":"https:\/\/nitu.mx\/","name":"Nitu - Noticias de la Industria Turistica","description":"Noticias de la Industria Turistica","publisher":{"@id":"https:\/\/nitu.mx\/#\/schema\/person\/ae7a53426417292d3dd07b45a33e01bc"},"alternateName":"Noticias de la Industria Turistica","potentialAction":[{"@type":"SearchAction","target":{"@type":"EntryPoint","urlTemplate":"https:\/\/nitu.mx\/?s={search_term_string}"},"query-input":"required name=search_term_string"}],"inLanguage":"es-MX"},{"@type":["Person","Organization"],"@id":"https:\/\/nitu.mx\/#\/schema\/person\/ae7a53426417292d3dd07b45a33e01bc","name":"Arturo Medina","image":{"@type":"ImageObject","inLanguage":"es-MX","@id":"https:\/\/nitu.mx\/#\/schema\/person\/image\/","url":"https:\/\/nitu.mx\/wp-content\/uploads\/2024\/04\/4A315622-1904-4D5C-B022-878CDC840E04-90x90-1.jpeg","contentUrl":"https:\/\/nitu.mx\/wp-content\/uploads\/2024\/04\/4A315622-1904-4D5C-B022-878CDC840E04-90x90-1.jpeg","width":90,"height":90,"caption":"Arturo Medina"},"logo":{"@id":"https:\/\/nitu.mx\/#\/schema\/person\/image\/"},"description":"Director NITU.mx, Egresado de la Escuela de Periodismo Carlos Septi\u00e9n Garc\u00eda. Periodista y analista especializado en turismo desde hace 35 a\u00f1os, radicado en Canc\u00fan Q.Roo. arturo@nitu.mx","sameAs":["https:\/\/nitu.mx","https:\/\/www.facebook.com\/NITUmx\/","medinacancun","https:\/\/twitter.com\/@Arturo_Medina_G"]},{"@type":"Person","@id":"https:\/\/nitu.mx\/#\/schema\/person\/4a28fe9bd65924f7c90623773daf1b0b","name":"Redacci\u00f3n","image":{"@type":"ImageObject","inLanguage":"es-MX","@id":"https:\/\/nitu.mx\/#\/schema\/person\/image\/","url":"https:\/\/secure.gravatar.com\/avatar\/5dd011c8ccfc5cd7e4c81e42252aab38?s=96&d=mm&r=g","contentUrl":"https:\/\/secure.gravatar.com\/avatar\/5dd011c8ccfc5cd7e4c81e42252aab38?s=96&d=mm&r=g","caption":"Redacci\u00f3n"},"url":"https:\/\/nitu.mx\/index.php\/author\/redaccion\/"}]}},"views":766,"_links":{"self":[{"href":"https:\/\/nitu.mx\/index.php\/wp-json\/wp\/v2\/posts\/64093"}],"collection":[{"href":"https:\/\/nitu.mx\/index.php\/wp-json\/wp\/v2\/posts"}],"about":[{"href":"https:\/\/nitu.mx\/index.php\/wp-json\/wp\/v2\/types\/post"}],"author":[{"embeddable":true,"href":"https:\/\/nitu.mx\/index.php\/wp-json\/wp\/v2\/users\/17"}],"replies":[{"embeddable":true,"href":"https:\/\/nitu.mx\/index.php\/wp-json\/wp\/v2\/comments?post=64093"}],"version-history":[{"count":1,"href":"https:\/\/nitu.mx\/index.php\/wp-json\/wp\/v2\/posts\/64093\/revisions"}],"predecessor-version":[{"id":64095,"href":"https:\/\/nitu.mx\/index.php\/wp-json\/wp\/v2\/posts\/64093\/revisions\/64095"}],"wp:featuredmedia":[{"embeddable":true,"href":"https:\/\/nitu.mx\/index.php\/wp-json\/wp\/v2\/media\/4514"}],"wp:attachment":[{"href":"https:\/\/nitu.mx\/index.php\/wp-json\/wp\/v2\/media?parent=64093"}],"wp:term":[{"taxonomy":"category","embeddable":true,"href":"https:\/\/nitu.mx\/index.php\/wp-json\/wp\/v2\/categories?post=64093"},{"taxonomy":"post_tag","embeddable":true,"href":"https:\/\/nitu.mx\/index.php\/wp-json\/wp\/v2\/tags?post=64093"}],"curies":[{"name":"wp","href":"https:\/\/api.w.org\/{rel}","templated":true}]}}