{"id":63864,"date":"2023-03-28T07:36:49","date_gmt":"2023-03-28T12:36:49","guid":{"rendered":"https:\/\/www.dev.nitu.mx\/?p=63864"},"modified":"2023-03-28T07:37:06","modified_gmt":"2023-03-28T12:37:06","slug":"alta-y-amadeus-presentan-en-tianguis-turistico-2023-claves-para-elevar-en-mercado-aereo","status":"publish","type":"post","link":"https:\/\/nitu.mx\/index.php\/2023\/03\/28\/alta-y-amadeus-presentan-en-tianguis-turistico-2023-claves-para-elevar-en-mercado-aereo\/","title":{"rendered":"ALTA y Amadeus presentan en Tianguis Tur\u00edstico 2023 claves para elevar en mercado a\u00e9reo"},"content":{"rendered":"<p>La Asociaci\u00f3n Latinoamericana y del Caribe de Transporte A\u00e9reo (ALTA), conjuntamente con Amadeus, participar\u00e1 en la 47 edici\u00f3n del Tianguis Tur\u00edstico, evento que se celebra en la Ciudad de M\u00e9xico del 26 al 29 de marzo.<\/p>\n<p>Durante su intervenci\u00f3n, Juan Camilo Guerrero, director econ\u00f3mico de\u00a0ALTA, presentar\u00e1 el \u00cdndice de Competitividad del Transporte A\u00e9reo en Am\u00e9rica Latina y el Caribe, elaborado conjuntamente por ambas organizaciones.<\/p>\n<p>Este<strong><u>\u00a0<\/u><\/strong>informe, cuya segunda edici\u00f3n fue lanzada en el \u00faltimo trimestre de 2022, estudia una serie de factores que determinan la competitividad del transporte a\u00e9reo en los pa\u00edses de la regi\u00f3n y sugiere acciones para generar mejores condiciones que ampl\u00eden el acceso al transporte a\u00e9reo para m\u00e1s personas, que impulsen inversiones, que promuevan el desarrollo de operaciones, generaci\u00f3n de empleos, fortalecimiento de la conectividad y que faciliten la llegada de m\u00e1s turistas.<\/p>\n<p>La industria a\u00e9rea de M\u00e9xico sobresale entre las m\u00e1s competitivas de la regi\u00f3n gracias a su alto nivel de conectividad y su pol\u00edtica de transporte a\u00e9reo durante la pandemia, as\u00ed como por el n\u00famero de pa\u00edses a los que puede acceder un ciudadano mexicano sin necesidad de visa, destaca el estudio de\u00a0ALTA\u00a0y Amadeus.<\/p>\n<p>Y, de hecho, M\u00e9xico es uno de los mercados l\u00edderes en la regi\u00f3n. En enero de 2023 el transporte de pasajeros internacionales registr\u00f3 un crecimiento de 16% frente a sus niveles de 2019 y el dom\u00e9stico alcanz\u00f3 crecimiento de 25% sobre sus niveles prepand\u00e9micos; \u201cesto ocurre gracias a un conjunto de elementos que catapultan al pa\u00eds como un destino elegible para millones de pasajeros y porque cuenta con un mercado a\u00e9reo dom\u00e9stico robusto que ofrece a los mexicanos el medio de transporte m\u00e1s seguro y eficiente. A pesar de los retos, la industria a\u00e9rea en M\u00e9xico tiene muchas fortalezas, por ello invitamos a las autoridades a seguir trabajando con la industria en la toma de decisiones cr\u00edticas que impactar\u00e1n las operaciones\u201d, resalta Jos\u00e9 Ricardo Botelho, director ejecutivo y CEO de\u00a0ALTA.<\/p>\n<p>Hay asuntos que atender. Por ejemplo, el pa\u00eds tiene un factor de combustible poco competitivo. Adem\u00e1s, es el cuarto pa\u00eds menos competitivo de la regi\u00f3n respecto a las tasas aeroportuarias, al poseer dos de aeropuertos m\u00e1s caros de la regi\u00f3n: el de Ciudad de M\u00e9xico y Monterrey, cuya tasa es en promedio de US$ 61.70.\u00a0De acuerdo con datos de 2022, en M\u00e9xico cuando un pasajero paga un tiquete de 100 USD, un 45% corresponde a impuestos, tasas y contribuciones. En un tiquete de 50 USD, el gravamen llega a 61%. En promedio podr\u00edamos decir que dobla el precio del tiquete, encareciendo sustancialmente la posibilidad de volar.<\/p>\n<p>Otro factor que atenta con restar competitividad a la naci\u00f3n es la discusi\u00f3n de permitir el\u00a0cabotaje. \u201cEsta no es una medida relacionada con bajar los precios de los boletos de avi\u00f3n, se trata de un aspecto t\u00e9cnico que impacta la conectividad a\u00e9rea, la seguridad, entre otros aspectos\u201d, destaca Botelho. El CEO de\u00a0ALTA\u00a0reiter\u00f3 a las autoridades mexicanas la disposici\u00f3n de la organizaci\u00f3n para aportar mejores pr\u00e1cticas a los estudios t\u00e9cnicos que gu\u00eden las medidas que impactar\u00e1n al sector aviaci\u00f3n.<\/p>\n<p>\u00bfC\u00f3mo hacerle frente a la tendencia de contracci\u00f3n econ\u00f3mica y los retos que enfrenta la industria? Elevando la competitividad de las variables que impactan al sector de la aviaci\u00f3n y, por supuesto, tomando decisiones basadas en evidencia t\u00e9cnica y mejores pr\u00e1cticas, sobre este tema versar\u00e1 la exposici\u00f3n de\u00a0ALTA\u00a0y Amadeus en el Tianguis Tur\u00edstico 2023.<\/p>\n<p>&#8220;Este a\u00f1o\u00a0ALTA\u00a0llevar\u00e1 sus dos mayores eventos a M\u00e9xico, en mayo (ALTA\u00a0CCMA &amp; MRO Conference) y en octubre (ALTA\u00a0AGM &amp; Airline Leaders Forum) para desarrollar un di\u00e1logo abierto y con miras a reforzar el trabajo colaborativo industria-gobierno que impulse los beneficios socioecon\u00f3micos que genera la aviaci\u00f3n para cada vez m\u00e1s personas.&#8221; Expresa Botelho, CEO de\u00a0ALTA.<\/p>\n","protected":false},"excerpt":{"rendered":"<p>La Asociaci\u00f3n Latinoamericana y del Caribe de Transporte A\u00e9reo (ALTA), conjuntamente con Amadeus, participar\u00e1 en la 47 edici\u00f3n del Tianguis Tur\u00edstico, evento que se celebra en la Ciudad de M\u00e9xico del 26 al 29 de marzo. Durante su intervenci\u00f3n, Juan Camilo Guerrero, director econ\u00f3mico de\u00a0ALTA, presentar\u00e1 el \u00cdndice de Competitividad del Transporte A\u00e9reo en Am\u00e9rica [&hellip;]<\/p>\n","protected":false},"author":17,"featured_media":18011,"comment_status":"open","ping_status":"open","sticky":false,"template":"","format":"standard","meta":{"footnotes":""},"categories":[29],"tags":[162,632,16447,23857],"yoast_head":"<!-- This site is optimized with the Yoast SEO plugin v22.2 - https:\/\/yoast.com\/wordpress\/plugins\/seo\/ -->\n<title>ALTA y Amadeus presentan en Tianguis Tur\u00edstico 2023 claves para elevar en mercado a\u00e9reo - Nitu - Noticias de la Industria Turistica<\/title>\n<meta name=\"robots\" content=\"index, follow, max-snippet:-1, max-image-preview:large, max-video-preview:-1\" \/>\n<link rel=\"canonical\" href=\"https:\/\/nitu.mx\/index.php\/2023\/03\/28\/alta-y-amadeus-presentan-en-tianguis-turistico-2023-claves-para-elevar-en-mercado-aereo\/\" \/>\n<meta name=\"twitter:card\" content=\"summary_large_image\" \/>\n<meta name=\"twitter:title\" content=\"ALTA y Amadeus presentan en Tianguis Tur\u00edstico 2023 claves para elevar en mercado a\u00e9reo - Nitu - Noticias de la Industria Turistica\" \/>\n<meta name=\"twitter:description\" content=\"La Asociaci\u00f3n Latinoamericana y del Caribe de Transporte A\u00e9reo (ALTA), conjuntamente con Amadeus, participar\u00e1 en la 47 edici\u00f3n del Tianguis Tur\u00edstico, evento que se celebra en la Ciudad de M\u00e9xico del 26 al 29 de marzo. Durante su intervenci\u00f3n, Juan Camilo Guerrero, director econ\u00f3mico de\u00a0ALTA, presentar\u00e1 el \u00cdndice de Competitividad del Transporte A\u00e9reo en Am\u00e9rica [&hellip;]\" \/>\n<meta name=\"twitter:image\" content=\"https:\/\/nitu.mx\/wp-content\/uploads\/2018\/02\/avion.jpg\" \/>\n<meta name=\"twitter:creator\" content=\"@NITUmx\" \/>\n<meta name=\"twitter:site\" content=\"@Arturo_Medina_G\" \/>\n<meta name=\"twitter:label1\" content=\"Escrito por\" \/>\n\t<meta name=\"twitter:data1\" content=\"Redacci\u00f3n\" \/>\n\t<meta name=\"twitter:label2\" content=\"Tiempo de lectura\" \/>\n\t<meta name=\"twitter:data2\" content=\"3 minutos\" \/>\n<script type=\"application\/ld+json\" class=\"yoast-schema-graph\">{\"@context\":\"https:\/\/schema.org\",\"@graph\":[{\"@type\":\"Article\",\"@id\":\"https:\/\/nitu.mx\/index.php\/2023\/03\/28\/alta-y-amadeus-presentan-en-tianguis-turistico-2023-claves-para-elevar-en-mercado-aereo\/#article\",\"isPartOf\":{\"@id\":\"https:\/\/nitu.mx\/index.php\/2023\/03\/28\/alta-y-amadeus-presentan-en-tianguis-turistico-2023-claves-para-elevar-en-mercado-aereo\/\"},\"author\":{\"name\":\"Redacci\u00f3n\",\"@id\":\"https:\/\/nitu.mx\/#\/schema\/person\/4a28fe9bd65924f7c90623773daf1b0b\"},\"headline\":\"ALTA y Amadeus presentan en Tianguis Tur\u00edstico 2023 claves para elevar en mercado a\u00e9reo\",\"datePublished\":\"2023-03-28T12:36:49+00:00\",\"dateModified\":\"2023-03-28T12:37:06+00:00\",\"mainEntityOfPage\":{\"@id\":\"https:\/\/nitu.mx\/index.php\/2023\/03\/28\/alta-y-amadeus-presentan-en-tianguis-turistico-2023-claves-para-elevar-en-mercado-aereo\/\"},\"wordCount\":700,\"commentCount\":0,\"publisher\":{\"@id\":\"https:\/\/nitu.mx\/#\/schema\/person\/ae7a53426417292d3dd07b45a33e01bc\"},\"image\":{\"@id\":\"https:\/\/nitu.mx\/index.php\/2023\/03\/28\/alta-y-amadeus-presentan-en-tianguis-turistico-2023-claves-para-elevar-en-mercado-aereo\/#primaryimage\"},\"thumbnailUrl\":\"https:\/\/nitu.mx\/wp-content\/uploads\/2018\/02\/avion.jpg\",\"keywords\":[\"ALTA\",\"Amadeus\",\"cabotaje\",\"Tianguis Tur\u00edstico 2023\"],\"articleSection\":[\"Aerol\u00edneas\"],\"inLanguage\":\"es-MX\",\"potentialAction\":[{\"@type\":\"CommentAction\",\"name\":\"Comment\",\"target\":[\"https:\/\/nitu.mx\/index.php\/2023\/03\/28\/alta-y-amadeus-presentan-en-tianguis-turistico-2023-claves-para-elevar-en-mercado-aereo\/#respond\"]}]},{\"@type\":\"WebPage\",\"@id\":\"https:\/\/nitu.mx\/index.php\/2023\/03\/28\/alta-y-amadeus-presentan-en-tianguis-turistico-2023-claves-para-elevar-en-mercado-aereo\/\",\"url\":\"https:\/\/nitu.mx\/index.php\/2023\/03\/28\/alta-y-amadeus-presentan-en-tianguis-turistico-2023-claves-para-elevar-en-mercado-aereo\/\",\"name\":\"ALTA y Amadeus presentan en Tianguis Tur\u00edstico 2023 claves para elevar en mercado a\u00e9reo - Nitu - Noticias de la Industria Turistica\",\"isPartOf\":{\"@id\":\"https:\/\/nitu.mx\/#website\"},\"primaryImageOfPage\":{\"@id\":\"https:\/\/nitu.mx\/index.php\/2023\/03\/28\/alta-y-amadeus-presentan-en-tianguis-turistico-2023-claves-para-elevar-en-mercado-aereo\/#primaryimage\"},\"image\":{\"@id\":\"https:\/\/nitu.mx\/index.php\/2023\/03\/28\/alta-y-amadeus-presentan-en-tianguis-turistico-2023-claves-para-elevar-en-mercado-aereo\/#primaryimage\"},\"thumbnailUrl\":\"https:\/\/nitu.mx\/wp-content\/uploads\/2018\/02\/avion.jpg\",\"datePublished\":\"2023-03-28T12:36:49+00:00\",\"dateModified\":\"2023-03-28T12:37:06+00:00\",\"breadcrumb\":{\"@id\":\"https:\/\/nitu.mx\/index.php\/2023\/03\/28\/alta-y-amadeus-presentan-en-tianguis-turistico-2023-claves-para-elevar-en-mercado-aereo\/#breadcrumb\"},\"inLanguage\":\"es-MX\",\"potentialAction\":[{\"@type\":\"ReadAction\",\"target\":[\"https:\/\/nitu.mx\/index.php\/2023\/03\/28\/alta-y-amadeus-presentan-en-tianguis-turistico-2023-claves-para-elevar-en-mercado-aereo\/\"]}]},{\"@type\":\"ImageObject\",\"inLanguage\":\"es-MX\",\"@id\":\"https:\/\/nitu.mx\/index.php\/2023\/03\/28\/alta-y-amadeus-presentan-en-tianguis-turistico-2023-claves-para-elevar-en-mercado-aereo\/#primaryimage\",\"url\":\"https:\/\/nitu.mx\/wp-content\/uploads\/2018\/02\/avion.jpg\",\"contentUrl\":\"https:\/\/nitu.mx\/wp-content\/uploads\/2018\/02\/avion.jpg\",\"width\":850,\"height\":480,\"caption\":\"santa lucia avion aci canaero iata ALTA Categor\u00eda 1\"},{\"@type\":\"BreadcrumbList\",\"@id\":\"https:\/\/nitu.mx\/index.php\/2023\/03\/28\/alta-y-amadeus-presentan-en-tianguis-turistico-2023-claves-para-elevar-en-mercado-aereo\/#breadcrumb\",\"itemListElement\":[{\"@type\":\"ListItem\",\"position\":1,\"name\":\"Inicio\",\"item\":\"https:\/\/nitu.mx\/\"},{\"@type\":\"ListItem\",\"position\":2,\"name\":\"ALTA y Amadeus presentan en Tianguis Tur\u00edstico 2023 claves para elevar en mercado a\u00e9reo\"}]},{\"@type\":\"WebSite\",\"@id\":\"https:\/\/nitu.mx\/#website\",\"url\":\"https:\/\/nitu.mx\/\",\"name\":\"Nitu - Noticias de la Industria Turistica\",\"description\":\"Noticias de la Industria Turistica\",\"publisher\":{\"@id\":\"https:\/\/nitu.mx\/#\/schema\/person\/ae7a53426417292d3dd07b45a33e01bc\"},\"alternateName\":\"Noticias de la Industria Turistica\",\"potentialAction\":[{\"@type\":\"SearchAction\",\"target\":{\"@type\":\"EntryPoint\",\"urlTemplate\":\"https:\/\/nitu.mx\/?s={search_term_string}\"},\"query-input\":\"required name=search_term_string\"}],\"inLanguage\":\"es-MX\"},{\"@type\":[\"Person\",\"Organization\"],\"@id\":\"https:\/\/nitu.mx\/#\/schema\/person\/ae7a53426417292d3dd07b45a33e01bc\",\"name\":\"Arturo Medina\",\"image\":{\"@type\":\"ImageObject\",\"inLanguage\":\"es-MX\",\"@id\":\"https:\/\/nitu.mx\/#\/schema\/person\/image\/\",\"url\":\"https:\/\/nitu.mx\/wp-content\/uploads\/2024\/04\/4A315622-1904-4D5C-B022-878CDC840E04-90x90-1.jpeg\",\"contentUrl\":\"https:\/\/nitu.mx\/wp-content\/uploads\/2024\/04\/4A315622-1904-4D5C-B022-878CDC840E04-90x90-1.jpeg\",\"width\":90,\"height\":90,\"caption\":\"Arturo Medina\"},\"logo\":{\"@id\":\"https:\/\/nitu.mx\/#\/schema\/person\/image\/\"},\"description\":\"Director NITU.mx, Egresado de la Escuela de Periodismo Carlos Septi\u00e9n Garc\u00eda. Periodista y analista especializado en turismo desde hace 35 a\u00f1os, radicado en Canc\u00fan Q.Roo. arturo@nitu.mx\",\"sameAs\":[\"https:\/\/nitu.mx\",\"https:\/\/www.facebook.com\/NITUmx\/\",\"medinacancun\",\"https:\/\/twitter.com\/@Arturo_Medina_G\"]},{\"@type\":\"Person\",\"@id\":\"https:\/\/nitu.mx\/#\/schema\/person\/4a28fe9bd65924f7c90623773daf1b0b\",\"name\":\"Redacci\u00f3n\",\"image\":{\"@type\":\"ImageObject\",\"inLanguage\":\"es-MX\",\"@id\":\"https:\/\/nitu.mx\/#\/schema\/person\/image\/\",\"url\":\"https:\/\/secure.gravatar.com\/avatar\/5dd011c8ccfc5cd7e4c81e42252aab38?s=96&d=mm&r=g\",\"contentUrl\":\"https:\/\/secure.gravatar.com\/avatar\/5dd011c8ccfc5cd7e4c81e42252aab38?s=96&d=mm&r=g\",\"caption\":\"Redacci\u00f3n\"},\"url\":\"https:\/\/nitu.mx\/index.php\/author\/redaccion\/\"}]}<\/script>\n<!-- \/ Yoast SEO plugin. -->","yoast_head_json":{"title":"ALTA y Amadeus presentan en Tianguis Tur\u00edstico 2023 claves para elevar en mercado a\u00e9reo - Nitu - Noticias de la Industria Turistica","robots":{"index":"index","follow":"follow","max-snippet":"max-snippet:-1","max-image-preview":"max-image-preview:large","max-video-preview":"max-video-preview:-1"},"canonical":"https:\/\/nitu.mx\/index.php\/2023\/03\/28\/alta-y-amadeus-presentan-en-tianguis-turistico-2023-claves-para-elevar-en-mercado-aereo\/","twitter_card":"summary_large_image","twitter_title":"ALTA y Amadeus presentan en Tianguis Tur\u00edstico 2023 claves para elevar en mercado a\u00e9reo - Nitu - Noticias de la Industria Turistica","twitter_description":"La Asociaci\u00f3n Latinoamericana y del Caribe de Transporte A\u00e9reo (ALTA), conjuntamente con Amadeus, participar\u00e1 en la 47 edici\u00f3n del Tianguis Tur\u00edstico, evento que se celebra en la Ciudad de M\u00e9xico del 26 al 29 de marzo. Durante su intervenci\u00f3n, Juan Camilo Guerrero, director econ\u00f3mico de\u00a0ALTA, presentar\u00e1 el \u00cdndice de Competitividad del Transporte A\u00e9reo en Am\u00e9rica [&hellip;]","twitter_image":"https:\/\/nitu.mx\/wp-content\/uploads\/2018\/02\/avion.jpg","twitter_creator":"@NITUmx","twitter_site":"@Arturo_Medina_G","twitter_misc":{"Escrito por":"Redacci\u00f3n","Tiempo de lectura":"3 minutos"},"schema":{"@context":"https:\/\/schema.org","@graph":[{"@type":"Article","@id":"https:\/\/nitu.mx\/index.php\/2023\/03\/28\/alta-y-amadeus-presentan-en-tianguis-turistico-2023-claves-para-elevar-en-mercado-aereo\/#article","isPartOf":{"@id":"https:\/\/nitu.mx\/index.php\/2023\/03\/28\/alta-y-amadeus-presentan-en-tianguis-turistico-2023-claves-para-elevar-en-mercado-aereo\/"},"author":{"name":"Redacci\u00f3n","@id":"https:\/\/nitu.mx\/#\/schema\/person\/4a28fe9bd65924f7c90623773daf1b0b"},"headline":"ALTA y Amadeus presentan en Tianguis Tur\u00edstico 2023 claves para elevar en mercado a\u00e9reo","datePublished":"2023-03-28T12:36:49+00:00","dateModified":"2023-03-28T12:37:06+00:00","mainEntityOfPage":{"@id":"https:\/\/nitu.mx\/index.php\/2023\/03\/28\/alta-y-amadeus-presentan-en-tianguis-turistico-2023-claves-para-elevar-en-mercado-aereo\/"},"wordCount":700,"commentCount":0,"publisher":{"@id":"https:\/\/nitu.mx\/#\/schema\/person\/ae7a53426417292d3dd07b45a33e01bc"},"image":{"@id":"https:\/\/nitu.mx\/index.php\/2023\/03\/28\/alta-y-amadeus-presentan-en-tianguis-turistico-2023-claves-para-elevar-en-mercado-aereo\/#primaryimage"},"thumbnailUrl":"https:\/\/nitu.mx\/wp-content\/uploads\/2018\/02\/avion.jpg","keywords":["ALTA","Amadeus","cabotaje","Tianguis Tur\u00edstico 2023"],"articleSection":["Aerol\u00edneas"],"inLanguage":"es-MX","potentialAction":[{"@type":"CommentAction","name":"Comment","target":["https:\/\/nitu.mx\/index.php\/2023\/03\/28\/alta-y-amadeus-presentan-en-tianguis-turistico-2023-claves-para-elevar-en-mercado-aereo\/#respond"]}]},{"@type":"WebPage","@id":"https:\/\/nitu.mx\/index.php\/2023\/03\/28\/alta-y-amadeus-presentan-en-tianguis-turistico-2023-claves-para-elevar-en-mercado-aereo\/","url":"https:\/\/nitu.mx\/index.php\/2023\/03\/28\/alta-y-amadeus-presentan-en-tianguis-turistico-2023-claves-para-elevar-en-mercado-aereo\/","name":"ALTA y Amadeus presentan en Tianguis Tur\u00edstico 2023 claves para elevar en mercado a\u00e9reo - Nitu - Noticias de la Industria Turistica","isPartOf":{"@id":"https:\/\/nitu.mx\/#website"},"primaryImageOfPage":{"@id":"https:\/\/nitu.mx\/index.php\/2023\/03\/28\/alta-y-amadeus-presentan-en-tianguis-turistico-2023-claves-para-elevar-en-mercado-aereo\/#primaryimage"},"image":{"@id":"https:\/\/nitu.mx\/index.php\/2023\/03\/28\/alta-y-amadeus-presentan-en-tianguis-turistico-2023-claves-para-elevar-en-mercado-aereo\/#primaryimage"},"thumbnailUrl":"https:\/\/nitu.mx\/wp-content\/uploads\/2018\/02\/avion.jpg","datePublished":"2023-03-28T12:36:49+00:00","dateModified":"2023-03-28T12:37:06+00:00","breadcrumb":{"@id":"https:\/\/nitu.mx\/index.php\/2023\/03\/28\/alta-y-amadeus-presentan-en-tianguis-turistico-2023-claves-para-elevar-en-mercado-aereo\/#breadcrumb"},"inLanguage":"es-MX","potentialAction":[{"@type":"ReadAction","target":["https:\/\/nitu.mx\/index.php\/2023\/03\/28\/alta-y-amadeus-presentan-en-tianguis-turistico-2023-claves-para-elevar-en-mercado-aereo\/"]}]},{"@type":"ImageObject","inLanguage":"es-MX","@id":"https:\/\/nitu.mx\/index.php\/2023\/03\/28\/alta-y-amadeus-presentan-en-tianguis-turistico-2023-claves-para-elevar-en-mercado-aereo\/#primaryimage","url":"https:\/\/nitu.mx\/wp-content\/uploads\/2018\/02\/avion.jpg","contentUrl":"https:\/\/nitu.mx\/wp-content\/uploads\/2018\/02\/avion.jpg","width":850,"height":480,"caption":"santa lucia avion aci canaero iata ALTA Categor\u00eda 1"},{"@type":"BreadcrumbList","@id":"https:\/\/nitu.mx\/index.php\/2023\/03\/28\/alta-y-amadeus-presentan-en-tianguis-turistico-2023-claves-para-elevar-en-mercado-aereo\/#breadcrumb","itemListElement":[{"@type":"ListItem","position":1,"name":"Inicio","item":"https:\/\/nitu.mx\/"},{"@type":"ListItem","position":2,"name":"ALTA y Amadeus presentan en Tianguis Tur\u00edstico 2023 claves para elevar en mercado a\u00e9reo"}]},{"@type":"WebSite","@id":"https:\/\/nitu.mx\/#website","url":"https:\/\/nitu.mx\/","name":"Nitu - Noticias de la Industria Turistica","description":"Noticias de la Industria Turistica","publisher":{"@id":"https:\/\/nitu.mx\/#\/schema\/person\/ae7a53426417292d3dd07b45a33e01bc"},"alternateName":"Noticias de la Industria Turistica","potentialAction":[{"@type":"SearchAction","target":{"@type":"EntryPoint","urlTemplate":"https:\/\/nitu.mx\/?s={search_term_string}"},"query-input":"required name=search_term_string"}],"inLanguage":"es-MX"},{"@type":["Person","Organization"],"@id":"https:\/\/nitu.mx\/#\/schema\/person\/ae7a53426417292d3dd07b45a33e01bc","name":"Arturo Medina","image":{"@type":"ImageObject","inLanguage":"es-MX","@id":"https:\/\/nitu.mx\/#\/schema\/person\/image\/","url":"https:\/\/nitu.mx\/wp-content\/uploads\/2024\/04\/4A315622-1904-4D5C-B022-878CDC840E04-90x90-1.jpeg","contentUrl":"https:\/\/nitu.mx\/wp-content\/uploads\/2024\/04\/4A315622-1904-4D5C-B022-878CDC840E04-90x90-1.jpeg","width":90,"height":90,"caption":"Arturo Medina"},"logo":{"@id":"https:\/\/nitu.mx\/#\/schema\/person\/image\/"},"description":"Director NITU.mx, Egresado de la Escuela de Periodismo Carlos Septi\u00e9n Garc\u00eda. Periodista y analista especializado en turismo desde hace 35 a\u00f1os, radicado en Canc\u00fan Q.Roo. arturo@nitu.mx","sameAs":["https:\/\/nitu.mx","https:\/\/www.facebook.com\/NITUmx\/","medinacancun","https:\/\/twitter.com\/@Arturo_Medina_G"]},{"@type":"Person","@id":"https:\/\/nitu.mx\/#\/schema\/person\/4a28fe9bd65924f7c90623773daf1b0b","name":"Redacci\u00f3n","image":{"@type":"ImageObject","inLanguage":"es-MX","@id":"https:\/\/nitu.mx\/#\/schema\/person\/image\/","url":"https:\/\/secure.gravatar.com\/avatar\/5dd011c8ccfc5cd7e4c81e42252aab38?s=96&d=mm&r=g","contentUrl":"https:\/\/secure.gravatar.com\/avatar\/5dd011c8ccfc5cd7e4c81e42252aab38?s=96&d=mm&r=g","caption":"Redacci\u00f3n"},"url":"https:\/\/nitu.mx\/index.php\/author\/redaccion\/"}]}},"views":562,"_links":{"self":[{"href":"https:\/\/nitu.mx\/index.php\/wp-json\/wp\/v2\/posts\/63864"}],"collection":[{"href":"https:\/\/nitu.mx\/index.php\/wp-json\/wp\/v2\/posts"}],"about":[{"href":"https:\/\/nitu.mx\/index.php\/wp-json\/wp\/v2\/types\/post"}],"author":[{"embeddable":true,"href":"https:\/\/nitu.mx\/index.php\/wp-json\/wp\/v2\/users\/17"}],"replies":[{"embeddable":true,"href":"https:\/\/nitu.mx\/index.php\/wp-json\/wp\/v2\/comments?post=63864"}],"version-history":[{"count":1,"href":"https:\/\/nitu.mx\/index.php\/wp-json\/wp\/v2\/posts\/63864\/revisions"}],"predecessor-version":[{"id":63865,"href":"https:\/\/nitu.mx\/index.php\/wp-json\/wp\/v2\/posts\/63864\/revisions\/63865"}],"wp:featuredmedia":[{"embeddable":true,"href":"https:\/\/nitu.mx\/index.php\/wp-json\/wp\/v2\/media\/18011"}],"wp:attachment":[{"href":"https:\/\/nitu.mx\/index.php\/wp-json\/wp\/v2\/media?parent=63864"}],"wp:term":[{"taxonomy":"category","embeddable":true,"href":"https:\/\/nitu.mx\/index.php\/wp-json\/wp\/v2\/categories?post=63864"},{"taxonomy":"post_tag","embeddable":true,"href":"https:\/\/nitu.mx\/index.php\/wp-json\/wp\/v2\/tags?post=63864"}],"curies":[{"name":"wp","href":"https:\/\/api.w.org\/{rel}","templated":true}]}}