{"id":63856,"date":"2023-03-28T06:34:08","date_gmt":"2023-03-28T11:34:08","guid":{"rendered":"https:\/\/www.dev.nitu.mx\/?p=63856"},"modified":"2023-03-28T06:34:08","modified_gmt":"2023-03-28T11:34:08","slug":"con-mas-de-750-expositores-inician-actividades-del-tianguis-turistico-2023","status":"publish","type":"post","link":"https:\/\/nitu.mx\/index.php\/2023\/03\/28\/con-mas-de-750-expositores-inician-actividades-del-tianguis-turistico-2023\/","title":{"rendered":"Con m\u00e1s de 750 expositores inician actividades del Tianguis Tur\u00edstico 2023"},"content":{"rendered":"<p>Durante el corte de list\u00f3n de la edici\u00f3n 47 del Tianguis Tur\u00edstico se dieron cita empresarios, gobernadores, secretarios de Turismo, l\u00edderes de asociaciones y C\u00e1maras, para dar inicio a las actividades en donde 750 expositores promocionan los destinos mexicanos.<\/p>\n<p>Miguel Torruco, secretario de Turismo de M\u00e9xico mencion\u00f3 que en esta edici\u00f3n, llevada a cabo en la Ciudad de M\u00e9xico ya se han roto todas las marcas, tanto de compradores, expositores, asistentes y de citas de negocios, entre otras.<\/p>\n<p>Por su parte la jefa de Gobierno, Claudia Sheinbaum, agradeci\u00f3 al secretario Torruco Marqu\u00e9s, el gran trabajo realizado para llevar a cabo esta importante feria tur\u00edstica, que, por primera vez, se lleva a cabo en la Ciudad de M\u00e9xico.<\/p>\n<p>\u201cEste es un espacio maravilloso que muestra la belleza de cada uno de los estados de la Rep\u00fablica, de la Ciudad de M\u00e9xico, de empresas, tour operadores, todo lo que tiene que ver con el turismo en nuestro pa\u00eds. Este lugar en realidad no solamente es una puerta de la Ciudad de M\u00e9xico, si no una puerta abierta de nuestro pa\u00eds\u201d, enfatiz\u00f3.<\/p>\n<p>Como parte de las jornadas acad\u00e9micas que se llevar\u00e1n a cabo en el marco del Tianguis Tur\u00edstico 2023, Torruco Marqu\u00e9s asisti\u00f3 a la Conferencia Magistral presentada por Rosario Mar\u00edn, primera mujer nacida en M\u00e9xico en ocupar el cargo de Tesorera de los Estados Unidos de Am\u00e9rica.<\/p>\n<p>Rosario Mar\u00edn agradeci\u00f3 al secretario de Turismo la oportunidad de compartir en esta conferencia su trayectoria, y le reiter\u00f3 su compromiso para fungir como embajadora de M\u00e9xico en los diferentes destinos del mundo que visita.<\/p>\n<p>Asegur\u00f3 que en M\u00e9xico siempre se ha sentido segura y encantada, y destac\u00f3 la fraternal hospitalidad del mexicano. As\u00ed mismo resalt\u00f3 la gran oportunidad que otorga la actividad tur\u00edstica para el crecimiento y desarrollo\u00a0de\u00a0M\u00e9xico<\/p>\n<p>En el stand del estado de Oaxaca, el secretario de Turismo, acompa\u00f1ado por la jefa de Gobierno, hizo entrega al gobernador Salom\u00f3n Jara Cruz, del nombramiento como Barrio M\u00e1gico a Jalatlaco, el primero del estado de Oaxaca en sumarse a esta iniciativa impulsada desde Sectur para diversificar el turismo.<\/p>\n<p>\u201cEn este d\u00eda hist\u00f3rico, se reconocen los m\u00e1s de 500 a\u00f1os de este barrio, que a lo largo del tiempo se ha convertido en un sitio de gran valor cultural y un punto de encuentro para las familias oaxaque\u00f1as\u201d declar\u00f3 el gobernador Jara Cruz.<\/p>\n<p>Como parte del compromiso de resaltar la importancia de la inclusi\u00f3n y accesibilidad como eje del desarrollo econ\u00f3mico de la industria tur\u00edstica, el titular de Sectur y la jefa de Gobierno inauguraron el Pabell\u00f3n de Inclusi\u00f3n, que por tercera vez se presenta en el Tianguis Tur\u00edstico, en un trabajo coordinado con diversas organizaciones de la sociedad civil.<\/p>\n<p>As\u00ed mismo en esta edici\u00f3n de la feria m\u00e1s importante del sector turismo en Am\u00e9rica Latina, se cont\u00f3, por primera vez, con un pabell\u00f3n de aerol\u00edneas, donde Torruco Marqu\u00e9s, al realizar el corte list\u00f3n inaugural, destac\u00f3 el papel de estas como importantes aliadas en el impulso de la conectividad de nuestro pa\u00eds.<\/p>\n<p>Con lo anterior aerol\u00edneas como Turkish Airlines, AraJet, Avianca y Air France, as\u00ed como el Aeropuerto Internacional Felipe \u00c1ngeles, se localizan en un mismo espacio.<\/p>\n<p>Con autoridades de Belice, Honduras, El Salvador, Guatemala y M\u00e9xico, as\u00ed como representantes de Tag Airlines y Tren Maya, inaugur\u00f3 el pabell\u00f3n del Mundo Maya.<\/p>\n<p>En compa\u00f1\u00eda del secretario de Turismo\u00a0de\u00a0Nayarit y presidente de la\u00a0Asociaci\u00f3n de Secretarios de Turismo de M\u00e9xico (ASETUR), Juan Enrique Suarez Del Real Tostado, dio inicio a las actividades en el pabell\u00f3n de las Islas Mar\u00edas, producto ancla ejemplo de integraci\u00f3n, y factor fundamental para responder a las necesidades, requerimientos y expectativas de un turista cada vez m\u00e1s informado y exigente.<\/p>\n","protected":false},"excerpt":{"rendered":"<p>Durante el corte de list\u00f3n de la edici\u00f3n 47 del Tianguis Tur\u00edstico se dieron cita empresarios, gobernadores, secretarios de Turismo, l\u00edderes de asociaciones y C\u00e1maras, para dar inicio a las actividades en donde 750 expositores promocionan los destinos mexicanos. Miguel Torruco, secretario de Turismo de M\u00e9xico mencion\u00f3 que en esta edici\u00f3n, llevada a cabo en [&hellip;]<\/p>\n","protected":false},"author":18,"featured_media":63857,"comment_status":"open","ping_status":"open","sticky":false,"template":"","format":"standard","meta":{"footnotes":""},"categories":[12],"tags":[1118,587,13802,910,1064],"yoast_head":"<!-- This site is optimized with the Yoast SEO plugin v22.2 - https:\/\/yoast.com\/wordpress\/plugins\/seo\/ -->\n<title>Con m\u00e1s de 750 expositores inician actividades del Tianguis Tur\u00edstico 2023 - Nitu - Noticias de la Industria Turistica<\/title>\n<meta name=\"robots\" content=\"index, follow, max-snippet:-1, max-image-preview:large, max-video-preview:-1\" \/>\n<link rel=\"canonical\" href=\"https:\/\/nitu.mx\/index.php\/2023\/03\/28\/con-mas-de-750-expositores-inician-actividades-del-tianguis-turistico-2023\/\" \/>\n<meta name=\"twitter:card\" content=\"summary_large_image\" \/>\n<meta name=\"twitter:title\" content=\"Con m\u00e1s de 750 expositores inician actividades del Tianguis Tur\u00edstico 2023 - Nitu - Noticias de la Industria Turistica\" \/>\n<meta name=\"twitter:description\" content=\"Durante el corte de list\u00f3n de la edici\u00f3n 47 del Tianguis Tur\u00edstico se dieron cita empresarios, gobernadores, secretarios de Turismo, l\u00edderes de asociaciones y C\u00e1maras, para dar inicio a las actividades en donde 750 expositores promocionan los destinos mexicanos. Miguel Torruco, secretario de Turismo de M\u00e9xico mencion\u00f3 que en esta edici\u00f3n, llevada a cabo en [&hellip;]\" \/>\n<meta name=\"twitter:image\" content=\"https:\/\/nitu.mx\/wp-content\/uploads\/2023\/03\/corte-de-listo\u0301n-Tianguis-Turi\u0301stico-CDMX.jpg\" \/>\n<meta name=\"twitter:creator\" content=\"@NITUmx\" \/>\n<meta name=\"twitter:site\" content=\"@Arturo_Medina_G\" \/>\n<meta name=\"twitter:label1\" content=\"Escrito por\" \/>\n\t<meta name=\"twitter:data1\" content=\"Guadalupe Sixto\" \/>\n\t<meta name=\"twitter:label2\" content=\"Tiempo de lectura\" \/>\n\t<meta name=\"twitter:data2\" content=\"3 minutos\" \/>\n<script type=\"application\/ld+json\" class=\"yoast-schema-graph\">{\"@context\":\"https:\/\/schema.org\",\"@graph\":[{\"@type\":\"Article\",\"@id\":\"https:\/\/nitu.mx\/index.php\/2023\/03\/28\/con-mas-de-750-expositores-inician-actividades-del-tianguis-turistico-2023\/#article\",\"isPartOf\":{\"@id\":\"https:\/\/nitu.mx\/index.php\/2023\/03\/28\/con-mas-de-750-expositores-inician-actividades-del-tianguis-turistico-2023\/\"},\"author\":{\"name\":\"Guadalupe Sixto\",\"@id\":\"https:\/\/nitu.mx\/#\/schema\/person\/3df3082b5e46037e3f13614d28ee0b77\"},\"headline\":\"Con m\u00e1s de 750 expositores inician actividades del Tianguis Tur\u00edstico 2023\",\"datePublished\":\"2023-03-28T11:34:08+00:00\",\"dateModified\":\"2023-03-28T11:34:08+00:00\",\"mainEntityOfPage\":{\"@id\":\"https:\/\/nitu.mx\/index.php\/2023\/03\/28\/con-mas-de-750-expositores-inician-actividades-del-tianguis-turistico-2023\/\"},\"wordCount\":678,\"commentCount\":0,\"publisher\":{\"@id\":\"https:\/\/nitu.mx\/#\/schema\/person\/ae7a53426417292d3dd07b45a33e01bc\"},\"image\":{\"@id\":\"https:\/\/nitu.mx\/index.php\/2023\/03\/28\/con-mas-de-750-expositores-inician-actividades-del-tianguis-turistico-2023\/#primaryimage\"},\"thumbnailUrl\":\"https:\/\/nitu.mx\/wp-content\/uploads\/2023\/03\/corte-de-listo\u0301n-Tianguis-Turi\u0301stico-CDMX.jpg\",\"keywords\":[\"Asetur\",\"CDMX\",\"Claudia Sheinbaum\",\"Miguel Torruco\",\"Tianguis Tur\u00edstico\"],\"articleSection\":[\"Marketing\"],\"inLanguage\":\"es-MX\",\"potentialAction\":[{\"@type\":\"CommentAction\",\"name\":\"Comment\",\"target\":[\"https:\/\/nitu.mx\/index.php\/2023\/03\/28\/con-mas-de-750-expositores-inician-actividades-del-tianguis-turistico-2023\/#respond\"]}]},{\"@type\":\"WebPage\",\"@id\":\"https:\/\/nitu.mx\/index.php\/2023\/03\/28\/con-mas-de-750-expositores-inician-actividades-del-tianguis-turistico-2023\/\",\"url\":\"https:\/\/nitu.mx\/index.php\/2023\/03\/28\/con-mas-de-750-expositores-inician-actividades-del-tianguis-turistico-2023\/\",\"name\":\"Con m\u00e1s de 750 expositores inician actividades del Tianguis Tur\u00edstico 2023 - Nitu - Noticias de la Industria Turistica\",\"isPartOf\":{\"@id\":\"https:\/\/nitu.mx\/#website\"},\"primaryImageOfPage\":{\"@id\":\"https:\/\/nitu.mx\/index.php\/2023\/03\/28\/con-mas-de-750-expositores-inician-actividades-del-tianguis-turistico-2023\/#primaryimage\"},\"image\":{\"@id\":\"https:\/\/nitu.mx\/index.php\/2023\/03\/28\/con-mas-de-750-expositores-inician-actividades-del-tianguis-turistico-2023\/#primaryimage\"},\"thumbnailUrl\":\"https:\/\/nitu.mx\/wp-content\/uploads\/2023\/03\/corte-de-listo\u0301n-Tianguis-Turi\u0301stico-CDMX.jpg\",\"datePublished\":\"2023-03-28T11:34:08+00:00\",\"dateModified\":\"2023-03-28T11:34:08+00:00\",\"breadcrumb\":{\"@id\":\"https:\/\/nitu.mx\/index.php\/2023\/03\/28\/con-mas-de-750-expositores-inician-actividades-del-tianguis-turistico-2023\/#breadcrumb\"},\"inLanguage\":\"es-MX\",\"potentialAction\":[{\"@type\":\"ReadAction\",\"target\":[\"https:\/\/nitu.mx\/index.php\/2023\/03\/28\/con-mas-de-750-expositores-inician-actividades-del-tianguis-turistico-2023\/\"]}]},{\"@type\":\"ImageObject\",\"inLanguage\":\"es-MX\",\"@id\":\"https:\/\/nitu.mx\/index.php\/2023\/03\/28\/con-mas-de-750-expositores-inician-actividades-del-tianguis-turistico-2023\/#primaryimage\",\"url\":\"https:\/\/nitu.mx\/wp-content\/uploads\/2023\/03\/corte-de-listo\u0301n-Tianguis-Turi\u0301stico-CDMX.jpg\",\"contentUrl\":\"https:\/\/nitu.mx\/wp-content\/uploads\/2023\/03\/corte-de-listo\u0301n-Tianguis-Turi\u0301stico-CDMX.jpg\",\"width\":1200,\"height\":675},{\"@type\":\"BreadcrumbList\",\"@id\":\"https:\/\/nitu.mx\/index.php\/2023\/03\/28\/con-mas-de-750-expositores-inician-actividades-del-tianguis-turistico-2023\/#breadcrumb\",\"itemListElement\":[{\"@type\":\"ListItem\",\"position\":1,\"name\":\"Inicio\",\"item\":\"https:\/\/nitu.mx\/\"},{\"@type\":\"ListItem\",\"position\":2,\"name\":\"Con m\u00e1s de 750 expositores inician actividades del Tianguis Tur\u00edstico 2023\"}]},{\"@type\":\"WebSite\",\"@id\":\"https:\/\/nitu.mx\/#website\",\"url\":\"https:\/\/nitu.mx\/\",\"name\":\"Nitu - Noticias de la Industria Turistica\",\"description\":\"Noticias de la Industria Turistica\",\"publisher\":{\"@id\":\"https:\/\/nitu.mx\/#\/schema\/person\/ae7a53426417292d3dd07b45a33e01bc\"},\"alternateName\":\"Noticias de la Industria Turistica\",\"potentialAction\":[{\"@type\":\"SearchAction\",\"target\":{\"@type\":\"EntryPoint\",\"urlTemplate\":\"https:\/\/nitu.mx\/?s={search_term_string}\"},\"query-input\":\"required name=search_term_string\"}],\"inLanguage\":\"es-MX\"},{\"@type\":[\"Person\",\"Organization\"],\"@id\":\"https:\/\/nitu.mx\/#\/schema\/person\/ae7a53426417292d3dd07b45a33e01bc\",\"name\":\"Arturo Medina\",\"image\":{\"@type\":\"ImageObject\",\"inLanguage\":\"es-MX\",\"@id\":\"https:\/\/nitu.mx\/#\/schema\/person\/image\/\",\"url\":\"https:\/\/nitu.mx\/wp-content\/uploads\/2024\/04\/4A315622-1904-4D5C-B022-878CDC840E04-90x90-1.jpeg\",\"contentUrl\":\"https:\/\/nitu.mx\/wp-content\/uploads\/2024\/04\/4A315622-1904-4D5C-B022-878CDC840E04-90x90-1.jpeg\",\"width\":90,\"height\":90,\"caption\":\"Arturo Medina\"},\"logo\":{\"@id\":\"https:\/\/nitu.mx\/#\/schema\/person\/image\/\"},\"description\":\"Director NITU.mx, Egresado de la Escuela de Periodismo Carlos Septi\u00e9n Garc\u00eda. Periodista y analista especializado en turismo desde hace 35 a\u00f1os, radicado en Canc\u00fan Q.Roo. arturo@nitu.mx\",\"sameAs\":[\"https:\/\/nitu.mx\",\"https:\/\/www.facebook.com\/NITUmx\/\",\"medinacancun\",\"https:\/\/twitter.com\/@Arturo_Medina_G\"]},{\"@type\":\"Person\",\"@id\":\"https:\/\/nitu.mx\/#\/schema\/person\/3df3082b5e46037e3f13614d28ee0b77\",\"name\":\"Guadalupe Sixto\",\"image\":{\"@type\":\"ImageObject\",\"inLanguage\":\"es-MX\",\"@id\":\"https:\/\/nitu.mx\/#\/schema\/person\/image\/\",\"url\":\"https:\/\/secure.gravatar.com\/avatar\/13914e1b0e1919e91f9539de4dc584c4?s=96&d=mm&r=g\",\"contentUrl\":\"https:\/\/secure.gravatar.com\/avatar\/13914e1b0e1919e91f9539de4dc584c4?s=96&d=mm&r=g\",\"caption\":\"Guadalupe Sixto\"},\"url\":\"https:\/\/nitu.mx\/index.php\/author\/gsixto\/\"}]}<\/script>\n<!-- \/ Yoast SEO plugin. -->","yoast_head_json":{"title":"Con m\u00e1s de 750 expositores inician actividades del Tianguis Tur\u00edstico 2023 - Nitu - Noticias de la Industria Turistica","robots":{"index":"index","follow":"follow","max-snippet":"max-snippet:-1","max-image-preview":"max-image-preview:large","max-video-preview":"max-video-preview:-1"},"canonical":"https:\/\/nitu.mx\/index.php\/2023\/03\/28\/con-mas-de-750-expositores-inician-actividades-del-tianguis-turistico-2023\/","twitter_card":"summary_large_image","twitter_title":"Con m\u00e1s de 750 expositores inician actividades del Tianguis Tur\u00edstico 2023 - Nitu - Noticias de la Industria Turistica","twitter_description":"Durante el corte de list\u00f3n de la edici\u00f3n 47 del Tianguis Tur\u00edstico se dieron cita empresarios, gobernadores, secretarios de Turismo, l\u00edderes de asociaciones y C\u00e1maras, para dar inicio a las actividades en donde 750 expositores promocionan los destinos mexicanos. Miguel Torruco, secretario de Turismo de M\u00e9xico mencion\u00f3 que en esta edici\u00f3n, llevada a cabo en [&hellip;]","twitter_image":"https:\/\/nitu.mx\/wp-content\/uploads\/2023\/03\/corte-de-listo\u0301n-Tianguis-Turi\u0301stico-CDMX.jpg","twitter_creator":"@NITUmx","twitter_site":"@Arturo_Medina_G","twitter_misc":{"Escrito por":"Guadalupe Sixto","Tiempo de lectura":"3 minutos"},"schema":{"@context":"https:\/\/schema.org","@graph":[{"@type":"Article","@id":"https:\/\/nitu.mx\/index.php\/2023\/03\/28\/con-mas-de-750-expositores-inician-actividades-del-tianguis-turistico-2023\/#article","isPartOf":{"@id":"https:\/\/nitu.mx\/index.php\/2023\/03\/28\/con-mas-de-750-expositores-inician-actividades-del-tianguis-turistico-2023\/"},"author":{"name":"Guadalupe Sixto","@id":"https:\/\/nitu.mx\/#\/schema\/person\/3df3082b5e46037e3f13614d28ee0b77"},"headline":"Con m\u00e1s de 750 expositores inician actividades del Tianguis Tur\u00edstico 2023","datePublished":"2023-03-28T11:34:08+00:00","dateModified":"2023-03-28T11:34:08+00:00","mainEntityOfPage":{"@id":"https:\/\/nitu.mx\/index.php\/2023\/03\/28\/con-mas-de-750-expositores-inician-actividades-del-tianguis-turistico-2023\/"},"wordCount":678,"commentCount":0,"publisher":{"@id":"https:\/\/nitu.mx\/#\/schema\/person\/ae7a53426417292d3dd07b45a33e01bc"},"image":{"@id":"https:\/\/nitu.mx\/index.php\/2023\/03\/28\/con-mas-de-750-expositores-inician-actividades-del-tianguis-turistico-2023\/#primaryimage"},"thumbnailUrl":"https:\/\/nitu.mx\/wp-content\/uploads\/2023\/03\/corte-de-listo\u0301n-Tianguis-Turi\u0301stico-CDMX.jpg","keywords":["Asetur","CDMX","Claudia Sheinbaum","Miguel Torruco","Tianguis Tur\u00edstico"],"articleSection":["Marketing"],"inLanguage":"es-MX","potentialAction":[{"@type":"CommentAction","name":"Comment","target":["https:\/\/nitu.mx\/index.php\/2023\/03\/28\/con-mas-de-750-expositores-inician-actividades-del-tianguis-turistico-2023\/#respond"]}]},{"@type":"WebPage","@id":"https:\/\/nitu.mx\/index.php\/2023\/03\/28\/con-mas-de-750-expositores-inician-actividades-del-tianguis-turistico-2023\/","url":"https:\/\/nitu.mx\/index.php\/2023\/03\/28\/con-mas-de-750-expositores-inician-actividades-del-tianguis-turistico-2023\/","name":"Con m\u00e1s de 750 expositores inician actividades del Tianguis Tur\u00edstico 2023 - Nitu - Noticias de la Industria Turistica","isPartOf":{"@id":"https:\/\/nitu.mx\/#website"},"primaryImageOfPage":{"@id":"https:\/\/nitu.mx\/index.php\/2023\/03\/28\/con-mas-de-750-expositores-inician-actividades-del-tianguis-turistico-2023\/#primaryimage"},"image":{"@id":"https:\/\/nitu.mx\/index.php\/2023\/03\/28\/con-mas-de-750-expositores-inician-actividades-del-tianguis-turistico-2023\/#primaryimage"},"thumbnailUrl":"https:\/\/nitu.mx\/wp-content\/uploads\/2023\/03\/corte-de-listo\u0301n-Tianguis-Turi\u0301stico-CDMX.jpg","datePublished":"2023-03-28T11:34:08+00:00","dateModified":"2023-03-28T11:34:08+00:00","breadcrumb":{"@id":"https:\/\/nitu.mx\/index.php\/2023\/03\/28\/con-mas-de-750-expositores-inician-actividades-del-tianguis-turistico-2023\/#breadcrumb"},"inLanguage":"es-MX","potentialAction":[{"@type":"ReadAction","target":["https:\/\/nitu.mx\/index.php\/2023\/03\/28\/con-mas-de-750-expositores-inician-actividades-del-tianguis-turistico-2023\/"]}]},{"@type":"ImageObject","inLanguage":"es-MX","@id":"https:\/\/nitu.mx\/index.php\/2023\/03\/28\/con-mas-de-750-expositores-inician-actividades-del-tianguis-turistico-2023\/#primaryimage","url":"https:\/\/nitu.mx\/wp-content\/uploads\/2023\/03\/corte-de-listo\u0301n-Tianguis-Turi\u0301stico-CDMX.jpg","contentUrl":"https:\/\/nitu.mx\/wp-content\/uploads\/2023\/03\/corte-de-listo\u0301n-Tianguis-Turi\u0301stico-CDMX.jpg","width":1200,"height":675},{"@type":"BreadcrumbList","@id":"https:\/\/nitu.mx\/index.php\/2023\/03\/28\/con-mas-de-750-expositores-inician-actividades-del-tianguis-turistico-2023\/#breadcrumb","itemListElement":[{"@type":"ListItem","position":1,"name":"Inicio","item":"https:\/\/nitu.mx\/"},{"@type":"ListItem","position":2,"name":"Con m\u00e1s de 750 expositores inician actividades del Tianguis Tur\u00edstico 2023"}]},{"@type":"WebSite","@id":"https:\/\/nitu.mx\/#website","url":"https:\/\/nitu.mx\/","name":"Nitu - Noticias de la Industria Turistica","description":"Noticias de la Industria Turistica","publisher":{"@id":"https:\/\/nitu.mx\/#\/schema\/person\/ae7a53426417292d3dd07b45a33e01bc"},"alternateName":"Noticias de la Industria Turistica","potentialAction":[{"@type":"SearchAction","target":{"@type":"EntryPoint","urlTemplate":"https:\/\/nitu.mx\/?s={search_term_string}"},"query-input":"required name=search_term_string"}],"inLanguage":"es-MX"},{"@type":["Person","Organization"],"@id":"https:\/\/nitu.mx\/#\/schema\/person\/ae7a53426417292d3dd07b45a33e01bc","name":"Arturo Medina","image":{"@type":"ImageObject","inLanguage":"es-MX","@id":"https:\/\/nitu.mx\/#\/schema\/person\/image\/","url":"https:\/\/nitu.mx\/wp-content\/uploads\/2024\/04\/4A315622-1904-4D5C-B022-878CDC840E04-90x90-1.jpeg","contentUrl":"https:\/\/nitu.mx\/wp-content\/uploads\/2024\/04\/4A315622-1904-4D5C-B022-878CDC840E04-90x90-1.jpeg","width":90,"height":90,"caption":"Arturo Medina"},"logo":{"@id":"https:\/\/nitu.mx\/#\/schema\/person\/image\/"},"description":"Director NITU.mx, Egresado de la Escuela de Periodismo Carlos Septi\u00e9n Garc\u00eda. Periodista y analista especializado en turismo desde hace 35 a\u00f1os, radicado en Canc\u00fan Q.Roo. arturo@nitu.mx","sameAs":["https:\/\/nitu.mx","https:\/\/www.facebook.com\/NITUmx\/","medinacancun","https:\/\/twitter.com\/@Arturo_Medina_G"]},{"@type":"Person","@id":"https:\/\/nitu.mx\/#\/schema\/person\/3df3082b5e46037e3f13614d28ee0b77","name":"Guadalupe Sixto","image":{"@type":"ImageObject","inLanguage":"es-MX","@id":"https:\/\/nitu.mx\/#\/schema\/person\/image\/","url":"https:\/\/secure.gravatar.com\/avatar\/13914e1b0e1919e91f9539de4dc584c4?s=96&d=mm&r=g","contentUrl":"https:\/\/secure.gravatar.com\/avatar\/13914e1b0e1919e91f9539de4dc584c4?s=96&d=mm&r=g","caption":"Guadalupe Sixto"},"url":"https:\/\/nitu.mx\/index.php\/author\/gsixto\/"}]}},"views":1136,"_links":{"self":[{"href":"https:\/\/nitu.mx\/index.php\/wp-json\/wp\/v2\/posts\/63856"}],"collection":[{"href":"https:\/\/nitu.mx\/index.php\/wp-json\/wp\/v2\/posts"}],"about":[{"href":"https:\/\/nitu.mx\/index.php\/wp-json\/wp\/v2\/types\/post"}],"author":[{"embeddable":true,"href":"https:\/\/nitu.mx\/index.php\/wp-json\/wp\/v2\/users\/18"}],"replies":[{"embeddable":true,"href":"https:\/\/nitu.mx\/index.php\/wp-json\/wp\/v2\/comments?post=63856"}],"version-history":[{"count":1,"href":"https:\/\/nitu.mx\/index.php\/wp-json\/wp\/v2\/posts\/63856\/revisions"}],"predecessor-version":[{"id":63858,"href":"https:\/\/nitu.mx\/index.php\/wp-json\/wp\/v2\/posts\/63856\/revisions\/63858"}],"wp:featuredmedia":[{"embeddable":true,"href":"https:\/\/nitu.mx\/index.php\/wp-json\/wp\/v2\/media\/63857"}],"wp:attachment":[{"href":"https:\/\/nitu.mx\/index.php\/wp-json\/wp\/v2\/media?parent=63856"}],"wp:term":[{"taxonomy":"category","embeddable":true,"href":"https:\/\/nitu.mx\/index.php\/wp-json\/wp\/v2\/categories?post=63856"},{"taxonomy":"post_tag","embeddable":true,"href":"https:\/\/nitu.mx\/index.php\/wp-json\/wp\/v2\/tags?post=63856"}],"curies":[{"name":"wp","href":"https:\/\/api.w.org\/{rel}","templated":true}]}}