{"id":63814,"date":"2023-03-25T23:16:23","date_gmt":"2023-03-26T04:16:23","guid":{"rendered":"https:\/\/www.dev.nitu.mx\/?p=63814"},"modified":"2023-03-25T23:16:23","modified_gmt":"2023-03-26T04:16:23","slug":"tendra-caribe-mexicano-pabellon-de-720-m2","status":"publish","type":"post","link":"https:\/\/nitu.mx\/index.php\/2023\/03\/25\/tendra-caribe-mexicano-pabellon-de-720-m2\/","title":{"rendered":"Tendr\u00e1 Caribe Mexicano pabell\u00f3n de 720 m2"},"content":{"rendered":"<p>La delegaci\u00f3n de Quintana Roo que participar\u00e1 en el Tianguis Tur\u00edstico 2023, encabezada por la gobernadora Mara Lezama Espinosa y que arranca este domingo en el Centro Citibanamex, en la Ciudad de M\u00e9xico, est\u00e1 lista para desarrollar una agenda de trabajo para promocionar a los 12 destinos de los 11 municipios.<\/p>\n<p>El Caribe Mexicano estar\u00e1 en un pabell\u00f3n 720 metros cuadrados, donde se han instalado 40 suites y es el segundo m\u00e1s grande del Tianguis, con el objetivo de atraer a m\u00e1s turistas y romper los pron\u00f3sticos para este a\u00f1o, con m\u00e1s empleos que generen prosperidad compartida.<\/p>\n<p>En su edici\u00f3n 47, que se desarrollar\u00e1 del 26 al 29 de marzo, el m\u00e1s importante foro tur\u00edstico de M\u00e9xico ser\u00e1 el marco para presentar la gran riqueza natural, cultural, gastron\u00f3mica y artesanal de Quintana Roo en un esfuerzo compartido, c\u00f3mo se establece en el Nuevo Acuerdo por el Bienestar y Desarrollo.<\/p>\n<p>Ante representantes de las 32 entidades federativas y de empresas y gobiernos de los cinco continentes, se ratificar\u00e1 el compromiso de los prestadores de servicios tur\u00edsticos, el talento y creatividad de los artesanos y artesanas para mantener el liderazgo de Quintana Roo en la industria de la hospitalidad.<\/p>\n<p>Con 700 empresas expositoras y 600 compradoras, este evento es el m\u00e1s relevante del sector tur\u00edstico de M\u00e9xico y un foro de negocios basado en citas preestablecidas entre compradores y expositores.<\/p>\n<p>La delegaci\u00f3n de Quintana Roo aprovechar\u00e1 este espacio altamente profesional para promover su gran variedad de productos tur\u00edsticos y proyectarse, como siempre, como un destino de excelencia a nivel nacional e internacional.<\/p>\n<p>La gobernadora Mara Lezama expondr\u00e1 la importancia de un enfoque social del turismo, como lo marca el Nuevo Acuerdo por el Bienestar y Desarrollo de Quintana Roo, para que la atracci\u00f3n de visitantes y la derrama que dejan tambi\u00e9n tenga un impacto positivo en las familias que m\u00e1s lo necesitan.<\/p>\n<p>Adem\u00e1s de la gobernadora Mara Lezama estar\u00e1 presente el titular de la Secretar\u00eda de Turismo de Quintana Roo (Sectur), Bernardo Cueto Riestra y el director estatal del Consejo de Promoci\u00f3n Tur\u00edstica (CPTQ), Javier Aranda Pedrero.<\/p>\n","protected":false},"excerpt":{"rendered":"<p>La delegaci\u00f3n de Quintana Roo que participar\u00e1 en el Tianguis Tur\u00edstico 2023, encabezada por la gobernadora Mara Lezama Espinosa y que arranca este domingo en el Centro Citibanamex, en la Ciudad de M\u00e9xico, est\u00e1 lista para desarrollar una agenda de trabajo para promocionar a los 12 destinos de los 11 municipios. El Caribe Mexicano estar\u00e1 [&hellip;]<\/p>\n","protected":false},"author":2,"featured_media":63817,"comment_status":"open","ping_status":"open","sticky":false,"template":"","format":"standard","meta":{"footnotes":""},"categories":[18475],"tags":[83,14028],"yoast_head":"<!-- This site is optimized with the Yoast SEO plugin v22.2 - https:\/\/yoast.com\/wordpress\/plugins\/seo\/ -->\n<title>Tendr\u00e1 Caribe Mexicano pabell\u00f3n de 720 m2 - Nitu - Noticias de la Industria Turistica<\/title>\n<meta name=\"robots\" content=\"index, follow, max-snippet:-1, max-image-preview:large, max-video-preview:-1\" \/>\n<link rel=\"canonical\" href=\"https:\/\/nitu.mx\/index.php\/2023\/03\/25\/tendra-caribe-mexicano-pabellon-de-720-m2\/\" \/>\n<meta name=\"twitter:card\" content=\"summary_large_image\" \/>\n<meta name=\"twitter:title\" content=\"Tendr\u00e1 Caribe Mexicano pabell\u00f3n de 720 m2 - Nitu - Noticias de la Industria Turistica\" \/>\n<meta name=\"twitter:description\" content=\"La delegaci\u00f3n de Quintana Roo que participar\u00e1 en el Tianguis Tur\u00edstico 2023, encabezada por la gobernadora Mara Lezama Espinosa y que arranca este domingo en el Centro Citibanamex, en la Ciudad de M\u00e9xico, est\u00e1 lista para desarrollar una agenda de trabajo para promocionar a los 12 destinos de los 11 municipios. El Caribe Mexicano estar\u00e1 [&hellip;]\" \/>\n<meta name=\"twitter:image\" content=\"https:\/\/nitu.mx\/wp-content\/uploads\/2023\/03\/AC9EC226-C109-475F-8545-1D5004407B8C.png\" \/>\n<meta name=\"twitter:creator\" content=\"@Arturo_Medina_G\" \/>\n<meta name=\"twitter:site\" content=\"@Arturo_Medina_G\" \/>\n<meta name=\"twitter:label1\" content=\"Escrito por\" \/>\n\t<meta name=\"twitter:data1\" content=\"Arturo Medina\" \/>\n\t<meta name=\"twitter:label2\" content=\"Tiempo de lectura\" \/>\n\t<meta name=\"twitter:data2\" content=\"2 minutos\" \/>\n<script type=\"application\/ld+json\" class=\"yoast-schema-graph\">{\"@context\":\"https:\/\/schema.org\",\"@graph\":[{\"@type\":\"Article\",\"@id\":\"https:\/\/nitu.mx\/index.php\/2023\/03\/25\/tendra-caribe-mexicano-pabellon-de-720-m2\/#article\",\"isPartOf\":{\"@id\":\"https:\/\/nitu.mx\/index.php\/2023\/03\/25\/tendra-caribe-mexicano-pabellon-de-720-m2\/\"},\"author\":{\"name\":\"Arturo Medina\",\"@id\":\"https:\/\/nitu.mx\/#\/schema\/person\/ae7a53426417292d3dd07b45a33e01bc\"},\"headline\":\"Tendr\u00e1 Caribe Mexicano pabell\u00f3n de 720 m2\",\"datePublished\":\"2023-03-26T04:16:23+00:00\",\"dateModified\":\"2023-03-26T04:16:23+00:00\",\"mainEntityOfPage\":{\"@id\":\"https:\/\/nitu.mx\/index.php\/2023\/03\/25\/tendra-caribe-mexicano-pabellon-de-720-m2\/\"},\"wordCount\":369,\"commentCount\":0,\"publisher\":{\"@id\":\"https:\/\/nitu.mx\/#\/schema\/person\/ae7a53426417292d3dd07b45a33e01bc\"},\"image\":{\"@id\":\"https:\/\/nitu.mx\/index.php\/2023\/03\/25\/tendra-caribe-mexicano-pabellon-de-720-m2\/#primaryimage\"},\"thumbnailUrl\":\"https:\/\/nitu.mx\/wp-content\/uploads\/2023\/03\/AC9EC226-C109-475F-8545-1D5004407B8C.png\",\"keywords\":[\"Caribe mexicano\",\"Mara Lezama\"],\"articleSection\":[\"Caribe Mexicano\"],\"inLanguage\":\"es-MX\",\"potentialAction\":[{\"@type\":\"CommentAction\",\"name\":\"Comment\",\"target\":[\"https:\/\/nitu.mx\/index.php\/2023\/03\/25\/tendra-caribe-mexicano-pabellon-de-720-m2\/#respond\"]}]},{\"@type\":\"WebPage\",\"@id\":\"https:\/\/nitu.mx\/index.php\/2023\/03\/25\/tendra-caribe-mexicano-pabellon-de-720-m2\/\",\"url\":\"https:\/\/nitu.mx\/index.php\/2023\/03\/25\/tendra-caribe-mexicano-pabellon-de-720-m2\/\",\"name\":\"Tendr\u00e1 Caribe Mexicano pabell\u00f3n de 720 m2 - Nitu - Noticias de la Industria Turistica\",\"isPartOf\":{\"@id\":\"https:\/\/nitu.mx\/#website\"},\"primaryImageOfPage\":{\"@id\":\"https:\/\/nitu.mx\/index.php\/2023\/03\/25\/tendra-caribe-mexicano-pabellon-de-720-m2\/#primaryimage\"},\"image\":{\"@id\":\"https:\/\/nitu.mx\/index.php\/2023\/03\/25\/tendra-caribe-mexicano-pabellon-de-720-m2\/#primaryimage\"},\"thumbnailUrl\":\"https:\/\/nitu.mx\/wp-content\/uploads\/2023\/03\/AC9EC226-C109-475F-8545-1D5004407B8C.png\",\"datePublished\":\"2023-03-26T04:16:23+00:00\",\"dateModified\":\"2023-03-26T04:16:23+00:00\",\"breadcrumb\":{\"@id\":\"https:\/\/nitu.mx\/index.php\/2023\/03\/25\/tendra-caribe-mexicano-pabellon-de-720-m2\/#breadcrumb\"},\"inLanguage\":\"es-MX\",\"potentialAction\":[{\"@type\":\"ReadAction\",\"target\":[\"https:\/\/nitu.mx\/index.php\/2023\/03\/25\/tendra-caribe-mexicano-pabellon-de-720-m2\/\"]}]},{\"@type\":\"ImageObject\",\"inLanguage\":\"es-MX\",\"@id\":\"https:\/\/nitu.mx\/index.php\/2023\/03\/25\/tendra-caribe-mexicano-pabellon-de-720-m2\/#primaryimage\",\"url\":\"https:\/\/nitu.mx\/wp-content\/uploads\/2023\/03\/AC9EC226-C109-475F-8545-1D5004407B8C.png\",\"contentUrl\":\"https:\/\/nitu.mx\/wp-content\/uploads\/2023\/03\/AC9EC226-C109-475F-8545-1D5004407B8C.png\",\"width\":1624,\"height\":750},{\"@type\":\"BreadcrumbList\",\"@id\":\"https:\/\/nitu.mx\/index.php\/2023\/03\/25\/tendra-caribe-mexicano-pabellon-de-720-m2\/#breadcrumb\",\"itemListElement\":[{\"@type\":\"ListItem\",\"position\":1,\"name\":\"Inicio\",\"item\":\"https:\/\/nitu.mx\/\"},{\"@type\":\"ListItem\",\"position\":2,\"name\":\"Tendr\u00e1 Caribe Mexicano pabell\u00f3n de 720 m2\"}]},{\"@type\":\"WebSite\",\"@id\":\"https:\/\/nitu.mx\/#website\",\"url\":\"https:\/\/nitu.mx\/\",\"name\":\"Nitu - Noticias de la Industria Turistica\",\"description\":\"Noticias de la Industria Turistica\",\"publisher\":{\"@id\":\"https:\/\/nitu.mx\/#\/schema\/person\/ae7a53426417292d3dd07b45a33e01bc\"},\"alternateName\":\"Noticias de la Industria Turistica\",\"potentialAction\":[{\"@type\":\"SearchAction\",\"target\":{\"@type\":\"EntryPoint\",\"urlTemplate\":\"https:\/\/nitu.mx\/?s={search_term_string}\"},\"query-input\":\"required name=search_term_string\"}],\"inLanguage\":\"es-MX\"},{\"@type\":[\"Person\",\"Organization\"],\"@id\":\"https:\/\/nitu.mx\/#\/schema\/person\/ae7a53426417292d3dd07b45a33e01bc\",\"name\":\"Arturo Medina\",\"image\":{\"@type\":\"ImageObject\",\"inLanguage\":\"es-MX\",\"@id\":\"https:\/\/nitu.mx\/#\/schema\/person\/image\/\",\"url\":\"https:\/\/nitu.mx\/wp-content\/uploads\/2024\/04\/4A315622-1904-4D5C-B022-878CDC840E04-90x90-1.jpeg\",\"contentUrl\":\"https:\/\/nitu.mx\/wp-content\/uploads\/2024\/04\/4A315622-1904-4D5C-B022-878CDC840E04-90x90-1.jpeg\",\"width\":90,\"height\":90,\"caption\":\"Arturo Medina\"},\"logo\":{\"@id\":\"https:\/\/nitu.mx\/#\/schema\/person\/image\/\"},\"description\":\"Director NITU.mx, Egresado de la Escuela de Periodismo Carlos Septi\u00e9n Garc\u00eda. Periodista y analista especializado en turismo desde hace 35 a\u00f1os, radicado en Canc\u00fan Q.Roo. arturo@nitu.mx\",\"sameAs\":[\"https:\/\/nitu.mx\",\"https:\/\/www.facebook.com\/NITUmx\/\",\"medinacancun\",\"https:\/\/twitter.com\/@Arturo_Medina_G\"],\"url\":\"https:\/\/nitu.mx\/index.php\/author\/arturo-medina\/\"}]}<\/script>\n<!-- \/ Yoast SEO plugin. -->","yoast_head_json":{"title":"Tendr\u00e1 Caribe Mexicano pabell\u00f3n de 720 m2 - Nitu - Noticias de la Industria Turistica","robots":{"index":"index","follow":"follow","max-snippet":"max-snippet:-1","max-image-preview":"max-image-preview:large","max-video-preview":"max-video-preview:-1"},"canonical":"https:\/\/nitu.mx\/index.php\/2023\/03\/25\/tendra-caribe-mexicano-pabellon-de-720-m2\/","twitter_card":"summary_large_image","twitter_title":"Tendr\u00e1 Caribe Mexicano pabell\u00f3n de 720 m2 - Nitu - Noticias de la Industria Turistica","twitter_description":"La delegaci\u00f3n de Quintana Roo que participar\u00e1 en el Tianguis Tur\u00edstico 2023, encabezada por la gobernadora Mara Lezama Espinosa y que arranca este domingo en el Centro Citibanamex, en la Ciudad de M\u00e9xico, est\u00e1 lista para desarrollar una agenda de trabajo para promocionar a los 12 destinos de los 11 municipios. El Caribe Mexicano estar\u00e1 [&hellip;]","twitter_image":"https:\/\/nitu.mx\/wp-content\/uploads\/2023\/03\/AC9EC226-C109-475F-8545-1D5004407B8C.png","twitter_creator":"@Arturo_Medina_G","twitter_site":"@Arturo_Medina_G","twitter_misc":{"Escrito por":"Arturo Medina","Tiempo de lectura":"2 minutos"},"schema":{"@context":"https:\/\/schema.org","@graph":[{"@type":"Article","@id":"https:\/\/nitu.mx\/index.php\/2023\/03\/25\/tendra-caribe-mexicano-pabellon-de-720-m2\/#article","isPartOf":{"@id":"https:\/\/nitu.mx\/index.php\/2023\/03\/25\/tendra-caribe-mexicano-pabellon-de-720-m2\/"},"author":{"name":"Arturo Medina","@id":"https:\/\/nitu.mx\/#\/schema\/person\/ae7a53426417292d3dd07b45a33e01bc"},"headline":"Tendr\u00e1 Caribe Mexicano pabell\u00f3n de 720 m2","datePublished":"2023-03-26T04:16:23+00:00","dateModified":"2023-03-26T04:16:23+00:00","mainEntityOfPage":{"@id":"https:\/\/nitu.mx\/index.php\/2023\/03\/25\/tendra-caribe-mexicano-pabellon-de-720-m2\/"},"wordCount":369,"commentCount":0,"publisher":{"@id":"https:\/\/nitu.mx\/#\/schema\/person\/ae7a53426417292d3dd07b45a33e01bc"},"image":{"@id":"https:\/\/nitu.mx\/index.php\/2023\/03\/25\/tendra-caribe-mexicano-pabellon-de-720-m2\/#primaryimage"},"thumbnailUrl":"https:\/\/nitu.mx\/wp-content\/uploads\/2023\/03\/AC9EC226-C109-475F-8545-1D5004407B8C.png","keywords":["Caribe mexicano","Mara Lezama"],"articleSection":["Caribe Mexicano"],"inLanguage":"es-MX","potentialAction":[{"@type":"CommentAction","name":"Comment","target":["https:\/\/nitu.mx\/index.php\/2023\/03\/25\/tendra-caribe-mexicano-pabellon-de-720-m2\/#respond"]}]},{"@type":"WebPage","@id":"https:\/\/nitu.mx\/index.php\/2023\/03\/25\/tendra-caribe-mexicano-pabellon-de-720-m2\/","url":"https:\/\/nitu.mx\/index.php\/2023\/03\/25\/tendra-caribe-mexicano-pabellon-de-720-m2\/","name":"Tendr\u00e1 Caribe Mexicano pabell\u00f3n de 720 m2 - Nitu - Noticias de la Industria Turistica","isPartOf":{"@id":"https:\/\/nitu.mx\/#website"},"primaryImageOfPage":{"@id":"https:\/\/nitu.mx\/index.php\/2023\/03\/25\/tendra-caribe-mexicano-pabellon-de-720-m2\/#primaryimage"},"image":{"@id":"https:\/\/nitu.mx\/index.php\/2023\/03\/25\/tendra-caribe-mexicano-pabellon-de-720-m2\/#primaryimage"},"thumbnailUrl":"https:\/\/nitu.mx\/wp-content\/uploads\/2023\/03\/AC9EC226-C109-475F-8545-1D5004407B8C.png","datePublished":"2023-03-26T04:16:23+00:00","dateModified":"2023-03-26T04:16:23+00:00","breadcrumb":{"@id":"https:\/\/nitu.mx\/index.php\/2023\/03\/25\/tendra-caribe-mexicano-pabellon-de-720-m2\/#breadcrumb"},"inLanguage":"es-MX","potentialAction":[{"@type":"ReadAction","target":["https:\/\/nitu.mx\/index.php\/2023\/03\/25\/tendra-caribe-mexicano-pabellon-de-720-m2\/"]}]},{"@type":"ImageObject","inLanguage":"es-MX","@id":"https:\/\/nitu.mx\/index.php\/2023\/03\/25\/tendra-caribe-mexicano-pabellon-de-720-m2\/#primaryimage","url":"https:\/\/nitu.mx\/wp-content\/uploads\/2023\/03\/AC9EC226-C109-475F-8545-1D5004407B8C.png","contentUrl":"https:\/\/nitu.mx\/wp-content\/uploads\/2023\/03\/AC9EC226-C109-475F-8545-1D5004407B8C.png","width":1624,"height":750},{"@type":"BreadcrumbList","@id":"https:\/\/nitu.mx\/index.php\/2023\/03\/25\/tendra-caribe-mexicano-pabellon-de-720-m2\/#breadcrumb","itemListElement":[{"@type":"ListItem","position":1,"name":"Inicio","item":"https:\/\/nitu.mx\/"},{"@type":"ListItem","position":2,"name":"Tendr\u00e1 Caribe Mexicano pabell\u00f3n de 720 m2"}]},{"@type":"WebSite","@id":"https:\/\/nitu.mx\/#website","url":"https:\/\/nitu.mx\/","name":"Nitu - Noticias de la Industria Turistica","description":"Noticias de la Industria Turistica","publisher":{"@id":"https:\/\/nitu.mx\/#\/schema\/person\/ae7a53426417292d3dd07b45a33e01bc"},"alternateName":"Noticias de la Industria Turistica","potentialAction":[{"@type":"SearchAction","target":{"@type":"EntryPoint","urlTemplate":"https:\/\/nitu.mx\/?s={search_term_string}"},"query-input":"required name=search_term_string"}],"inLanguage":"es-MX"},{"@type":["Person","Organization"],"@id":"https:\/\/nitu.mx\/#\/schema\/person\/ae7a53426417292d3dd07b45a33e01bc","name":"Arturo Medina","image":{"@type":"ImageObject","inLanguage":"es-MX","@id":"https:\/\/nitu.mx\/#\/schema\/person\/image\/","url":"https:\/\/nitu.mx\/wp-content\/uploads\/2024\/04\/4A315622-1904-4D5C-B022-878CDC840E04-90x90-1.jpeg","contentUrl":"https:\/\/nitu.mx\/wp-content\/uploads\/2024\/04\/4A315622-1904-4D5C-B022-878CDC840E04-90x90-1.jpeg","width":90,"height":90,"caption":"Arturo Medina"},"logo":{"@id":"https:\/\/nitu.mx\/#\/schema\/person\/image\/"},"description":"Director NITU.mx, Egresado de la Escuela de Periodismo Carlos Septi\u00e9n Garc\u00eda. Periodista y analista especializado en turismo desde hace 35 a\u00f1os, radicado en Canc\u00fan Q.Roo. arturo@nitu.mx","sameAs":["https:\/\/nitu.mx","https:\/\/www.facebook.com\/NITUmx\/","medinacancun","https:\/\/twitter.com\/@Arturo_Medina_G"],"url":"https:\/\/nitu.mx\/index.php\/author\/arturo-medina\/"}]}},"views":603,"_links":{"self":[{"href":"https:\/\/nitu.mx\/index.php\/wp-json\/wp\/v2\/posts\/63814"}],"collection":[{"href":"https:\/\/nitu.mx\/index.php\/wp-json\/wp\/v2\/posts"}],"about":[{"href":"https:\/\/nitu.mx\/index.php\/wp-json\/wp\/v2\/types\/post"}],"author":[{"embeddable":true,"href":"https:\/\/nitu.mx\/index.php\/wp-json\/wp\/v2\/users\/2"}],"replies":[{"embeddable":true,"href":"https:\/\/nitu.mx\/index.php\/wp-json\/wp\/v2\/comments?post=63814"}],"version-history":[{"count":1,"href":"https:\/\/nitu.mx\/index.php\/wp-json\/wp\/v2\/posts\/63814\/revisions"}],"predecessor-version":[{"id":63815,"href":"https:\/\/nitu.mx\/index.php\/wp-json\/wp\/v2\/posts\/63814\/revisions\/63815"}],"wp:featuredmedia":[{"embeddable":true,"href":"https:\/\/nitu.mx\/index.php\/wp-json\/wp\/v2\/media\/63817"}],"wp:attachment":[{"href":"https:\/\/nitu.mx\/index.php\/wp-json\/wp\/v2\/media?parent=63814"}],"wp:term":[{"taxonomy":"category","embeddable":true,"href":"https:\/\/nitu.mx\/index.php\/wp-json\/wp\/v2\/categories?post=63814"},{"taxonomy":"post_tag","embeddable":true,"href":"https:\/\/nitu.mx\/index.php\/wp-json\/wp\/v2\/tags?post=63814"}],"curies":[{"name":"wp","href":"https:\/\/api.w.org\/{rel}","templated":true}]}}