{"id":63811,"date":"2023-03-25T00:56:33","date_gmt":"2023-03-25T05:56:33","guid":{"rendered":"https:\/\/www.dev.nitu.mx\/?p=63811"},"modified":"2023-03-25T00:56:33","modified_gmt":"2023-03-25T05:56:33","slug":"cancun-representado-en-el-tianguis-por-su-presidenta-municipal","status":"publish","type":"post","link":"https:\/\/nitu.mx\/index.php\/2023\/03\/25\/cancun-representado-en-el-tianguis-por-su-presidenta-municipal\/","title":{"rendered":"Canc\u00fan representado en el Tianguis por su presidenta municipal"},"content":{"rendered":"<p style=\"font-weight: 400;\">A fin de continuar fortaleciendo la promoci\u00f3n y amplia oferta tur\u00edstica del destino, Canc\u00fan participar\u00e1 en el Tianguis Tur\u00edstico 2023, que tendr\u00e1 lugar en la Ciudad de M\u00e9xico del 26 al 29 de marzo en el Centro Citibanamex, en donde m\u00e1s de 600 empresas vendedoras y m\u00e1s de 700 empresas compradoras de los 32 estados del pa\u00eds se reunir\u00e1n.<\/p>\n<p style=\"font-weight: 400;\">\n<p style=\"font-weight: 400;\">La Presidenta Municipal, Ana Patricia Peralta, destac\u00f3 que junto al secretario municipal de Turismo, Juan Pablo de Zulueta Razo, buscar\u00e1n impulsar el acercamiento con diferentes aerol\u00edneas para acordar nuevas rutas de vuelo y con distintas cadenas hoteleras para concretar acuerdos dentro de la temporada de semana santa y verano; as\u00ed como proporcionar la oferta de turismo deportivo, cultural, social, y educativo que tiene la ciudad.<\/p>\n<p style=\"font-weight: 400;\">\n<p style=\"font-weight: 400;\">\u201cTenemos que seguir posicionando a Canc\u00fan como el destino tur\u00edstico n\u00famero uno en Latinoam\u00e9rica. Este a\u00f1o queremos llegar a ser el destino mayor visitado del mundo. Acabamos de cerrar un puente largo y llegamos a un 90% de ocupaci\u00f3n hotelera, esto refleja que Canc\u00fan sigue siendo el destino favorito de todos los mexicanos y extranjeros\u201d, coment\u00f3.<\/p>\n<p style=\"font-weight: 400;\">\n<p style=\"font-weight: 400;\">Por su parte, el Secretario Municipal de Turismo se\u00f1al\u00f3 que Canc\u00fan contar\u00e1 con un stand para la promoci\u00f3n de sus atractivos tur\u00edsticos; adem\u00e1s, se realizar\u00e1 una rueda de prensa en la que informar\u00e1n sobre las diferentes actividades que se llevar\u00e1n en el marco de la celebraci\u00f3n del 53 aniversario de Canc\u00fan.<\/p>\n<p style=\"font-weight: 400;\">\n<p style=\"font-weight: 400;\">Agreg\u00f3 que se realizar\u00e1n mesas de trabajo con los diferentes presidentes de las ciudades hermanas nacionales, para seguir estrechando v\u00ednculos de colaboraci\u00f3n y para reactivar los proyectos que se ten\u00edan antes de la llegada de la pandemia.<\/p>\n","protected":false},"excerpt":{"rendered":"<p>A fin de continuar fortaleciendo la promoci\u00f3n y amplia oferta tur\u00edstica del destino, Canc\u00fan participar\u00e1 en el Tianguis Tur\u00edstico 2023, que tendr\u00e1 lugar en la Ciudad de M\u00e9xico del 26 al 29 de marzo en el Centro Citibanamex, en donde m\u00e1s de 600 empresas vendedoras y m\u00e1s de 700 empresas compradoras de los 32 estados [&hellip;]<\/p>\n","protected":false},"author":2,"featured_media":63812,"comment_status":"open","ping_status":"open","sticky":false,"template":"","format":"standard","meta":{"footnotes":""},"categories":[21403],"tags":[23614,43],"yoast_head":"<!-- This site is optimized with the Yoast SEO plugin v22.2 - https:\/\/yoast.com\/wordpress\/plugins\/seo\/ -->\n<title>Canc\u00fan representado en el Tianguis por su presidenta municipal - Nitu - Noticias de la Industria Turistica<\/title>\n<meta name=\"robots\" content=\"index, follow, max-snippet:-1, max-image-preview:large, max-video-preview:-1\" \/>\n<link rel=\"canonical\" href=\"https:\/\/nitu.mx\/index.php\/2023\/03\/25\/cancun-representado-en-el-tianguis-por-su-presidenta-municipal\/\" \/>\n<meta name=\"twitter:card\" content=\"summary_large_image\" \/>\n<meta name=\"twitter:title\" content=\"Canc\u00fan representado en el Tianguis por su presidenta municipal - Nitu - Noticias de la Industria Turistica\" \/>\n<meta name=\"twitter:description\" content=\"A fin de continuar fortaleciendo la promoci\u00f3n y amplia oferta tur\u00edstica del destino, Canc\u00fan participar\u00e1 en el Tianguis Tur\u00edstico 2023, que tendr\u00e1 lugar en la Ciudad de M\u00e9xico del 26 al 29 de marzo en el Centro Citibanamex, en donde m\u00e1s de 600 empresas vendedoras y m\u00e1s de 700 empresas compradoras de los 32 estados [&hellip;]\" \/>\n<meta name=\"twitter:image\" content=\"https:\/\/nitu.mx\/wp-content\/uploads\/2023\/03\/510C6F8A-E64E-4B97-BE60-6CB2E1FF9681.jpeg\" \/>\n<meta name=\"twitter:creator\" content=\"@Arturo_Medina_G\" \/>\n<meta name=\"twitter:site\" content=\"@Arturo_Medina_G\" \/>\n<meta name=\"twitter:label1\" content=\"Escrito por\" \/>\n\t<meta name=\"twitter:data1\" content=\"Arturo Medina\" \/>\n\t<meta name=\"twitter:label2\" content=\"Tiempo de lectura\" \/>\n\t<meta name=\"twitter:data2\" content=\"1 minuto\" \/>\n<script type=\"application\/ld+json\" class=\"yoast-schema-graph\">{\"@context\":\"https:\/\/schema.org\",\"@graph\":[{\"@type\":\"Article\",\"@id\":\"https:\/\/nitu.mx\/index.php\/2023\/03\/25\/cancun-representado-en-el-tianguis-por-su-presidenta-municipal\/#article\",\"isPartOf\":{\"@id\":\"https:\/\/nitu.mx\/index.php\/2023\/03\/25\/cancun-representado-en-el-tianguis-por-su-presidenta-municipal\/\"},\"author\":{\"name\":\"Arturo Medina\",\"@id\":\"https:\/\/nitu.mx\/#\/schema\/person\/ae7a53426417292d3dd07b45a33e01bc\"},\"headline\":\"Canc\u00fan representado en el Tianguis por su presidenta municipal\",\"datePublished\":\"2023-03-25T05:56:33+00:00\",\"dateModified\":\"2023-03-25T05:56:33+00:00\",\"mainEntityOfPage\":{\"@id\":\"https:\/\/nitu.mx\/index.php\/2023\/03\/25\/cancun-representado-en-el-tianguis-por-su-presidenta-municipal\/\"},\"wordCount\":301,\"commentCount\":0,\"publisher\":{\"@id\":\"https:\/\/nitu.mx\/#\/schema\/person\/ae7a53426417292d3dd07b45a33e01bc\"},\"image\":{\"@id\":\"https:\/\/nitu.mx\/index.php\/2023\/03\/25\/cancun-representado-en-el-tianguis-por-su-presidenta-municipal\/#primaryimage\"},\"thumbnailUrl\":\"https:\/\/nitu.mx\/wp-content\/uploads\/2023\/03\/510C6F8A-E64E-4B97-BE60-6CB2E1FF9681.jpeg\",\"keywords\":[\"Ana Patricia Peralta\",\"Canc\u00fan\"],\"articleSection\":[\"Canc\u00fan\"],\"inLanguage\":\"es-MX\",\"potentialAction\":[{\"@type\":\"CommentAction\",\"name\":\"Comment\",\"target\":[\"https:\/\/nitu.mx\/index.php\/2023\/03\/25\/cancun-representado-en-el-tianguis-por-su-presidenta-municipal\/#respond\"]}]},{\"@type\":\"WebPage\",\"@id\":\"https:\/\/nitu.mx\/index.php\/2023\/03\/25\/cancun-representado-en-el-tianguis-por-su-presidenta-municipal\/\",\"url\":\"https:\/\/nitu.mx\/index.php\/2023\/03\/25\/cancun-representado-en-el-tianguis-por-su-presidenta-municipal\/\",\"name\":\"Canc\u00fan representado en el Tianguis por su presidenta municipal - Nitu - Noticias de la Industria Turistica\",\"isPartOf\":{\"@id\":\"https:\/\/nitu.mx\/#website\"},\"primaryImageOfPage\":{\"@id\":\"https:\/\/nitu.mx\/index.php\/2023\/03\/25\/cancun-representado-en-el-tianguis-por-su-presidenta-municipal\/#primaryimage\"},\"image\":{\"@id\":\"https:\/\/nitu.mx\/index.php\/2023\/03\/25\/cancun-representado-en-el-tianguis-por-su-presidenta-municipal\/#primaryimage\"},\"thumbnailUrl\":\"https:\/\/nitu.mx\/wp-content\/uploads\/2023\/03\/510C6F8A-E64E-4B97-BE60-6CB2E1FF9681.jpeg\",\"datePublished\":\"2023-03-25T05:56:33+00:00\",\"dateModified\":\"2023-03-25T05:56:33+00:00\",\"breadcrumb\":{\"@id\":\"https:\/\/nitu.mx\/index.php\/2023\/03\/25\/cancun-representado-en-el-tianguis-por-su-presidenta-municipal\/#breadcrumb\"},\"inLanguage\":\"es-MX\",\"potentialAction\":[{\"@type\":\"ReadAction\",\"target\":[\"https:\/\/nitu.mx\/index.php\/2023\/03\/25\/cancun-representado-en-el-tianguis-por-su-presidenta-municipal\/\"]}]},{\"@type\":\"ImageObject\",\"inLanguage\":\"es-MX\",\"@id\":\"https:\/\/nitu.mx\/index.php\/2023\/03\/25\/cancun-representado-en-el-tianguis-por-su-presidenta-municipal\/#primaryimage\",\"url\":\"https:\/\/nitu.mx\/wp-content\/uploads\/2023\/03\/510C6F8A-E64E-4B97-BE60-6CB2E1FF9681.jpeg\",\"contentUrl\":\"https:\/\/nitu.mx\/wp-content\/uploads\/2023\/03\/510C6F8A-E64E-4B97-BE60-6CB2E1FF9681.jpeg\",\"width\":750,\"height\":820},{\"@type\":\"BreadcrumbList\",\"@id\":\"https:\/\/nitu.mx\/index.php\/2023\/03\/25\/cancun-representado-en-el-tianguis-por-su-presidenta-municipal\/#breadcrumb\",\"itemListElement\":[{\"@type\":\"ListItem\",\"position\":1,\"name\":\"Inicio\",\"item\":\"https:\/\/nitu.mx\/\"},{\"@type\":\"ListItem\",\"position\":2,\"name\":\"Canc\u00fan representado en el Tianguis por su presidenta municipal\"}]},{\"@type\":\"WebSite\",\"@id\":\"https:\/\/nitu.mx\/#website\",\"url\":\"https:\/\/nitu.mx\/\",\"name\":\"Nitu - Noticias de la Industria Turistica\",\"description\":\"Noticias de la Industria Turistica\",\"publisher\":{\"@id\":\"https:\/\/nitu.mx\/#\/schema\/person\/ae7a53426417292d3dd07b45a33e01bc\"},\"alternateName\":\"Noticias de la Industria Turistica\",\"potentialAction\":[{\"@type\":\"SearchAction\",\"target\":{\"@type\":\"EntryPoint\",\"urlTemplate\":\"https:\/\/nitu.mx\/?s={search_term_string}\"},\"query-input\":\"required name=search_term_string\"}],\"inLanguage\":\"es-MX\"},{\"@type\":[\"Person\",\"Organization\"],\"@id\":\"https:\/\/nitu.mx\/#\/schema\/person\/ae7a53426417292d3dd07b45a33e01bc\",\"name\":\"Arturo Medina\",\"image\":{\"@type\":\"ImageObject\",\"inLanguage\":\"es-MX\",\"@id\":\"https:\/\/nitu.mx\/#\/schema\/person\/image\/\",\"url\":\"https:\/\/nitu.mx\/wp-content\/uploads\/2024\/04\/4A315622-1904-4D5C-B022-878CDC840E04-90x90-1.jpeg\",\"contentUrl\":\"https:\/\/nitu.mx\/wp-content\/uploads\/2024\/04\/4A315622-1904-4D5C-B022-878CDC840E04-90x90-1.jpeg\",\"width\":90,\"height\":90,\"caption\":\"Arturo Medina\"},\"logo\":{\"@id\":\"https:\/\/nitu.mx\/#\/schema\/person\/image\/\"},\"description\":\"Director NITU.mx, Egresado de la Escuela de Periodismo Carlos Septi\u00e9n Garc\u00eda. Periodista y analista especializado en turismo desde hace 35 a\u00f1os, radicado en Canc\u00fan Q.Roo. arturo@nitu.mx\",\"sameAs\":[\"https:\/\/nitu.mx\",\"https:\/\/www.facebook.com\/NITUmx\/\",\"medinacancun\",\"https:\/\/twitter.com\/@Arturo_Medina_G\"],\"url\":\"https:\/\/nitu.mx\/index.php\/author\/arturo-medina\/\"}]}<\/script>\n<!-- \/ Yoast SEO plugin. -->","yoast_head_json":{"title":"Canc\u00fan representado en el Tianguis por su presidenta municipal - Nitu - Noticias de la Industria Turistica","robots":{"index":"index","follow":"follow","max-snippet":"max-snippet:-1","max-image-preview":"max-image-preview:large","max-video-preview":"max-video-preview:-1"},"canonical":"https:\/\/nitu.mx\/index.php\/2023\/03\/25\/cancun-representado-en-el-tianguis-por-su-presidenta-municipal\/","twitter_card":"summary_large_image","twitter_title":"Canc\u00fan representado en el Tianguis por su presidenta municipal - Nitu - Noticias de la Industria Turistica","twitter_description":"A fin de continuar fortaleciendo la promoci\u00f3n y amplia oferta tur\u00edstica del destino, Canc\u00fan participar\u00e1 en el Tianguis Tur\u00edstico 2023, que tendr\u00e1 lugar en la Ciudad de M\u00e9xico del 26 al 29 de marzo en el Centro Citibanamex, en donde m\u00e1s de 600 empresas vendedoras y m\u00e1s de 700 empresas compradoras de los 32 estados [&hellip;]","twitter_image":"https:\/\/nitu.mx\/wp-content\/uploads\/2023\/03\/510C6F8A-E64E-4B97-BE60-6CB2E1FF9681.jpeg","twitter_creator":"@Arturo_Medina_G","twitter_site":"@Arturo_Medina_G","twitter_misc":{"Escrito por":"Arturo Medina","Tiempo de lectura":"1 minuto"},"schema":{"@context":"https:\/\/schema.org","@graph":[{"@type":"Article","@id":"https:\/\/nitu.mx\/index.php\/2023\/03\/25\/cancun-representado-en-el-tianguis-por-su-presidenta-municipal\/#article","isPartOf":{"@id":"https:\/\/nitu.mx\/index.php\/2023\/03\/25\/cancun-representado-en-el-tianguis-por-su-presidenta-municipal\/"},"author":{"name":"Arturo Medina","@id":"https:\/\/nitu.mx\/#\/schema\/person\/ae7a53426417292d3dd07b45a33e01bc"},"headline":"Canc\u00fan representado en el Tianguis por su presidenta municipal","datePublished":"2023-03-25T05:56:33+00:00","dateModified":"2023-03-25T05:56:33+00:00","mainEntityOfPage":{"@id":"https:\/\/nitu.mx\/index.php\/2023\/03\/25\/cancun-representado-en-el-tianguis-por-su-presidenta-municipal\/"},"wordCount":301,"commentCount":0,"publisher":{"@id":"https:\/\/nitu.mx\/#\/schema\/person\/ae7a53426417292d3dd07b45a33e01bc"},"image":{"@id":"https:\/\/nitu.mx\/index.php\/2023\/03\/25\/cancun-representado-en-el-tianguis-por-su-presidenta-municipal\/#primaryimage"},"thumbnailUrl":"https:\/\/nitu.mx\/wp-content\/uploads\/2023\/03\/510C6F8A-E64E-4B97-BE60-6CB2E1FF9681.jpeg","keywords":["Ana Patricia Peralta","Canc\u00fan"],"articleSection":["Canc\u00fan"],"inLanguage":"es-MX","potentialAction":[{"@type":"CommentAction","name":"Comment","target":["https:\/\/nitu.mx\/index.php\/2023\/03\/25\/cancun-representado-en-el-tianguis-por-su-presidenta-municipal\/#respond"]}]},{"@type":"WebPage","@id":"https:\/\/nitu.mx\/index.php\/2023\/03\/25\/cancun-representado-en-el-tianguis-por-su-presidenta-municipal\/","url":"https:\/\/nitu.mx\/index.php\/2023\/03\/25\/cancun-representado-en-el-tianguis-por-su-presidenta-municipal\/","name":"Canc\u00fan representado en el Tianguis por su presidenta municipal - Nitu - Noticias de la Industria Turistica","isPartOf":{"@id":"https:\/\/nitu.mx\/#website"},"primaryImageOfPage":{"@id":"https:\/\/nitu.mx\/index.php\/2023\/03\/25\/cancun-representado-en-el-tianguis-por-su-presidenta-municipal\/#primaryimage"},"image":{"@id":"https:\/\/nitu.mx\/index.php\/2023\/03\/25\/cancun-representado-en-el-tianguis-por-su-presidenta-municipal\/#primaryimage"},"thumbnailUrl":"https:\/\/nitu.mx\/wp-content\/uploads\/2023\/03\/510C6F8A-E64E-4B97-BE60-6CB2E1FF9681.jpeg","datePublished":"2023-03-25T05:56:33+00:00","dateModified":"2023-03-25T05:56:33+00:00","breadcrumb":{"@id":"https:\/\/nitu.mx\/index.php\/2023\/03\/25\/cancun-representado-en-el-tianguis-por-su-presidenta-municipal\/#breadcrumb"},"inLanguage":"es-MX","potentialAction":[{"@type":"ReadAction","target":["https:\/\/nitu.mx\/index.php\/2023\/03\/25\/cancun-representado-en-el-tianguis-por-su-presidenta-municipal\/"]}]},{"@type":"ImageObject","inLanguage":"es-MX","@id":"https:\/\/nitu.mx\/index.php\/2023\/03\/25\/cancun-representado-en-el-tianguis-por-su-presidenta-municipal\/#primaryimage","url":"https:\/\/nitu.mx\/wp-content\/uploads\/2023\/03\/510C6F8A-E64E-4B97-BE60-6CB2E1FF9681.jpeg","contentUrl":"https:\/\/nitu.mx\/wp-content\/uploads\/2023\/03\/510C6F8A-E64E-4B97-BE60-6CB2E1FF9681.jpeg","width":750,"height":820},{"@type":"BreadcrumbList","@id":"https:\/\/nitu.mx\/index.php\/2023\/03\/25\/cancun-representado-en-el-tianguis-por-su-presidenta-municipal\/#breadcrumb","itemListElement":[{"@type":"ListItem","position":1,"name":"Inicio","item":"https:\/\/nitu.mx\/"},{"@type":"ListItem","position":2,"name":"Canc\u00fan representado en el Tianguis por su presidenta municipal"}]},{"@type":"WebSite","@id":"https:\/\/nitu.mx\/#website","url":"https:\/\/nitu.mx\/","name":"Nitu - Noticias de la Industria Turistica","description":"Noticias de la Industria Turistica","publisher":{"@id":"https:\/\/nitu.mx\/#\/schema\/person\/ae7a53426417292d3dd07b45a33e01bc"},"alternateName":"Noticias de la Industria Turistica","potentialAction":[{"@type":"SearchAction","target":{"@type":"EntryPoint","urlTemplate":"https:\/\/nitu.mx\/?s={search_term_string}"},"query-input":"required name=search_term_string"}],"inLanguage":"es-MX"},{"@type":["Person","Organization"],"@id":"https:\/\/nitu.mx\/#\/schema\/person\/ae7a53426417292d3dd07b45a33e01bc","name":"Arturo Medina","image":{"@type":"ImageObject","inLanguage":"es-MX","@id":"https:\/\/nitu.mx\/#\/schema\/person\/image\/","url":"https:\/\/nitu.mx\/wp-content\/uploads\/2024\/04\/4A315622-1904-4D5C-B022-878CDC840E04-90x90-1.jpeg","contentUrl":"https:\/\/nitu.mx\/wp-content\/uploads\/2024\/04\/4A315622-1904-4D5C-B022-878CDC840E04-90x90-1.jpeg","width":90,"height":90,"caption":"Arturo Medina"},"logo":{"@id":"https:\/\/nitu.mx\/#\/schema\/person\/image\/"},"description":"Director NITU.mx, Egresado de la Escuela de Periodismo Carlos Septi\u00e9n Garc\u00eda. Periodista y analista especializado en turismo desde hace 35 a\u00f1os, radicado en Canc\u00fan Q.Roo. arturo@nitu.mx","sameAs":["https:\/\/nitu.mx","https:\/\/www.facebook.com\/NITUmx\/","medinacancun","https:\/\/twitter.com\/@Arturo_Medina_G"],"url":"https:\/\/nitu.mx\/index.php\/author\/arturo-medina\/"}]}},"views":259,"_links":{"self":[{"href":"https:\/\/nitu.mx\/index.php\/wp-json\/wp\/v2\/posts\/63811"}],"collection":[{"href":"https:\/\/nitu.mx\/index.php\/wp-json\/wp\/v2\/posts"}],"about":[{"href":"https:\/\/nitu.mx\/index.php\/wp-json\/wp\/v2\/types\/post"}],"author":[{"embeddable":true,"href":"https:\/\/nitu.mx\/index.php\/wp-json\/wp\/v2\/users\/2"}],"replies":[{"embeddable":true,"href":"https:\/\/nitu.mx\/index.php\/wp-json\/wp\/v2\/comments?post=63811"}],"version-history":[{"count":1,"href":"https:\/\/nitu.mx\/index.php\/wp-json\/wp\/v2\/posts\/63811\/revisions"}],"predecessor-version":[{"id":63813,"href":"https:\/\/nitu.mx\/index.php\/wp-json\/wp\/v2\/posts\/63811\/revisions\/63813"}],"wp:featuredmedia":[{"embeddable":true,"href":"https:\/\/nitu.mx\/index.php\/wp-json\/wp\/v2\/media\/63812"}],"wp:attachment":[{"href":"https:\/\/nitu.mx\/index.php\/wp-json\/wp\/v2\/media?parent=63811"}],"wp:term":[{"taxonomy":"category","embeddable":true,"href":"https:\/\/nitu.mx\/index.php\/wp-json\/wp\/v2\/categories?post=63811"},{"taxonomy":"post_tag","embeddable":true,"href":"https:\/\/nitu.mx\/index.php\/wp-json\/wp\/v2\/tags?post=63811"}],"curies":[{"name":"wp","href":"https:\/\/api.w.org\/{rel}","templated":true}]}}