{"id":63776,"date":"2023-03-23T06:22:18","date_gmt":"2023-03-23T11:22:18","guid":{"rendered":"https:\/\/www.dev.nitu.mx\/?p=63776"},"modified":"2023-03-23T06:22:38","modified_gmt":"2023-03-23T11:22:38","slug":"klm-llegara-a-163-destinos-durante-el-verano","status":"publish","type":"post","link":"https:\/\/nitu.mx\/index.php\/2023\/03\/23\/klm-llegara-a-163-destinos-durante-el-verano\/","title":{"rendered":"KLM llegar\u00e1 a 163 destinos durante el verano"},"content":{"rendered":"<p>A partir del domingo 26 de marzo de 2023, la red de rutas de KLM incluira\u0301 163 destinos: 96 europeos y 67 intercontinentales. La aeroli\u0301nea esta\u0301 ampliando su red asia\u0301tica, duplicando el nu\u0301mero de vuelos de KLM a Asia en comparacio\u0301n con 2022. La nueva clase Premium Comfort de KLM estara\u0301 cada vez ma\u0301s disponible en los vuelos intercontinentales.<\/p>\n<p><strong>Europa <\/strong><\/p>\n<p>Tras el e\u0301xito de la ruta a Nantes el invierno pasado, KLM an\u0303ade esta ciudad a su programacio\u0301n de verano. Nantes contara\u0301 con tres vuelos diarios. A partir del verano, se ofrecera\u0301 un vuelo diario a Rennes, capital de la regio\u0301n de Bretan\u0303a.<\/p>\n<p><strong>Asia <\/strong><\/p>\n<p>KLM sigue ampliando su red de rutas en Asia, tras las perturbaciones causadas por Covid-19. KLM operara\u0301 servicios a 16 destinos asia\u0301ticos en el verano de 2023, duplicando el nu\u0301mero de vuelos a la regio\u0301n en comparacio\u0301n con 2022. KLM opera servicios diarios a Peki\u0301n y Shangha\u0301i. La aeroli\u0301nea tambie\u0301n vuelve a operar servicios tres veces por semana a Hong Kong y dos veces por semana a Taipe\u0301i vi\u0301a Incheon (Corea del Sur).<\/p>\n<p>En Japo\u0301n, KLM opera un servicio dos veces por semana a Osaka vi\u0301a Incheon (Corea del Sur), asi\u0301 como tres vuelos semanales al aeropuerto Narita de Tokio, tambie\u0301n vi\u0301a Incheon. Adema\u0301s, hay un servicio directo dos veces por semana a Tokio. La frecuencia de esta ruta aumentara\u0301 en septiembre a cinco vuelos directos semanales a Tokio.<\/p>\n<p>KLM tambie\u0301n vuela a los destinos indonesios de Denpasar y Yakarta vi\u0301a Singapur.<br \/>\nManila (Filipinas) tiene cinco vuelos semanales vi\u0301a Kuala Lumpur (Malasia).<br \/>\nEn India, hay un servicio diario a Delhi y Mumbai, y cinco vuelos semanales a Bangalore.<\/p>\n<p><strong>Norteame\u0301rica <\/strong><\/p>\n<p>KLM ofrece vuelos a 18 destinos norteamericanos. En EE. UU., estos destinos incluyen Nueva York, Atlanta, Austin, Washington, Las Vegas, San Francisco y Los A\u0301ngeles.<\/p>\n<p>La red de rutas se ampli\u0301a este verano para incluir 13 vuelos semanales a Toronto, en Canada\u0301, frente a los 10 vuelos de 2022. KLM tambie\u0301n opera servicios a las ciudades canadienses de Edmonton, Montreal y Vancouver.<\/p>\n<p>La nueva clase Premium Comfort de KLM esta\u0301 disponible en vuelos a Nueva York, Los A\u0301ngeles, Washington, Austin, Toronto, Vancouver, Montreal y Calgary.<\/p>\n<p><strong>Oriente Medio <\/strong><\/p>\n<p>Se ofrecera\u0301 un servicio diario a Duba\u0301i y Tel Aviv (Israel). Tel Aviv se operara\u0301 con equipos Boeing 777 wide-body.<\/p>\n<p>KLM tambie\u0301n opera un servicio diario a Kuwait, cuatro veces por semana en combinacio\u0301n con Bahre\u0301in y tres veces por semana en combinacio\u0301n con Mascate.<\/p>\n<p><strong>Caribe y Surinam <\/strong><\/p>\n<p>KLM opera servicios diarios a Curazao este verano. Durante la temporada alta, en julio y agosto, habra\u0301 hasta 10 vuelos semanales a la isla. Tambie\u0301n habra\u0301 un servicio diario a las islas de Aruba y Bonaire.<\/p>\n<p>Paramaribo contara\u0301 con seis vuelos semanales y KLM tambie\u0301n operara\u0301 tres servicios semanales a Puerto Espan\u0303a y San Marti\u0301n.<\/p>\n<p><strong>Sudame\u0301rica <\/strong><\/p>\n<p>Este verano, KLM ofrecera\u0301 vuelos a 10 destinos de Sudame\u0301rica, incluidos vuelos diarios a Sao Paulo (Brasil), Buenos Aires (Argentina) y Ciudad de Panama\u0301 (Panama\u0301). Los vuelos a Costa Rica operara\u0301n segu\u0301n el horario de invierno hasta mediados de mayo, con tres vuelos semanales a San Jose\u0301 en combinacio\u0301n con Liberia (Costa Rica).<\/p>\n<p><strong>A\u0301frica <\/strong><\/p>\n<p>Los pasajeros podra\u0301n volar con KLM a 10 destinos africanos este verano. La tropical Zanzi\u0301bar contara\u0301 con dos vuelos semanales en combinacio\u0301n con Dar es Salaam (Tanzania). Y habra\u0301 servicios diarios a Nairobi, Ciudad del Cabo y Johannesburgo.<\/p>\n","protected":false},"excerpt":{"rendered":"<p>A partir del domingo 26 de marzo de 2023, la red de rutas de KLM incluira\u0301 163 destinos: 96 europeos y 67 intercontinentales. La aeroli\u0301nea esta\u0301 ampliando su red asia\u0301tica, duplicando el nu\u0301mero de vuelos de KLM a Asia en comparacio\u0301n con 2022. La nueva clase Premium Comfort de KLM estara\u0301 cada vez ma\u0301s disponible [&hellip;]<\/p>\n","protected":false},"author":17,"featured_media":13635,"comment_status":"open","ping_status":"open","sticky":false,"template":"","format":"standard","meta":{"footnotes":""},"categories":[29],"tags":[649,258,404,120,2778,249,3024],"yoast_head":"<!-- This site is optimized with the Yoast SEO plugin v22.2 - https:\/\/yoast.com\/wordpress\/plugins\/seo\/ -->\n<title>KLM llegar\u00e1 a 163 destinos durante el verano - Nitu - Noticias de la Industria Turistica<\/title>\n<meta name=\"robots\" content=\"index, follow, max-snippet:-1, max-image-preview:large, max-video-preview:-1\" \/>\n<link rel=\"canonical\" href=\"https:\/\/nitu.mx\/index.php\/2023\/03\/23\/klm-llegara-a-163-destinos-durante-el-verano\/\" \/>\n<meta name=\"twitter:card\" content=\"summary_large_image\" \/>\n<meta name=\"twitter:title\" content=\"KLM llegar\u00e1 a 163 destinos durante el verano - Nitu - Noticias de la Industria Turistica\" \/>\n<meta name=\"twitter:description\" content=\"A partir del domingo 26 de marzo de 2023, la red de rutas de KLM incluira\u0301 163 destinos: 96 europeos y 67 intercontinentales. La aeroli\u0301nea esta\u0301 ampliando su red asia\u0301tica, duplicando el nu\u0301mero de vuelos de KLM a Asia en comparacio\u0301n con 2022. La nueva clase Premium Comfort de KLM estara\u0301 cada vez ma\u0301s disponible [&hellip;]\" \/>\n<meta name=\"twitter:image\" content=\"https:\/\/nitu.mx\/wp-content\/uploads\/2017\/10\/klm-1-1.jpg\" \/>\n<meta name=\"twitter:creator\" content=\"@NITUmx\" \/>\n<meta name=\"twitter:site\" content=\"@Arturo_Medina_G\" \/>\n<meta name=\"twitter:label1\" content=\"Escrito por\" \/>\n\t<meta name=\"twitter:data1\" content=\"Redacci\u00f3n\" \/>\n\t<meta name=\"twitter:label2\" content=\"Tiempo de lectura\" \/>\n\t<meta name=\"twitter:data2\" content=\"3 minutos\" \/>\n<script type=\"application\/ld+json\" class=\"yoast-schema-graph\">{\"@context\":\"https:\/\/schema.org\",\"@graph\":[{\"@type\":\"Article\",\"@id\":\"https:\/\/nitu.mx\/index.php\/2023\/03\/23\/klm-llegara-a-163-destinos-durante-el-verano\/#article\",\"isPartOf\":{\"@id\":\"https:\/\/nitu.mx\/index.php\/2023\/03\/23\/klm-llegara-a-163-destinos-durante-el-verano\/\"},\"author\":{\"name\":\"Redacci\u00f3n\",\"@id\":\"https:\/\/nitu.mx\/#\/schema\/person\/4a28fe9bd65924f7c90623773daf1b0b\"},\"headline\":\"KLM llegar\u00e1 a 163 destinos durante el verano\",\"datePublished\":\"2023-03-23T11:22:18+00:00\",\"dateModified\":\"2023-03-23T11:22:38+00:00\",\"mainEntityOfPage\":{\"@id\":\"https:\/\/nitu.mx\/index.php\/2023\/03\/23\/klm-llegara-a-163-destinos-durante-el-verano\/\"},\"wordCount\":597,\"commentCount\":0,\"publisher\":{\"@id\":\"https:\/\/nitu.mx\/#\/schema\/person\/ae7a53426417292d3dd07b45a33e01bc\"},\"image\":{\"@id\":\"https:\/\/nitu.mx\/index.php\/2023\/03\/23\/klm-llegara-a-163-destinos-durante-el-verano\/#primaryimage\"},\"thumbnailUrl\":\"https:\/\/nitu.mx\/wp-content\/uploads\/2017\/10\/klm-1-1.jpg\",\"keywords\":[\"\u00c1frica\",\"Asia\",\"Caribe\",\"Europa\",\"KLM\",\"Sudam\u00e9rica\",\"verano\"],\"articleSection\":[\"Aerol\u00edneas\"],\"inLanguage\":\"es-MX\",\"potentialAction\":[{\"@type\":\"CommentAction\",\"name\":\"Comment\",\"target\":[\"https:\/\/nitu.mx\/index.php\/2023\/03\/23\/klm-llegara-a-163-destinos-durante-el-verano\/#respond\"]}]},{\"@type\":\"WebPage\",\"@id\":\"https:\/\/nitu.mx\/index.php\/2023\/03\/23\/klm-llegara-a-163-destinos-durante-el-verano\/\",\"url\":\"https:\/\/nitu.mx\/index.php\/2023\/03\/23\/klm-llegara-a-163-destinos-durante-el-verano\/\",\"name\":\"KLM llegar\u00e1 a 163 destinos durante el verano - Nitu - Noticias de la Industria Turistica\",\"isPartOf\":{\"@id\":\"https:\/\/nitu.mx\/#website\"},\"primaryImageOfPage\":{\"@id\":\"https:\/\/nitu.mx\/index.php\/2023\/03\/23\/klm-llegara-a-163-destinos-durante-el-verano\/#primaryimage\"},\"image\":{\"@id\":\"https:\/\/nitu.mx\/index.php\/2023\/03\/23\/klm-llegara-a-163-destinos-durante-el-verano\/#primaryimage\"},\"thumbnailUrl\":\"https:\/\/nitu.mx\/wp-content\/uploads\/2017\/10\/klm-1-1.jpg\",\"datePublished\":\"2023-03-23T11:22:18+00:00\",\"dateModified\":\"2023-03-23T11:22:38+00:00\",\"breadcrumb\":{\"@id\":\"https:\/\/nitu.mx\/index.php\/2023\/03\/23\/klm-llegara-a-163-destinos-durante-el-verano\/#breadcrumb\"},\"inLanguage\":\"es-MX\",\"potentialAction\":[{\"@type\":\"ReadAction\",\"target\":[\"https:\/\/nitu.mx\/index.php\/2023\/03\/23\/klm-llegara-a-163-destinos-durante-el-verano\/\"]}]},{\"@type\":\"ImageObject\",\"inLanguage\":\"es-MX\",\"@id\":\"https:\/\/nitu.mx\/index.php\/2023\/03\/23\/klm-llegara-a-163-destinos-durante-el-verano\/#primaryimage\",\"url\":\"https:\/\/nitu.mx\/wp-content\/uploads\/2017\/10\/klm-1-1.jpg\",\"contentUrl\":\"https:\/\/nitu.mx\/wp-content\/uploads\/2017\/10\/klm-1-1.jpg\",\"width\":850,\"height\":480,\"caption\":\"klm\"},{\"@type\":\"BreadcrumbList\",\"@id\":\"https:\/\/nitu.mx\/index.php\/2023\/03\/23\/klm-llegara-a-163-destinos-durante-el-verano\/#breadcrumb\",\"itemListElement\":[{\"@type\":\"ListItem\",\"position\":1,\"name\":\"Inicio\",\"item\":\"https:\/\/nitu.mx\/\"},{\"@type\":\"ListItem\",\"position\":2,\"name\":\"KLM llegar\u00e1 a 163 destinos durante el verano\"}]},{\"@type\":\"WebSite\",\"@id\":\"https:\/\/nitu.mx\/#website\",\"url\":\"https:\/\/nitu.mx\/\",\"name\":\"Nitu - Noticias de la Industria Turistica\",\"description\":\"Noticias de la Industria Turistica\",\"publisher\":{\"@id\":\"https:\/\/nitu.mx\/#\/schema\/person\/ae7a53426417292d3dd07b45a33e01bc\"},\"alternateName\":\"Noticias de la Industria Turistica\",\"potentialAction\":[{\"@type\":\"SearchAction\",\"target\":{\"@type\":\"EntryPoint\",\"urlTemplate\":\"https:\/\/nitu.mx\/?s={search_term_string}\"},\"query-input\":\"required name=search_term_string\"}],\"inLanguage\":\"es-MX\"},{\"@type\":[\"Person\",\"Organization\"],\"@id\":\"https:\/\/nitu.mx\/#\/schema\/person\/ae7a53426417292d3dd07b45a33e01bc\",\"name\":\"Arturo Medina\",\"image\":{\"@type\":\"ImageObject\",\"inLanguage\":\"es-MX\",\"@id\":\"https:\/\/nitu.mx\/#\/schema\/person\/image\/\",\"url\":\"https:\/\/nitu.mx\/wp-content\/uploads\/2024\/04\/4A315622-1904-4D5C-B022-878CDC840E04-90x90-1.jpeg\",\"contentUrl\":\"https:\/\/nitu.mx\/wp-content\/uploads\/2024\/04\/4A315622-1904-4D5C-B022-878CDC840E04-90x90-1.jpeg\",\"width\":90,\"height\":90,\"caption\":\"Arturo Medina\"},\"logo\":{\"@id\":\"https:\/\/nitu.mx\/#\/schema\/person\/image\/\"},\"description\":\"Director NITU.mx, Egresado de la Escuela de Periodismo Carlos Septi\u00e9n Garc\u00eda. Periodista y analista especializado en turismo desde hace 35 a\u00f1os, radicado en Canc\u00fan Q.Roo. arturo@nitu.mx\",\"sameAs\":[\"https:\/\/nitu.mx\",\"https:\/\/www.facebook.com\/NITUmx\/\",\"medinacancun\",\"https:\/\/twitter.com\/@Arturo_Medina_G\"]},{\"@type\":\"Person\",\"@id\":\"https:\/\/nitu.mx\/#\/schema\/person\/4a28fe9bd65924f7c90623773daf1b0b\",\"name\":\"Redacci\u00f3n\",\"image\":{\"@type\":\"ImageObject\",\"inLanguage\":\"es-MX\",\"@id\":\"https:\/\/nitu.mx\/#\/schema\/person\/image\/\",\"url\":\"https:\/\/secure.gravatar.com\/avatar\/5dd011c8ccfc5cd7e4c81e42252aab38?s=96&d=mm&r=g\",\"contentUrl\":\"https:\/\/secure.gravatar.com\/avatar\/5dd011c8ccfc5cd7e4c81e42252aab38?s=96&d=mm&r=g\",\"caption\":\"Redacci\u00f3n\"},\"url\":\"https:\/\/nitu.mx\/index.php\/author\/redaccion\/\"}]}<\/script>\n<!-- \/ Yoast SEO plugin. -->","yoast_head_json":{"title":"KLM llegar\u00e1 a 163 destinos durante el verano - Nitu - Noticias de la Industria Turistica","robots":{"index":"index","follow":"follow","max-snippet":"max-snippet:-1","max-image-preview":"max-image-preview:large","max-video-preview":"max-video-preview:-1"},"canonical":"https:\/\/nitu.mx\/index.php\/2023\/03\/23\/klm-llegara-a-163-destinos-durante-el-verano\/","twitter_card":"summary_large_image","twitter_title":"KLM llegar\u00e1 a 163 destinos durante el verano - Nitu - Noticias de la Industria Turistica","twitter_description":"A partir del domingo 26 de marzo de 2023, la red de rutas de KLM incluira\u0301 163 destinos: 96 europeos y 67 intercontinentales. La aeroli\u0301nea esta\u0301 ampliando su red asia\u0301tica, duplicando el nu\u0301mero de vuelos de KLM a Asia en comparacio\u0301n con 2022. La nueva clase Premium Comfort de KLM estara\u0301 cada vez ma\u0301s disponible [&hellip;]","twitter_image":"https:\/\/nitu.mx\/wp-content\/uploads\/2017\/10\/klm-1-1.jpg","twitter_creator":"@NITUmx","twitter_site":"@Arturo_Medina_G","twitter_misc":{"Escrito por":"Redacci\u00f3n","Tiempo de lectura":"3 minutos"},"schema":{"@context":"https:\/\/schema.org","@graph":[{"@type":"Article","@id":"https:\/\/nitu.mx\/index.php\/2023\/03\/23\/klm-llegara-a-163-destinos-durante-el-verano\/#article","isPartOf":{"@id":"https:\/\/nitu.mx\/index.php\/2023\/03\/23\/klm-llegara-a-163-destinos-durante-el-verano\/"},"author":{"name":"Redacci\u00f3n","@id":"https:\/\/nitu.mx\/#\/schema\/person\/4a28fe9bd65924f7c90623773daf1b0b"},"headline":"KLM llegar\u00e1 a 163 destinos durante el verano","datePublished":"2023-03-23T11:22:18+00:00","dateModified":"2023-03-23T11:22:38+00:00","mainEntityOfPage":{"@id":"https:\/\/nitu.mx\/index.php\/2023\/03\/23\/klm-llegara-a-163-destinos-durante-el-verano\/"},"wordCount":597,"commentCount":0,"publisher":{"@id":"https:\/\/nitu.mx\/#\/schema\/person\/ae7a53426417292d3dd07b45a33e01bc"},"image":{"@id":"https:\/\/nitu.mx\/index.php\/2023\/03\/23\/klm-llegara-a-163-destinos-durante-el-verano\/#primaryimage"},"thumbnailUrl":"https:\/\/nitu.mx\/wp-content\/uploads\/2017\/10\/klm-1-1.jpg","keywords":["\u00c1frica","Asia","Caribe","Europa","KLM","Sudam\u00e9rica","verano"],"articleSection":["Aerol\u00edneas"],"inLanguage":"es-MX","potentialAction":[{"@type":"CommentAction","name":"Comment","target":["https:\/\/nitu.mx\/index.php\/2023\/03\/23\/klm-llegara-a-163-destinos-durante-el-verano\/#respond"]}]},{"@type":"WebPage","@id":"https:\/\/nitu.mx\/index.php\/2023\/03\/23\/klm-llegara-a-163-destinos-durante-el-verano\/","url":"https:\/\/nitu.mx\/index.php\/2023\/03\/23\/klm-llegara-a-163-destinos-durante-el-verano\/","name":"KLM llegar\u00e1 a 163 destinos durante el verano - Nitu - Noticias de la Industria Turistica","isPartOf":{"@id":"https:\/\/nitu.mx\/#website"},"primaryImageOfPage":{"@id":"https:\/\/nitu.mx\/index.php\/2023\/03\/23\/klm-llegara-a-163-destinos-durante-el-verano\/#primaryimage"},"image":{"@id":"https:\/\/nitu.mx\/index.php\/2023\/03\/23\/klm-llegara-a-163-destinos-durante-el-verano\/#primaryimage"},"thumbnailUrl":"https:\/\/nitu.mx\/wp-content\/uploads\/2017\/10\/klm-1-1.jpg","datePublished":"2023-03-23T11:22:18+00:00","dateModified":"2023-03-23T11:22:38+00:00","breadcrumb":{"@id":"https:\/\/nitu.mx\/index.php\/2023\/03\/23\/klm-llegara-a-163-destinos-durante-el-verano\/#breadcrumb"},"inLanguage":"es-MX","potentialAction":[{"@type":"ReadAction","target":["https:\/\/nitu.mx\/index.php\/2023\/03\/23\/klm-llegara-a-163-destinos-durante-el-verano\/"]}]},{"@type":"ImageObject","inLanguage":"es-MX","@id":"https:\/\/nitu.mx\/index.php\/2023\/03\/23\/klm-llegara-a-163-destinos-durante-el-verano\/#primaryimage","url":"https:\/\/nitu.mx\/wp-content\/uploads\/2017\/10\/klm-1-1.jpg","contentUrl":"https:\/\/nitu.mx\/wp-content\/uploads\/2017\/10\/klm-1-1.jpg","width":850,"height":480,"caption":"klm"},{"@type":"BreadcrumbList","@id":"https:\/\/nitu.mx\/index.php\/2023\/03\/23\/klm-llegara-a-163-destinos-durante-el-verano\/#breadcrumb","itemListElement":[{"@type":"ListItem","position":1,"name":"Inicio","item":"https:\/\/nitu.mx\/"},{"@type":"ListItem","position":2,"name":"KLM llegar\u00e1 a 163 destinos durante el verano"}]},{"@type":"WebSite","@id":"https:\/\/nitu.mx\/#website","url":"https:\/\/nitu.mx\/","name":"Nitu - Noticias de la Industria Turistica","description":"Noticias de la Industria Turistica","publisher":{"@id":"https:\/\/nitu.mx\/#\/schema\/person\/ae7a53426417292d3dd07b45a33e01bc"},"alternateName":"Noticias de la Industria Turistica","potentialAction":[{"@type":"SearchAction","target":{"@type":"EntryPoint","urlTemplate":"https:\/\/nitu.mx\/?s={search_term_string}"},"query-input":"required name=search_term_string"}],"inLanguage":"es-MX"},{"@type":["Person","Organization"],"@id":"https:\/\/nitu.mx\/#\/schema\/person\/ae7a53426417292d3dd07b45a33e01bc","name":"Arturo Medina","image":{"@type":"ImageObject","inLanguage":"es-MX","@id":"https:\/\/nitu.mx\/#\/schema\/person\/image\/","url":"https:\/\/nitu.mx\/wp-content\/uploads\/2024\/04\/4A315622-1904-4D5C-B022-878CDC840E04-90x90-1.jpeg","contentUrl":"https:\/\/nitu.mx\/wp-content\/uploads\/2024\/04\/4A315622-1904-4D5C-B022-878CDC840E04-90x90-1.jpeg","width":90,"height":90,"caption":"Arturo Medina"},"logo":{"@id":"https:\/\/nitu.mx\/#\/schema\/person\/image\/"},"description":"Director NITU.mx, Egresado de la Escuela de Periodismo Carlos Septi\u00e9n Garc\u00eda. Periodista y analista especializado en turismo desde hace 35 a\u00f1os, radicado en Canc\u00fan Q.Roo. arturo@nitu.mx","sameAs":["https:\/\/nitu.mx","https:\/\/www.facebook.com\/NITUmx\/","medinacancun","https:\/\/twitter.com\/@Arturo_Medina_G"]},{"@type":"Person","@id":"https:\/\/nitu.mx\/#\/schema\/person\/4a28fe9bd65924f7c90623773daf1b0b","name":"Redacci\u00f3n","image":{"@type":"ImageObject","inLanguage":"es-MX","@id":"https:\/\/nitu.mx\/#\/schema\/person\/image\/","url":"https:\/\/secure.gravatar.com\/avatar\/5dd011c8ccfc5cd7e4c81e42252aab38?s=96&d=mm&r=g","contentUrl":"https:\/\/secure.gravatar.com\/avatar\/5dd011c8ccfc5cd7e4c81e42252aab38?s=96&d=mm&r=g","caption":"Redacci\u00f3n"},"url":"https:\/\/nitu.mx\/index.php\/author\/redaccion\/"}]}},"views":373,"_links":{"self":[{"href":"https:\/\/nitu.mx\/index.php\/wp-json\/wp\/v2\/posts\/63776"}],"collection":[{"href":"https:\/\/nitu.mx\/index.php\/wp-json\/wp\/v2\/posts"}],"about":[{"href":"https:\/\/nitu.mx\/index.php\/wp-json\/wp\/v2\/types\/post"}],"author":[{"embeddable":true,"href":"https:\/\/nitu.mx\/index.php\/wp-json\/wp\/v2\/users\/17"}],"replies":[{"embeddable":true,"href":"https:\/\/nitu.mx\/index.php\/wp-json\/wp\/v2\/comments?post=63776"}],"version-history":[{"count":1,"href":"https:\/\/nitu.mx\/index.php\/wp-json\/wp\/v2\/posts\/63776\/revisions"}],"predecessor-version":[{"id":63777,"href":"https:\/\/nitu.mx\/index.php\/wp-json\/wp\/v2\/posts\/63776\/revisions\/63777"}],"wp:featuredmedia":[{"embeddable":true,"href":"https:\/\/nitu.mx\/index.php\/wp-json\/wp\/v2\/media\/13635"}],"wp:attachment":[{"href":"https:\/\/nitu.mx\/index.php\/wp-json\/wp\/v2\/media?parent=63776"}],"wp:term":[{"taxonomy":"category","embeddable":true,"href":"https:\/\/nitu.mx\/index.php\/wp-json\/wp\/v2\/categories?post=63776"},{"taxonomy":"post_tag","embeddable":true,"href":"https:\/\/nitu.mx\/index.php\/wp-json\/wp\/v2\/tags?post=63776"}],"curies":[{"name":"wp","href":"https:\/\/api.w.org\/{rel}","templated":true}]}}