{"id":63759,"date":"2023-03-22T06:55:51","date_gmt":"2023-03-22T11:55:51","guid":{"rendered":"https:\/\/www.dev.nitu.mx\/?p=63759"},"modified":"2023-03-22T06:56:09","modified_gmt":"2023-03-22T11:56:09","slug":"conexstur-participa-en-ferias-internacionales-para-promover-a-mexico","status":"publish","type":"post","link":"https:\/\/nitu.mx\/index.php\/2023\/03\/22\/conexstur-participa-en-ferias-internacionales-para-promover-a-mexico\/","title":{"rendered":"Conexstur participa en ferias internacionales para promover a M\u00e9xico"},"content":{"rendered":"<p>En este primer trimestre del 2023, el Consejo Nacional de Exportadores de Servicios Tur\u00edsticos (CONEXSTUR) contin\u00faa de forma activa con la promoci\u00f3n de M\u00e9xico a nivel internacional, ya que despu\u00e9s de estar presentes en FITUR Espa\u00f1a y ANATO Colombia, ahora el turno fue en ITB Berl\u00edn 2023, una de las principales ferias para el mercado europeo.<\/p>\n<p>Para los socios de CONEXSTUR, el estar presentes en estos eventos internacionales es primordial, ya que es justo el canal de comercializaci\u00f3n del Tour Operador Receptivo, y estos escenarios nos permiten mostrar nuevos e innovadores productos tur\u00edsticos mexicanos, acorde a los requerimientos del mercado europeo.<\/p>\n<p>Si bien es cierto estamos en una era digital, el regresar a los recintos feriales nos permite tener interacciones con nuevas empresas, saludar y brindar una atenci\u00f3n c\u00e1lida y especial a los clientes, siempre con el objetivo de que M\u00e9xico est\u00e9 presente.<\/p>\n<ul>\n<li>Reuni\u00f3n en la Embajada de M\u00e9xico en Alemania.- V\u00edctor Enr\u00edquez, presidente de CONEXSTUR y B\u00e1rbara Castellanos, tesorera, tuvieron una productiva reuni\u00f3n con Francisco Quiroga, embajador de M\u00e9xico en Alemania y con Florentino Cabrera, encargado de la Promoci\u00f3n Tur\u00edstica, algunos de los puntos abordados fueron: Retomar la vinculaci\u00f3n con la nueva Mesa Directiva de CONEXSTUR; desarrollo e integraci\u00f3n de productos para el mercado Alem\u00e1n enfocada en el turismo de negocios; creaci\u00f3n de contenido en el idioma para promoci\u00f3n en este Pa\u00eds; impulsar eventos en M\u00e9xico para la visita del turismo Europeo; organizaci\u00f3n de evento\/presentaci\u00f3n a finales del 2023, entre otros.<\/li>\n<li>&#8211; \u00a0Reuni\u00f3n Asociaci\u00f3n Latein Amerika.- Se tuvo un primer acercamiento para revisar objetivos y trabajar en conjunto para temas de promoci\u00f3n, capacitaci\u00f3n y vinculaci\u00f3n; posterior a esta reuni\u00f3n se particip\u00f3 en un coctel por la celebraci\u00f3n del 40 aniversario donde se realizaron vinculaciones con mayoristas de diferentes pa\u00edses. En esta ocasi\u00f3n participaron 9 asociados que cuentan con producto id\u00f3neo para este mercado. Durante esta feria se llevaron a cabo diferentes actividades de sus asociados y CONEXSTUR.<\/li>\n<li>&#8211; \u00a0CONEXSTUR en inauguraci\u00f3n de ITB Berl\u00edn.- El Presidente de CONEXSTUR, V\u00edctor Enr\u00edquez particip\u00f3 presencialmente en el corte del list\u00f3n inaugural del pabell\u00f3n de M\u00e9xico en ITB Berl\u00edn 2023, as\u00ed como en la toma de la foto oficial acompa\u00f1ando al secretario de Turismo de M\u00e9xico, Miguel Torruco Marqu\u00e9s.<\/li>\n<\/ul>\n","protected":false},"excerpt":{"rendered":"<p>En este primer trimestre del 2023, el Consejo Nacional de Exportadores de Servicios Tur\u00edsticos (CONEXSTUR) contin\u00faa de forma activa con la promoci\u00f3n de M\u00e9xico a nivel internacional, ya que despu\u00e9s de estar presentes en FITUR Espa\u00f1a y ANATO Colombia, ahora el turno fue en ITB Berl\u00edn 2023, una de las principales ferias para el mercado [&hellip;]<\/p>\n","protected":false},"author":17,"featured_media":63760,"comment_status":"open","ping_status":"open","sticky":false,"template":"","format":"standard","meta":{"footnotes":""},"categories":[3],"tags":[1121,3507,93],"yoast_head":"<!-- This site is optimized with the Yoast SEO plugin v22.2 - https:\/\/yoast.com\/wordpress\/plugins\/seo\/ -->\n<title>Conexstur participa en ferias internacionales para promover a M\u00e9xico - Nitu - Noticias de la Industria Turistica<\/title>\n<meta name=\"robots\" content=\"index, follow, max-snippet:-1, max-image-preview:large, max-video-preview:-1\" \/>\n<link rel=\"canonical\" href=\"https:\/\/nitu.mx\/index.php\/2023\/03\/22\/conexstur-participa-en-ferias-internacionales-para-promover-a-mexico\/\" \/>\n<meta name=\"twitter:card\" content=\"summary_large_image\" \/>\n<meta name=\"twitter:title\" content=\"Conexstur participa en ferias internacionales para promover a M\u00e9xico - Nitu - Noticias de la Industria Turistica\" \/>\n<meta name=\"twitter:description\" content=\"En este primer trimestre del 2023, el Consejo Nacional de Exportadores de Servicios Tur\u00edsticos (CONEXSTUR) contin\u00faa de forma activa con la promoci\u00f3n de M\u00e9xico a nivel internacional, ya que despu\u00e9s de estar presentes en FITUR Espa\u00f1a y ANATO Colombia, ahora el turno fue en ITB Berl\u00edn 2023, una de las principales ferias para el mercado [&hellip;]\" \/>\n<meta name=\"twitter:image\" content=\"https:\/\/nitu.mx\/wp-content\/uploads\/2023\/03\/Conexstur-promocio\u0301n-Me\u0301xico.jpg\" \/>\n<meta name=\"twitter:creator\" content=\"@NITUmx\" \/>\n<meta name=\"twitter:site\" content=\"@Arturo_Medina_G\" \/>\n<meta name=\"twitter:label1\" content=\"Escrito por\" \/>\n\t<meta name=\"twitter:data1\" content=\"Redacci\u00f3n\" \/>\n\t<meta name=\"twitter:label2\" content=\"Tiempo de lectura\" \/>\n\t<meta name=\"twitter:data2\" content=\"2 minutos\" \/>\n<script type=\"application\/ld+json\" class=\"yoast-schema-graph\">{\"@context\":\"https:\/\/schema.org\",\"@graph\":[{\"@type\":\"Article\",\"@id\":\"https:\/\/nitu.mx\/index.php\/2023\/03\/22\/conexstur-participa-en-ferias-internacionales-para-promover-a-mexico\/#article\",\"isPartOf\":{\"@id\":\"https:\/\/nitu.mx\/index.php\/2023\/03\/22\/conexstur-participa-en-ferias-internacionales-para-promover-a-mexico\/\"},\"author\":{\"name\":\"Redacci\u00f3n\",\"@id\":\"https:\/\/nitu.mx\/#\/schema\/person\/4a28fe9bd65924f7c90623773daf1b0b\"},\"headline\":\"Conexstur participa en ferias internacionales para promover a M\u00e9xico\",\"datePublished\":\"2023-03-22T11:55:51+00:00\",\"dateModified\":\"2023-03-22T11:56:09+00:00\",\"mainEntityOfPage\":{\"@id\":\"https:\/\/nitu.mx\/index.php\/2023\/03\/22\/conexstur-participa-en-ferias-internacionales-para-promover-a-mexico\/\"},\"wordCount\":425,\"commentCount\":0,\"publisher\":{\"@id\":\"https:\/\/nitu.mx\/#\/schema\/person\/ae7a53426417292d3dd07b45a33e01bc\"},\"image\":{\"@id\":\"https:\/\/nitu.mx\/index.php\/2023\/03\/22\/conexstur-participa-en-ferias-internacionales-para-promover-a-mexico\/#primaryimage\"},\"thumbnailUrl\":\"https:\/\/nitu.mx\/wp-content\/uploads\/2023\/03\/Conexstur-promocio\u0301n-Me\u0301xico.jpg\",\"keywords\":[\"Conexstur\",\"ITB Berl\u00edn\",\"Sectur\"],\"articleSection\":[\"Agencias de Viajes\"],\"inLanguage\":\"es-MX\",\"potentialAction\":[{\"@type\":\"CommentAction\",\"name\":\"Comment\",\"target\":[\"https:\/\/nitu.mx\/index.php\/2023\/03\/22\/conexstur-participa-en-ferias-internacionales-para-promover-a-mexico\/#respond\"]}]},{\"@type\":\"WebPage\",\"@id\":\"https:\/\/nitu.mx\/index.php\/2023\/03\/22\/conexstur-participa-en-ferias-internacionales-para-promover-a-mexico\/\",\"url\":\"https:\/\/nitu.mx\/index.php\/2023\/03\/22\/conexstur-participa-en-ferias-internacionales-para-promover-a-mexico\/\",\"name\":\"Conexstur participa en ferias internacionales para promover a M\u00e9xico - Nitu - Noticias de la Industria Turistica\",\"isPartOf\":{\"@id\":\"https:\/\/nitu.mx\/#website\"},\"primaryImageOfPage\":{\"@id\":\"https:\/\/nitu.mx\/index.php\/2023\/03\/22\/conexstur-participa-en-ferias-internacionales-para-promover-a-mexico\/#primaryimage\"},\"image\":{\"@id\":\"https:\/\/nitu.mx\/index.php\/2023\/03\/22\/conexstur-participa-en-ferias-internacionales-para-promover-a-mexico\/#primaryimage\"},\"thumbnailUrl\":\"https:\/\/nitu.mx\/wp-content\/uploads\/2023\/03\/Conexstur-promocio\u0301n-Me\u0301xico.jpg\",\"datePublished\":\"2023-03-22T11:55:51+00:00\",\"dateModified\":\"2023-03-22T11:56:09+00:00\",\"breadcrumb\":{\"@id\":\"https:\/\/nitu.mx\/index.php\/2023\/03\/22\/conexstur-participa-en-ferias-internacionales-para-promover-a-mexico\/#breadcrumb\"},\"inLanguage\":\"es-MX\",\"potentialAction\":[{\"@type\":\"ReadAction\",\"target\":[\"https:\/\/nitu.mx\/index.php\/2023\/03\/22\/conexstur-participa-en-ferias-internacionales-para-promover-a-mexico\/\"]}]},{\"@type\":\"ImageObject\",\"inLanguage\":\"es-MX\",\"@id\":\"https:\/\/nitu.mx\/index.php\/2023\/03\/22\/conexstur-participa-en-ferias-internacionales-para-promover-a-mexico\/#primaryimage\",\"url\":\"https:\/\/nitu.mx\/wp-content\/uploads\/2023\/03\/Conexstur-promocio\u0301n-Me\u0301xico.jpg\",\"contentUrl\":\"https:\/\/nitu.mx\/wp-content\/uploads\/2023\/03\/Conexstur-promocio\u0301n-Me\u0301xico.jpg\",\"width\":1200,\"height\":675},{\"@type\":\"BreadcrumbList\",\"@id\":\"https:\/\/nitu.mx\/index.php\/2023\/03\/22\/conexstur-participa-en-ferias-internacionales-para-promover-a-mexico\/#breadcrumb\",\"itemListElement\":[{\"@type\":\"ListItem\",\"position\":1,\"name\":\"Inicio\",\"item\":\"https:\/\/nitu.mx\/\"},{\"@type\":\"ListItem\",\"position\":2,\"name\":\"Conexstur participa en ferias internacionales para promover a M\u00e9xico\"}]},{\"@type\":\"WebSite\",\"@id\":\"https:\/\/nitu.mx\/#website\",\"url\":\"https:\/\/nitu.mx\/\",\"name\":\"Nitu - Noticias de la Industria Turistica\",\"description\":\"Noticias de la Industria Turistica\",\"publisher\":{\"@id\":\"https:\/\/nitu.mx\/#\/schema\/person\/ae7a53426417292d3dd07b45a33e01bc\"},\"alternateName\":\"Noticias de la Industria Turistica\",\"potentialAction\":[{\"@type\":\"SearchAction\",\"target\":{\"@type\":\"EntryPoint\",\"urlTemplate\":\"https:\/\/nitu.mx\/?s={search_term_string}\"},\"query-input\":\"required name=search_term_string\"}],\"inLanguage\":\"es-MX\"},{\"@type\":[\"Person\",\"Organization\"],\"@id\":\"https:\/\/nitu.mx\/#\/schema\/person\/ae7a53426417292d3dd07b45a33e01bc\",\"name\":\"Arturo Medina\",\"image\":{\"@type\":\"ImageObject\",\"inLanguage\":\"es-MX\",\"@id\":\"https:\/\/nitu.mx\/#\/schema\/person\/image\/\",\"url\":\"https:\/\/nitu.mx\/wp-content\/uploads\/2024\/04\/4A315622-1904-4D5C-B022-878CDC840E04-90x90-1.jpeg\",\"contentUrl\":\"https:\/\/nitu.mx\/wp-content\/uploads\/2024\/04\/4A315622-1904-4D5C-B022-878CDC840E04-90x90-1.jpeg\",\"width\":90,\"height\":90,\"caption\":\"Arturo Medina\"},\"logo\":{\"@id\":\"https:\/\/nitu.mx\/#\/schema\/person\/image\/\"},\"description\":\"Director NITU.mx, Egresado de la Escuela de Periodismo Carlos Septi\u00e9n Garc\u00eda. Periodista y analista especializado en turismo desde hace 35 a\u00f1os, radicado en Canc\u00fan Q.Roo. arturo@nitu.mx\",\"sameAs\":[\"https:\/\/nitu.mx\",\"https:\/\/www.facebook.com\/NITUmx\/\",\"medinacancun\",\"https:\/\/twitter.com\/@Arturo_Medina_G\"]},{\"@type\":\"Person\",\"@id\":\"https:\/\/nitu.mx\/#\/schema\/person\/4a28fe9bd65924f7c90623773daf1b0b\",\"name\":\"Redacci\u00f3n\",\"image\":{\"@type\":\"ImageObject\",\"inLanguage\":\"es-MX\",\"@id\":\"https:\/\/nitu.mx\/#\/schema\/person\/image\/\",\"url\":\"https:\/\/secure.gravatar.com\/avatar\/5dd011c8ccfc5cd7e4c81e42252aab38?s=96&d=mm&r=g\",\"contentUrl\":\"https:\/\/secure.gravatar.com\/avatar\/5dd011c8ccfc5cd7e4c81e42252aab38?s=96&d=mm&r=g\",\"caption\":\"Redacci\u00f3n\"},\"url\":\"https:\/\/nitu.mx\/index.php\/author\/redaccion\/\"}]}<\/script>\n<!-- \/ Yoast SEO plugin. -->","yoast_head_json":{"title":"Conexstur participa en ferias internacionales para promover a M\u00e9xico - Nitu - Noticias de la Industria Turistica","robots":{"index":"index","follow":"follow","max-snippet":"max-snippet:-1","max-image-preview":"max-image-preview:large","max-video-preview":"max-video-preview:-1"},"canonical":"https:\/\/nitu.mx\/index.php\/2023\/03\/22\/conexstur-participa-en-ferias-internacionales-para-promover-a-mexico\/","twitter_card":"summary_large_image","twitter_title":"Conexstur participa en ferias internacionales para promover a M\u00e9xico - Nitu - Noticias de la Industria Turistica","twitter_description":"En este primer trimestre del 2023, el Consejo Nacional de Exportadores de Servicios Tur\u00edsticos (CONEXSTUR) contin\u00faa de forma activa con la promoci\u00f3n de M\u00e9xico a nivel internacional, ya que despu\u00e9s de estar presentes en FITUR Espa\u00f1a y ANATO Colombia, ahora el turno fue en ITB Berl\u00edn 2023, una de las principales ferias para el mercado [&hellip;]","twitter_image":"https:\/\/nitu.mx\/wp-content\/uploads\/2023\/03\/Conexstur-promocio\u0301n-Me\u0301xico.jpg","twitter_creator":"@NITUmx","twitter_site":"@Arturo_Medina_G","twitter_misc":{"Escrito por":"Redacci\u00f3n","Tiempo de lectura":"2 minutos"},"schema":{"@context":"https:\/\/schema.org","@graph":[{"@type":"Article","@id":"https:\/\/nitu.mx\/index.php\/2023\/03\/22\/conexstur-participa-en-ferias-internacionales-para-promover-a-mexico\/#article","isPartOf":{"@id":"https:\/\/nitu.mx\/index.php\/2023\/03\/22\/conexstur-participa-en-ferias-internacionales-para-promover-a-mexico\/"},"author":{"name":"Redacci\u00f3n","@id":"https:\/\/nitu.mx\/#\/schema\/person\/4a28fe9bd65924f7c90623773daf1b0b"},"headline":"Conexstur participa en ferias internacionales para promover a M\u00e9xico","datePublished":"2023-03-22T11:55:51+00:00","dateModified":"2023-03-22T11:56:09+00:00","mainEntityOfPage":{"@id":"https:\/\/nitu.mx\/index.php\/2023\/03\/22\/conexstur-participa-en-ferias-internacionales-para-promover-a-mexico\/"},"wordCount":425,"commentCount":0,"publisher":{"@id":"https:\/\/nitu.mx\/#\/schema\/person\/ae7a53426417292d3dd07b45a33e01bc"},"image":{"@id":"https:\/\/nitu.mx\/index.php\/2023\/03\/22\/conexstur-participa-en-ferias-internacionales-para-promover-a-mexico\/#primaryimage"},"thumbnailUrl":"https:\/\/nitu.mx\/wp-content\/uploads\/2023\/03\/Conexstur-promocio\u0301n-Me\u0301xico.jpg","keywords":["Conexstur","ITB Berl\u00edn","Sectur"],"articleSection":["Agencias de Viajes"],"inLanguage":"es-MX","potentialAction":[{"@type":"CommentAction","name":"Comment","target":["https:\/\/nitu.mx\/index.php\/2023\/03\/22\/conexstur-participa-en-ferias-internacionales-para-promover-a-mexico\/#respond"]}]},{"@type":"WebPage","@id":"https:\/\/nitu.mx\/index.php\/2023\/03\/22\/conexstur-participa-en-ferias-internacionales-para-promover-a-mexico\/","url":"https:\/\/nitu.mx\/index.php\/2023\/03\/22\/conexstur-participa-en-ferias-internacionales-para-promover-a-mexico\/","name":"Conexstur participa en ferias internacionales para promover a M\u00e9xico - Nitu - Noticias de la Industria Turistica","isPartOf":{"@id":"https:\/\/nitu.mx\/#website"},"primaryImageOfPage":{"@id":"https:\/\/nitu.mx\/index.php\/2023\/03\/22\/conexstur-participa-en-ferias-internacionales-para-promover-a-mexico\/#primaryimage"},"image":{"@id":"https:\/\/nitu.mx\/index.php\/2023\/03\/22\/conexstur-participa-en-ferias-internacionales-para-promover-a-mexico\/#primaryimage"},"thumbnailUrl":"https:\/\/nitu.mx\/wp-content\/uploads\/2023\/03\/Conexstur-promocio\u0301n-Me\u0301xico.jpg","datePublished":"2023-03-22T11:55:51+00:00","dateModified":"2023-03-22T11:56:09+00:00","breadcrumb":{"@id":"https:\/\/nitu.mx\/index.php\/2023\/03\/22\/conexstur-participa-en-ferias-internacionales-para-promover-a-mexico\/#breadcrumb"},"inLanguage":"es-MX","potentialAction":[{"@type":"ReadAction","target":["https:\/\/nitu.mx\/index.php\/2023\/03\/22\/conexstur-participa-en-ferias-internacionales-para-promover-a-mexico\/"]}]},{"@type":"ImageObject","inLanguage":"es-MX","@id":"https:\/\/nitu.mx\/index.php\/2023\/03\/22\/conexstur-participa-en-ferias-internacionales-para-promover-a-mexico\/#primaryimage","url":"https:\/\/nitu.mx\/wp-content\/uploads\/2023\/03\/Conexstur-promocio\u0301n-Me\u0301xico.jpg","contentUrl":"https:\/\/nitu.mx\/wp-content\/uploads\/2023\/03\/Conexstur-promocio\u0301n-Me\u0301xico.jpg","width":1200,"height":675},{"@type":"BreadcrumbList","@id":"https:\/\/nitu.mx\/index.php\/2023\/03\/22\/conexstur-participa-en-ferias-internacionales-para-promover-a-mexico\/#breadcrumb","itemListElement":[{"@type":"ListItem","position":1,"name":"Inicio","item":"https:\/\/nitu.mx\/"},{"@type":"ListItem","position":2,"name":"Conexstur participa en ferias internacionales para promover a M\u00e9xico"}]},{"@type":"WebSite","@id":"https:\/\/nitu.mx\/#website","url":"https:\/\/nitu.mx\/","name":"Nitu - Noticias de la Industria Turistica","description":"Noticias de la Industria Turistica","publisher":{"@id":"https:\/\/nitu.mx\/#\/schema\/person\/ae7a53426417292d3dd07b45a33e01bc"},"alternateName":"Noticias de la Industria Turistica","potentialAction":[{"@type":"SearchAction","target":{"@type":"EntryPoint","urlTemplate":"https:\/\/nitu.mx\/?s={search_term_string}"},"query-input":"required name=search_term_string"}],"inLanguage":"es-MX"},{"@type":["Person","Organization"],"@id":"https:\/\/nitu.mx\/#\/schema\/person\/ae7a53426417292d3dd07b45a33e01bc","name":"Arturo Medina","image":{"@type":"ImageObject","inLanguage":"es-MX","@id":"https:\/\/nitu.mx\/#\/schema\/person\/image\/","url":"https:\/\/nitu.mx\/wp-content\/uploads\/2024\/04\/4A315622-1904-4D5C-B022-878CDC840E04-90x90-1.jpeg","contentUrl":"https:\/\/nitu.mx\/wp-content\/uploads\/2024\/04\/4A315622-1904-4D5C-B022-878CDC840E04-90x90-1.jpeg","width":90,"height":90,"caption":"Arturo Medina"},"logo":{"@id":"https:\/\/nitu.mx\/#\/schema\/person\/image\/"},"description":"Director NITU.mx, Egresado de la Escuela de Periodismo Carlos Septi\u00e9n Garc\u00eda. Periodista y analista especializado en turismo desde hace 35 a\u00f1os, radicado en Canc\u00fan Q.Roo. arturo@nitu.mx","sameAs":["https:\/\/nitu.mx","https:\/\/www.facebook.com\/NITUmx\/","medinacancun","https:\/\/twitter.com\/@Arturo_Medina_G"]},{"@type":"Person","@id":"https:\/\/nitu.mx\/#\/schema\/person\/4a28fe9bd65924f7c90623773daf1b0b","name":"Redacci\u00f3n","image":{"@type":"ImageObject","inLanguage":"es-MX","@id":"https:\/\/nitu.mx\/#\/schema\/person\/image\/","url":"https:\/\/secure.gravatar.com\/avatar\/5dd011c8ccfc5cd7e4c81e42252aab38?s=96&d=mm&r=g","contentUrl":"https:\/\/secure.gravatar.com\/avatar\/5dd011c8ccfc5cd7e4c81e42252aab38?s=96&d=mm&r=g","caption":"Redacci\u00f3n"},"url":"https:\/\/nitu.mx\/index.php\/author\/redaccion\/"}]}},"views":442,"_links":{"self":[{"href":"https:\/\/nitu.mx\/index.php\/wp-json\/wp\/v2\/posts\/63759"}],"collection":[{"href":"https:\/\/nitu.mx\/index.php\/wp-json\/wp\/v2\/posts"}],"about":[{"href":"https:\/\/nitu.mx\/index.php\/wp-json\/wp\/v2\/types\/post"}],"author":[{"embeddable":true,"href":"https:\/\/nitu.mx\/index.php\/wp-json\/wp\/v2\/users\/17"}],"replies":[{"embeddable":true,"href":"https:\/\/nitu.mx\/index.php\/wp-json\/wp\/v2\/comments?post=63759"}],"version-history":[{"count":1,"href":"https:\/\/nitu.mx\/index.php\/wp-json\/wp\/v2\/posts\/63759\/revisions"}],"predecessor-version":[{"id":63761,"href":"https:\/\/nitu.mx\/index.php\/wp-json\/wp\/v2\/posts\/63759\/revisions\/63761"}],"wp:featuredmedia":[{"embeddable":true,"href":"https:\/\/nitu.mx\/index.php\/wp-json\/wp\/v2\/media\/63760"}],"wp:attachment":[{"href":"https:\/\/nitu.mx\/index.php\/wp-json\/wp\/v2\/media?parent=63759"}],"wp:term":[{"taxonomy":"category","embeddable":true,"href":"https:\/\/nitu.mx\/index.php\/wp-json\/wp\/v2\/categories?post=63759"},{"taxonomy":"post_tag","embeddable":true,"href":"https:\/\/nitu.mx\/index.php\/wp-json\/wp\/v2\/tags?post=63759"}],"curies":[{"name":"wp","href":"https:\/\/api.w.org\/{rel}","templated":true}]}}