{"id":63755,"date":"2023-03-21T21:32:03","date_gmt":"2023-03-22T02:32:03","guid":{"rendered":"https:\/\/www.dev.nitu.mx\/?p=63755"},"modified":"2023-03-22T06:57:21","modified_gmt":"2023-03-22T11:57:21","slug":"se-prepara-cancun-para-springbrake","status":"publish","type":"post","link":"https:\/\/nitu.mx\/index.php\/2023\/03\/21\/se-prepara-cancun-para-springbrake\/","title":{"rendered":"Se prepara Canc\u00fan para spring break"},"content":{"rendered":"<p>La gobernadora Mara Lezama Espinosa destac\u00f3 las acciones de seguridad que se implementan en el Caribe Mexicano ante el inicio de vacaciones de primavera, con apoyo de corporaciones de los tres niveles de gobierno.<\/p>\n<p>\u201cTodas y todos trabajamos diariamente en acciones conjuntas, en torno al Nuevo Acuerdo por el Bienestar y Desarrollo de Quintana Roo, para reforzar la seguridad y se mantiene presencia en todas las playas, con elementos de Marina, Guardia Nacional, Polic\u00eda Tur\u00edstica y Polic\u00eda Estatal\u201d, destac\u00f3.<\/p>\n<p>Justo ante el inicio de la temporada de Spring Break, la gobernadora dio la bienvenida a los visitantes que prefieren las playas azul turquesa.<\/p>\n<p>Destac\u00f3 que a partir de las 10 de la noche se inicia todos los d\u00edas el operativo \u201cC\u00edrculo Rojo\u201d para vigilar bares y discotecas, adem\u00e1s de que se cuenta con Centros de Atenci\u00f3n Inmediata (CAIS) y carpas donde se revisan las c\u00e1maras de video de circuitos cerrados, as\u00ed el monitoreo que se realiza desde el C5.<\/p>\n<p>Reiter\u00f3 que Quintana Roo y sus diferentes destinos tur\u00edsticos son comunidades seguras.<\/p>\n<p>As\u00ed lo pudieron constatar los tres millones 829 mil pasajeros que recibimos entre en enero y febrero de este a\u00f1o. Por cierto, 830 mil pasajeros m\u00e1s que en el mismo periodo de 2022, apunt\u00f3.<\/p>\n<p>Mara Lezama se\u00f1al\u00f3 que todas y todos en Quintana Roo trabajan diariamente en acciones conjuntas para reforzar la seguridad para visitantes y tambi\u00e9n para los ciudadanos que habitan en la entidad.<\/p>\n","protected":false},"excerpt":{"rendered":"<p>La gobernadora Mara Lezama Espinosa destac\u00f3 las acciones de seguridad que se implementan en el Caribe Mexicano ante el inicio de vacaciones de primavera, con apoyo de corporaciones de los tres niveles de gobierno. \u201cTodas y todos trabajamos diariamente en acciones conjuntas, en torno al Nuevo Acuerdo por el Bienestar y Desarrollo de Quintana Roo, [&hellip;]<\/p>\n","protected":false},"author":2,"featured_media":63757,"comment_status":"open","ping_status":"open","sticky":false,"template":"","format":"standard","meta":{"footnotes":""},"categories":[21403],"tags":[43,14028],"yoast_head":"<!-- This site is optimized with the Yoast SEO plugin v22.2 - https:\/\/yoast.com\/wordpress\/plugins\/seo\/ -->\n<title>Se prepara Canc\u00fan para spring break - Nitu - Noticias de la Industria Turistica<\/title>\n<meta name=\"robots\" content=\"index, follow, max-snippet:-1, max-image-preview:large, max-video-preview:-1\" \/>\n<link rel=\"canonical\" href=\"https:\/\/nitu.mx\/index.php\/2023\/03\/21\/se-prepara-cancun-para-springbrake\/\" \/>\n<meta name=\"twitter:card\" content=\"summary_large_image\" \/>\n<meta name=\"twitter:title\" content=\"Se prepara Canc\u00fan para spring break - Nitu - Noticias de la Industria Turistica\" \/>\n<meta name=\"twitter:description\" content=\"La gobernadora Mara Lezama Espinosa destac\u00f3 las acciones de seguridad que se implementan en el Caribe Mexicano ante el inicio de vacaciones de primavera, con apoyo de corporaciones de los tres niveles de gobierno. \u201cTodas y todos trabajamos diariamente en acciones conjuntas, en torno al Nuevo Acuerdo por el Bienestar y Desarrollo de Quintana Roo, [&hellip;]\" \/>\n<meta name=\"twitter:image\" content=\"https:\/\/nitu.mx\/wp-content\/uploads\/2023\/03\/ML-Fortalece-11.jpeg\" \/>\n<meta name=\"twitter:creator\" content=\"@Arturo_Medina_G\" \/>\n<meta name=\"twitter:site\" content=\"@Arturo_Medina_G\" \/>\n<meta name=\"twitter:label1\" content=\"Escrito por\" \/>\n\t<meta name=\"twitter:data1\" content=\"Arturo Medina\" \/>\n\t<meta name=\"twitter:label2\" content=\"Tiempo de lectura\" \/>\n\t<meta name=\"twitter:data2\" content=\"1 minuto\" \/>\n<script type=\"application\/ld+json\" class=\"yoast-schema-graph\">{\"@context\":\"https:\/\/schema.org\",\"@graph\":[{\"@type\":\"Article\",\"@id\":\"https:\/\/nitu.mx\/index.php\/2023\/03\/21\/se-prepara-cancun-para-springbrake\/#article\",\"isPartOf\":{\"@id\":\"https:\/\/nitu.mx\/index.php\/2023\/03\/21\/se-prepara-cancun-para-springbrake\/\"},\"author\":{\"name\":\"Arturo Medina\",\"@id\":\"https:\/\/nitu.mx\/#\/schema\/person\/ae7a53426417292d3dd07b45a33e01bc\"},\"headline\":\"Se prepara Canc\u00fan para spring break\",\"datePublished\":\"2023-03-22T02:32:03+00:00\",\"dateModified\":\"2023-03-22T11:57:21+00:00\",\"mainEntityOfPage\":{\"@id\":\"https:\/\/nitu.mx\/index.php\/2023\/03\/21\/se-prepara-cancun-para-springbrake\/\"},\"wordCount\":252,\"commentCount\":0,\"publisher\":{\"@id\":\"https:\/\/nitu.mx\/#\/schema\/person\/ae7a53426417292d3dd07b45a33e01bc\"},\"image\":{\"@id\":\"https:\/\/nitu.mx\/index.php\/2023\/03\/21\/se-prepara-cancun-para-springbrake\/#primaryimage\"},\"thumbnailUrl\":\"https:\/\/nitu.mx\/wp-content\/uploads\/2023\/03\/ML-Fortalece-11.jpeg\",\"keywords\":[\"Canc\u00fan\",\"Mara Lezama\"],\"articleSection\":[\"Canc\u00fan\"],\"inLanguage\":\"es-MX\",\"potentialAction\":[{\"@type\":\"CommentAction\",\"name\":\"Comment\",\"target\":[\"https:\/\/nitu.mx\/index.php\/2023\/03\/21\/se-prepara-cancun-para-springbrake\/#respond\"]}]},{\"@type\":\"WebPage\",\"@id\":\"https:\/\/nitu.mx\/index.php\/2023\/03\/21\/se-prepara-cancun-para-springbrake\/\",\"url\":\"https:\/\/nitu.mx\/index.php\/2023\/03\/21\/se-prepara-cancun-para-springbrake\/\",\"name\":\"Se prepara Canc\u00fan para spring break - Nitu - Noticias de la Industria Turistica\",\"isPartOf\":{\"@id\":\"https:\/\/nitu.mx\/#website\"},\"primaryImageOfPage\":{\"@id\":\"https:\/\/nitu.mx\/index.php\/2023\/03\/21\/se-prepara-cancun-para-springbrake\/#primaryimage\"},\"image\":{\"@id\":\"https:\/\/nitu.mx\/index.php\/2023\/03\/21\/se-prepara-cancun-para-springbrake\/#primaryimage\"},\"thumbnailUrl\":\"https:\/\/nitu.mx\/wp-content\/uploads\/2023\/03\/ML-Fortalece-11.jpeg\",\"datePublished\":\"2023-03-22T02:32:03+00:00\",\"dateModified\":\"2023-03-22T11:57:21+00:00\",\"breadcrumb\":{\"@id\":\"https:\/\/nitu.mx\/index.php\/2023\/03\/21\/se-prepara-cancun-para-springbrake\/#breadcrumb\"},\"inLanguage\":\"es-MX\",\"potentialAction\":[{\"@type\":\"ReadAction\",\"target\":[\"https:\/\/nitu.mx\/index.php\/2023\/03\/21\/se-prepara-cancun-para-springbrake\/\"]}]},{\"@type\":\"ImageObject\",\"inLanguage\":\"es-MX\",\"@id\":\"https:\/\/nitu.mx\/index.php\/2023\/03\/21\/se-prepara-cancun-para-springbrake\/#primaryimage\",\"url\":\"https:\/\/nitu.mx\/wp-content\/uploads\/2023\/03\/ML-Fortalece-11.jpeg\",\"contentUrl\":\"https:\/\/nitu.mx\/wp-content\/uploads\/2023\/03\/ML-Fortalece-11.jpeg\",\"width\":1600,\"height\":1066},{\"@type\":\"BreadcrumbList\",\"@id\":\"https:\/\/nitu.mx\/index.php\/2023\/03\/21\/se-prepara-cancun-para-springbrake\/#breadcrumb\",\"itemListElement\":[{\"@type\":\"ListItem\",\"position\":1,\"name\":\"Inicio\",\"item\":\"https:\/\/nitu.mx\/\"},{\"@type\":\"ListItem\",\"position\":2,\"name\":\"Se prepara Canc\u00fan para spring break\"}]},{\"@type\":\"WebSite\",\"@id\":\"https:\/\/nitu.mx\/#website\",\"url\":\"https:\/\/nitu.mx\/\",\"name\":\"Nitu - Noticias de la Industria Turistica\",\"description\":\"Noticias de la Industria Turistica\",\"publisher\":{\"@id\":\"https:\/\/nitu.mx\/#\/schema\/person\/ae7a53426417292d3dd07b45a33e01bc\"},\"alternateName\":\"Noticias de la Industria Turistica\",\"potentialAction\":[{\"@type\":\"SearchAction\",\"target\":{\"@type\":\"EntryPoint\",\"urlTemplate\":\"https:\/\/nitu.mx\/?s={search_term_string}\"},\"query-input\":\"required name=search_term_string\"}],\"inLanguage\":\"es-MX\"},{\"@type\":[\"Person\",\"Organization\"],\"@id\":\"https:\/\/nitu.mx\/#\/schema\/person\/ae7a53426417292d3dd07b45a33e01bc\",\"name\":\"Arturo Medina\",\"image\":{\"@type\":\"ImageObject\",\"inLanguage\":\"es-MX\",\"@id\":\"https:\/\/nitu.mx\/#\/schema\/person\/image\/\",\"url\":\"https:\/\/nitu.mx\/wp-content\/uploads\/2024\/04\/4A315622-1904-4D5C-B022-878CDC840E04-90x90-1.jpeg\",\"contentUrl\":\"https:\/\/nitu.mx\/wp-content\/uploads\/2024\/04\/4A315622-1904-4D5C-B022-878CDC840E04-90x90-1.jpeg\",\"width\":90,\"height\":90,\"caption\":\"Arturo Medina\"},\"logo\":{\"@id\":\"https:\/\/nitu.mx\/#\/schema\/person\/image\/\"},\"description\":\"Director NITU.mx, Egresado de la Escuela de Periodismo Carlos Septi\u00e9n Garc\u00eda. Periodista y analista especializado en turismo desde hace 35 a\u00f1os, radicado en Canc\u00fan Q.Roo. arturo@nitu.mx\",\"sameAs\":[\"https:\/\/nitu.mx\",\"https:\/\/www.facebook.com\/NITUmx\/\",\"medinacancun\",\"https:\/\/twitter.com\/@Arturo_Medina_G\"],\"url\":\"https:\/\/nitu.mx\/index.php\/author\/arturo-medina\/\"}]}<\/script>\n<!-- \/ Yoast SEO plugin. -->","yoast_head_json":{"title":"Se prepara Canc\u00fan para spring break - Nitu - Noticias de la Industria Turistica","robots":{"index":"index","follow":"follow","max-snippet":"max-snippet:-1","max-image-preview":"max-image-preview:large","max-video-preview":"max-video-preview:-1"},"canonical":"https:\/\/nitu.mx\/index.php\/2023\/03\/21\/se-prepara-cancun-para-springbrake\/","twitter_card":"summary_large_image","twitter_title":"Se prepara Canc\u00fan para spring break - Nitu - Noticias de la Industria Turistica","twitter_description":"La gobernadora Mara Lezama Espinosa destac\u00f3 las acciones de seguridad que se implementan en el Caribe Mexicano ante el inicio de vacaciones de primavera, con apoyo de corporaciones de los tres niveles de gobierno. \u201cTodas y todos trabajamos diariamente en acciones conjuntas, en torno al Nuevo Acuerdo por el Bienestar y Desarrollo de Quintana Roo, [&hellip;]","twitter_image":"https:\/\/nitu.mx\/wp-content\/uploads\/2023\/03\/ML-Fortalece-11.jpeg","twitter_creator":"@Arturo_Medina_G","twitter_site":"@Arturo_Medina_G","twitter_misc":{"Escrito por":"Arturo Medina","Tiempo de lectura":"1 minuto"},"schema":{"@context":"https:\/\/schema.org","@graph":[{"@type":"Article","@id":"https:\/\/nitu.mx\/index.php\/2023\/03\/21\/se-prepara-cancun-para-springbrake\/#article","isPartOf":{"@id":"https:\/\/nitu.mx\/index.php\/2023\/03\/21\/se-prepara-cancun-para-springbrake\/"},"author":{"name":"Arturo Medina","@id":"https:\/\/nitu.mx\/#\/schema\/person\/ae7a53426417292d3dd07b45a33e01bc"},"headline":"Se prepara Canc\u00fan para spring break","datePublished":"2023-03-22T02:32:03+00:00","dateModified":"2023-03-22T11:57:21+00:00","mainEntityOfPage":{"@id":"https:\/\/nitu.mx\/index.php\/2023\/03\/21\/se-prepara-cancun-para-springbrake\/"},"wordCount":252,"commentCount":0,"publisher":{"@id":"https:\/\/nitu.mx\/#\/schema\/person\/ae7a53426417292d3dd07b45a33e01bc"},"image":{"@id":"https:\/\/nitu.mx\/index.php\/2023\/03\/21\/se-prepara-cancun-para-springbrake\/#primaryimage"},"thumbnailUrl":"https:\/\/nitu.mx\/wp-content\/uploads\/2023\/03\/ML-Fortalece-11.jpeg","keywords":["Canc\u00fan","Mara Lezama"],"articleSection":["Canc\u00fan"],"inLanguage":"es-MX","potentialAction":[{"@type":"CommentAction","name":"Comment","target":["https:\/\/nitu.mx\/index.php\/2023\/03\/21\/se-prepara-cancun-para-springbrake\/#respond"]}]},{"@type":"WebPage","@id":"https:\/\/nitu.mx\/index.php\/2023\/03\/21\/se-prepara-cancun-para-springbrake\/","url":"https:\/\/nitu.mx\/index.php\/2023\/03\/21\/se-prepara-cancun-para-springbrake\/","name":"Se prepara Canc\u00fan para spring break - Nitu - Noticias de la Industria Turistica","isPartOf":{"@id":"https:\/\/nitu.mx\/#website"},"primaryImageOfPage":{"@id":"https:\/\/nitu.mx\/index.php\/2023\/03\/21\/se-prepara-cancun-para-springbrake\/#primaryimage"},"image":{"@id":"https:\/\/nitu.mx\/index.php\/2023\/03\/21\/se-prepara-cancun-para-springbrake\/#primaryimage"},"thumbnailUrl":"https:\/\/nitu.mx\/wp-content\/uploads\/2023\/03\/ML-Fortalece-11.jpeg","datePublished":"2023-03-22T02:32:03+00:00","dateModified":"2023-03-22T11:57:21+00:00","breadcrumb":{"@id":"https:\/\/nitu.mx\/index.php\/2023\/03\/21\/se-prepara-cancun-para-springbrake\/#breadcrumb"},"inLanguage":"es-MX","potentialAction":[{"@type":"ReadAction","target":["https:\/\/nitu.mx\/index.php\/2023\/03\/21\/se-prepara-cancun-para-springbrake\/"]}]},{"@type":"ImageObject","inLanguage":"es-MX","@id":"https:\/\/nitu.mx\/index.php\/2023\/03\/21\/se-prepara-cancun-para-springbrake\/#primaryimage","url":"https:\/\/nitu.mx\/wp-content\/uploads\/2023\/03\/ML-Fortalece-11.jpeg","contentUrl":"https:\/\/nitu.mx\/wp-content\/uploads\/2023\/03\/ML-Fortalece-11.jpeg","width":1600,"height":1066},{"@type":"BreadcrumbList","@id":"https:\/\/nitu.mx\/index.php\/2023\/03\/21\/se-prepara-cancun-para-springbrake\/#breadcrumb","itemListElement":[{"@type":"ListItem","position":1,"name":"Inicio","item":"https:\/\/nitu.mx\/"},{"@type":"ListItem","position":2,"name":"Se prepara Canc\u00fan para spring break"}]},{"@type":"WebSite","@id":"https:\/\/nitu.mx\/#website","url":"https:\/\/nitu.mx\/","name":"Nitu - Noticias de la Industria Turistica","description":"Noticias de la Industria Turistica","publisher":{"@id":"https:\/\/nitu.mx\/#\/schema\/person\/ae7a53426417292d3dd07b45a33e01bc"},"alternateName":"Noticias de la Industria Turistica","potentialAction":[{"@type":"SearchAction","target":{"@type":"EntryPoint","urlTemplate":"https:\/\/nitu.mx\/?s={search_term_string}"},"query-input":"required name=search_term_string"}],"inLanguage":"es-MX"},{"@type":["Person","Organization"],"@id":"https:\/\/nitu.mx\/#\/schema\/person\/ae7a53426417292d3dd07b45a33e01bc","name":"Arturo Medina","image":{"@type":"ImageObject","inLanguage":"es-MX","@id":"https:\/\/nitu.mx\/#\/schema\/person\/image\/","url":"https:\/\/nitu.mx\/wp-content\/uploads\/2024\/04\/4A315622-1904-4D5C-B022-878CDC840E04-90x90-1.jpeg","contentUrl":"https:\/\/nitu.mx\/wp-content\/uploads\/2024\/04\/4A315622-1904-4D5C-B022-878CDC840E04-90x90-1.jpeg","width":90,"height":90,"caption":"Arturo Medina"},"logo":{"@id":"https:\/\/nitu.mx\/#\/schema\/person\/image\/"},"description":"Director NITU.mx, Egresado de la Escuela de Periodismo Carlos Septi\u00e9n Garc\u00eda. Periodista y analista especializado en turismo desde hace 35 a\u00f1os, radicado en Canc\u00fan Q.Roo. arturo@nitu.mx","sameAs":["https:\/\/nitu.mx","https:\/\/www.facebook.com\/NITUmx\/","medinacancun","https:\/\/twitter.com\/@Arturo_Medina_G"],"url":"https:\/\/nitu.mx\/index.php\/author\/arturo-medina\/"}]}},"views":204,"_links":{"self":[{"href":"https:\/\/nitu.mx\/index.php\/wp-json\/wp\/v2\/posts\/63755"}],"collection":[{"href":"https:\/\/nitu.mx\/index.php\/wp-json\/wp\/v2\/posts"}],"about":[{"href":"https:\/\/nitu.mx\/index.php\/wp-json\/wp\/v2\/types\/post"}],"author":[{"embeddable":true,"href":"https:\/\/nitu.mx\/index.php\/wp-json\/wp\/v2\/users\/2"}],"replies":[{"embeddable":true,"href":"https:\/\/nitu.mx\/index.php\/wp-json\/wp\/v2\/comments?post=63755"}],"version-history":[{"count":2,"href":"https:\/\/nitu.mx\/index.php\/wp-json\/wp\/v2\/posts\/63755\/revisions"}],"predecessor-version":[{"id":63762,"href":"https:\/\/nitu.mx\/index.php\/wp-json\/wp\/v2\/posts\/63755\/revisions\/63762"}],"wp:featuredmedia":[{"embeddable":true,"href":"https:\/\/nitu.mx\/index.php\/wp-json\/wp\/v2\/media\/63757"}],"wp:attachment":[{"href":"https:\/\/nitu.mx\/index.php\/wp-json\/wp\/v2\/media?parent=63755"}],"wp:term":[{"taxonomy":"category","embeddable":true,"href":"https:\/\/nitu.mx\/index.php\/wp-json\/wp\/v2\/categories?post=63755"},{"taxonomy":"post_tag","embeddable":true,"href":"https:\/\/nitu.mx\/index.php\/wp-json\/wp\/v2\/tags?post=63755"}],"curies":[{"name":"wp","href":"https:\/\/api.w.org\/{rel}","templated":true}]}}