{"id":63557,"date":"2023-03-03T00:33:23","date_gmt":"2023-03-03T05:33:23","guid":{"rendered":"https:\/\/www.dev.nitu.mx\/?p=63557"},"modified":"2023-03-03T06:21:15","modified_gmt":"2023-03-03T11:21:15","slug":"price-travel-y-ya-vas-firman-acuerdo-para-ofertar-disney","status":"publish","type":"post","link":"https:\/\/nitu.mx\/index.php\/2023\/03\/03\/price-travel-y-ya-vas-firman-acuerdo-para-ofertar-disney\/","title":{"rendered":"Price Travel y Ya Vas firman acuerdo para ofertar Disney"},"content":{"rendered":"<p style=\"font-weight: 400;\">PriceTravel Holding fortalece su alianza con Ya Vas, la agencia de viajes online de Volaris, al firmar un acuerdo de distribuci\u00f3n exclusiva de los productos de Disney en su plataforma de ventas.<\/p>\n<p style=\"font-weight: 400;\">Con esta alianza y la integraci\u00f3n de venta de entradas a los parques Disney en yavas.com, PriceTravel Holding pone a disposici\u00f3n de los clientes de la compa\u00f1\u00eda un micrositio y una l\u00ednea directa a Disney <em>Ambassadors con<\/em> asesores expertos.<\/p>\n<p style=\"font-weight: 400;\">Esta nueva vertical promete impactar directo los m\u00e1s de 500,000 pasajeros anuales, que viajan a Los \u00c1ngeles y Orlando, as\u00ed como a m\u00e1s de 8 millones de visitantes al mes en las diversas plataformas de Ya Vas y Volaris.<\/p>\n<p style=\"font-weight: 400;\">Juan Socas, Director de Alianzas Comerciales de PriceTravel Holding, coment\u00f3:<\/p>\n<p style=\"font-weight: 400;\">\u201cCon esta inclusi\u00f3n de venta de tickets a trav\u00e9s de nuestra plataforma de marca blanca, buscamos complementar y fortalecer la alianza existente con Ya Vas, adem\u00e1s de acercar al usuario final de una forma m\u00e1s pr\u00e1ctica y de auto servicio para reservar este producto selecto\u201d.<\/p>\n<p style=\"font-weight: 400;\">Por su parte, Ana Mar\u00eda Garc\u00eda Ceballos, Jefa Sr. de Estrategia Comercial y Desarrollo de Negocios de Ya Vas, se\u00f1al\u00f3 que: \u201cEstamos muy contentos de ampliar nuestra alianza con una empresa tan importante como PriceTravel Holding pues nos ayudar\u00e1 a dinamizar nuestra oferta hacia nuestros clientes que quieren visitar Disney y ofrecerles una mejor experiencia de compra y viaje, que es uno de nuestros objetivos de marca\u201d.<\/p>\n<p style=\"font-weight: 400;\">\n<p style=\"font-weight: 400;\">Ya Vas es la \u00fanica agencia de viajes online que ofrece paquetes vuelo + hotel y experiencias en los destinos de M\u00e9xico, Estados Unidos, Centroam\u00e9rica y Sudam\u00e9rica, donde tiene presencia.<\/p>\n<p style=\"font-weight: 400;\">PriceTravel Holding contin\u00faa posicionando y fortaleciendo su unidad de negocios de B2B2C, bajo su marca B2BTravel Program, donde m\u00e1s de 300 empresas hoy conf\u00edan en la tecnolog\u00eda y contenido de la empresa de distribuci\u00f3n m\u00e1s importante de Latinoam\u00e9rica.<\/p>\n","protected":false},"excerpt":{"rendered":"<p>PriceTravel Holding fortalece su alianza con Ya Vas, la agencia de viajes online de Volaris, al firmar un acuerdo de distribuci\u00f3n exclusiva de los productos de Disney en su plataforma de ventas. Con esta alianza y la integraci\u00f3n de venta de entradas a los parques Disney en yavas.com, PriceTravel Holding pone a disposici\u00f3n de los [&hellip;]<\/p>\n","protected":false},"author":2,"featured_media":63400,"comment_status":"open","ping_status":"open","sticky":false,"template":"","format":"standard","meta":{"footnotes":""},"categories":[3],"tags":[1073,756,131,22764],"yoast_head":"<!-- This site is optimized with the Yoast SEO plugin v22.2 - https:\/\/yoast.com\/wordpress\/plugins\/seo\/ -->\n<title>Price Travel y Ya Vas firman acuerdo para ofertar Disney - Nitu - Noticias de la Industria Turistica<\/title>\n<meta name=\"robots\" content=\"index, follow, max-snippet:-1, max-image-preview:large, max-video-preview:-1\" \/>\n<link rel=\"canonical\" href=\"https:\/\/nitu.mx\/index.php\/2023\/03\/03\/price-travel-y-ya-vas-firman-acuerdo-para-ofertar-disney\/\" \/>\n<meta name=\"twitter:card\" content=\"summary_large_image\" \/>\n<meta name=\"twitter:title\" content=\"Price Travel y Ya Vas firman acuerdo para ofertar Disney - Nitu - Noticias de la Industria Turistica\" \/>\n<meta name=\"twitter:description\" content=\"PriceTravel Holding fortalece su alianza con Ya Vas, la agencia de viajes online de Volaris, al firmar un acuerdo de distribuci\u00f3n exclusiva de los productos de Disney en su plataforma de ventas. Con esta alianza y la integraci\u00f3n de venta de entradas a los parques Disney en yavas.com, PriceTravel Holding pone a disposici\u00f3n de los [&hellip;]\" \/>\n<meta name=\"twitter:image\" content=\"https:\/\/nitu.mx\/wp-content\/uploads\/2023\/02\/Disneyland-After-Dark.jpg\" \/>\n<meta name=\"twitter:creator\" content=\"@Arturo_Medina_G\" \/>\n<meta name=\"twitter:site\" content=\"@Arturo_Medina_G\" \/>\n<meta name=\"twitter:label1\" content=\"Escrito por\" \/>\n\t<meta name=\"twitter:data1\" content=\"Arturo Medina\" \/>\n\t<meta name=\"twitter:label2\" content=\"Tiempo de lectura\" \/>\n\t<meta name=\"twitter:data2\" content=\"2 minutos\" \/>\n<script type=\"application\/ld+json\" class=\"yoast-schema-graph\">{\"@context\":\"https:\/\/schema.org\",\"@graph\":[{\"@type\":\"Article\",\"@id\":\"https:\/\/nitu.mx\/index.php\/2023\/03\/03\/price-travel-y-ya-vas-firman-acuerdo-para-ofertar-disney\/#article\",\"isPartOf\":{\"@id\":\"https:\/\/nitu.mx\/index.php\/2023\/03\/03\/price-travel-y-ya-vas-firman-acuerdo-para-ofertar-disney\/\"},\"author\":{\"name\":\"Arturo Medina\",\"@id\":\"https:\/\/nitu.mx\/#\/schema\/person\/ae7a53426417292d3dd07b45a33e01bc\"},\"headline\":\"Price Travel y Ya Vas firman acuerdo para ofertar Disney\",\"datePublished\":\"2023-03-03T05:33:23+00:00\",\"dateModified\":\"2023-03-03T11:21:15+00:00\",\"mainEntityOfPage\":{\"@id\":\"https:\/\/nitu.mx\/index.php\/2023\/03\/03\/price-travel-y-ya-vas-firman-acuerdo-para-ofertar-disney\/\"},\"wordCount\":335,\"commentCount\":0,\"publisher\":{\"@id\":\"https:\/\/nitu.mx\/#\/schema\/person\/ae7a53426417292d3dd07b45a33e01bc\"},\"image\":{\"@id\":\"https:\/\/nitu.mx\/index.php\/2023\/03\/03\/price-travel-y-ya-vas-firman-acuerdo-para-ofertar-disney\/#primaryimage\"},\"thumbnailUrl\":\"https:\/\/nitu.mx\/wp-content\/uploads\/2023\/02\/Disneyland-After-Dark.jpg\",\"keywords\":[\"Disney\",\"Price Travel\",\"Volaris\",\"Ya Vas\"],\"articleSection\":[\"Agencias de Viajes\"],\"inLanguage\":\"es-MX\",\"potentialAction\":[{\"@type\":\"CommentAction\",\"name\":\"Comment\",\"target\":[\"https:\/\/nitu.mx\/index.php\/2023\/03\/03\/price-travel-y-ya-vas-firman-acuerdo-para-ofertar-disney\/#respond\"]}]},{\"@type\":\"WebPage\",\"@id\":\"https:\/\/nitu.mx\/index.php\/2023\/03\/03\/price-travel-y-ya-vas-firman-acuerdo-para-ofertar-disney\/\",\"url\":\"https:\/\/nitu.mx\/index.php\/2023\/03\/03\/price-travel-y-ya-vas-firman-acuerdo-para-ofertar-disney\/\",\"name\":\"Price Travel y Ya Vas firman acuerdo para ofertar Disney - Nitu - Noticias de la Industria Turistica\",\"isPartOf\":{\"@id\":\"https:\/\/nitu.mx\/#website\"},\"primaryImageOfPage\":{\"@id\":\"https:\/\/nitu.mx\/index.php\/2023\/03\/03\/price-travel-y-ya-vas-firman-acuerdo-para-ofertar-disney\/#primaryimage\"},\"image\":{\"@id\":\"https:\/\/nitu.mx\/index.php\/2023\/03\/03\/price-travel-y-ya-vas-firman-acuerdo-para-ofertar-disney\/#primaryimage\"},\"thumbnailUrl\":\"https:\/\/nitu.mx\/wp-content\/uploads\/2023\/02\/Disneyland-After-Dark.jpg\",\"datePublished\":\"2023-03-03T05:33:23+00:00\",\"dateModified\":\"2023-03-03T11:21:15+00:00\",\"breadcrumb\":{\"@id\":\"https:\/\/nitu.mx\/index.php\/2023\/03\/03\/price-travel-y-ya-vas-firman-acuerdo-para-ofertar-disney\/#breadcrumb\"},\"inLanguage\":\"es-MX\",\"potentialAction\":[{\"@type\":\"ReadAction\",\"target\":[\"https:\/\/nitu.mx\/index.php\/2023\/03\/03\/price-travel-y-ya-vas-firman-acuerdo-para-ofertar-disney\/\"]}]},{\"@type\":\"ImageObject\",\"inLanguage\":\"es-MX\",\"@id\":\"https:\/\/nitu.mx\/index.php\/2023\/03\/03\/price-travel-y-ya-vas-firman-acuerdo-para-ofertar-disney\/#primaryimage\",\"url\":\"https:\/\/nitu.mx\/wp-content\/uploads\/2023\/02\/Disneyland-After-Dark.jpg\",\"contentUrl\":\"https:\/\/nitu.mx\/wp-content\/uploads\/2023\/02\/Disneyland-After-Dark.jpg\",\"width\":1200,\"height\":675,\"caption\":\"Disneyland Resort\"},{\"@type\":\"BreadcrumbList\",\"@id\":\"https:\/\/nitu.mx\/index.php\/2023\/03\/03\/price-travel-y-ya-vas-firman-acuerdo-para-ofertar-disney\/#breadcrumb\",\"itemListElement\":[{\"@type\":\"ListItem\",\"position\":1,\"name\":\"Inicio\",\"item\":\"https:\/\/nitu.mx\/\"},{\"@type\":\"ListItem\",\"position\":2,\"name\":\"Price Travel y Ya Vas firman acuerdo para ofertar Disney\"}]},{\"@type\":\"WebSite\",\"@id\":\"https:\/\/nitu.mx\/#website\",\"url\":\"https:\/\/nitu.mx\/\",\"name\":\"Nitu - Noticias de la Industria Turistica\",\"description\":\"Noticias de la Industria Turistica\",\"publisher\":{\"@id\":\"https:\/\/nitu.mx\/#\/schema\/person\/ae7a53426417292d3dd07b45a33e01bc\"},\"alternateName\":\"Noticias de la Industria Turistica\",\"potentialAction\":[{\"@type\":\"SearchAction\",\"target\":{\"@type\":\"EntryPoint\",\"urlTemplate\":\"https:\/\/nitu.mx\/?s={search_term_string}\"},\"query-input\":\"required name=search_term_string\"}],\"inLanguage\":\"es-MX\"},{\"@type\":[\"Person\",\"Organization\"],\"@id\":\"https:\/\/nitu.mx\/#\/schema\/person\/ae7a53426417292d3dd07b45a33e01bc\",\"name\":\"Arturo Medina\",\"image\":{\"@type\":\"ImageObject\",\"inLanguage\":\"es-MX\",\"@id\":\"https:\/\/nitu.mx\/#\/schema\/person\/image\/\",\"url\":\"https:\/\/nitu.mx\/wp-content\/uploads\/2024\/04\/4A315622-1904-4D5C-B022-878CDC840E04-90x90-1.jpeg\",\"contentUrl\":\"https:\/\/nitu.mx\/wp-content\/uploads\/2024\/04\/4A315622-1904-4D5C-B022-878CDC840E04-90x90-1.jpeg\",\"width\":90,\"height\":90,\"caption\":\"Arturo Medina\"},\"logo\":{\"@id\":\"https:\/\/nitu.mx\/#\/schema\/person\/image\/\"},\"description\":\"Director NITU.mx, Egresado de la Escuela de Periodismo Carlos Septi\u00e9n Garc\u00eda. Periodista y analista especializado en turismo desde hace 35 a\u00f1os, radicado en Canc\u00fan Q.Roo. arturo@nitu.mx\",\"sameAs\":[\"https:\/\/nitu.mx\",\"https:\/\/www.facebook.com\/NITUmx\/\",\"medinacancun\",\"https:\/\/twitter.com\/@Arturo_Medina_G\"],\"url\":\"https:\/\/nitu.mx\/index.php\/author\/arturo-medina\/\"}]}<\/script>\n<!-- \/ Yoast SEO plugin. -->","yoast_head_json":{"title":"Price Travel y Ya Vas firman acuerdo para ofertar Disney - Nitu - Noticias de la Industria Turistica","robots":{"index":"index","follow":"follow","max-snippet":"max-snippet:-1","max-image-preview":"max-image-preview:large","max-video-preview":"max-video-preview:-1"},"canonical":"https:\/\/nitu.mx\/index.php\/2023\/03\/03\/price-travel-y-ya-vas-firman-acuerdo-para-ofertar-disney\/","twitter_card":"summary_large_image","twitter_title":"Price Travel y Ya Vas firman acuerdo para ofertar Disney - Nitu - Noticias de la Industria Turistica","twitter_description":"PriceTravel Holding fortalece su alianza con Ya Vas, la agencia de viajes online de Volaris, al firmar un acuerdo de distribuci\u00f3n exclusiva de los productos de Disney en su plataforma de ventas. Con esta alianza y la integraci\u00f3n de venta de entradas a los parques Disney en yavas.com, PriceTravel Holding pone a disposici\u00f3n de los [&hellip;]","twitter_image":"https:\/\/nitu.mx\/wp-content\/uploads\/2023\/02\/Disneyland-After-Dark.jpg","twitter_creator":"@Arturo_Medina_G","twitter_site":"@Arturo_Medina_G","twitter_misc":{"Escrito por":"Arturo Medina","Tiempo de lectura":"2 minutos"},"schema":{"@context":"https:\/\/schema.org","@graph":[{"@type":"Article","@id":"https:\/\/nitu.mx\/index.php\/2023\/03\/03\/price-travel-y-ya-vas-firman-acuerdo-para-ofertar-disney\/#article","isPartOf":{"@id":"https:\/\/nitu.mx\/index.php\/2023\/03\/03\/price-travel-y-ya-vas-firman-acuerdo-para-ofertar-disney\/"},"author":{"name":"Arturo Medina","@id":"https:\/\/nitu.mx\/#\/schema\/person\/ae7a53426417292d3dd07b45a33e01bc"},"headline":"Price Travel y Ya Vas firman acuerdo para ofertar Disney","datePublished":"2023-03-03T05:33:23+00:00","dateModified":"2023-03-03T11:21:15+00:00","mainEntityOfPage":{"@id":"https:\/\/nitu.mx\/index.php\/2023\/03\/03\/price-travel-y-ya-vas-firman-acuerdo-para-ofertar-disney\/"},"wordCount":335,"commentCount":0,"publisher":{"@id":"https:\/\/nitu.mx\/#\/schema\/person\/ae7a53426417292d3dd07b45a33e01bc"},"image":{"@id":"https:\/\/nitu.mx\/index.php\/2023\/03\/03\/price-travel-y-ya-vas-firman-acuerdo-para-ofertar-disney\/#primaryimage"},"thumbnailUrl":"https:\/\/nitu.mx\/wp-content\/uploads\/2023\/02\/Disneyland-After-Dark.jpg","keywords":["Disney","Price Travel","Volaris","Ya Vas"],"articleSection":["Agencias de Viajes"],"inLanguage":"es-MX","potentialAction":[{"@type":"CommentAction","name":"Comment","target":["https:\/\/nitu.mx\/index.php\/2023\/03\/03\/price-travel-y-ya-vas-firman-acuerdo-para-ofertar-disney\/#respond"]}]},{"@type":"WebPage","@id":"https:\/\/nitu.mx\/index.php\/2023\/03\/03\/price-travel-y-ya-vas-firman-acuerdo-para-ofertar-disney\/","url":"https:\/\/nitu.mx\/index.php\/2023\/03\/03\/price-travel-y-ya-vas-firman-acuerdo-para-ofertar-disney\/","name":"Price Travel y Ya Vas firman acuerdo para ofertar Disney - Nitu - Noticias de la Industria Turistica","isPartOf":{"@id":"https:\/\/nitu.mx\/#website"},"primaryImageOfPage":{"@id":"https:\/\/nitu.mx\/index.php\/2023\/03\/03\/price-travel-y-ya-vas-firman-acuerdo-para-ofertar-disney\/#primaryimage"},"image":{"@id":"https:\/\/nitu.mx\/index.php\/2023\/03\/03\/price-travel-y-ya-vas-firman-acuerdo-para-ofertar-disney\/#primaryimage"},"thumbnailUrl":"https:\/\/nitu.mx\/wp-content\/uploads\/2023\/02\/Disneyland-After-Dark.jpg","datePublished":"2023-03-03T05:33:23+00:00","dateModified":"2023-03-03T11:21:15+00:00","breadcrumb":{"@id":"https:\/\/nitu.mx\/index.php\/2023\/03\/03\/price-travel-y-ya-vas-firman-acuerdo-para-ofertar-disney\/#breadcrumb"},"inLanguage":"es-MX","potentialAction":[{"@type":"ReadAction","target":["https:\/\/nitu.mx\/index.php\/2023\/03\/03\/price-travel-y-ya-vas-firman-acuerdo-para-ofertar-disney\/"]}]},{"@type":"ImageObject","inLanguage":"es-MX","@id":"https:\/\/nitu.mx\/index.php\/2023\/03\/03\/price-travel-y-ya-vas-firman-acuerdo-para-ofertar-disney\/#primaryimage","url":"https:\/\/nitu.mx\/wp-content\/uploads\/2023\/02\/Disneyland-After-Dark.jpg","contentUrl":"https:\/\/nitu.mx\/wp-content\/uploads\/2023\/02\/Disneyland-After-Dark.jpg","width":1200,"height":675,"caption":"Disneyland Resort"},{"@type":"BreadcrumbList","@id":"https:\/\/nitu.mx\/index.php\/2023\/03\/03\/price-travel-y-ya-vas-firman-acuerdo-para-ofertar-disney\/#breadcrumb","itemListElement":[{"@type":"ListItem","position":1,"name":"Inicio","item":"https:\/\/nitu.mx\/"},{"@type":"ListItem","position":2,"name":"Price Travel y Ya Vas firman acuerdo para ofertar Disney"}]},{"@type":"WebSite","@id":"https:\/\/nitu.mx\/#website","url":"https:\/\/nitu.mx\/","name":"Nitu - Noticias de la Industria Turistica","description":"Noticias de la Industria Turistica","publisher":{"@id":"https:\/\/nitu.mx\/#\/schema\/person\/ae7a53426417292d3dd07b45a33e01bc"},"alternateName":"Noticias de la Industria Turistica","potentialAction":[{"@type":"SearchAction","target":{"@type":"EntryPoint","urlTemplate":"https:\/\/nitu.mx\/?s={search_term_string}"},"query-input":"required name=search_term_string"}],"inLanguage":"es-MX"},{"@type":["Person","Organization"],"@id":"https:\/\/nitu.mx\/#\/schema\/person\/ae7a53426417292d3dd07b45a33e01bc","name":"Arturo Medina","image":{"@type":"ImageObject","inLanguage":"es-MX","@id":"https:\/\/nitu.mx\/#\/schema\/person\/image\/","url":"https:\/\/nitu.mx\/wp-content\/uploads\/2024\/04\/4A315622-1904-4D5C-B022-878CDC840E04-90x90-1.jpeg","contentUrl":"https:\/\/nitu.mx\/wp-content\/uploads\/2024\/04\/4A315622-1904-4D5C-B022-878CDC840E04-90x90-1.jpeg","width":90,"height":90,"caption":"Arturo Medina"},"logo":{"@id":"https:\/\/nitu.mx\/#\/schema\/person\/image\/"},"description":"Director NITU.mx, Egresado de la Escuela de Periodismo Carlos Septi\u00e9n Garc\u00eda. Periodista y analista especializado en turismo desde hace 35 a\u00f1os, radicado en Canc\u00fan Q.Roo. arturo@nitu.mx","sameAs":["https:\/\/nitu.mx","https:\/\/www.facebook.com\/NITUmx\/","medinacancun","https:\/\/twitter.com\/@Arturo_Medina_G"],"url":"https:\/\/nitu.mx\/index.php\/author\/arturo-medina\/"}]}},"views":1401,"_links":{"self":[{"href":"https:\/\/nitu.mx\/index.php\/wp-json\/wp\/v2\/posts\/63557"}],"collection":[{"href":"https:\/\/nitu.mx\/index.php\/wp-json\/wp\/v2\/posts"}],"about":[{"href":"https:\/\/nitu.mx\/index.php\/wp-json\/wp\/v2\/types\/post"}],"author":[{"embeddable":true,"href":"https:\/\/nitu.mx\/index.php\/wp-json\/wp\/v2\/users\/2"}],"replies":[{"embeddable":true,"href":"https:\/\/nitu.mx\/index.php\/wp-json\/wp\/v2\/comments?post=63557"}],"version-history":[{"count":1,"href":"https:\/\/nitu.mx\/index.php\/wp-json\/wp\/v2\/posts\/63557\/revisions"}],"predecessor-version":[{"id":63558,"href":"https:\/\/nitu.mx\/index.php\/wp-json\/wp\/v2\/posts\/63557\/revisions\/63558"}],"wp:featuredmedia":[{"embeddable":true,"href":"https:\/\/nitu.mx\/index.php\/wp-json\/wp\/v2\/media\/63400"}],"wp:attachment":[{"href":"https:\/\/nitu.mx\/index.php\/wp-json\/wp\/v2\/media?parent=63557"}],"wp:term":[{"taxonomy":"category","embeddable":true,"href":"https:\/\/nitu.mx\/index.php\/wp-json\/wp\/v2\/categories?post=63557"},{"taxonomy":"post_tag","embeddable":true,"href":"https:\/\/nitu.mx\/index.php\/wp-json\/wp\/v2\/tags?post=63557"}],"curies":[{"name":"wp","href":"https:\/\/api.w.org\/{rel}","templated":true}]}}