{"id":63534,"date":"2023-03-01T01:22:44","date_gmt":"2023-03-01T06:22:44","guid":{"rendered":"https:\/\/www.dev.nitu.mx\/?p=63534"},"modified":"2023-03-01T01:23:10","modified_gmt":"2023-03-01T06:23:10","slug":"aeromexico-responde-ante-ola-de-cancelaciones-y-demoras","status":"publish","type":"post","link":"https:\/\/nitu.mx\/index.php\/2023\/03\/01\/aeromexico-responde-ante-ola-de-cancelaciones-y-demoras\/","title":{"rendered":"Aerom\u00e9xico responde ante ola de cancelaciones y demoras"},"content":{"rendered":"<div class=\"page\" title=\"Page 1\">\n<div class=\"layoutArea\">\n<div class=\"column\">\n<p>En di\u0301as recientes ciertos vuelos de Aerome\u0301xico resultaron afectados con demoras o cancelaciones, por lo que la aerol\u00ednea inform\u00f3 lo siguiente:<\/p>\n<ol>\n<li>Lamentamos profundamente los inconvenientes que algunos de nuestros clientes experimentaron y hemos trabajado en atender sus necesidades de viaje.<\/li>\n<li>La actual dirigencia de la Asociacio\u0301n Sindical de Pilotos Aviadores de Me\u0301xico (ASPA), ha sen\u0303alado que la causa es una incorrecta planeacio\u0301n en la asignacio\u0301n de jornadas a pilotos. Lo anterior es falso, pues todas las asignaciones de servicios de vuelo son de acuerdo a los contratos vigentes entre ASPA y la aeroli\u0301nea, que esta\u0301n avalados por la autoridad laboral mexicana, por lo que se opera bajo los ma\u0301s altos esta\u0301ndares de seguridad y servicio.<\/li>\n<li>La razo\u0301n de dichas afectaciones es que la actual dirigencia sindical esta\u0301 promoviendo una poli\u0301tica de cero apoyo ante disrupciones que son comunes en la aviacio\u0301n mundial, por ejemplo situaciones de mal clima, saturacio\u0301n de tra\u0301fico ae\u0301reo, desvi\u0301os por clientes enfermos o cualquier eventualidad, por mi\u0301nima que sea, que interrumpa la operacio\u0301n de un vuelo.<\/li>\n<li>En Aerome\u0301xico reconocemos el talento de las y los mejores pilotos que se encuentran agremiados en ASPA y cuyas condiciones laborales son las ma\u0301s robustas de la industria ae\u0301rea de Me\u0301xico. Por ello, lamentamos la postura de la actual dirigencia sindical que afecta a los clientes y a las mismas tripulaciones.<\/li>\n<li>Seguiremos honrando los contratos y convenios laborales vigentes con nuestros colaboradores, asi\u0301 como el compromiso con accionistas que a pesar de las pe\u0301rdidas que tuvieron por la crisis de la pandemia del COVID-19, invirtieron para mantener las operaciones y las fuentes de empleo.<\/li>\n<\/ol>\n<p>Tambi\u00e9n reiter\u00f3 el compromiso para que sus clientes puedan seguir llevando a cabo sus viajes de manera co\u0301moda y segura. (<a title=\"Aerom\u00e9xico anuncia primera ruta a Estados Unidos desde el AIFA\" href=\"https:\/\/www.dev.nitu.mx\/index.php\/2023\/01\/31\/aeromexico-anuncia-primera-ruta-a-estados-unidos-desde-el-aifa\/\" rel=\"bookmark\">Aerom\u00e9xico anuncia primera ruta a Estados Unidos desde el AIFA<\/a>).<\/p>\n<\/div>\n<\/div>\n<\/div>\n","protected":false},"excerpt":{"rendered":"<p>En di\u0301as recientes ciertos vuelos de Aerome\u0301xico resultaron afectados con demoras o cancelaciones, por lo que la aerol\u00ednea inform\u00f3 lo siguiente: Lamentamos profundamente los inconvenientes que algunos de nuestros clientes experimentaron y hemos trabajado en atender sus necesidades de viaje. La actual dirigencia de la Asociacio\u0301n Sindical de Pilotos Aviadores de Me\u0301xico (ASPA), ha sen\u0303alado [&hellip;]<\/p>\n","protected":false},"author":17,"featured_media":32286,"comment_status":"open","ping_status":"open","sticky":false,"template":"","format":"standard","meta":{"footnotes":""},"categories":[29],"tags":[30,415,22888,23809],"yoast_head":"<!-- This site is optimized with the Yoast SEO plugin v22.2 - https:\/\/yoast.com\/wordpress\/plugins\/seo\/ -->\n<title>Aerom\u00e9xico responde ante ola de cancelaciones y demoras - Nitu - Noticias de la Industria Turistica<\/title>\n<meta name=\"robots\" content=\"index, follow, max-snippet:-1, max-image-preview:large, max-video-preview:-1\" \/>\n<link rel=\"canonical\" href=\"https:\/\/nitu.mx\/index.php\/2023\/03\/01\/aeromexico-responde-ante-ola-de-cancelaciones-y-demoras\/\" \/>\n<meta name=\"twitter:card\" content=\"summary_large_image\" \/>\n<meta name=\"twitter:title\" content=\"Aerom\u00e9xico responde ante ola de cancelaciones y demoras - Nitu - Noticias de la Industria Turistica\" \/>\n<meta name=\"twitter:description\" content=\"En di\u0301as recientes ciertos vuelos de Aerome\u0301xico resultaron afectados con demoras o cancelaciones, por lo que la aerol\u00ednea inform\u00f3 lo siguiente: Lamentamos profundamente los inconvenientes que algunos de nuestros clientes experimentaron y hemos trabajado en atender sus necesidades de viaje. La actual dirigencia de la Asociacio\u0301n Sindical de Pilotos Aviadores de Me\u0301xico (ASPA), ha sen\u0303alado [&hellip;]\" \/>\n<meta name=\"twitter:image\" content=\"https:\/\/nitu.mx\/wp-content\/uploads\/2019\/05\/Aeromexico-737-max-tierra.jpg\" \/>\n<meta name=\"twitter:creator\" content=\"@NITUmx\" \/>\n<meta name=\"twitter:site\" content=\"@Arturo_Medina_G\" \/>\n<meta name=\"twitter:label1\" content=\"Escrito por\" \/>\n\t<meta name=\"twitter:data1\" content=\"Redacci\u00f3n\" \/>\n\t<meta name=\"twitter:label2\" content=\"Tiempo de lectura\" \/>\n\t<meta name=\"twitter:data2\" content=\"2 minutos\" \/>\n<script type=\"application\/ld+json\" class=\"yoast-schema-graph\">{\"@context\":\"https:\/\/schema.org\",\"@graph\":[{\"@type\":\"Article\",\"@id\":\"https:\/\/nitu.mx\/index.php\/2023\/03\/01\/aeromexico-responde-ante-ola-de-cancelaciones-y-demoras\/#article\",\"isPartOf\":{\"@id\":\"https:\/\/nitu.mx\/index.php\/2023\/03\/01\/aeromexico-responde-ante-ola-de-cancelaciones-y-demoras\/\"},\"author\":{\"name\":\"Redacci\u00f3n\",\"@id\":\"https:\/\/nitu.mx\/#\/schema\/person\/4a28fe9bd65924f7c90623773daf1b0b\"},\"headline\":\"Aerom\u00e9xico responde ante ola de cancelaciones y demoras\",\"datePublished\":\"2023-03-01T06:22:44+00:00\",\"dateModified\":\"2023-03-01T06:23:10+00:00\",\"mainEntityOfPage\":{\"@id\":\"https:\/\/nitu.mx\/index.php\/2023\/03\/01\/aeromexico-responde-ante-ola-de-cancelaciones-y-demoras\/\"},\"wordCount\":332,\"commentCount\":0,\"publisher\":{\"@id\":\"https:\/\/nitu.mx\/#\/schema\/person\/ae7a53426417292d3dd07b45a33e01bc\"},\"image\":{\"@id\":\"https:\/\/nitu.mx\/index.php\/2023\/03\/01\/aeromexico-responde-ante-ola-de-cancelaciones-y-demoras\/#primaryimage\"},\"thumbnailUrl\":\"https:\/\/nitu.mx\/wp-content\/uploads\/2019\/05\/Aeromexico-737-max-tierra.jpg\",\"keywords\":[\"Aerom\u00e9xico\",\"ASPA\",\"cancelaci\u00f3n de vuelos\",\"vuelos demorados\"],\"articleSection\":[\"Aerol\u00edneas\"],\"inLanguage\":\"es-MX\",\"potentialAction\":[{\"@type\":\"CommentAction\",\"name\":\"Comment\",\"target\":[\"https:\/\/nitu.mx\/index.php\/2023\/03\/01\/aeromexico-responde-ante-ola-de-cancelaciones-y-demoras\/#respond\"]}]},{\"@type\":\"WebPage\",\"@id\":\"https:\/\/nitu.mx\/index.php\/2023\/03\/01\/aeromexico-responde-ante-ola-de-cancelaciones-y-demoras\/\",\"url\":\"https:\/\/nitu.mx\/index.php\/2023\/03\/01\/aeromexico-responde-ante-ola-de-cancelaciones-y-demoras\/\",\"name\":\"Aerom\u00e9xico responde ante ola de cancelaciones y demoras - Nitu - Noticias de la Industria Turistica\",\"isPartOf\":{\"@id\":\"https:\/\/nitu.mx\/#website\"},\"primaryImageOfPage\":{\"@id\":\"https:\/\/nitu.mx\/index.php\/2023\/03\/01\/aeromexico-responde-ante-ola-de-cancelaciones-y-demoras\/#primaryimage\"},\"image\":{\"@id\":\"https:\/\/nitu.mx\/index.php\/2023\/03\/01\/aeromexico-responde-ante-ola-de-cancelaciones-y-demoras\/#primaryimage\"},\"thumbnailUrl\":\"https:\/\/nitu.mx\/wp-content\/uploads\/2019\/05\/Aeromexico-737-max-tierra.jpg\",\"datePublished\":\"2023-03-01T06:22:44+00:00\",\"dateModified\":\"2023-03-01T06:23:10+00:00\",\"breadcrumb\":{\"@id\":\"https:\/\/nitu.mx\/index.php\/2023\/03\/01\/aeromexico-responde-ante-ola-de-cancelaciones-y-demoras\/#breadcrumb\"},\"inLanguage\":\"es-MX\",\"potentialAction\":[{\"@type\":\"ReadAction\",\"target\":[\"https:\/\/nitu.mx\/index.php\/2023\/03\/01\/aeromexico-responde-ante-ola-de-cancelaciones-y-demoras\/\"]}]},{\"@type\":\"ImageObject\",\"inLanguage\":\"es-MX\",\"@id\":\"https:\/\/nitu.mx\/index.php\/2023\/03\/01\/aeromexico-responde-ante-ola-de-cancelaciones-y-demoras\/#primaryimage\",\"url\":\"https:\/\/nitu.mx\/wp-content\/uploads\/2019\/05\/Aeromexico-737-max-tierra.jpg\",\"contentUrl\":\"https:\/\/nitu.mx\/wp-content\/uploads\/2019\/05\/Aeromexico-737-max-tierra.jpg\",\"width\":850,\"height\":480,\"caption\":\"Aeromexico 737 max\"},{\"@type\":\"BreadcrumbList\",\"@id\":\"https:\/\/nitu.mx\/index.php\/2023\/03\/01\/aeromexico-responde-ante-ola-de-cancelaciones-y-demoras\/#breadcrumb\",\"itemListElement\":[{\"@type\":\"ListItem\",\"position\":1,\"name\":\"Inicio\",\"item\":\"https:\/\/nitu.mx\/\"},{\"@type\":\"ListItem\",\"position\":2,\"name\":\"Aerom\u00e9xico responde ante ola de cancelaciones y demoras\"}]},{\"@type\":\"WebSite\",\"@id\":\"https:\/\/nitu.mx\/#website\",\"url\":\"https:\/\/nitu.mx\/\",\"name\":\"Nitu - Noticias de la Industria Turistica\",\"description\":\"Noticias de la Industria Turistica\",\"publisher\":{\"@id\":\"https:\/\/nitu.mx\/#\/schema\/person\/ae7a53426417292d3dd07b45a33e01bc\"},\"alternateName\":\"Noticias de la Industria Turistica\",\"potentialAction\":[{\"@type\":\"SearchAction\",\"target\":{\"@type\":\"EntryPoint\",\"urlTemplate\":\"https:\/\/nitu.mx\/?s={search_term_string}\"},\"query-input\":\"required name=search_term_string\"}],\"inLanguage\":\"es-MX\"},{\"@type\":[\"Person\",\"Organization\"],\"@id\":\"https:\/\/nitu.mx\/#\/schema\/person\/ae7a53426417292d3dd07b45a33e01bc\",\"name\":\"Arturo Medina\",\"image\":{\"@type\":\"ImageObject\",\"inLanguage\":\"es-MX\",\"@id\":\"https:\/\/nitu.mx\/#\/schema\/person\/image\/\",\"url\":\"https:\/\/nitu.mx\/wp-content\/uploads\/2024\/04\/4A315622-1904-4D5C-B022-878CDC840E04-90x90-1.jpeg\",\"contentUrl\":\"https:\/\/nitu.mx\/wp-content\/uploads\/2024\/04\/4A315622-1904-4D5C-B022-878CDC840E04-90x90-1.jpeg\",\"width\":90,\"height\":90,\"caption\":\"Arturo Medina\"},\"logo\":{\"@id\":\"https:\/\/nitu.mx\/#\/schema\/person\/image\/\"},\"description\":\"Director NITU.mx, Egresado de la Escuela de Periodismo Carlos Septi\u00e9n Garc\u00eda. Periodista y analista especializado en turismo desde hace 35 a\u00f1os, radicado en Canc\u00fan Q.Roo. arturo@nitu.mx\",\"sameAs\":[\"https:\/\/nitu.mx\",\"https:\/\/www.facebook.com\/NITUmx\/\",\"medinacancun\",\"https:\/\/twitter.com\/@Arturo_Medina_G\"]},{\"@type\":\"Person\",\"@id\":\"https:\/\/nitu.mx\/#\/schema\/person\/4a28fe9bd65924f7c90623773daf1b0b\",\"name\":\"Redacci\u00f3n\",\"image\":{\"@type\":\"ImageObject\",\"inLanguage\":\"es-MX\",\"@id\":\"https:\/\/nitu.mx\/#\/schema\/person\/image\/\",\"url\":\"https:\/\/secure.gravatar.com\/avatar\/5dd011c8ccfc5cd7e4c81e42252aab38?s=96&d=mm&r=g\",\"contentUrl\":\"https:\/\/secure.gravatar.com\/avatar\/5dd011c8ccfc5cd7e4c81e42252aab38?s=96&d=mm&r=g\",\"caption\":\"Redacci\u00f3n\"},\"url\":\"https:\/\/nitu.mx\/index.php\/author\/redaccion\/\"}]}<\/script>\n<!-- \/ Yoast SEO plugin. -->","yoast_head_json":{"title":"Aerom\u00e9xico responde ante ola de cancelaciones y demoras - Nitu - Noticias de la Industria Turistica","robots":{"index":"index","follow":"follow","max-snippet":"max-snippet:-1","max-image-preview":"max-image-preview:large","max-video-preview":"max-video-preview:-1"},"canonical":"https:\/\/nitu.mx\/index.php\/2023\/03\/01\/aeromexico-responde-ante-ola-de-cancelaciones-y-demoras\/","twitter_card":"summary_large_image","twitter_title":"Aerom\u00e9xico responde ante ola de cancelaciones y demoras - Nitu - Noticias de la Industria Turistica","twitter_description":"En di\u0301as recientes ciertos vuelos de Aerome\u0301xico resultaron afectados con demoras o cancelaciones, por lo que la aerol\u00ednea inform\u00f3 lo siguiente: Lamentamos profundamente los inconvenientes que algunos de nuestros clientes experimentaron y hemos trabajado en atender sus necesidades de viaje. La actual dirigencia de la Asociacio\u0301n Sindical de Pilotos Aviadores de Me\u0301xico (ASPA), ha sen\u0303alado [&hellip;]","twitter_image":"https:\/\/nitu.mx\/wp-content\/uploads\/2019\/05\/Aeromexico-737-max-tierra.jpg","twitter_creator":"@NITUmx","twitter_site":"@Arturo_Medina_G","twitter_misc":{"Escrito por":"Redacci\u00f3n","Tiempo de lectura":"2 minutos"},"schema":{"@context":"https:\/\/schema.org","@graph":[{"@type":"Article","@id":"https:\/\/nitu.mx\/index.php\/2023\/03\/01\/aeromexico-responde-ante-ola-de-cancelaciones-y-demoras\/#article","isPartOf":{"@id":"https:\/\/nitu.mx\/index.php\/2023\/03\/01\/aeromexico-responde-ante-ola-de-cancelaciones-y-demoras\/"},"author":{"name":"Redacci\u00f3n","@id":"https:\/\/nitu.mx\/#\/schema\/person\/4a28fe9bd65924f7c90623773daf1b0b"},"headline":"Aerom\u00e9xico responde ante ola de cancelaciones y demoras","datePublished":"2023-03-01T06:22:44+00:00","dateModified":"2023-03-01T06:23:10+00:00","mainEntityOfPage":{"@id":"https:\/\/nitu.mx\/index.php\/2023\/03\/01\/aeromexico-responde-ante-ola-de-cancelaciones-y-demoras\/"},"wordCount":332,"commentCount":0,"publisher":{"@id":"https:\/\/nitu.mx\/#\/schema\/person\/ae7a53426417292d3dd07b45a33e01bc"},"image":{"@id":"https:\/\/nitu.mx\/index.php\/2023\/03\/01\/aeromexico-responde-ante-ola-de-cancelaciones-y-demoras\/#primaryimage"},"thumbnailUrl":"https:\/\/nitu.mx\/wp-content\/uploads\/2019\/05\/Aeromexico-737-max-tierra.jpg","keywords":["Aerom\u00e9xico","ASPA","cancelaci\u00f3n de vuelos","vuelos demorados"],"articleSection":["Aerol\u00edneas"],"inLanguage":"es-MX","potentialAction":[{"@type":"CommentAction","name":"Comment","target":["https:\/\/nitu.mx\/index.php\/2023\/03\/01\/aeromexico-responde-ante-ola-de-cancelaciones-y-demoras\/#respond"]}]},{"@type":"WebPage","@id":"https:\/\/nitu.mx\/index.php\/2023\/03\/01\/aeromexico-responde-ante-ola-de-cancelaciones-y-demoras\/","url":"https:\/\/nitu.mx\/index.php\/2023\/03\/01\/aeromexico-responde-ante-ola-de-cancelaciones-y-demoras\/","name":"Aerom\u00e9xico responde ante ola de cancelaciones y demoras - Nitu - Noticias de la Industria Turistica","isPartOf":{"@id":"https:\/\/nitu.mx\/#website"},"primaryImageOfPage":{"@id":"https:\/\/nitu.mx\/index.php\/2023\/03\/01\/aeromexico-responde-ante-ola-de-cancelaciones-y-demoras\/#primaryimage"},"image":{"@id":"https:\/\/nitu.mx\/index.php\/2023\/03\/01\/aeromexico-responde-ante-ola-de-cancelaciones-y-demoras\/#primaryimage"},"thumbnailUrl":"https:\/\/nitu.mx\/wp-content\/uploads\/2019\/05\/Aeromexico-737-max-tierra.jpg","datePublished":"2023-03-01T06:22:44+00:00","dateModified":"2023-03-01T06:23:10+00:00","breadcrumb":{"@id":"https:\/\/nitu.mx\/index.php\/2023\/03\/01\/aeromexico-responde-ante-ola-de-cancelaciones-y-demoras\/#breadcrumb"},"inLanguage":"es-MX","potentialAction":[{"@type":"ReadAction","target":["https:\/\/nitu.mx\/index.php\/2023\/03\/01\/aeromexico-responde-ante-ola-de-cancelaciones-y-demoras\/"]}]},{"@type":"ImageObject","inLanguage":"es-MX","@id":"https:\/\/nitu.mx\/index.php\/2023\/03\/01\/aeromexico-responde-ante-ola-de-cancelaciones-y-demoras\/#primaryimage","url":"https:\/\/nitu.mx\/wp-content\/uploads\/2019\/05\/Aeromexico-737-max-tierra.jpg","contentUrl":"https:\/\/nitu.mx\/wp-content\/uploads\/2019\/05\/Aeromexico-737-max-tierra.jpg","width":850,"height":480,"caption":"Aeromexico 737 max"},{"@type":"BreadcrumbList","@id":"https:\/\/nitu.mx\/index.php\/2023\/03\/01\/aeromexico-responde-ante-ola-de-cancelaciones-y-demoras\/#breadcrumb","itemListElement":[{"@type":"ListItem","position":1,"name":"Inicio","item":"https:\/\/nitu.mx\/"},{"@type":"ListItem","position":2,"name":"Aerom\u00e9xico responde ante ola de cancelaciones y demoras"}]},{"@type":"WebSite","@id":"https:\/\/nitu.mx\/#website","url":"https:\/\/nitu.mx\/","name":"Nitu - Noticias de la Industria Turistica","description":"Noticias de la Industria Turistica","publisher":{"@id":"https:\/\/nitu.mx\/#\/schema\/person\/ae7a53426417292d3dd07b45a33e01bc"},"alternateName":"Noticias de la Industria Turistica","potentialAction":[{"@type":"SearchAction","target":{"@type":"EntryPoint","urlTemplate":"https:\/\/nitu.mx\/?s={search_term_string}"},"query-input":"required name=search_term_string"}],"inLanguage":"es-MX"},{"@type":["Person","Organization"],"@id":"https:\/\/nitu.mx\/#\/schema\/person\/ae7a53426417292d3dd07b45a33e01bc","name":"Arturo Medina","image":{"@type":"ImageObject","inLanguage":"es-MX","@id":"https:\/\/nitu.mx\/#\/schema\/person\/image\/","url":"https:\/\/nitu.mx\/wp-content\/uploads\/2024\/04\/4A315622-1904-4D5C-B022-878CDC840E04-90x90-1.jpeg","contentUrl":"https:\/\/nitu.mx\/wp-content\/uploads\/2024\/04\/4A315622-1904-4D5C-B022-878CDC840E04-90x90-1.jpeg","width":90,"height":90,"caption":"Arturo Medina"},"logo":{"@id":"https:\/\/nitu.mx\/#\/schema\/person\/image\/"},"description":"Director NITU.mx, Egresado de la Escuela de Periodismo Carlos Septi\u00e9n Garc\u00eda. Periodista y analista especializado en turismo desde hace 35 a\u00f1os, radicado en Canc\u00fan Q.Roo. arturo@nitu.mx","sameAs":["https:\/\/nitu.mx","https:\/\/www.facebook.com\/NITUmx\/","medinacancun","https:\/\/twitter.com\/@Arturo_Medina_G"]},{"@type":"Person","@id":"https:\/\/nitu.mx\/#\/schema\/person\/4a28fe9bd65924f7c90623773daf1b0b","name":"Redacci\u00f3n","image":{"@type":"ImageObject","inLanguage":"es-MX","@id":"https:\/\/nitu.mx\/#\/schema\/person\/image\/","url":"https:\/\/secure.gravatar.com\/avatar\/5dd011c8ccfc5cd7e4c81e42252aab38?s=96&d=mm&r=g","contentUrl":"https:\/\/secure.gravatar.com\/avatar\/5dd011c8ccfc5cd7e4c81e42252aab38?s=96&d=mm&r=g","caption":"Redacci\u00f3n"},"url":"https:\/\/nitu.mx\/index.php\/author\/redaccion\/"}]}},"views":939,"_links":{"self":[{"href":"https:\/\/nitu.mx\/index.php\/wp-json\/wp\/v2\/posts\/63534"}],"collection":[{"href":"https:\/\/nitu.mx\/index.php\/wp-json\/wp\/v2\/posts"}],"about":[{"href":"https:\/\/nitu.mx\/index.php\/wp-json\/wp\/v2\/types\/post"}],"author":[{"embeddable":true,"href":"https:\/\/nitu.mx\/index.php\/wp-json\/wp\/v2\/users\/17"}],"replies":[{"embeddable":true,"href":"https:\/\/nitu.mx\/index.php\/wp-json\/wp\/v2\/comments?post=63534"}],"version-history":[{"count":2,"href":"https:\/\/nitu.mx\/index.php\/wp-json\/wp\/v2\/posts\/63534\/revisions"}],"predecessor-version":[{"id":63536,"href":"https:\/\/nitu.mx\/index.php\/wp-json\/wp\/v2\/posts\/63534\/revisions\/63536"}],"wp:featuredmedia":[{"embeddable":true,"href":"https:\/\/nitu.mx\/index.php\/wp-json\/wp\/v2\/media\/32286"}],"wp:attachment":[{"href":"https:\/\/nitu.mx\/index.php\/wp-json\/wp\/v2\/media?parent=63534"}],"wp:term":[{"taxonomy":"category","embeddable":true,"href":"https:\/\/nitu.mx\/index.php\/wp-json\/wp\/v2\/categories?post=63534"},{"taxonomy":"post_tag","embeddable":true,"href":"https:\/\/nitu.mx\/index.php\/wp-json\/wp\/v2\/tags?post=63534"}],"curies":[{"name":"wp","href":"https:\/\/api.w.org\/{rel}","templated":true}]}}