{"id":63372,"date":"2023-02-16T00:40:39","date_gmt":"2023-02-16T05:40:39","guid":{"rendered":"https:\/\/www.dev.nitu.mx\/?p=63372"},"modified":"2023-02-16T01:03:41","modified_gmt":"2023-02-16T06:03:41","slug":"viva-aerobus-anuncia-ruta-monterrey-bogota-primera-entre-nuevo-leon-y-sudamerica","status":"publish","type":"post","link":"https:\/\/nitu.mx\/index.php\/2023\/02\/16\/viva-aerobus-anuncia-ruta-monterrey-bogota-primera-entre-nuevo-leon-y-sudamerica\/","title":{"rendered":"Viva Aerobus anuncia ruta Monterrey-Bogot\u00e1, primera entre Nuevo Le\u00f3n y Sudam\u00e9rica"},"content":{"rendered":"<div class=\"gmail_default\"><span lang=\"ES\">Maricarmen Mart\u00ednez Villarreal, secretaria de Turismo de Nuevo Le\u00f3n, celebr\u00f3 el fortalecimiento de la conectividad a\u00e9rea internacional de la entidad con el lanzamiento de la nueva ruta de Viva Aerobus, Monterrey \u2013 Bogot\u00e1, trat\u00e1ndose de un servicio hist\u00f3rico que, por primera vez, conecta a la capital regia con Sudam\u00e9rica mediante vuelos directos, es decir, sin escalas.\u00a0\u00a0<\/span><\/div>\n<div class=\"gmail_default\"><\/div>\n<div class=\"gmail_default\">\u201c<span lang=\"ES\">Nos entusiasma ver el crecimiento sostenido de Viva Aerobus en nuestra capital y aplaudimos esta tan necesaria conexi\u00f3n directa entre Bogot\u00e1 y Monterrey. No pod\u00eda ser m\u00e1s oportuna esta nueva ruta, ahora que estamos enfocados en explorar nuevas oportunidades para atraer turismo internacional y generar nuevas inversiones<\/span>\u201d, puntualiz\u00f3 la funcionaria.<\/div>\n<div class=\"gmail_default\"><\/div>\n<div class=\"gmail_default\">Esta nueva ruta iniciar\u00e1 operaciones el pr\u00f3ximo 8 de junio con dos vuelos a la semana (jueves y domingo). Los vuelos, con duraci\u00f3n aproximada de poco m\u00e1s de 4 horas, ser\u00e1n operados con aeronaves Airbus A320 y A321, aviones que forman parte de la flota m\u00e1s moderna de M\u00e9xico y la cuarta m\u00e1s joven de Norteam\u00e9rica con una edad promedio de 5.2 a\u00f1os.<\/div>\n<div class=\"gmail_default\"><\/div>\n<div class=\"gmail_default\">\u201cEl tr\u00e1nsito de pasajeros en el Aeropuerto Internacional de Monterrey est\u00e1 en crecimiento y estamos seguros que esta nueva ruta de Viva Aerobus contribuir\u00e1 a impulsar este dinamismo. Es una gran manera de iniciar el a\u00f1o, preparados para atender a todos los pasajeros regios, colombianos y m\u00e1s con una atenci\u00f3n de primer nivel\u201d, afirm\u00f3 Ricardo Due\u00f1as, director general del Grupo Aeroportuario Centro Norte (OMA).<\/div>\n<div class=\"gmail_default\"><\/div>\n<div class=\"gmail_default\">\u201cCon aliados como Viva, vamos a paso firme en nuestro proyecto de expansi\u00f3n del aeropuerto que resulta de nuestro Programa Maestro de Desarrollo de 2023\u201d, a\u00f1adi\u00f3.<\/div>\n<div><\/div>\n<div class=\"gmail_default\">Este servicio est\u00e1 dise\u00f1ado para atender la creciente demanda en uno de los mayores mercados a\u00e9reos de Am\u00e9rica Latina, M\u00e9xico &#8211; Colombia, y el tercer mercado internacional con mayor dinamismo para el pa\u00eds.<\/div>\n<div class=\"gmail_default\"><span lang=\"ES-TRAD\">\u00a0<\/span><\/div>\n<div class=\"gmail_default\"><span lang=\"ES-TRAD\">De acuerdo con la Secretar\u00eda de Turismo,<\/span><span lang=\"ES-TRAD\">\u00a0<\/span><span lang=\"ES-TRAD\">en 2022, m\u00e1s de 858 mil pasajeros procedentes de Colombia visitaron M\u00e9xico, ello representa un 4.2% del total de visitantes a\u00e9reos internacionales en M\u00e9xico.\u00a0\u00a0<\/span><\/div>\n<div class=\"gmail_default\"><\/div>\n<div class=\"gmail_default\">Es decir, Colombia se posicion\u00f3 como el tercer pa\u00eds que m\u00e1s visitantes envi\u00f3 a M\u00e9xico v\u00eda a\u00e9rea, tan s\u00f3lo detr\u00e1s de Estados Unidos y Canad\u00e1. Lo anterior, adem\u00e1s, signific\u00f3 un crecimiento superior al 88% en comparaci\u00f3n con 2021.<\/div>\n<div class=\"gmail_default\"><span lang=\"ES-TRAD\">\u00a0<\/span><\/div>\n<div class=\"gmail_default\"><span lang=\"ES-TRAD\">\u201cEsta nueva ruta tiende un puente entre dos pa\u00edses hermanados y se convierte en un parteaguas para la conectividad de Monterrey, pues es la primera vez que una aerol\u00ednea ofrece vuelos punto a punto entre esta ciudad y un destino en Sudam\u00e9rica. As\u00ed, estos vuelos, a precios bajos y en aviones nuevos, \u00a0se convertir\u00e1n en aliados naturales para impulsar\u00a0<\/span><span lang=\"ES\">el intercambio comercial, tur\u00edstico y cultural<\/span><span lang=\"ES-TRAD\">\u201d, se\u00f1al\u00f3 Juan Carlos Zuazua, director general de Viva Aerobus.\u00a0<\/span><\/div>\n<div><\/div>\n<div class=\"gmail_default\"><span lang=\"ES-TRAD\">En<\/span>\u00a0este inicio de a\u00f1o, Viva Aerobus refrenda su compromiso con la conectividad a\u00e9rea de Monterrey habiendo puesto a la venta, en menos de dos semanas, dos nuevas rutas desde la Sultana del Norte con destino a Mexicali y, ahora, Bogot\u00e1.<\/div>\n<div class=\"gmail_default\"><span lang=\"ES\">\u00a0<\/span><\/div>\n<div class=\"gmail_default\"><span lang=\"ES\">De esta manera, la amplia red de rutas que Viva opera en la capital regiomontana<\/span><span lang=\"ES-TRAD\">, una de sus seis bases operativas, contin\u00faa creciendo para consolidar a la aerol\u00ednea como l\u00edder en la entidad con alrededor de 60 vuelos diarios, 30 rutas nacionales y, ahora, con 8 servicios internacionales.<\/span><\/div>\n<div class=\"gmail_default\"><\/div>\n<div class=\"gmail_default\">Esta creciente presencia de la aerol\u00ednea en Nuevo Le\u00f3n cuenta con el respaldo de los pasajeros. Al respecto, Viva super\u00f3 la cifra de 6.7 millones de pasajeros transportados desde\/hacia Monterrey en 2022, un aumento del 31% en comparaci\u00f3n con 2021. <a title=\"Viva Aerobus transport\u00f3 1.75 millones de pasajeros en enero\" href=\"https:\/\/www.dev.nitu.mx\/index.php\/2023\/02\/09\/viva-aerobus-transporto-1-75-millones-de-pasajeros-en-enero\/\" rel=\"bookmark\">(Viva Aerobus transport\u00f3 1.75 millones de pasajeros en enero<\/a>).<\/div>\n","protected":false},"excerpt":{"rendered":"<p>Maricarmen Mart\u00ednez Villarreal, secretaria de Turismo de Nuevo Le\u00f3n, celebr\u00f3 el fortalecimiento de la conectividad a\u00e9rea internacional de la entidad con el lanzamiento de la nueva ruta de Viva Aerobus, Monterrey \u2013 Bogot\u00e1, trat\u00e1ndose de un servicio hist\u00f3rico que, por primera vez, conecta a la capital regia con Sudam\u00e9rica mediante vuelos directos, es decir, sin [&hellip;]<\/p>\n","protected":false},"author":17,"featured_media":63374,"comment_status":"open","ping_status":"open","sticky":false,"template":"","format":"standard","meta":{"footnotes":""},"categories":[29],"tags":[918,224,295,23777,491,2102],"yoast_head":"<!-- This site is optimized with the Yoast SEO plugin v22.2 - https:\/\/yoast.com\/wordpress\/plugins\/seo\/ -->\n<title>Viva Aerobus anuncia ruta Monterrey-Bogot\u00e1, primera entre Nuevo Le\u00f3n y Sudam\u00e9rica - Nitu - Noticias de la Industria Turistica<\/title>\n<meta name=\"robots\" content=\"index, follow, max-snippet:-1, max-image-preview:large, max-video-preview:-1\" \/>\n<link rel=\"canonical\" href=\"https:\/\/nitu.mx\/index.php\/2023\/02\/16\/viva-aerobus-anuncia-ruta-monterrey-bogota-primera-entre-nuevo-leon-y-sudamerica\/\" \/>\n<meta name=\"twitter:card\" content=\"summary_large_image\" \/>\n<meta name=\"twitter:title\" content=\"Viva Aerobus anuncia ruta Monterrey-Bogot\u00e1, primera entre Nuevo Le\u00f3n y Sudam\u00e9rica - Nitu - Noticias de la Industria Turistica\" \/>\n<meta name=\"twitter:description\" content=\"Maricarmen Mart\u00ednez Villarreal, secretaria de Turismo de Nuevo Le\u00f3n, celebr\u00f3 el fortalecimiento de la conectividad a\u00e9rea internacional de la entidad con el lanzamiento de la nueva ruta de Viva Aerobus, Monterrey \u2013 Bogot\u00e1, trat\u00e1ndose de un servicio hist\u00f3rico que, por primera vez, conecta a la capital regia con Sudam\u00e9rica mediante vuelos directos, es decir, sin [&hellip;]\" \/>\n<meta name=\"twitter:image\" content=\"https:\/\/nitu.mx\/wp-content\/uploads\/2023\/02\/Anuncio-de-ruta-Monterrey-Bogota-de-Viva-Aerobus.jpeg\" \/>\n<meta name=\"twitter:creator\" content=\"@NITUmx\" \/>\n<meta name=\"twitter:site\" content=\"@Arturo_Medina_G\" \/>\n<meta name=\"twitter:label1\" content=\"Escrito por\" \/>\n\t<meta name=\"twitter:data1\" content=\"Redacci\u00f3n\" \/>\n\t<meta name=\"twitter:label2\" content=\"Tiempo de lectura\" \/>\n\t<meta name=\"twitter:data2\" content=\"3 minutos\" \/>\n<script type=\"application\/ld+json\" class=\"yoast-schema-graph\">{\"@context\":\"https:\/\/schema.org\",\"@graph\":[{\"@type\":\"Article\",\"@id\":\"https:\/\/nitu.mx\/index.php\/2023\/02\/16\/viva-aerobus-anuncia-ruta-monterrey-bogota-primera-entre-nuevo-leon-y-sudamerica\/#article\",\"isPartOf\":{\"@id\":\"https:\/\/nitu.mx\/index.php\/2023\/02\/16\/viva-aerobus-anuncia-ruta-monterrey-bogota-primera-entre-nuevo-leon-y-sudamerica\/\"},\"author\":{\"name\":\"Redacci\u00f3n\",\"@id\":\"https:\/\/nitu.mx\/#\/schema\/person\/4a28fe9bd65924f7c90623773daf1b0b\"},\"headline\":\"Viva Aerobus anuncia ruta Monterrey-Bogot\u00e1, primera entre Nuevo Le\u00f3n y Sudam\u00e9rica\",\"datePublished\":\"2023-02-16T05:40:39+00:00\",\"dateModified\":\"2023-02-16T06:03:41+00:00\",\"mainEntityOfPage\":{\"@id\":\"https:\/\/nitu.mx\/index.php\/2023\/02\/16\/viva-aerobus-anuncia-ruta-monterrey-bogota-primera-entre-nuevo-leon-y-sudamerica\/\"},\"wordCount\":627,\"commentCount\":0,\"publisher\":{\"@id\":\"https:\/\/nitu.mx\/#\/schema\/person\/ae7a53426417292d3dd07b45a33e01bc\"},\"image\":{\"@id\":\"https:\/\/nitu.mx\/index.php\/2023\/02\/16\/viva-aerobus-anuncia-ruta-monterrey-bogota-primera-entre-nuevo-leon-y-sudamerica\/#primaryimage\"},\"thumbnailUrl\":\"https:\/\/nitu.mx\/wp-content\/uploads\/2023\/02\/Anuncio-de-ruta-Monterrey-Bogota-de-Viva-Aerobus.jpeg\",\"keywords\":[\"Bogot\u00e1\",\"Colombia\",\"Juan Carlos Zuazua\",\"Maricarmen Mart\u00ednez\",\"Monterrey\",\"Viva Aerobus\"],\"articleSection\":[\"Aerol\u00edneas\"],\"inLanguage\":\"es-MX\",\"potentialAction\":[{\"@type\":\"CommentAction\",\"name\":\"Comment\",\"target\":[\"https:\/\/nitu.mx\/index.php\/2023\/02\/16\/viva-aerobus-anuncia-ruta-monterrey-bogota-primera-entre-nuevo-leon-y-sudamerica\/#respond\"]}]},{\"@type\":\"WebPage\",\"@id\":\"https:\/\/nitu.mx\/index.php\/2023\/02\/16\/viva-aerobus-anuncia-ruta-monterrey-bogota-primera-entre-nuevo-leon-y-sudamerica\/\",\"url\":\"https:\/\/nitu.mx\/index.php\/2023\/02\/16\/viva-aerobus-anuncia-ruta-monterrey-bogota-primera-entre-nuevo-leon-y-sudamerica\/\",\"name\":\"Viva Aerobus anuncia ruta Monterrey-Bogot\u00e1, primera entre Nuevo Le\u00f3n y Sudam\u00e9rica - Nitu - Noticias de la Industria Turistica\",\"isPartOf\":{\"@id\":\"https:\/\/nitu.mx\/#website\"},\"primaryImageOfPage\":{\"@id\":\"https:\/\/nitu.mx\/index.php\/2023\/02\/16\/viva-aerobus-anuncia-ruta-monterrey-bogota-primera-entre-nuevo-leon-y-sudamerica\/#primaryimage\"},\"image\":{\"@id\":\"https:\/\/nitu.mx\/index.php\/2023\/02\/16\/viva-aerobus-anuncia-ruta-monterrey-bogota-primera-entre-nuevo-leon-y-sudamerica\/#primaryimage\"},\"thumbnailUrl\":\"https:\/\/nitu.mx\/wp-content\/uploads\/2023\/02\/Anuncio-de-ruta-Monterrey-Bogota-de-Viva-Aerobus.jpeg\",\"datePublished\":\"2023-02-16T05:40:39+00:00\",\"dateModified\":\"2023-02-16T06:03:41+00:00\",\"breadcrumb\":{\"@id\":\"https:\/\/nitu.mx\/index.php\/2023\/02\/16\/viva-aerobus-anuncia-ruta-monterrey-bogota-primera-entre-nuevo-leon-y-sudamerica\/#breadcrumb\"},\"inLanguage\":\"es-MX\",\"potentialAction\":[{\"@type\":\"ReadAction\",\"target\":[\"https:\/\/nitu.mx\/index.php\/2023\/02\/16\/viva-aerobus-anuncia-ruta-monterrey-bogota-primera-entre-nuevo-leon-y-sudamerica\/\"]}]},{\"@type\":\"ImageObject\",\"inLanguage\":\"es-MX\",\"@id\":\"https:\/\/nitu.mx\/index.php\/2023\/02\/16\/viva-aerobus-anuncia-ruta-monterrey-bogota-primera-entre-nuevo-leon-y-sudamerica\/#primaryimage\",\"url\":\"https:\/\/nitu.mx\/wp-content\/uploads\/2023\/02\/Anuncio-de-ruta-Monterrey-Bogota-de-Viva-Aerobus.jpeg\",\"contentUrl\":\"https:\/\/nitu.mx\/wp-content\/uploads\/2023\/02\/Anuncio-de-ruta-Monterrey-Bogota-de-Viva-Aerobus.jpeg\",\"width\":1200,\"height\":675,\"caption\":\"Viva Aerobus\"},{\"@type\":\"BreadcrumbList\",\"@id\":\"https:\/\/nitu.mx\/index.php\/2023\/02\/16\/viva-aerobus-anuncia-ruta-monterrey-bogota-primera-entre-nuevo-leon-y-sudamerica\/#breadcrumb\",\"itemListElement\":[{\"@type\":\"ListItem\",\"position\":1,\"name\":\"Inicio\",\"item\":\"https:\/\/nitu.mx\/\"},{\"@type\":\"ListItem\",\"position\":2,\"name\":\"Viva Aerobus anuncia ruta Monterrey-Bogot\u00e1, primera entre Nuevo Le\u00f3n y Sudam\u00e9rica\"}]},{\"@type\":\"WebSite\",\"@id\":\"https:\/\/nitu.mx\/#website\",\"url\":\"https:\/\/nitu.mx\/\",\"name\":\"Nitu - Noticias de la Industria Turistica\",\"description\":\"Noticias de la Industria Turistica\",\"publisher\":{\"@id\":\"https:\/\/nitu.mx\/#\/schema\/person\/ae7a53426417292d3dd07b45a33e01bc\"},\"alternateName\":\"Noticias de la Industria Turistica\",\"potentialAction\":[{\"@type\":\"SearchAction\",\"target\":{\"@type\":\"EntryPoint\",\"urlTemplate\":\"https:\/\/nitu.mx\/?s={search_term_string}\"},\"query-input\":\"required name=search_term_string\"}],\"inLanguage\":\"es-MX\"},{\"@type\":[\"Person\",\"Organization\"],\"@id\":\"https:\/\/nitu.mx\/#\/schema\/person\/ae7a53426417292d3dd07b45a33e01bc\",\"name\":\"Arturo Medina\",\"image\":{\"@type\":\"ImageObject\",\"inLanguage\":\"es-MX\",\"@id\":\"https:\/\/nitu.mx\/#\/schema\/person\/image\/\",\"url\":\"https:\/\/nitu.mx\/wp-content\/uploads\/2024\/04\/4A315622-1904-4D5C-B022-878CDC840E04-90x90-1.jpeg\",\"contentUrl\":\"https:\/\/nitu.mx\/wp-content\/uploads\/2024\/04\/4A315622-1904-4D5C-B022-878CDC840E04-90x90-1.jpeg\",\"width\":90,\"height\":90,\"caption\":\"Arturo Medina\"},\"logo\":{\"@id\":\"https:\/\/nitu.mx\/#\/schema\/person\/image\/\"},\"description\":\"Director NITU.mx, Egresado de la Escuela de Periodismo Carlos Septi\u00e9n Garc\u00eda. Periodista y analista especializado en turismo desde hace 35 a\u00f1os, radicado en Canc\u00fan Q.Roo. arturo@nitu.mx\",\"sameAs\":[\"https:\/\/nitu.mx\",\"https:\/\/www.facebook.com\/NITUmx\/\",\"medinacancun\",\"https:\/\/twitter.com\/@Arturo_Medina_G\"]},{\"@type\":\"Person\",\"@id\":\"https:\/\/nitu.mx\/#\/schema\/person\/4a28fe9bd65924f7c90623773daf1b0b\",\"name\":\"Redacci\u00f3n\",\"image\":{\"@type\":\"ImageObject\",\"inLanguage\":\"es-MX\",\"@id\":\"https:\/\/nitu.mx\/#\/schema\/person\/image\/\",\"url\":\"https:\/\/secure.gravatar.com\/avatar\/5dd011c8ccfc5cd7e4c81e42252aab38?s=96&d=mm&r=g\",\"contentUrl\":\"https:\/\/secure.gravatar.com\/avatar\/5dd011c8ccfc5cd7e4c81e42252aab38?s=96&d=mm&r=g\",\"caption\":\"Redacci\u00f3n\"},\"url\":\"https:\/\/nitu.mx\/index.php\/author\/redaccion\/\"}]}<\/script>\n<!-- \/ Yoast SEO plugin. -->","yoast_head_json":{"title":"Viva Aerobus anuncia ruta Monterrey-Bogot\u00e1, primera entre Nuevo Le\u00f3n y Sudam\u00e9rica - Nitu - Noticias de la Industria Turistica","robots":{"index":"index","follow":"follow","max-snippet":"max-snippet:-1","max-image-preview":"max-image-preview:large","max-video-preview":"max-video-preview:-1"},"canonical":"https:\/\/nitu.mx\/index.php\/2023\/02\/16\/viva-aerobus-anuncia-ruta-monterrey-bogota-primera-entre-nuevo-leon-y-sudamerica\/","twitter_card":"summary_large_image","twitter_title":"Viva Aerobus anuncia ruta Monterrey-Bogot\u00e1, primera entre Nuevo Le\u00f3n y Sudam\u00e9rica - Nitu - Noticias de la Industria Turistica","twitter_description":"Maricarmen Mart\u00ednez Villarreal, secretaria de Turismo de Nuevo Le\u00f3n, celebr\u00f3 el fortalecimiento de la conectividad a\u00e9rea internacional de la entidad con el lanzamiento de la nueva ruta de Viva Aerobus, Monterrey \u2013 Bogot\u00e1, trat\u00e1ndose de un servicio hist\u00f3rico que, por primera vez, conecta a la capital regia con Sudam\u00e9rica mediante vuelos directos, es decir, sin [&hellip;]","twitter_image":"https:\/\/nitu.mx\/wp-content\/uploads\/2023\/02\/Anuncio-de-ruta-Monterrey-Bogota-de-Viva-Aerobus.jpeg","twitter_creator":"@NITUmx","twitter_site":"@Arturo_Medina_G","twitter_misc":{"Escrito por":"Redacci\u00f3n","Tiempo de lectura":"3 minutos"},"schema":{"@context":"https:\/\/schema.org","@graph":[{"@type":"Article","@id":"https:\/\/nitu.mx\/index.php\/2023\/02\/16\/viva-aerobus-anuncia-ruta-monterrey-bogota-primera-entre-nuevo-leon-y-sudamerica\/#article","isPartOf":{"@id":"https:\/\/nitu.mx\/index.php\/2023\/02\/16\/viva-aerobus-anuncia-ruta-monterrey-bogota-primera-entre-nuevo-leon-y-sudamerica\/"},"author":{"name":"Redacci\u00f3n","@id":"https:\/\/nitu.mx\/#\/schema\/person\/4a28fe9bd65924f7c90623773daf1b0b"},"headline":"Viva Aerobus anuncia ruta Monterrey-Bogot\u00e1, primera entre Nuevo Le\u00f3n y Sudam\u00e9rica","datePublished":"2023-02-16T05:40:39+00:00","dateModified":"2023-02-16T06:03:41+00:00","mainEntityOfPage":{"@id":"https:\/\/nitu.mx\/index.php\/2023\/02\/16\/viva-aerobus-anuncia-ruta-monterrey-bogota-primera-entre-nuevo-leon-y-sudamerica\/"},"wordCount":627,"commentCount":0,"publisher":{"@id":"https:\/\/nitu.mx\/#\/schema\/person\/ae7a53426417292d3dd07b45a33e01bc"},"image":{"@id":"https:\/\/nitu.mx\/index.php\/2023\/02\/16\/viva-aerobus-anuncia-ruta-monterrey-bogota-primera-entre-nuevo-leon-y-sudamerica\/#primaryimage"},"thumbnailUrl":"https:\/\/nitu.mx\/wp-content\/uploads\/2023\/02\/Anuncio-de-ruta-Monterrey-Bogota-de-Viva-Aerobus.jpeg","keywords":["Bogot\u00e1","Colombia","Juan Carlos Zuazua","Maricarmen Mart\u00ednez","Monterrey","Viva Aerobus"],"articleSection":["Aerol\u00edneas"],"inLanguage":"es-MX","potentialAction":[{"@type":"CommentAction","name":"Comment","target":["https:\/\/nitu.mx\/index.php\/2023\/02\/16\/viva-aerobus-anuncia-ruta-monterrey-bogota-primera-entre-nuevo-leon-y-sudamerica\/#respond"]}]},{"@type":"WebPage","@id":"https:\/\/nitu.mx\/index.php\/2023\/02\/16\/viva-aerobus-anuncia-ruta-monterrey-bogota-primera-entre-nuevo-leon-y-sudamerica\/","url":"https:\/\/nitu.mx\/index.php\/2023\/02\/16\/viva-aerobus-anuncia-ruta-monterrey-bogota-primera-entre-nuevo-leon-y-sudamerica\/","name":"Viva Aerobus anuncia ruta Monterrey-Bogot\u00e1, primera entre Nuevo Le\u00f3n y Sudam\u00e9rica - Nitu - Noticias de la Industria Turistica","isPartOf":{"@id":"https:\/\/nitu.mx\/#website"},"primaryImageOfPage":{"@id":"https:\/\/nitu.mx\/index.php\/2023\/02\/16\/viva-aerobus-anuncia-ruta-monterrey-bogota-primera-entre-nuevo-leon-y-sudamerica\/#primaryimage"},"image":{"@id":"https:\/\/nitu.mx\/index.php\/2023\/02\/16\/viva-aerobus-anuncia-ruta-monterrey-bogota-primera-entre-nuevo-leon-y-sudamerica\/#primaryimage"},"thumbnailUrl":"https:\/\/nitu.mx\/wp-content\/uploads\/2023\/02\/Anuncio-de-ruta-Monterrey-Bogota-de-Viva-Aerobus.jpeg","datePublished":"2023-02-16T05:40:39+00:00","dateModified":"2023-02-16T06:03:41+00:00","breadcrumb":{"@id":"https:\/\/nitu.mx\/index.php\/2023\/02\/16\/viva-aerobus-anuncia-ruta-monterrey-bogota-primera-entre-nuevo-leon-y-sudamerica\/#breadcrumb"},"inLanguage":"es-MX","potentialAction":[{"@type":"ReadAction","target":["https:\/\/nitu.mx\/index.php\/2023\/02\/16\/viva-aerobus-anuncia-ruta-monterrey-bogota-primera-entre-nuevo-leon-y-sudamerica\/"]}]},{"@type":"ImageObject","inLanguage":"es-MX","@id":"https:\/\/nitu.mx\/index.php\/2023\/02\/16\/viva-aerobus-anuncia-ruta-monterrey-bogota-primera-entre-nuevo-leon-y-sudamerica\/#primaryimage","url":"https:\/\/nitu.mx\/wp-content\/uploads\/2023\/02\/Anuncio-de-ruta-Monterrey-Bogota-de-Viva-Aerobus.jpeg","contentUrl":"https:\/\/nitu.mx\/wp-content\/uploads\/2023\/02\/Anuncio-de-ruta-Monterrey-Bogota-de-Viva-Aerobus.jpeg","width":1200,"height":675,"caption":"Viva Aerobus"},{"@type":"BreadcrumbList","@id":"https:\/\/nitu.mx\/index.php\/2023\/02\/16\/viva-aerobus-anuncia-ruta-monterrey-bogota-primera-entre-nuevo-leon-y-sudamerica\/#breadcrumb","itemListElement":[{"@type":"ListItem","position":1,"name":"Inicio","item":"https:\/\/nitu.mx\/"},{"@type":"ListItem","position":2,"name":"Viva Aerobus anuncia ruta Monterrey-Bogot\u00e1, primera entre Nuevo Le\u00f3n y Sudam\u00e9rica"}]},{"@type":"WebSite","@id":"https:\/\/nitu.mx\/#website","url":"https:\/\/nitu.mx\/","name":"Nitu - Noticias de la Industria Turistica","description":"Noticias de la Industria Turistica","publisher":{"@id":"https:\/\/nitu.mx\/#\/schema\/person\/ae7a53426417292d3dd07b45a33e01bc"},"alternateName":"Noticias de la Industria Turistica","potentialAction":[{"@type":"SearchAction","target":{"@type":"EntryPoint","urlTemplate":"https:\/\/nitu.mx\/?s={search_term_string}"},"query-input":"required name=search_term_string"}],"inLanguage":"es-MX"},{"@type":["Person","Organization"],"@id":"https:\/\/nitu.mx\/#\/schema\/person\/ae7a53426417292d3dd07b45a33e01bc","name":"Arturo Medina","image":{"@type":"ImageObject","inLanguage":"es-MX","@id":"https:\/\/nitu.mx\/#\/schema\/person\/image\/","url":"https:\/\/nitu.mx\/wp-content\/uploads\/2024\/04\/4A315622-1904-4D5C-B022-878CDC840E04-90x90-1.jpeg","contentUrl":"https:\/\/nitu.mx\/wp-content\/uploads\/2024\/04\/4A315622-1904-4D5C-B022-878CDC840E04-90x90-1.jpeg","width":90,"height":90,"caption":"Arturo Medina"},"logo":{"@id":"https:\/\/nitu.mx\/#\/schema\/person\/image\/"},"description":"Director NITU.mx, Egresado de la Escuela de Periodismo Carlos Septi\u00e9n Garc\u00eda. Periodista y analista especializado en turismo desde hace 35 a\u00f1os, radicado en Canc\u00fan Q.Roo. arturo@nitu.mx","sameAs":["https:\/\/nitu.mx","https:\/\/www.facebook.com\/NITUmx\/","medinacancun","https:\/\/twitter.com\/@Arturo_Medina_G"]},{"@type":"Person","@id":"https:\/\/nitu.mx\/#\/schema\/person\/4a28fe9bd65924f7c90623773daf1b0b","name":"Redacci\u00f3n","image":{"@type":"ImageObject","inLanguage":"es-MX","@id":"https:\/\/nitu.mx\/#\/schema\/person\/image\/","url":"https:\/\/secure.gravatar.com\/avatar\/5dd011c8ccfc5cd7e4c81e42252aab38?s=96&d=mm&r=g","contentUrl":"https:\/\/secure.gravatar.com\/avatar\/5dd011c8ccfc5cd7e4c81e42252aab38?s=96&d=mm&r=g","caption":"Redacci\u00f3n"},"url":"https:\/\/nitu.mx\/index.php\/author\/redaccion\/"}]}},"views":737,"_links":{"self":[{"href":"https:\/\/nitu.mx\/index.php\/wp-json\/wp\/v2\/posts\/63372"}],"collection":[{"href":"https:\/\/nitu.mx\/index.php\/wp-json\/wp\/v2\/posts"}],"about":[{"href":"https:\/\/nitu.mx\/index.php\/wp-json\/wp\/v2\/types\/post"}],"author":[{"embeddable":true,"href":"https:\/\/nitu.mx\/index.php\/wp-json\/wp\/v2\/users\/17"}],"replies":[{"embeddable":true,"href":"https:\/\/nitu.mx\/index.php\/wp-json\/wp\/v2\/comments?post=63372"}],"version-history":[{"count":2,"href":"https:\/\/nitu.mx\/index.php\/wp-json\/wp\/v2\/posts\/63372\/revisions"}],"predecessor-version":[{"id":63375,"href":"https:\/\/nitu.mx\/index.php\/wp-json\/wp\/v2\/posts\/63372\/revisions\/63375"}],"wp:featuredmedia":[{"embeddable":true,"href":"https:\/\/nitu.mx\/index.php\/wp-json\/wp\/v2\/media\/63374"}],"wp:attachment":[{"href":"https:\/\/nitu.mx\/index.php\/wp-json\/wp\/v2\/media?parent=63372"}],"wp:term":[{"taxonomy":"category","embeddable":true,"href":"https:\/\/nitu.mx\/index.php\/wp-json\/wp\/v2\/categories?post=63372"},{"taxonomy":"post_tag","embeddable":true,"href":"https:\/\/nitu.mx\/index.php\/wp-json\/wp\/v2\/tags?post=63372"}],"curies":[{"name":"wp","href":"https:\/\/api.w.org\/{rel}","templated":true}]}}