{"id":63370,"date":"2023-02-16T01:02:51","date_gmt":"2023-02-16T06:02:51","guid":{"rendered":"https:\/\/www.dev.nitu.mx\/?p=63370"},"modified":"2023-02-16T01:03:47","modified_gmt":"2023-02-16T06:03:47","slug":"se-despide-aeromar-una-aerolinea-mexicana-mas-a-la-quiebra-tras-35-anos","status":"publish","type":"post","link":"https:\/\/nitu.mx\/index.php\/2023\/02\/16\/se-despide-aeromar-una-aerolinea-mexicana-mas-a-la-quiebra-tras-35-anos\/","title":{"rendered":"Se despide Aeromar; una aerol\u00ednea mexicana m\u00e1s a la quiebra tras 35 a\u00f1os"},"content":{"rendered":"<p>Este mi\u00e9rcoles 15 de febrero,\u00a0la aerol\u00ednea Aeromar,\u00a0inform\u00f3 por medio de un comunicado, el cese definitivo de sus operaciones, luego de 35 a\u00f1os de volar ininterrumpidamente en M\u00e9xico, Estados Unidos y Cuba.<\/p>\n<p>La\u00a0aerol\u00ednea\u00a0inform\u00f3 que la decisi\u00f3n se tom\u00f3 por una serie de\u00a0problemas financieros\u00a0por los que atraviesa, as\u00ed como la dificultad de cerrar acuerdos con condiciones viables que permitieran asegurar sus operaciones a largo plazo.<\/p>\n<p>Se lee que el equipo de la compa\u00f1\u00eda realiz\u00f3 profundos ajustes financieros para mejorar su situaci\u00f3n, sin embargo, \u201cen un entorno adverso, agravado durante la pandemia de\u00a0COVID19, las medidas tomadas no fueron suficientes para estabilizar la situaci\u00f3n de la empresa\u201d.<\/p>\n<p>Se confirma que a partir de este 15 de febrero, Aeromar dejar\u00e1 de volar desde y hacia la\u00a0Ciudad de M\u00e9xico, Acapulco, Aguascalientes, Canc\u00fan, Chetumal, Ciudad Victoria, Colima, Cozumel, Guadalajara, Ixtapa Zihuatanejo, Ixtepec, Mazatl\u00e1n, M\u00e9rida, Monterrey, Piedras Negras, Puerto Escondido, Puebla, Puerto Vallarta, Tepic y Villahermosa, en M\u00e9xico; La Habana, en Cuba; y Laredo, Texas, y McAllen, Texas, en Estados Unidos.<\/p>\n<p>La\u00a0Asociaci\u00f3n Sindical de Pilotos Aviadores (ASPA)\u00a0revel\u00f3 que ante el incumplimiento de\u00a0Aeromar, con el pago de sus deudas y por la crisis en sus operaciones, se est\u00e1 preparando un inminente estallamiento a huelga para el pr\u00f3ximo jueves 16 de febrero.<\/p>\n<p>Jos\u00e9 Alonso, vocero de ASPA, coment\u00f3 que la aerol\u00ednea no ha mostrado hasta el momento solvencia para hacer frente a los adeudos que tiene con sus trabajadores, y menos con otros actores del sector, como el\u00a0AICM, por lo que \u201cdebemos hacer lo propio para defendernos\u201d.<\/p>\n<p>Dijo que \u201ces casi un hecho, con 95 por ciento de probabilidad, que\u00a0el pr\u00f3ximo jueves nos vayamos a huelga, queda un remota posibilidad de que\u00a0Aeromar pague algunas de sus deudas o aparezca un inversionista\u201d.<\/p>\n<p>Tambi\u00e9n dijo que este jueves 16 de febrero, a las 19:00 horas, podr\u00edan poner las banderas rojinegras en los mostradores de\u00a0Aeromar, en el AICM.\u00a0Coment\u00f3 que la asamblea del pasado 14 de febrero fue informativa y se les dieron, a los pilotos de\u00a0Aeromar, los pormenores de qu\u00e9 ha pasado.<\/p>\n<p>\u201cEl supuesto inversionista brasile\u00f1o qued\u00f3 de aparecerse ayer, y no apareci\u00f3;\u00a0nosotros estamos en espera de la advertencia que les hizo el AICM\u00a0de que si no pagan los\u00a0522 millones de pesos\u00a0el d\u00eda 15 de febrero, hasta las 23:59 horas, el d\u00eda 16 ya no los va a dejar operar\u201d, se\u00f1al\u00f3 Alonso.<\/p>\n<p>\u201cEstamos dejando abierta la posibilidad de que si s\u00ed existe el inversionista y si llega a un acuerdo con el\u00a0AICM\u00a0y los acreedores que se tienen, se pueda continuar,\u00a0nosotros preponderamos el trabajo y se pueda continuar\u201d, declar\u00f3.<\/p>\n<p>Informaci\u00f3n difundida por el portal de noticias del sector\u00a0Transporte y Log\u00edstica, A\u00e9reo, Mar\u00edtimo, Terrestre y Ferroviario,\u00a0<em>T21<\/em>, se\u00f1al\u00f3 que si este mi\u00e9rcoles no se present\u00f3 el representante de la compa\u00f1\u00eda brasile\u00f1a, es casi un hecho que\u00a0el jueves estalle una huelga de los trabajadores.<\/p>\n<p>Humberto Gual Argel,\u00a0secretario General del\u00a0ASPA, por su parte, dijo que nadie conoce al inversionista, por lo que es inminente la huelga para este jueves.<\/p>\n<p>En d\u00edas pasados,\u00a0Gual Argel se\u00f1al\u00f3 que la m\u00e1xima prioridad para el sindicato es el futuro de los trabajadores de la aerol\u00ednea, por lo que ya existen pl\u00e1ticas para colocar pilotos en otras aerol\u00edneas.<\/p>\n<p>Y es que, como bien se sabe, Aeromar ha estado pasando por momentos de incertidumbre debido a los\u00a0malos manejos financieros y como consecuencia de la pandemia de COVID-19.\u00a0Seg\u00fan el portal especializado en temas de\u00a0aeron\u00e1utica,\u00a0<em>En el aire,<\/em>\u00a0Aeromar ya suma m\u00e1s de 5 mil millones de pesos en deuda, de los cuales, poco m\u00e1s de\u00a0120 millones de pesos se deben en salarios y prestaciones\u00a0no devengadas a sus empleados;\u00a0500 millones de pesos en compromisos al AICM; y m\u00e1s de 74 millones de pesos en adeudos con\u00a0Aeropuertos y Servicios Auxiliares (ASA).<\/p>\n<p>Hay que recordar que a finales de enero, la\u00a0Secretar\u00eda de Marina (SEMAR) resguard\u00f3 los hangares de la aerol\u00ednea ubicada en el AICM.\u00a0<a title=\"Resguardan hangares de Aeromar en el AICM por adeudos\" href=\"https:\/\/www.dev.nitu.mx\/index.php\/2023\/01\/15\/resguardan-hangares-de-aeromar-en-el-aicm-por-adeudos\/\" rel=\"bookmark\">(Resguardan hangares de Aeromar en el AICM por adeudos<\/a>).<\/p>\n<p>En redes sociales circularon im\u00e1genes donde se pueden ver colocados avisos en los mostradores de la aerol\u00ednea en la terminal dos (T2) del AICM, informando que\u00a0los vuelos han sido cancelados.\u00a0En los registros de internet y plataformas de rastreo, los vuelos de la compa\u00f1\u00eda a\u00e9rea se muestran ya como cancelados en todas sus rutas.\u00a0<a title=\"Se despide Aeromar de Chetumal\" href=\"https:\/\/www.dev.nitu.mx\/index.php\/2023\/02\/01\/se-despide-aeromar-de-chetumal\/\" rel=\"bookmark\">(Se despide Aeromar de Chetumal<\/a>).<\/p>\n","protected":false},"excerpt":{"rendered":"<p>Este mi\u00e9rcoles 15 de febrero,\u00a0la aerol\u00ednea Aeromar,\u00a0inform\u00f3 por medio de un comunicado, el cese definitivo de sus operaciones, luego de 35 a\u00f1os de volar ininterrumpidamente en M\u00e9xico, Estados Unidos y Cuba. La\u00a0aerol\u00ednea\u00a0inform\u00f3 que la decisi\u00f3n se tom\u00f3 por una serie de\u00a0problemas financieros\u00a0por los que atraviesa, as\u00ed como la dificultad de cerrar acuerdos con condiciones viables [&hellip;]<\/p>\n","protected":false},"author":2,"featured_media":46726,"comment_status":"open","ping_status":"open","sticky":false,"template":"","format":"standard","meta":{"footnotes":""},"categories":[29],"tags":[473,294,2137,415,5577],"yoast_head":"<!-- This site is optimized with the Yoast SEO plugin v22.2 - https:\/\/yoast.com\/wordpress\/plugins\/seo\/ -->\n<title>Se despide Aeromar; una aerol\u00ednea mexicana m\u00e1s a la quiebra tras 35 a\u00f1os - Nitu - Noticias de la Industria Turistica<\/title>\n<meta name=\"robots\" content=\"index, follow, max-snippet:-1, max-image-preview:large, max-video-preview:-1\" \/>\n<link rel=\"canonical\" href=\"https:\/\/nitu.mx\/index.php\/2023\/02\/16\/se-despide-aeromar-una-aerolinea-mexicana-mas-a-la-quiebra-tras-35-anos\/\" \/>\n<meta name=\"twitter:card\" content=\"summary_large_image\" \/>\n<meta name=\"twitter:title\" content=\"Se despide Aeromar; una aerol\u00ednea mexicana m\u00e1s a la quiebra tras 35 a\u00f1os - Nitu - Noticias de la Industria Turistica\" \/>\n<meta name=\"twitter:description\" content=\"Este mi\u00e9rcoles 15 de febrero,\u00a0la aerol\u00ednea Aeromar,\u00a0inform\u00f3 por medio de un comunicado, el cese definitivo de sus operaciones, luego de 35 a\u00f1os de volar ininterrumpidamente en M\u00e9xico, Estados Unidos y Cuba. La\u00a0aerol\u00ednea\u00a0inform\u00f3 que la decisi\u00f3n se tom\u00f3 por una serie de\u00a0problemas financieros\u00a0por los que atraviesa, as\u00ed como la dificultad de cerrar acuerdos con condiciones viables [&hellip;]\" \/>\n<meta name=\"twitter:image\" content=\"https:\/\/nitu.mx\/wp-content\/uploads\/2020\/09\/Aeromar-Cuba.jpg\" \/>\n<meta name=\"twitter:creator\" content=\"@Arturo_Medina_G\" \/>\n<meta name=\"twitter:site\" content=\"@Arturo_Medina_G\" \/>\n<meta name=\"twitter:label1\" content=\"Escrito por\" \/>\n\t<meta name=\"twitter:data1\" content=\"Arturo Medina\" \/>\n\t<meta name=\"twitter:label2\" content=\"Tiempo de lectura\" \/>\n\t<meta name=\"twitter:data2\" content=\"4 minutos\" \/>\n<script type=\"application\/ld+json\" class=\"yoast-schema-graph\">{\"@context\":\"https:\/\/schema.org\",\"@graph\":[{\"@type\":\"Article\",\"@id\":\"https:\/\/nitu.mx\/index.php\/2023\/02\/16\/se-despide-aeromar-una-aerolinea-mexicana-mas-a-la-quiebra-tras-35-anos\/#article\",\"isPartOf\":{\"@id\":\"https:\/\/nitu.mx\/index.php\/2023\/02\/16\/se-despide-aeromar-una-aerolinea-mexicana-mas-a-la-quiebra-tras-35-anos\/\"},\"author\":{\"name\":\"Arturo Medina\",\"@id\":\"https:\/\/nitu.mx\/#\/schema\/person\/ae7a53426417292d3dd07b45a33e01bc\"},\"headline\":\"Se despide Aeromar; una aerol\u00ednea mexicana m\u00e1s a la quiebra tras 35 a\u00f1os\",\"datePublished\":\"2023-02-16T06:02:51+00:00\",\"dateModified\":\"2023-02-16T06:03:47+00:00\",\"mainEntityOfPage\":{\"@id\":\"https:\/\/nitu.mx\/index.php\/2023\/02\/16\/se-despide-aeromar-una-aerolinea-mexicana-mas-a-la-quiebra-tras-35-anos\/\"},\"wordCount\":780,\"commentCount\":0,\"publisher\":{\"@id\":\"https:\/\/nitu.mx\/#\/schema\/person\/ae7a53426417292d3dd07b45a33e01bc\"},\"image\":{\"@id\":\"https:\/\/nitu.mx\/index.php\/2023\/02\/16\/se-despide-aeromar-una-aerolinea-mexicana-mas-a-la-quiebra-tras-35-anos\/#primaryimage\"},\"thumbnailUrl\":\"https:\/\/nitu.mx\/wp-content\/uploads\/2020\/09\/Aeromar-Cuba.jpg\",\"keywords\":[\"Aeromar\",\"AICM\",\"ASA\",\"ASPA\",\"SEMAR\"],\"articleSection\":[\"Aerol\u00edneas\"],\"inLanguage\":\"es-MX\",\"potentialAction\":[{\"@type\":\"CommentAction\",\"name\":\"Comment\",\"target\":[\"https:\/\/nitu.mx\/index.php\/2023\/02\/16\/se-despide-aeromar-una-aerolinea-mexicana-mas-a-la-quiebra-tras-35-anos\/#respond\"]}]},{\"@type\":\"WebPage\",\"@id\":\"https:\/\/nitu.mx\/index.php\/2023\/02\/16\/se-despide-aeromar-una-aerolinea-mexicana-mas-a-la-quiebra-tras-35-anos\/\",\"url\":\"https:\/\/nitu.mx\/index.php\/2023\/02\/16\/se-despide-aeromar-una-aerolinea-mexicana-mas-a-la-quiebra-tras-35-anos\/\",\"name\":\"Se despide Aeromar; una aerol\u00ednea mexicana m\u00e1s a la quiebra tras 35 a\u00f1os - Nitu - Noticias de la Industria Turistica\",\"isPartOf\":{\"@id\":\"https:\/\/nitu.mx\/#website\"},\"primaryImageOfPage\":{\"@id\":\"https:\/\/nitu.mx\/index.php\/2023\/02\/16\/se-despide-aeromar-una-aerolinea-mexicana-mas-a-la-quiebra-tras-35-anos\/#primaryimage\"},\"image\":{\"@id\":\"https:\/\/nitu.mx\/index.php\/2023\/02\/16\/se-despide-aeromar-una-aerolinea-mexicana-mas-a-la-quiebra-tras-35-anos\/#primaryimage\"},\"thumbnailUrl\":\"https:\/\/nitu.mx\/wp-content\/uploads\/2020\/09\/Aeromar-Cuba.jpg\",\"datePublished\":\"2023-02-16T06:02:51+00:00\",\"dateModified\":\"2023-02-16T06:03:47+00:00\",\"breadcrumb\":{\"@id\":\"https:\/\/nitu.mx\/index.php\/2023\/02\/16\/se-despide-aeromar-una-aerolinea-mexicana-mas-a-la-quiebra-tras-35-anos\/#breadcrumb\"},\"inLanguage\":\"es-MX\",\"potentialAction\":[{\"@type\":\"ReadAction\",\"target\":[\"https:\/\/nitu.mx\/index.php\/2023\/02\/16\/se-despide-aeromar-una-aerolinea-mexicana-mas-a-la-quiebra-tras-35-anos\/\"]}]},{\"@type\":\"ImageObject\",\"inLanguage\":\"es-MX\",\"@id\":\"https:\/\/nitu.mx\/index.php\/2023\/02\/16\/se-despide-aeromar-una-aerolinea-mexicana-mas-a-la-quiebra-tras-35-anos\/#primaryimage\",\"url\":\"https:\/\/nitu.mx\/wp-content\/uploads\/2020\/09\/Aeromar-Cuba.jpg\",\"contentUrl\":\"https:\/\/nitu.mx\/wp-content\/uploads\/2020\/09\/Aeromar-Cuba.jpg\",\"width\":1200,\"height\":675,\"caption\":\"Aeromar\"},{\"@type\":\"BreadcrumbList\",\"@id\":\"https:\/\/nitu.mx\/index.php\/2023\/02\/16\/se-despide-aeromar-una-aerolinea-mexicana-mas-a-la-quiebra-tras-35-anos\/#breadcrumb\",\"itemListElement\":[{\"@type\":\"ListItem\",\"position\":1,\"name\":\"Inicio\",\"item\":\"https:\/\/nitu.mx\/\"},{\"@type\":\"ListItem\",\"position\":2,\"name\":\"Se despide Aeromar; una aerol\u00ednea mexicana m\u00e1s a la quiebra tras 35 a\u00f1os\"}]},{\"@type\":\"WebSite\",\"@id\":\"https:\/\/nitu.mx\/#website\",\"url\":\"https:\/\/nitu.mx\/\",\"name\":\"Nitu - Noticias de la Industria Turistica\",\"description\":\"Noticias de la Industria Turistica\",\"publisher\":{\"@id\":\"https:\/\/nitu.mx\/#\/schema\/person\/ae7a53426417292d3dd07b45a33e01bc\"},\"alternateName\":\"Noticias de la Industria Turistica\",\"potentialAction\":[{\"@type\":\"SearchAction\",\"target\":{\"@type\":\"EntryPoint\",\"urlTemplate\":\"https:\/\/nitu.mx\/?s={search_term_string}\"},\"query-input\":\"required name=search_term_string\"}],\"inLanguage\":\"es-MX\"},{\"@type\":[\"Person\",\"Organization\"],\"@id\":\"https:\/\/nitu.mx\/#\/schema\/person\/ae7a53426417292d3dd07b45a33e01bc\",\"name\":\"Arturo Medina\",\"image\":{\"@type\":\"ImageObject\",\"inLanguage\":\"es-MX\",\"@id\":\"https:\/\/nitu.mx\/#\/schema\/person\/image\/\",\"url\":\"https:\/\/nitu.mx\/wp-content\/uploads\/2024\/04\/4A315622-1904-4D5C-B022-878CDC840E04-90x90-1.jpeg\",\"contentUrl\":\"https:\/\/nitu.mx\/wp-content\/uploads\/2024\/04\/4A315622-1904-4D5C-B022-878CDC840E04-90x90-1.jpeg\",\"width\":90,\"height\":90,\"caption\":\"Arturo Medina\"},\"logo\":{\"@id\":\"https:\/\/nitu.mx\/#\/schema\/person\/image\/\"},\"description\":\"Director NITU.mx, Egresado de la Escuela de Periodismo Carlos Septi\u00e9n Garc\u00eda. Periodista y analista especializado en turismo desde hace 35 a\u00f1os, radicado en Canc\u00fan Q.Roo. arturo@nitu.mx\",\"sameAs\":[\"https:\/\/nitu.mx\",\"https:\/\/www.facebook.com\/NITUmx\/\",\"medinacancun\",\"https:\/\/twitter.com\/@Arturo_Medina_G\"],\"url\":\"https:\/\/nitu.mx\/index.php\/author\/arturo-medina\/\"}]}<\/script>\n<!-- \/ Yoast SEO plugin. -->","yoast_head_json":{"title":"Se despide Aeromar; una aerol\u00ednea mexicana m\u00e1s a la quiebra tras 35 a\u00f1os - Nitu - Noticias de la Industria Turistica","robots":{"index":"index","follow":"follow","max-snippet":"max-snippet:-1","max-image-preview":"max-image-preview:large","max-video-preview":"max-video-preview:-1"},"canonical":"https:\/\/nitu.mx\/index.php\/2023\/02\/16\/se-despide-aeromar-una-aerolinea-mexicana-mas-a-la-quiebra-tras-35-anos\/","twitter_card":"summary_large_image","twitter_title":"Se despide Aeromar; una aerol\u00ednea mexicana m\u00e1s a la quiebra tras 35 a\u00f1os - Nitu - Noticias de la Industria Turistica","twitter_description":"Este mi\u00e9rcoles 15 de febrero,\u00a0la aerol\u00ednea Aeromar,\u00a0inform\u00f3 por medio de un comunicado, el cese definitivo de sus operaciones, luego de 35 a\u00f1os de volar ininterrumpidamente en M\u00e9xico, Estados Unidos y Cuba. La\u00a0aerol\u00ednea\u00a0inform\u00f3 que la decisi\u00f3n se tom\u00f3 por una serie de\u00a0problemas financieros\u00a0por los que atraviesa, as\u00ed como la dificultad de cerrar acuerdos con condiciones viables [&hellip;]","twitter_image":"https:\/\/nitu.mx\/wp-content\/uploads\/2020\/09\/Aeromar-Cuba.jpg","twitter_creator":"@Arturo_Medina_G","twitter_site":"@Arturo_Medina_G","twitter_misc":{"Escrito por":"Arturo Medina","Tiempo de lectura":"4 minutos"},"schema":{"@context":"https:\/\/schema.org","@graph":[{"@type":"Article","@id":"https:\/\/nitu.mx\/index.php\/2023\/02\/16\/se-despide-aeromar-una-aerolinea-mexicana-mas-a-la-quiebra-tras-35-anos\/#article","isPartOf":{"@id":"https:\/\/nitu.mx\/index.php\/2023\/02\/16\/se-despide-aeromar-una-aerolinea-mexicana-mas-a-la-quiebra-tras-35-anos\/"},"author":{"name":"Arturo Medina","@id":"https:\/\/nitu.mx\/#\/schema\/person\/ae7a53426417292d3dd07b45a33e01bc"},"headline":"Se despide Aeromar; una aerol\u00ednea mexicana m\u00e1s a la quiebra tras 35 a\u00f1os","datePublished":"2023-02-16T06:02:51+00:00","dateModified":"2023-02-16T06:03:47+00:00","mainEntityOfPage":{"@id":"https:\/\/nitu.mx\/index.php\/2023\/02\/16\/se-despide-aeromar-una-aerolinea-mexicana-mas-a-la-quiebra-tras-35-anos\/"},"wordCount":780,"commentCount":0,"publisher":{"@id":"https:\/\/nitu.mx\/#\/schema\/person\/ae7a53426417292d3dd07b45a33e01bc"},"image":{"@id":"https:\/\/nitu.mx\/index.php\/2023\/02\/16\/se-despide-aeromar-una-aerolinea-mexicana-mas-a-la-quiebra-tras-35-anos\/#primaryimage"},"thumbnailUrl":"https:\/\/nitu.mx\/wp-content\/uploads\/2020\/09\/Aeromar-Cuba.jpg","keywords":["Aeromar","AICM","ASA","ASPA","SEMAR"],"articleSection":["Aerol\u00edneas"],"inLanguage":"es-MX","potentialAction":[{"@type":"CommentAction","name":"Comment","target":["https:\/\/nitu.mx\/index.php\/2023\/02\/16\/se-despide-aeromar-una-aerolinea-mexicana-mas-a-la-quiebra-tras-35-anos\/#respond"]}]},{"@type":"WebPage","@id":"https:\/\/nitu.mx\/index.php\/2023\/02\/16\/se-despide-aeromar-una-aerolinea-mexicana-mas-a-la-quiebra-tras-35-anos\/","url":"https:\/\/nitu.mx\/index.php\/2023\/02\/16\/se-despide-aeromar-una-aerolinea-mexicana-mas-a-la-quiebra-tras-35-anos\/","name":"Se despide Aeromar; una aerol\u00ednea mexicana m\u00e1s a la quiebra tras 35 a\u00f1os - Nitu - Noticias de la Industria Turistica","isPartOf":{"@id":"https:\/\/nitu.mx\/#website"},"primaryImageOfPage":{"@id":"https:\/\/nitu.mx\/index.php\/2023\/02\/16\/se-despide-aeromar-una-aerolinea-mexicana-mas-a-la-quiebra-tras-35-anos\/#primaryimage"},"image":{"@id":"https:\/\/nitu.mx\/index.php\/2023\/02\/16\/se-despide-aeromar-una-aerolinea-mexicana-mas-a-la-quiebra-tras-35-anos\/#primaryimage"},"thumbnailUrl":"https:\/\/nitu.mx\/wp-content\/uploads\/2020\/09\/Aeromar-Cuba.jpg","datePublished":"2023-02-16T06:02:51+00:00","dateModified":"2023-02-16T06:03:47+00:00","breadcrumb":{"@id":"https:\/\/nitu.mx\/index.php\/2023\/02\/16\/se-despide-aeromar-una-aerolinea-mexicana-mas-a-la-quiebra-tras-35-anos\/#breadcrumb"},"inLanguage":"es-MX","potentialAction":[{"@type":"ReadAction","target":["https:\/\/nitu.mx\/index.php\/2023\/02\/16\/se-despide-aeromar-una-aerolinea-mexicana-mas-a-la-quiebra-tras-35-anos\/"]}]},{"@type":"ImageObject","inLanguage":"es-MX","@id":"https:\/\/nitu.mx\/index.php\/2023\/02\/16\/se-despide-aeromar-una-aerolinea-mexicana-mas-a-la-quiebra-tras-35-anos\/#primaryimage","url":"https:\/\/nitu.mx\/wp-content\/uploads\/2020\/09\/Aeromar-Cuba.jpg","contentUrl":"https:\/\/nitu.mx\/wp-content\/uploads\/2020\/09\/Aeromar-Cuba.jpg","width":1200,"height":675,"caption":"Aeromar"},{"@type":"BreadcrumbList","@id":"https:\/\/nitu.mx\/index.php\/2023\/02\/16\/se-despide-aeromar-una-aerolinea-mexicana-mas-a-la-quiebra-tras-35-anos\/#breadcrumb","itemListElement":[{"@type":"ListItem","position":1,"name":"Inicio","item":"https:\/\/nitu.mx\/"},{"@type":"ListItem","position":2,"name":"Se despide Aeromar; una aerol\u00ednea mexicana m\u00e1s a la quiebra tras 35 a\u00f1os"}]},{"@type":"WebSite","@id":"https:\/\/nitu.mx\/#website","url":"https:\/\/nitu.mx\/","name":"Nitu - Noticias de la Industria Turistica","description":"Noticias de la Industria Turistica","publisher":{"@id":"https:\/\/nitu.mx\/#\/schema\/person\/ae7a53426417292d3dd07b45a33e01bc"},"alternateName":"Noticias de la Industria Turistica","potentialAction":[{"@type":"SearchAction","target":{"@type":"EntryPoint","urlTemplate":"https:\/\/nitu.mx\/?s={search_term_string}"},"query-input":"required name=search_term_string"}],"inLanguage":"es-MX"},{"@type":["Person","Organization"],"@id":"https:\/\/nitu.mx\/#\/schema\/person\/ae7a53426417292d3dd07b45a33e01bc","name":"Arturo Medina","image":{"@type":"ImageObject","inLanguage":"es-MX","@id":"https:\/\/nitu.mx\/#\/schema\/person\/image\/","url":"https:\/\/nitu.mx\/wp-content\/uploads\/2024\/04\/4A315622-1904-4D5C-B022-878CDC840E04-90x90-1.jpeg","contentUrl":"https:\/\/nitu.mx\/wp-content\/uploads\/2024\/04\/4A315622-1904-4D5C-B022-878CDC840E04-90x90-1.jpeg","width":90,"height":90,"caption":"Arturo Medina"},"logo":{"@id":"https:\/\/nitu.mx\/#\/schema\/person\/image\/"},"description":"Director NITU.mx, Egresado de la Escuela de Periodismo Carlos Septi\u00e9n Garc\u00eda. Periodista y analista especializado en turismo desde hace 35 a\u00f1os, radicado en Canc\u00fan Q.Roo. arturo@nitu.mx","sameAs":["https:\/\/nitu.mx","https:\/\/www.facebook.com\/NITUmx\/","medinacancun","https:\/\/twitter.com\/@Arturo_Medina_G"],"url":"https:\/\/nitu.mx\/index.php\/author\/arturo-medina\/"}]}},"views":959,"_links":{"self":[{"href":"https:\/\/nitu.mx\/index.php\/wp-json\/wp\/v2\/posts\/63370"}],"collection":[{"href":"https:\/\/nitu.mx\/index.php\/wp-json\/wp\/v2\/posts"}],"about":[{"href":"https:\/\/nitu.mx\/index.php\/wp-json\/wp\/v2\/types\/post"}],"author":[{"embeddable":true,"href":"https:\/\/nitu.mx\/index.php\/wp-json\/wp\/v2\/users\/2"}],"replies":[{"embeddable":true,"href":"https:\/\/nitu.mx\/index.php\/wp-json\/wp\/v2\/comments?post=63370"}],"version-history":[{"count":3,"href":"https:\/\/nitu.mx\/index.php\/wp-json\/wp\/v2\/posts\/63370\/revisions"}],"predecessor-version":[{"id":63382,"href":"https:\/\/nitu.mx\/index.php\/wp-json\/wp\/v2\/posts\/63370\/revisions\/63382"}],"wp:featuredmedia":[{"embeddable":true,"href":"https:\/\/nitu.mx\/index.php\/wp-json\/wp\/v2\/media\/46726"}],"wp:attachment":[{"href":"https:\/\/nitu.mx\/index.php\/wp-json\/wp\/v2\/media?parent=63370"}],"wp:term":[{"taxonomy":"category","embeddable":true,"href":"https:\/\/nitu.mx\/index.php\/wp-json\/wp\/v2\/categories?post=63370"},{"taxonomy":"post_tag","embeddable":true,"href":"https:\/\/nitu.mx\/index.php\/wp-json\/wp\/v2\/tags?post=63370"}],"curies":[{"name":"wp","href":"https:\/\/api.w.org\/{rel}","templated":true}]}}