{"id":63347,"date":"2023-02-14T00:41:11","date_gmt":"2023-02-14T05:41:11","guid":{"rendered":"https:\/\/www.dev.nitu.mx\/?p=63347"},"modified":"2023-02-14T07:12:30","modified_gmt":"2023-02-14T12:12:30","slug":"victor-manuel-enriquez-toma-protesta-como-presidente-de-conexstur","status":"publish","type":"post","link":"https:\/\/nitu.mx\/index.php\/2023\/02\/14\/victor-manuel-enriquez-toma-protesta-como-presidente-de-conexstur\/","title":{"rendered":"V\u00edctor Manuel Enr\u00edquez toma protesta como presidente de Conexstur"},"content":{"rendered":"<p>V\u00edctor Manuel Enr\u00edquez tom\u00f3 protesta como presidente del Consejo de\u00a0Nacional de Exportadores de Servicios Tur\u00edsticos (Conexstur) para el periodo 2023-2025, sucediendo en el cargo a Verena Knopp, quien estuvo al frente de la asociaci\u00f3n de tour operadores receptivos desde marzo de 2020, justo al declararse la pandemia de Covid-19.<\/p>\n<p>Al asumir su nuevo encargo, Enr\u00edquez coment\u00f3 que tras ocho a\u00f1os de trabajo como tesorero y vicepresidente de Conexstur, los socios lo distinguieron con el honor de dirigir la m\u00e1s importante asociaci\u00f3n de empresas receptivas de M\u00e9xico. &#8220;Estoy listo para iniciar esta etapa que asumo con alegr\u00eda, compromiso y responsabilidad, en Conexstur he encontrado la forma de contribuir y sumar en beneficio del sector tur\u00edstico de nuestro pa\u00eds; creo en el trabajo en equipo, la suma de esfuerzos y objetivos en com\u00fan&#8221;, se\u00f1al\u00f3.<\/p>\n<p>Destac\u00f3 que durante su gesti\u00f3n dar\u00e1 continuidad a lo que cada presidente incorpor\u00f3 en su momento siempre con la intenci\u00f3n de brindar m\u00e1s y mejores servicios a los agremiados, mediante educaci\u00f3n continua a trav\u00e9s de capacitaci\u00f3n; promoci\u00f3n internacional en ferias y road show. &#8220;La sustentabilidad tambi\u00e9n ser\u00e1 una prioridad, varias de nuestras empresas, han eliminado el papel, usamos cilindros o termos para reducir el pl\u00e1stico, pues todos debemos cuidar el medio ambiente&#8221;.<\/p>\n<p>El ahora presidente de Conexstur indic\u00f3 que seguir\u00e1 la creaci\u00f3n de producto tur\u00edstico;\u00a0\u201cThe door to Mexico\u201d tendr\u00e1 nuevas secciones y contenido; m\u00e1s alianzas estrat\u00e9gicas; y fam trips que permitan conocer aquellos rincones, Pueblos M\u00e1gicos y nuevas experiencias que se puedan sumar al abanico de productos; as\u00ed como la contribuci\u00f3n con los estados en convenios, con planes de trabajo puntuales y objetivos que impulsen nuestro crecimiento.<\/p>\n<p>El secretario de Turismo federal, Miguel Torruco Marqu\u00e9s, tom\u00f3 protesta a la nueva Mesa Directiva de Conexstur 2023-2025, y\u00a0destac\u00f3 que el trabajo de los tour operadores receptivos es clave estrat\u00e9gica en la promoci\u00f3n de M\u00e9xico a nivel internacional.<\/p>\n<p>Asegur\u00f3 a los asistentes que en la Secretar\u00eda de Turismo cuentan con un gran aliado para seguir promocionando los destinos mexicanos en el mundo, por lo que hizo extensibles las herramientas con las que cuenta la Sectur en la p\u00e1gina\u00a0DataTur.<\/p>\n<p style=\"font-weight: 400;\">Entre estas herramientas destacan la plataforma\u00a0\u201cDigitalizaci\u00f3n Regional de las Plazas de Vocaci\u00f3n Tur\u00edstica en M\u00e9xico\u201d y el \u201cAn\u00e1lisis de los Ingresos y Estimaci\u00f3n del Impuesto al Hospedaje\u201d, herramientas digitales dise\u00f1adas por Sectur,\u00a0que son de gran apoyo para la toma de decisiones en el sector turismo.<\/p>\n<p style=\"font-weight: 400;\">Torruco reconoci\u00f3 la labor desempe\u00f1ada por Verena Knopp, presidenta saliente de Conexstur, quien ha sido una gran aliada para seguir consolidando a M\u00e9xico como una potencia mundial en el sector tur\u00edstico.<\/p>\n<p>Manifest\u00f3 que tras la exitosa participaci\u00f3n en la Feria Internacional de Turismo 2023, continuar\u00e1 la presencia de M\u00e9xico en\u00a0 las ferias internacionales m\u00e1s importantes de turismo, como es ANATO, en Bogot\u00e1, Colombia; ITB Berl\u00edn, en Alemania, entre otras. Adem\u00e1s explic\u00f3 los productos ancla que se han desarrollado, y los eventos deportivos que se realizar\u00e1n este a\u00f1o en diferentes destinos de nuestro pa\u00eds.<\/p>\n<p style=\"font-weight: 400;\">El titular de Sectur a\u00f1adi\u00f3 que a lo largo del 2023 se difundir\u00e1 la imagen de M\u00e9xico en las ciudades de Phoenix, Miami, Chicago y Nueva York, en Estados Unidos, a trav\u00e9s del programa Operaci\u00f3n Toca Puertas, a fin de mostrar al mundo nuestra riqueza natural y cultural.<\/p>\n<p style=\"font-weight: 400;\">De igual modo a finales de a\u00f1o, se llevar\u00e1 a cabo una gira de trabajo por Beijing, China, para hacer sinergia con autoridades de gobierno, tour operadores, agentes de viajes, representantes de l\u00edneas a\u00e9reas e inversores, a fin de incentivar la llegada de un mayor n\u00famero de turistas de este mercado asi\u00e1tico hacia M\u00e9xico.<\/p>\n<p>Torruco Marqu\u00e9s felicit\u00f3 a V\u00edctor Manuel Enr\u00edquez por asumir esta nueva responsabilidad en su vida profesional, y le dese\u00f3 sea de mucho \u00e9xito en beneficio de esta prestigiada organizaci\u00f3n y del turismo de M\u00e9xico.\u00a0<a title=\"Conexstur elige a V\u00edctor Manuel Enr\u00edquez como su presidente\" href=\"https:\/\/www.dev.nitu.mx\/index.php\/2022\/12\/14\/conexstur-elige-a-victor-manuel-enriquez-como-su-presidente\/\" rel=\"bookmark\">(Conexstur elige a V\u00edctor Manuel Enr\u00edquez como su presidente<\/a>).<\/p>\n<p>En la toma de protesta de la Mesa Directiva de Conexstur tambi\u00e9n estuvieron presentes las secretarias de Turismo de CDMX,\u00a0Nathalie Desplas Puel de Ciudad de M\u00e9xico; Michelle Fridman Hirsch, de Yucat\u00e1n; Aurora Mancilla Castro, de San Luis Potos\u00ed; y Estrella Palacios Dom\u00ednguez, de Sinaloa; as\u00ed como representantes de Sectur de Guanajuato, Estado de M\u00e9xico, presidentes de asociaciones y c\u00e1maras de turismo, empresarios, entre otros.<\/p>\n","protected":false},"excerpt":{"rendered":"<p>V\u00edctor Manuel Enr\u00edquez tom\u00f3 protesta como presidente del Consejo de\u00a0Nacional de Exportadores de Servicios Tur\u00edsticos (Conexstur) para el periodo 2023-2025, sucediendo en el cargo a Verena Knopp, quien estuvo al frente de la asociaci\u00f3n de tour operadores receptivos desde marzo de 2020, justo al declararse la pandemia de Covid-19. Al asumir su nuevo encargo, Enr\u00edquez [&hellip;]<\/p>\n","protected":false},"author":18,"featured_media":63360,"comment_status":"open","ping_status":"open","sticky":false,"template":"","format":"standard","meta":{"footnotes":""},"categories":[3],"tags":[1121,910,93,12751,23707],"yoast_head":"<!-- This site is optimized with the Yoast SEO plugin v22.2 - https:\/\/yoast.com\/wordpress\/plugins\/seo\/ -->\n<title>V\u00edctor Manuel Enr\u00edquez toma protesta como presidente de Conexstur - Nitu - Noticias de la Industria Turistica<\/title>\n<meta name=\"robots\" content=\"index, follow, max-snippet:-1, max-image-preview:large, max-video-preview:-1\" \/>\n<link rel=\"canonical\" href=\"https:\/\/nitu.mx\/index.php\/2023\/02\/14\/victor-manuel-enriquez-toma-protesta-como-presidente-de-conexstur\/\" \/>\n<meta name=\"twitter:card\" content=\"summary_large_image\" \/>\n<meta name=\"twitter:title\" content=\"V\u00edctor Manuel Enr\u00edquez toma protesta como presidente de Conexstur - Nitu - Noticias de la Industria Turistica\" \/>\n<meta name=\"twitter:description\" content=\"V\u00edctor Manuel Enr\u00edquez tom\u00f3 protesta como presidente del Consejo de\u00a0Nacional de Exportadores de Servicios Tur\u00edsticos (Conexstur) para el periodo 2023-2025, sucediendo en el cargo a Verena Knopp, quien estuvo al frente de la asociaci\u00f3n de tour operadores receptivos desde marzo de 2020, justo al declararse la pandemia de Covid-19. Al asumir su nuevo encargo, Enr\u00edquez [&hellip;]\" \/>\n<meta name=\"twitter:image\" content=\"https:\/\/nitu.mx\/wp-content\/uploads\/2023\/02\/Conexstur-Victor-enriquez-presidente.jpg\" \/>\n<meta name=\"twitter:creator\" content=\"@NITUmx\" \/>\n<meta name=\"twitter:site\" content=\"@Arturo_Medina_G\" \/>\n<meta name=\"twitter:label1\" content=\"Escrito por\" \/>\n\t<meta name=\"twitter:data1\" content=\"Guadalupe Sixto\" \/>\n\t<meta name=\"twitter:label2\" content=\"Tiempo de lectura\" \/>\n\t<meta name=\"twitter:data2\" content=\"4 minutos\" \/>\n<script type=\"application\/ld+json\" class=\"yoast-schema-graph\">{\"@context\":\"https:\/\/schema.org\",\"@graph\":[{\"@type\":\"Article\",\"@id\":\"https:\/\/nitu.mx\/index.php\/2023\/02\/14\/victor-manuel-enriquez-toma-protesta-como-presidente-de-conexstur\/#article\",\"isPartOf\":{\"@id\":\"https:\/\/nitu.mx\/index.php\/2023\/02\/14\/victor-manuel-enriquez-toma-protesta-como-presidente-de-conexstur\/\"},\"author\":{\"name\":\"Guadalupe Sixto\",\"@id\":\"https:\/\/nitu.mx\/#\/schema\/person\/3df3082b5e46037e3f13614d28ee0b77\"},\"headline\":\"V\u00edctor Manuel Enr\u00edquez toma protesta como presidente de Conexstur\",\"datePublished\":\"2023-02-14T05:41:11+00:00\",\"dateModified\":\"2023-02-14T12:12:30+00:00\",\"mainEntityOfPage\":{\"@id\":\"https:\/\/nitu.mx\/index.php\/2023\/02\/14\/victor-manuel-enriquez-toma-protesta-como-presidente-de-conexstur\/\"},\"wordCount\":785,\"commentCount\":0,\"publisher\":{\"@id\":\"https:\/\/nitu.mx\/#\/schema\/person\/ae7a53426417292d3dd07b45a33e01bc\"},\"image\":{\"@id\":\"https:\/\/nitu.mx\/index.php\/2023\/02\/14\/victor-manuel-enriquez-toma-protesta-como-presidente-de-conexstur\/#primaryimage\"},\"thumbnailUrl\":\"https:\/\/nitu.mx\/wp-content\/uploads\/2023\/02\/Conexstur-Victor-enriquez-presidente.jpg\",\"keywords\":[\"Conexstur\",\"Miguel Torruco\",\"Sectur\",\"Verena Knopp\",\"V\u00edctor Enr\u00edquez\"],\"articleSection\":[\"Agencias de Viajes\"],\"inLanguage\":\"es-MX\",\"potentialAction\":[{\"@type\":\"CommentAction\",\"name\":\"Comment\",\"target\":[\"https:\/\/nitu.mx\/index.php\/2023\/02\/14\/victor-manuel-enriquez-toma-protesta-como-presidente-de-conexstur\/#respond\"]}]},{\"@type\":\"WebPage\",\"@id\":\"https:\/\/nitu.mx\/index.php\/2023\/02\/14\/victor-manuel-enriquez-toma-protesta-como-presidente-de-conexstur\/\",\"url\":\"https:\/\/nitu.mx\/index.php\/2023\/02\/14\/victor-manuel-enriquez-toma-protesta-como-presidente-de-conexstur\/\",\"name\":\"V\u00edctor Manuel Enr\u00edquez toma protesta como presidente de Conexstur - Nitu - Noticias de la Industria Turistica\",\"isPartOf\":{\"@id\":\"https:\/\/nitu.mx\/#website\"},\"primaryImageOfPage\":{\"@id\":\"https:\/\/nitu.mx\/index.php\/2023\/02\/14\/victor-manuel-enriquez-toma-protesta-como-presidente-de-conexstur\/#primaryimage\"},\"image\":{\"@id\":\"https:\/\/nitu.mx\/index.php\/2023\/02\/14\/victor-manuel-enriquez-toma-protesta-como-presidente-de-conexstur\/#primaryimage\"},\"thumbnailUrl\":\"https:\/\/nitu.mx\/wp-content\/uploads\/2023\/02\/Conexstur-Victor-enriquez-presidente.jpg\",\"datePublished\":\"2023-02-14T05:41:11+00:00\",\"dateModified\":\"2023-02-14T12:12:30+00:00\",\"breadcrumb\":{\"@id\":\"https:\/\/nitu.mx\/index.php\/2023\/02\/14\/victor-manuel-enriquez-toma-protesta-como-presidente-de-conexstur\/#breadcrumb\"},\"inLanguage\":\"es-MX\",\"potentialAction\":[{\"@type\":\"ReadAction\",\"target\":[\"https:\/\/nitu.mx\/index.php\/2023\/02\/14\/victor-manuel-enriquez-toma-protesta-como-presidente-de-conexstur\/\"]}]},{\"@type\":\"ImageObject\",\"inLanguage\":\"es-MX\",\"@id\":\"https:\/\/nitu.mx\/index.php\/2023\/02\/14\/victor-manuel-enriquez-toma-protesta-como-presidente-de-conexstur\/#primaryimage\",\"url\":\"https:\/\/nitu.mx\/wp-content\/uploads\/2023\/02\/Conexstur-Victor-enriquez-presidente.jpg\",\"contentUrl\":\"https:\/\/nitu.mx\/wp-content\/uploads\/2023\/02\/Conexstur-Victor-enriquez-presidente.jpg\",\"width\":1200,\"height\":675},{\"@type\":\"BreadcrumbList\",\"@id\":\"https:\/\/nitu.mx\/index.php\/2023\/02\/14\/victor-manuel-enriquez-toma-protesta-como-presidente-de-conexstur\/#breadcrumb\",\"itemListElement\":[{\"@type\":\"ListItem\",\"position\":1,\"name\":\"Inicio\",\"item\":\"https:\/\/nitu.mx\/\"},{\"@type\":\"ListItem\",\"position\":2,\"name\":\"V\u00edctor Manuel Enr\u00edquez toma protesta como presidente de Conexstur\"}]},{\"@type\":\"WebSite\",\"@id\":\"https:\/\/nitu.mx\/#website\",\"url\":\"https:\/\/nitu.mx\/\",\"name\":\"Nitu - Noticias de la Industria Turistica\",\"description\":\"Noticias de la Industria Turistica\",\"publisher\":{\"@id\":\"https:\/\/nitu.mx\/#\/schema\/person\/ae7a53426417292d3dd07b45a33e01bc\"},\"alternateName\":\"Noticias de la Industria Turistica\",\"potentialAction\":[{\"@type\":\"SearchAction\",\"target\":{\"@type\":\"EntryPoint\",\"urlTemplate\":\"https:\/\/nitu.mx\/?s={search_term_string}\"},\"query-input\":\"required name=search_term_string\"}],\"inLanguage\":\"es-MX\"},{\"@type\":[\"Person\",\"Organization\"],\"@id\":\"https:\/\/nitu.mx\/#\/schema\/person\/ae7a53426417292d3dd07b45a33e01bc\",\"name\":\"Arturo Medina\",\"image\":{\"@type\":\"ImageObject\",\"inLanguage\":\"es-MX\",\"@id\":\"https:\/\/nitu.mx\/#\/schema\/person\/image\/\",\"url\":\"https:\/\/nitu.mx\/wp-content\/uploads\/2024\/04\/4A315622-1904-4D5C-B022-878CDC840E04-90x90-1.jpeg\",\"contentUrl\":\"https:\/\/nitu.mx\/wp-content\/uploads\/2024\/04\/4A315622-1904-4D5C-B022-878CDC840E04-90x90-1.jpeg\",\"width\":90,\"height\":90,\"caption\":\"Arturo Medina\"},\"logo\":{\"@id\":\"https:\/\/nitu.mx\/#\/schema\/person\/image\/\"},\"description\":\"Director NITU.mx, Egresado de la Escuela de Periodismo Carlos Septi\u00e9n Garc\u00eda. Periodista y analista especializado en turismo desde hace 35 a\u00f1os, radicado en Canc\u00fan Q.Roo. arturo@nitu.mx\",\"sameAs\":[\"https:\/\/nitu.mx\",\"https:\/\/www.facebook.com\/NITUmx\/\",\"medinacancun\",\"https:\/\/twitter.com\/@Arturo_Medina_G\"]},{\"@type\":\"Person\",\"@id\":\"https:\/\/nitu.mx\/#\/schema\/person\/3df3082b5e46037e3f13614d28ee0b77\",\"name\":\"Guadalupe Sixto\",\"image\":{\"@type\":\"ImageObject\",\"inLanguage\":\"es-MX\",\"@id\":\"https:\/\/nitu.mx\/#\/schema\/person\/image\/\",\"url\":\"https:\/\/secure.gravatar.com\/avatar\/13914e1b0e1919e91f9539de4dc584c4?s=96&d=mm&r=g\",\"contentUrl\":\"https:\/\/secure.gravatar.com\/avatar\/13914e1b0e1919e91f9539de4dc584c4?s=96&d=mm&r=g\",\"caption\":\"Guadalupe Sixto\"},\"url\":\"https:\/\/nitu.mx\/index.php\/author\/gsixto\/\"}]}<\/script>\n<!-- \/ Yoast SEO plugin. -->","yoast_head_json":{"title":"V\u00edctor Manuel Enr\u00edquez toma protesta como presidente de Conexstur - Nitu - Noticias de la Industria Turistica","robots":{"index":"index","follow":"follow","max-snippet":"max-snippet:-1","max-image-preview":"max-image-preview:large","max-video-preview":"max-video-preview:-1"},"canonical":"https:\/\/nitu.mx\/index.php\/2023\/02\/14\/victor-manuel-enriquez-toma-protesta-como-presidente-de-conexstur\/","twitter_card":"summary_large_image","twitter_title":"V\u00edctor Manuel Enr\u00edquez toma protesta como presidente de Conexstur - Nitu - Noticias de la Industria Turistica","twitter_description":"V\u00edctor Manuel Enr\u00edquez tom\u00f3 protesta como presidente del Consejo de\u00a0Nacional de Exportadores de Servicios Tur\u00edsticos (Conexstur) para el periodo 2023-2025, sucediendo en el cargo a Verena Knopp, quien estuvo al frente de la asociaci\u00f3n de tour operadores receptivos desde marzo de 2020, justo al declararse la pandemia de Covid-19. Al asumir su nuevo encargo, Enr\u00edquez [&hellip;]","twitter_image":"https:\/\/nitu.mx\/wp-content\/uploads\/2023\/02\/Conexstur-Victor-enriquez-presidente.jpg","twitter_creator":"@NITUmx","twitter_site":"@Arturo_Medina_G","twitter_misc":{"Escrito por":"Guadalupe Sixto","Tiempo de lectura":"4 minutos"},"schema":{"@context":"https:\/\/schema.org","@graph":[{"@type":"Article","@id":"https:\/\/nitu.mx\/index.php\/2023\/02\/14\/victor-manuel-enriquez-toma-protesta-como-presidente-de-conexstur\/#article","isPartOf":{"@id":"https:\/\/nitu.mx\/index.php\/2023\/02\/14\/victor-manuel-enriquez-toma-protesta-como-presidente-de-conexstur\/"},"author":{"name":"Guadalupe Sixto","@id":"https:\/\/nitu.mx\/#\/schema\/person\/3df3082b5e46037e3f13614d28ee0b77"},"headline":"V\u00edctor Manuel Enr\u00edquez toma protesta como presidente de Conexstur","datePublished":"2023-02-14T05:41:11+00:00","dateModified":"2023-02-14T12:12:30+00:00","mainEntityOfPage":{"@id":"https:\/\/nitu.mx\/index.php\/2023\/02\/14\/victor-manuel-enriquez-toma-protesta-como-presidente-de-conexstur\/"},"wordCount":785,"commentCount":0,"publisher":{"@id":"https:\/\/nitu.mx\/#\/schema\/person\/ae7a53426417292d3dd07b45a33e01bc"},"image":{"@id":"https:\/\/nitu.mx\/index.php\/2023\/02\/14\/victor-manuel-enriquez-toma-protesta-como-presidente-de-conexstur\/#primaryimage"},"thumbnailUrl":"https:\/\/nitu.mx\/wp-content\/uploads\/2023\/02\/Conexstur-Victor-enriquez-presidente.jpg","keywords":["Conexstur","Miguel Torruco","Sectur","Verena Knopp","V\u00edctor Enr\u00edquez"],"articleSection":["Agencias de Viajes"],"inLanguage":"es-MX","potentialAction":[{"@type":"CommentAction","name":"Comment","target":["https:\/\/nitu.mx\/index.php\/2023\/02\/14\/victor-manuel-enriquez-toma-protesta-como-presidente-de-conexstur\/#respond"]}]},{"@type":"WebPage","@id":"https:\/\/nitu.mx\/index.php\/2023\/02\/14\/victor-manuel-enriquez-toma-protesta-como-presidente-de-conexstur\/","url":"https:\/\/nitu.mx\/index.php\/2023\/02\/14\/victor-manuel-enriquez-toma-protesta-como-presidente-de-conexstur\/","name":"V\u00edctor Manuel Enr\u00edquez toma protesta como presidente de Conexstur - Nitu - Noticias de la Industria Turistica","isPartOf":{"@id":"https:\/\/nitu.mx\/#website"},"primaryImageOfPage":{"@id":"https:\/\/nitu.mx\/index.php\/2023\/02\/14\/victor-manuel-enriquez-toma-protesta-como-presidente-de-conexstur\/#primaryimage"},"image":{"@id":"https:\/\/nitu.mx\/index.php\/2023\/02\/14\/victor-manuel-enriquez-toma-protesta-como-presidente-de-conexstur\/#primaryimage"},"thumbnailUrl":"https:\/\/nitu.mx\/wp-content\/uploads\/2023\/02\/Conexstur-Victor-enriquez-presidente.jpg","datePublished":"2023-02-14T05:41:11+00:00","dateModified":"2023-02-14T12:12:30+00:00","breadcrumb":{"@id":"https:\/\/nitu.mx\/index.php\/2023\/02\/14\/victor-manuel-enriquez-toma-protesta-como-presidente-de-conexstur\/#breadcrumb"},"inLanguage":"es-MX","potentialAction":[{"@type":"ReadAction","target":["https:\/\/nitu.mx\/index.php\/2023\/02\/14\/victor-manuel-enriquez-toma-protesta-como-presidente-de-conexstur\/"]}]},{"@type":"ImageObject","inLanguage":"es-MX","@id":"https:\/\/nitu.mx\/index.php\/2023\/02\/14\/victor-manuel-enriquez-toma-protesta-como-presidente-de-conexstur\/#primaryimage","url":"https:\/\/nitu.mx\/wp-content\/uploads\/2023\/02\/Conexstur-Victor-enriquez-presidente.jpg","contentUrl":"https:\/\/nitu.mx\/wp-content\/uploads\/2023\/02\/Conexstur-Victor-enriquez-presidente.jpg","width":1200,"height":675},{"@type":"BreadcrumbList","@id":"https:\/\/nitu.mx\/index.php\/2023\/02\/14\/victor-manuel-enriquez-toma-protesta-como-presidente-de-conexstur\/#breadcrumb","itemListElement":[{"@type":"ListItem","position":1,"name":"Inicio","item":"https:\/\/nitu.mx\/"},{"@type":"ListItem","position":2,"name":"V\u00edctor Manuel Enr\u00edquez toma protesta como presidente de Conexstur"}]},{"@type":"WebSite","@id":"https:\/\/nitu.mx\/#website","url":"https:\/\/nitu.mx\/","name":"Nitu - Noticias de la Industria Turistica","description":"Noticias de la Industria Turistica","publisher":{"@id":"https:\/\/nitu.mx\/#\/schema\/person\/ae7a53426417292d3dd07b45a33e01bc"},"alternateName":"Noticias de la Industria Turistica","potentialAction":[{"@type":"SearchAction","target":{"@type":"EntryPoint","urlTemplate":"https:\/\/nitu.mx\/?s={search_term_string}"},"query-input":"required name=search_term_string"}],"inLanguage":"es-MX"},{"@type":["Person","Organization"],"@id":"https:\/\/nitu.mx\/#\/schema\/person\/ae7a53426417292d3dd07b45a33e01bc","name":"Arturo Medina","image":{"@type":"ImageObject","inLanguage":"es-MX","@id":"https:\/\/nitu.mx\/#\/schema\/person\/image\/","url":"https:\/\/nitu.mx\/wp-content\/uploads\/2024\/04\/4A315622-1904-4D5C-B022-878CDC840E04-90x90-1.jpeg","contentUrl":"https:\/\/nitu.mx\/wp-content\/uploads\/2024\/04\/4A315622-1904-4D5C-B022-878CDC840E04-90x90-1.jpeg","width":90,"height":90,"caption":"Arturo Medina"},"logo":{"@id":"https:\/\/nitu.mx\/#\/schema\/person\/image\/"},"description":"Director NITU.mx, Egresado de la Escuela de Periodismo Carlos Septi\u00e9n Garc\u00eda. Periodista y analista especializado en turismo desde hace 35 a\u00f1os, radicado en Canc\u00fan Q.Roo. arturo@nitu.mx","sameAs":["https:\/\/nitu.mx","https:\/\/www.facebook.com\/NITUmx\/","medinacancun","https:\/\/twitter.com\/@Arturo_Medina_G"]},{"@type":"Person","@id":"https:\/\/nitu.mx\/#\/schema\/person\/3df3082b5e46037e3f13614d28ee0b77","name":"Guadalupe Sixto","image":{"@type":"ImageObject","inLanguage":"es-MX","@id":"https:\/\/nitu.mx\/#\/schema\/person\/image\/","url":"https:\/\/secure.gravatar.com\/avatar\/13914e1b0e1919e91f9539de4dc584c4?s=96&d=mm&r=g","contentUrl":"https:\/\/secure.gravatar.com\/avatar\/13914e1b0e1919e91f9539de4dc584c4?s=96&d=mm&r=g","caption":"Guadalupe Sixto"},"url":"https:\/\/nitu.mx\/index.php\/author\/gsixto\/"}]}},"views":413,"_links":{"self":[{"href":"https:\/\/nitu.mx\/index.php\/wp-json\/wp\/v2\/posts\/63347"}],"collection":[{"href":"https:\/\/nitu.mx\/index.php\/wp-json\/wp\/v2\/posts"}],"about":[{"href":"https:\/\/nitu.mx\/index.php\/wp-json\/wp\/v2\/types\/post"}],"author":[{"embeddable":true,"href":"https:\/\/nitu.mx\/index.php\/wp-json\/wp\/v2\/users\/18"}],"replies":[{"embeddable":true,"href":"https:\/\/nitu.mx\/index.php\/wp-json\/wp\/v2\/comments?post=63347"}],"version-history":[{"count":1,"href":"https:\/\/nitu.mx\/index.php\/wp-json\/wp\/v2\/posts\/63347\/revisions"}],"predecessor-version":[{"id":63348,"href":"https:\/\/nitu.mx\/index.php\/wp-json\/wp\/v2\/posts\/63347\/revisions\/63348"}],"wp:featuredmedia":[{"embeddable":true,"href":"https:\/\/nitu.mx\/index.php\/wp-json\/wp\/v2\/media\/63360"}],"wp:attachment":[{"href":"https:\/\/nitu.mx\/index.php\/wp-json\/wp\/v2\/media?parent=63347"}],"wp:term":[{"taxonomy":"category","embeddable":true,"href":"https:\/\/nitu.mx\/index.php\/wp-json\/wp\/v2\/categories?post=63347"},{"taxonomy":"post_tag","embeddable":true,"href":"https:\/\/nitu.mx\/index.php\/wp-json\/wp\/v2\/tags?post=63347"}],"curies":[{"name":"wp","href":"https:\/\/api.w.org\/{rel}","templated":true}]}}