{"id":63287,"date":"2023-02-08T00:31:12","date_gmt":"2023-02-08T05:31:12","guid":{"rendered":"https:\/\/www.dev.nitu.mx\/?p=63287"},"modified":"2023-02-08T00:38:58","modified_gmt":"2023-02-08T05:38:58","slug":"caribe-mexicano-abre-exposicion-en-punto-mexico-de-sectur-en-cdmx","status":"publish","type":"post","link":"https:\/\/nitu.mx\/index.php\/2023\/02\/08\/caribe-mexicano-abre-exposicion-en-punto-mexico-de-sectur-en-cdmx\/","title":{"rendered":"Caribe Mexicano abre exposici\u00f3n en Punto M\u00e9xico de Sectur en CDMX"},"content":{"rendered":"<p>La exposici\u00f3n \u201cEl Caribe Mexicano en Punto M\u00e9xico\u201d abri\u00f3 sus puertas en este espacio de la Secretar\u00eda de Turismo federal, con el objetivo de promover\u00a0 la gran riqueza artesanal, cultural, gastron\u00f3mica y tur\u00edstica de Quintana Roo, durante el mes de febrero. La inauguraci\u00f3n de la exposici\u00f3n fue encabezada por el secretario de Turismo, Miguel Torruco Marqu\u00e9s,\u00a0y la gobernadora de Quintana Roo, Mara Lezama Espinosa.<\/p>\n<p>Tambi\u00e9n se dieron cita\u00a0el secretario de Turismo de Quintana Roo, Bernardo Cueto Riestra; la secretaria de Desarrollo Econ\u00f3mico de Quintana Roo, Karla Almanza L\u00f3pez; y del director del Consejo de Promoci\u00f3n Tur\u00edstica de Quintana Roo, Javier Aranda Pedrero; as\u00ed como presidentes municipales y diputados.<\/p>\n<p>El titular de Sectur se\u00f1al\u00f3 que\u00a0\u201cQuintana Roo es una entidad federativa que lo tiene todo, y tal es su importancia que Playacar, Akumal, Canc\u00fan y Playa del Carmen, est\u00e1n entre los 7 destinos tur\u00edsticos del pa\u00eds con mayor ocupaci\u00f3n hotelera, por encima del 70%; el aeropuerto de Canc\u00fan, recibe a m\u00e1s visitantes internacionales que cualquier otra plaza tur\u00edstica nacional; y Cozumel y Mahahual lideran el listado de puertos en costas mexicanas con mayor n\u00famero de arribo de cruceros\u201d.<\/p>\n<p>Resalt\u00f3 acciones como el programa Rutas M\u00e1gicas de Color, que consiste en pintar 140 fachadas de viviendas y 20 murales art\u00edsticos, y con el que se han visto beneficiados los Pueblos M\u00e1gicos de Isla Mujeres y Bacalar, en Quintana Roo. Adem\u00e1s,\u00a0se puso en marcha el programa \u201cBarrios M\u00e1gicos\u201d para aquellos sitios que combinan diversos elementos y los hacen \u00fanicos: historia, cultura, gastronom\u00eda, productos y servicios; siendo el Centro Hist\u00f3rico de Chetumal el primero en ostentar este nombramiento.\u00a0<a title=\"Nombran en Chetumal al primer Barrio M\u00e1gico de M\u00e9xico\" href=\"https:\/\/www.dev.nitu.mx\/index.php\/2022\/11\/30\/nombran-en-chetumal-al-primer-barrio-magico-de-mexico\/\" rel=\"bookmark\">(Nombran en Chetumal al primer Barrio M\u00e1gico de M\u00e9xico<\/a>).<\/p>\n<p style=\"font-weight: 400;\">Torruco Marqu\u00e9s destac\u00f3 el trabajo conjunto entre autoridades de los tres \u00f3rdenes de gobierno y la iniciativa privada para que cada estado desarrolle productos \u201cancla\u201d, con el prop\u00f3sito de ampliar la oferta tur\u00edstica, como es el caso de la \u201cArena Canc\u00fan, Luchatitl\u00e1n\u201d, donde la empresa \u201cTriple A\u201d presentar\u00e1 un espect\u00e1culo ic\u00f3nico de nuestro pa\u00eds, la lucha libre, que ser\u00e1 un motivo m\u00e1s para visitar Canc\u00fan.<\/p>\n<p style=\"font-weight: 400;\">De igual manera, hizo \u00e9nfasis en el fortalecimiento de la conectividad a\u00e9rea en el estado con la ampliaci\u00f3n y remodelaci\u00f3n del aeropuerto de Chetumal, obra terminada en noviembre del 2020, y la construcci\u00f3n del aeropuerto de Tulum, que finalizar\u00e1 en diciembre del 2023.<\/p>\n<p style=\"font-weight: 400;\">Puntualiz\u00f3 la importancia del Tren Maya como detonador econ\u00f3mico en el sureste mexicano, con la mayor inversi\u00f3n en turismo de las \u00faltimas seis d\u00e9cadas, y que a lo largo de 1,525 kil\u00f3metros de v\u00eda f\u00e9rrea dispondr\u00e1 de 21 estaciones y 14 paraderos, llevando progreso a los estados de Yucat\u00e1n, Quintana Roo, Campeche, Tabasco y Chiapas, que poseen un potencial de 117 atractivos tur\u00edsticos de alto impacto.<\/p>\n<p style=\"font-weight: 400;\">Indic\u00f3 que de estas 21 estaciones, 9 estar\u00e1n asentadas en Quintana Roo, espec\u00edficamente en las localidades de Nuevo Xc\u00e1n, Canc\u00fan Aeropuerto, Puerto Morelos, Playa del Carmen, Tulum, Tulum Aeropuerto, Felipe Carrillo Puerto, Bacalar y Chetumal.<\/p>\n<p style=\"font-weight: 400;\">Por su parte, la gobernadora Mara Lezama Espinosa, agradeci\u00f3 al secretario Torruco Marqu\u00e9s por la invitaci\u00f3n para que el estado de Quintana Roo exponga la labor de sus artesanos con ese talento que refleja el orgullo de sus tradiciones, el sentimiento de la cultura ancestral maya que preservan y promueven, incluso m\u00e1s all\u00e1 de nuestras fronteras.<\/p>\n<p style=\"font-weight: 400;\">Distingui\u00f3 que en Punto M\u00e9xico se exhibir\u00e1 talento que trasciende por su impacto cultural, pues son piezas que preservan las tradiciones mayas y proyectan la identidad del estado, ya que todos son objetos que plasman la visi\u00f3n y coraz\u00f3n de las y los artesanos, as\u00ed como dise\u00f1adores quintanarroenses.<\/p>\n<p style=\"font-weight: 400;\">Coment\u00f3 que en Quintana Roo se cuenta con alrededor de 3 mil 200 artesanas y artesanos, y el 80% lo desarrollan mujeres; y coincidi\u00f3 con el secretario Miguel Torruco en la importancia de que los beneficios del turismo lleguen hasta las comunidades.<\/p>\n<p style=\"font-weight: 400;\">\u201cLa actividad artesanal se vuelve familiar,\u00a0crean un patrimonio cultural y art\u00edstico; mezcla de habilidad, conocimiento y talento que pasa de una mano a otra. El Nuevo\u00a0Acuerdo por el Bienestar y Desarrollo de Quintana Roo que promuevo con cada uno de los sectores de la sociedad, contempla un trabajo muy\u00a0estrecho\u00a0con el desarrollo artesanal\u201d, agreg\u00f3.<\/p>\n<p>Precis\u00f3 que en la asignatura de g\u00e9nero su gobierno humanista y progresista impulsa el fortalecimiento econ\u00f3mico de las mujeres, porque deben gozar de libertad de acci\u00f3n econ\u00f3mica, la posibilidad de ser independientes, conducir su negocio y participar activamente en el bienestar y prosperidad de su familia.<\/p>\n<p>Mara Lezama explic\u00f3 que las mujeres artesanas, sus productos de inigualable belleza como los que se exhiben en Punto M\u00e9xico, reciben apoyos que van desde la capacitaci\u00f3n hasta el financiamiento y comercializaci\u00f3n.\u00a0<a title=\"Mara Lezama busca que turismo de cruceros genere prosperidad compartida en Quintana Roo\" href=\"https:\/\/www.dev.nitu.mx\/index.php\/2023\/01\/31\/mara-lezama-busca-que-turismo-de-cruceros-genere-prosperidad-compartida-en-quintana-roo\/\" rel=\"bookmark\">(Mara Lezama busca que turismo de cruceros genere prosperidad compartida en Quintana Roo<\/a>).<\/p>\n<p style=\"font-weight: 400;\">En tanto, Bernardo Cueto Riestra, secretario de Turismo de Quintana Roo, asegur\u00f3 que el espacio Punto M\u00e9xico es la puerta que permitir\u00e1 promocionar y acercar a los amantes del turismo toda la diversidad cultural y bellezas naturales que Quintana Roo ofrece a M\u00e9xico y al mundo.<\/p>\n<p style=\"font-weight: 400;\">Afirm\u00f3 que los asistentes podr\u00e1n encontrar una exposici\u00f3n de las maravillas naturales, culturales, artesanales, gastron\u00f3micas y tur\u00edsticas que ofrecen sus 12 destinos de clase mundial como la Riviera Maya, Canc\u00fan, Cozumel, Holbox; sus 3 Pueblos M\u00e1gicos: Isla Mujeres, Tulum, Bacalar; y el recientemente nombrado Barrio M\u00e1gico Centro Hist\u00f3rico de Chetumal.<\/p>\n<p style=\"font-weight: 400;\">Destac\u00f3 que\u00a0durante la exposici\u00f3n en Punto M\u00e9xico habr\u00e1 muestras gastron\u00f3micas y de artesan\u00edas locales, incluido el bordado, con talleres para la elaboraci\u00f3n de diversos productos representativos de la regi\u00f3n, que estar\u00e1n a la venta, as\u00ed como conferencias y una exposici\u00f3n fotogr\u00e1fica de Bacalar.<\/p>\n<p style=\"font-weight: 400;\">La exposici\u00f3n \u201cEl Caribe Mexicano en Punto M\u00e9xico\u201d\u00a0estar\u00e1 vigente hasta el 24 de febrero en este espacio de\u00a0Sectur, en Av. Presidente Masaryk No. 172, esq. con Hegel, col. Bosques de Chapultepec, alcald\u00eda Miguel Hidalgo, Ciudad de\u00a0M\u00e9xico, en un horario de lunes a s\u00e1bado de 9:00 a 19:00 horas, domingos y d\u00edas festivos de 9:00 a 18:00 horas.<\/p>\n","protected":false},"excerpt":{"rendered":"<p>La exposici\u00f3n \u201cEl Caribe Mexicano en Punto M\u00e9xico\u201d abri\u00f3 sus puertas en este espacio de la Secretar\u00eda de Turismo federal, con el objetivo de promover\u00a0 la gran riqueza artesanal, cultural, gastron\u00f3mica y tur\u00edstica de Quintana Roo, durante el mes de febrero. La inauguraci\u00f3n de la exposici\u00f3n fue encabezada por el secretario de Turismo, Miguel Torruco [&hellip;]<\/p>\n","protected":false},"author":18,"featured_media":63294,"comment_status":"open","ping_status":"open","sticky":false,"template":"","format":"standard","meta":{"footnotes":""},"categories":[18475],"tags":[14028,910,11655,260,93],"yoast_head":"<!-- This site is optimized with the Yoast SEO plugin v22.2 - https:\/\/yoast.com\/wordpress\/plugins\/seo\/ -->\n<title>Caribe Mexicano abre exposici\u00f3n en Punto M\u00e9xico de Sectur en CDMX - Nitu - Noticias de la Industria Turistica<\/title>\n<meta name=\"robots\" content=\"index, follow, max-snippet:-1, max-image-preview:large, max-video-preview:-1\" \/>\n<link rel=\"canonical\" href=\"https:\/\/nitu.mx\/index.php\/2023\/02\/08\/caribe-mexicano-abre-exposicion-en-punto-mexico-de-sectur-en-cdmx\/\" \/>\n<meta name=\"twitter:card\" content=\"summary_large_image\" \/>\n<meta name=\"twitter:title\" content=\"Caribe Mexicano abre exposici\u00f3n en Punto M\u00e9xico de Sectur en CDMX - Nitu - Noticias de la Industria Turistica\" \/>\n<meta name=\"twitter:description\" content=\"La exposici\u00f3n \u201cEl Caribe Mexicano en Punto M\u00e9xico\u201d abri\u00f3 sus puertas en este espacio de la Secretar\u00eda de Turismo federal, con el objetivo de promover\u00a0 la gran riqueza artesanal, cultural, gastron\u00f3mica y tur\u00edstica de Quintana Roo, durante el mes de febrero. La inauguraci\u00f3n de la exposici\u00f3n fue encabezada por el secretario de Turismo, Miguel Torruco [&hellip;]\" \/>\n<meta name=\"twitter:image\" content=\"https:\/\/nitu.mx\/wp-content\/uploads\/2023\/02\/Quintana-Roo-Punto-M\u00e9xico-Sectur.jpg\" \/>\n<meta name=\"twitter:creator\" content=\"@NITUmx\" \/>\n<meta name=\"twitter:site\" content=\"@Arturo_Medina_G\" \/>\n<meta name=\"twitter:label1\" content=\"Escrito por\" \/>\n\t<meta name=\"twitter:data1\" content=\"Guadalupe Sixto\" \/>\n\t<meta name=\"twitter:label2\" content=\"Tiempo de lectura\" \/>\n\t<meta name=\"twitter:data2\" content=\"5 minutos\" \/>\n<script type=\"application\/ld+json\" class=\"yoast-schema-graph\">{\"@context\":\"https:\/\/schema.org\",\"@graph\":[{\"@type\":\"Article\",\"@id\":\"https:\/\/nitu.mx\/index.php\/2023\/02\/08\/caribe-mexicano-abre-exposicion-en-punto-mexico-de-sectur-en-cdmx\/#article\",\"isPartOf\":{\"@id\":\"https:\/\/nitu.mx\/index.php\/2023\/02\/08\/caribe-mexicano-abre-exposicion-en-punto-mexico-de-sectur-en-cdmx\/\"},\"author\":{\"name\":\"Guadalupe Sixto\",\"@id\":\"https:\/\/nitu.mx\/#\/schema\/person\/3df3082b5e46037e3f13614d28ee0b77\"},\"headline\":\"Caribe Mexicano abre exposici\u00f3n en Punto M\u00e9xico de Sectur en CDMX\",\"datePublished\":\"2023-02-08T05:31:12+00:00\",\"dateModified\":\"2023-02-08T05:38:58+00:00\",\"mainEntityOfPage\":{\"@id\":\"https:\/\/nitu.mx\/index.php\/2023\/02\/08\/caribe-mexicano-abre-exposicion-en-punto-mexico-de-sectur-en-cdmx\/\"},\"wordCount\":1067,\"commentCount\":0,\"publisher\":{\"@id\":\"https:\/\/nitu.mx\/#\/schema\/person\/ae7a53426417292d3dd07b45a33e01bc\"},\"image\":{\"@id\":\"https:\/\/nitu.mx\/index.php\/2023\/02\/08\/caribe-mexicano-abre-exposicion-en-punto-mexico-de-sectur-en-cdmx\/#primaryimage\"},\"thumbnailUrl\":\"https:\/\/nitu.mx\/wp-content\/uploads\/2023\/02\/Quintana-Roo-Punto-M\u00e9xico-Sectur.jpg\",\"keywords\":[\"Mara Lezama\",\"Miguel Torruco\",\"Punto M\u00e9xico\",\"Quintana Roo\",\"Sectur\"],\"articleSection\":[\"Caribe Mexicano\"],\"inLanguage\":\"es-MX\",\"potentialAction\":[{\"@type\":\"CommentAction\",\"name\":\"Comment\",\"target\":[\"https:\/\/nitu.mx\/index.php\/2023\/02\/08\/caribe-mexicano-abre-exposicion-en-punto-mexico-de-sectur-en-cdmx\/#respond\"]}]},{\"@type\":\"WebPage\",\"@id\":\"https:\/\/nitu.mx\/index.php\/2023\/02\/08\/caribe-mexicano-abre-exposicion-en-punto-mexico-de-sectur-en-cdmx\/\",\"url\":\"https:\/\/nitu.mx\/index.php\/2023\/02\/08\/caribe-mexicano-abre-exposicion-en-punto-mexico-de-sectur-en-cdmx\/\",\"name\":\"Caribe Mexicano abre exposici\u00f3n en Punto M\u00e9xico de Sectur en CDMX - Nitu - Noticias de la Industria Turistica\",\"isPartOf\":{\"@id\":\"https:\/\/nitu.mx\/#website\"},\"primaryImageOfPage\":{\"@id\":\"https:\/\/nitu.mx\/index.php\/2023\/02\/08\/caribe-mexicano-abre-exposicion-en-punto-mexico-de-sectur-en-cdmx\/#primaryimage\"},\"image\":{\"@id\":\"https:\/\/nitu.mx\/index.php\/2023\/02\/08\/caribe-mexicano-abre-exposicion-en-punto-mexico-de-sectur-en-cdmx\/#primaryimage\"},\"thumbnailUrl\":\"https:\/\/nitu.mx\/wp-content\/uploads\/2023\/02\/Quintana-Roo-Punto-M\u00e9xico-Sectur.jpg\",\"datePublished\":\"2023-02-08T05:31:12+00:00\",\"dateModified\":\"2023-02-08T05:38:58+00:00\",\"breadcrumb\":{\"@id\":\"https:\/\/nitu.mx\/index.php\/2023\/02\/08\/caribe-mexicano-abre-exposicion-en-punto-mexico-de-sectur-en-cdmx\/#breadcrumb\"},\"inLanguage\":\"es-MX\",\"potentialAction\":[{\"@type\":\"ReadAction\",\"target\":[\"https:\/\/nitu.mx\/index.php\/2023\/02\/08\/caribe-mexicano-abre-exposicion-en-punto-mexico-de-sectur-en-cdmx\/\"]}]},{\"@type\":\"ImageObject\",\"inLanguage\":\"es-MX\",\"@id\":\"https:\/\/nitu.mx\/index.php\/2023\/02\/08\/caribe-mexicano-abre-exposicion-en-punto-mexico-de-sectur-en-cdmx\/#primaryimage\",\"url\":\"https:\/\/nitu.mx\/wp-content\/uploads\/2023\/02\/Quintana-Roo-Punto-M\u00e9xico-Sectur.jpg\",\"contentUrl\":\"https:\/\/nitu.mx\/wp-content\/uploads\/2023\/02\/Quintana-Roo-Punto-M\u00e9xico-Sectur.jpg\",\"width\":1200,\"height\":675,\"caption\":\"Caribe Mexicano Punto M\u00e9xico\"},{\"@type\":\"BreadcrumbList\",\"@id\":\"https:\/\/nitu.mx\/index.php\/2023\/02\/08\/caribe-mexicano-abre-exposicion-en-punto-mexico-de-sectur-en-cdmx\/#breadcrumb\",\"itemListElement\":[{\"@type\":\"ListItem\",\"position\":1,\"name\":\"Inicio\",\"item\":\"https:\/\/nitu.mx\/\"},{\"@type\":\"ListItem\",\"position\":2,\"name\":\"Caribe Mexicano abre exposici\u00f3n en Punto M\u00e9xico de Sectur en CDMX\"}]},{\"@type\":\"WebSite\",\"@id\":\"https:\/\/nitu.mx\/#website\",\"url\":\"https:\/\/nitu.mx\/\",\"name\":\"Nitu - Noticias de la Industria Turistica\",\"description\":\"Noticias de la Industria Turistica\",\"publisher\":{\"@id\":\"https:\/\/nitu.mx\/#\/schema\/person\/ae7a53426417292d3dd07b45a33e01bc\"},\"alternateName\":\"Noticias de la Industria Turistica\",\"potentialAction\":[{\"@type\":\"SearchAction\",\"target\":{\"@type\":\"EntryPoint\",\"urlTemplate\":\"https:\/\/nitu.mx\/?s={search_term_string}\"},\"query-input\":\"required name=search_term_string\"}],\"inLanguage\":\"es-MX\"},{\"@type\":[\"Person\",\"Organization\"],\"@id\":\"https:\/\/nitu.mx\/#\/schema\/person\/ae7a53426417292d3dd07b45a33e01bc\",\"name\":\"Arturo Medina\",\"image\":{\"@type\":\"ImageObject\",\"inLanguage\":\"es-MX\",\"@id\":\"https:\/\/nitu.mx\/#\/schema\/person\/image\/\",\"url\":\"https:\/\/nitu.mx\/wp-content\/uploads\/2024\/04\/4A315622-1904-4D5C-B022-878CDC840E04-90x90-1.jpeg\",\"contentUrl\":\"https:\/\/nitu.mx\/wp-content\/uploads\/2024\/04\/4A315622-1904-4D5C-B022-878CDC840E04-90x90-1.jpeg\",\"width\":90,\"height\":90,\"caption\":\"Arturo Medina\"},\"logo\":{\"@id\":\"https:\/\/nitu.mx\/#\/schema\/person\/image\/\"},\"description\":\"Director NITU.mx, Egresado de la Escuela de Periodismo Carlos Septi\u00e9n Garc\u00eda. Periodista y analista especializado en turismo desde hace 35 a\u00f1os, radicado en Canc\u00fan Q.Roo. arturo@nitu.mx\",\"sameAs\":[\"https:\/\/nitu.mx\",\"https:\/\/www.facebook.com\/NITUmx\/\",\"medinacancun\",\"https:\/\/twitter.com\/@Arturo_Medina_G\"]},{\"@type\":\"Person\",\"@id\":\"https:\/\/nitu.mx\/#\/schema\/person\/3df3082b5e46037e3f13614d28ee0b77\",\"name\":\"Guadalupe Sixto\",\"image\":{\"@type\":\"ImageObject\",\"inLanguage\":\"es-MX\",\"@id\":\"https:\/\/nitu.mx\/#\/schema\/person\/image\/\",\"url\":\"https:\/\/secure.gravatar.com\/avatar\/13914e1b0e1919e91f9539de4dc584c4?s=96&d=mm&r=g\",\"contentUrl\":\"https:\/\/secure.gravatar.com\/avatar\/13914e1b0e1919e91f9539de4dc584c4?s=96&d=mm&r=g\",\"caption\":\"Guadalupe Sixto\"},\"url\":\"https:\/\/nitu.mx\/index.php\/author\/gsixto\/\"}]}<\/script>\n<!-- \/ Yoast SEO plugin. -->","yoast_head_json":{"title":"Caribe Mexicano abre exposici\u00f3n en Punto M\u00e9xico de Sectur en CDMX - Nitu - Noticias de la Industria Turistica","robots":{"index":"index","follow":"follow","max-snippet":"max-snippet:-1","max-image-preview":"max-image-preview:large","max-video-preview":"max-video-preview:-1"},"canonical":"https:\/\/nitu.mx\/index.php\/2023\/02\/08\/caribe-mexicano-abre-exposicion-en-punto-mexico-de-sectur-en-cdmx\/","twitter_card":"summary_large_image","twitter_title":"Caribe Mexicano abre exposici\u00f3n en Punto M\u00e9xico de Sectur en CDMX - Nitu - Noticias de la Industria Turistica","twitter_description":"La exposici\u00f3n \u201cEl Caribe Mexicano en Punto M\u00e9xico\u201d abri\u00f3 sus puertas en este espacio de la Secretar\u00eda de Turismo federal, con el objetivo de promover\u00a0 la gran riqueza artesanal, cultural, gastron\u00f3mica y tur\u00edstica de Quintana Roo, durante el mes de febrero. La inauguraci\u00f3n de la exposici\u00f3n fue encabezada por el secretario de Turismo, Miguel Torruco [&hellip;]","twitter_image":"https:\/\/nitu.mx\/wp-content\/uploads\/2023\/02\/Quintana-Roo-Punto-M\u00e9xico-Sectur.jpg","twitter_creator":"@NITUmx","twitter_site":"@Arturo_Medina_G","twitter_misc":{"Escrito por":"Guadalupe Sixto","Tiempo de lectura":"5 minutos"},"schema":{"@context":"https:\/\/schema.org","@graph":[{"@type":"Article","@id":"https:\/\/nitu.mx\/index.php\/2023\/02\/08\/caribe-mexicano-abre-exposicion-en-punto-mexico-de-sectur-en-cdmx\/#article","isPartOf":{"@id":"https:\/\/nitu.mx\/index.php\/2023\/02\/08\/caribe-mexicano-abre-exposicion-en-punto-mexico-de-sectur-en-cdmx\/"},"author":{"name":"Guadalupe Sixto","@id":"https:\/\/nitu.mx\/#\/schema\/person\/3df3082b5e46037e3f13614d28ee0b77"},"headline":"Caribe Mexicano abre exposici\u00f3n en Punto M\u00e9xico de Sectur en CDMX","datePublished":"2023-02-08T05:31:12+00:00","dateModified":"2023-02-08T05:38:58+00:00","mainEntityOfPage":{"@id":"https:\/\/nitu.mx\/index.php\/2023\/02\/08\/caribe-mexicano-abre-exposicion-en-punto-mexico-de-sectur-en-cdmx\/"},"wordCount":1067,"commentCount":0,"publisher":{"@id":"https:\/\/nitu.mx\/#\/schema\/person\/ae7a53426417292d3dd07b45a33e01bc"},"image":{"@id":"https:\/\/nitu.mx\/index.php\/2023\/02\/08\/caribe-mexicano-abre-exposicion-en-punto-mexico-de-sectur-en-cdmx\/#primaryimage"},"thumbnailUrl":"https:\/\/nitu.mx\/wp-content\/uploads\/2023\/02\/Quintana-Roo-Punto-M\u00e9xico-Sectur.jpg","keywords":["Mara Lezama","Miguel Torruco","Punto M\u00e9xico","Quintana Roo","Sectur"],"articleSection":["Caribe Mexicano"],"inLanguage":"es-MX","potentialAction":[{"@type":"CommentAction","name":"Comment","target":["https:\/\/nitu.mx\/index.php\/2023\/02\/08\/caribe-mexicano-abre-exposicion-en-punto-mexico-de-sectur-en-cdmx\/#respond"]}]},{"@type":"WebPage","@id":"https:\/\/nitu.mx\/index.php\/2023\/02\/08\/caribe-mexicano-abre-exposicion-en-punto-mexico-de-sectur-en-cdmx\/","url":"https:\/\/nitu.mx\/index.php\/2023\/02\/08\/caribe-mexicano-abre-exposicion-en-punto-mexico-de-sectur-en-cdmx\/","name":"Caribe Mexicano abre exposici\u00f3n en Punto M\u00e9xico de Sectur en CDMX - Nitu - Noticias de la Industria Turistica","isPartOf":{"@id":"https:\/\/nitu.mx\/#website"},"primaryImageOfPage":{"@id":"https:\/\/nitu.mx\/index.php\/2023\/02\/08\/caribe-mexicano-abre-exposicion-en-punto-mexico-de-sectur-en-cdmx\/#primaryimage"},"image":{"@id":"https:\/\/nitu.mx\/index.php\/2023\/02\/08\/caribe-mexicano-abre-exposicion-en-punto-mexico-de-sectur-en-cdmx\/#primaryimage"},"thumbnailUrl":"https:\/\/nitu.mx\/wp-content\/uploads\/2023\/02\/Quintana-Roo-Punto-M\u00e9xico-Sectur.jpg","datePublished":"2023-02-08T05:31:12+00:00","dateModified":"2023-02-08T05:38:58+00:00","breadcrumb":{"@id":"https:\/\/nitu.mx\/index.php\/2023\/02\/08\/caribe-mexicano-abre-exposicion-en-punto-mexico-de-sectur-en-cdmx\/#breadcrumb"},"inLanguage":"es-MX","potentialAction":[{"@type":"ReadAction","target":["https:\/\/nitu.mx\/index.php\/2023\/02\/08\/caribe-mexicano-abre-exposicion-en-punto-mexico-de-sectur-en-cdmx\/"]}]},{"@type":"ImageObject","inLanguage":"es-MX","@id":"https:\/\/nitu.mx\/index.php\/2023\/02\/08\/caribe-mexicano-abre-exposicion-en-punto-mexico-de-sectur-en-cdmx\/#primaryimage","url":"https:\/\/nitu.mx\/wp-content\/uploads\/2023\/02\/Quintana-Roo-Punto-M\u00e9xico-Sectur.jpg","contentUrl":"https:\/\/nitu.mx\/wp-content\/uploads\/2023\/02\/Quintana-Roo-Punto-M\u00e9xico-Sectur.jpg","width":1200,"height":675,"caption":"Caribe Mexicano Punto M\u00e9xico"},{"@type":"BreadcrumbList","@id":"https:\/\/nitu.mx\/index.php\/2023\/02\/08\/caribe-mexicano-abre-exposicion-en-punto-mexico-de-sectur-en-cdmx\/#breadcrumb","itemListElement":[{"@type":"ListItem","position":1,"name":"Inicio","item":"https:\/\/nitu.mx\/"},{"@type":"ListItem","position":2,"name":"Caribe Mexicano abre exposici\u00f3n en Punto M\u00e9xico de Sectur en CDMX"}]},{"@type":"WebSite","@id":"https:\/\/nitu.mx\/#website","url":"https:\/\/nitu.mx\/","name":"Nitu - Noticias de la Industria Turistica","description":"Noticias de la Industria Turistica","publisher":{"@id":"https:\/\/nitu.mx\/#\/schema\/person\/ae7a53426417292d3dd07b45a33e01bc"},"alternateName":"Noticias de la Industria Turistica","potentialAction":[{"@type":"SearchAction","target":{"@type":"EntryPoint","urlTemplate":"https:\/\/nitu.mx\/?s={search_term_string}"},"query-input":"required name=search_term_string"}],"inLanguage":"es-MX"},{"@type":["Person","Organization"],"@id":"https:\/\/nitu.mx\/#\/schema\/person\/ae7a53426417292d3dd07b45a33e01bc","name":"Arturo Medina","image":{"@type":"ImageObject","inLanguage":"es-MX","@id":"https:\/\/nitu.mx\/#\/schema\/person\/image\/","url":"https:\/\/nitu.mx\/wp-content\/uploads\/2024\/04\/4A315622-1904-4D5C-B022-878CDC840E04-90x90-1.jpeg","contentUrl":"https:\/\/nitu.mx\/wp-content\/uploads\/2024\/04\/4A315622-1904-4D5C-B022-878CDC840E04-90x90-1.jpeg","width":90,"height":90,"caption":"Arturo Medina"},"logo":{"@id":"https:\/\/nitu.mx\/#\/schema\/person\/image\/"},"description":"Director NITU.mx, Egresado de la Escuela de Periodismo Carlos Septi\u00e9n Garc\u00eda. Periodista y analista especializado en turismo desde hace 35 a\u00f1os, radicado en Canc\u00fan Q.Roo. arturo@nitu.mx","sameAs":["https:\/\/nitu.mx","https:\/\/www.facebook.com\/NITUmx\/","medinacancun","https:\/\/twitter.com\/@Arturo_Medina_G"]},{"@type":"Person","@id":"https:\/\/nitu.mx\/#\/schema\/person\/3df3082b5e46037e3f13614d28ee0b77","name":"Guadalupe Sixto","image":{"@type":"ImageObject","inLanguage":"es-MX","@id":"https:\/\/nitu.mx\/#\/schema\/person\/image\/","url":"https:\/\/secure.gravatar.com\/avatar\/13914e1b0e1919e91f9539de4dc584c4?s=96&d=mm&r=g","contentUrl":"https:\/\/secure.gravatar.com\/avatar\/13914e1b0e1919e91f9539de4dc584c4?s=96&d=mm&r=g","caption":"Guadalupe Sixto"},"url":"https:\/\/nitu.mx\/index.php\/author\/gsixto\/"}]}},"views":804,"_links":{"self":[{"href":"https:\/\/nitu.mx\/index.php\/wp-json\/wp\/v2\/posts\/63287"}],"collection":[{"href":"https:\/\/nitu.mx\/index.php\/wp-json\/wp\/v2\/posts"}],"about":[{"href":"https:\/\/nitu.mx\/index.php\/wp-json\/wp\/v2\/types\/post"}],"author":[{"embeddable":true,"href":"https:\/\/nitu.mx\/index.php\/wp-json\/wp\/v2\/users\/18"}],"replies":[{"embeddable":true,"href":"https:\/\/nitu.mx\/index.php\/wp-json\/wp\/v2\/comments?post=63287"}],"version-history":[{"count":1,"href":"https:\/\/nitu.mx\/index.php\/wp-json\/wp\/v2\/posts\/63287\/revisions"}],"predecessor-version":[{"id":63289,"href":"https:\/\/nitu.mx\/index.php\/wp-json\/wp\/v2\/posts\/63287\/revisions\/63289"}],"wp:featuredmedia":[{"embeddable":true,"href":"https:\/\/nitu.mx\/index.php\/wp-json\/wp\/v2\/media\/63294"}],"wp:attachment":[{"href":"https:\/\/nitu.mx\/index.php\/wp-json\/wp\/v2\/media?parent=63287"}],"wp:term":[{"taxonomy":"category","embeddable":true,"href":"https:\/\/nitu.mx\/index.php\/wp-json\/wp\/v2\/categories?post=63287"},{"taxonomy":"post_tag","embeddable":true,"href":"https:\/\/nitu.mx\/index.php\/wp-json\/wp\/v2\/tags?post=63287"}],"curies":[{"name":"wp","href":"https:\/\/api.w.org\/{rel}","templated":true}]}}