{"id":63280,"date":"2023-02-07T23:09:11","date_gmt":"2023-02-08T04:09:11","guid":{"rendered":"https:\/\/www.dev.nitu.mx\/?p=63280"},"modified":"2023-02-08T00:39:33","modified_gmt":"2023-02-08T05:39:33","slug":"pricetravel-holding-comercializara-los-productos-de-universal-park-resorts","status":"publish","type":"post","link":"https:\/\/nitu.mx\/index.php\/2023\/02\/07\/pricetravel-holding-comercializara-los-productos-de-universal-park-resorts\/","title":{"rendered":"PriceTravel Holding comercializar\u00e1 los productos de Universal Park &#038; Resorts"},"content":{"rendered":"<p>PriceTravel Holding firma acuerdo comercial con Universal Parks &amp; Resorts, en el cual el grupo tur\u00edstico se posiciona como la empresa mayorista en Latinoam\u00e9rica que puede vender a trav\u00e9s de sus diferentes unidades de negocio todos los productos de los parques tem\u00e1ticos de Universal con ofertas exclusivas.<\/p>\n<p>Adem\u00e1s, el Holding podr\u00e1 ofrecer el producto Express Pass,\u00a0\u00a0con el cual se pueden evitar las filas regulares de los parques.<\/p>\n<p>Este acuerdo, permite que PriceTravel Holding se conecte a la nueva tecnolog\u00eda de Universal, para ofrecer entradas a los parques Universal Orlando Resort y Universal Studios Hollywood, con el beneficio de tarifas reducidas al reservar una fecha espec\u00edfica; o bien, la compra de entradas sin fecha, lo cual da una mayor flexibilidad\u00a0para\u00a0la\u00a0visita, en la fecha que el cliente decida.<\/p>\n<p>\u201cAgradecidos con Universal Parks &amp; Resorts por la confianza. Al ser hoy, PriceTravel Holding, una empresa de distribuci\u00f3n global con fuerte enfoque en Latinoam\u00e9rica, permiti\u00f3, sin duda, la firma de esta importante alianza comercial y con \u00e9sta, el incremento de nuestro contenido, para seguir ofreciendo producto de diferenciado a nuestros clientes.\u201d, comenta Jorge Restrepo, CEO de PriceTravel Holding.<\/p>\n<p>Los productos Universal Parks &amp; Resorts ser\u00e1n distribuidos a trav\u00e9s de las diferentes unidades de negocios de la compa\u00f1\u00eda: A sus clientes finales con sus marcas PriceTravel.com en M\u00e9xico y TiquetesBaratos.com en Colombia; a sus m\u00e1s de 9,000 agencias de viajes con las marcas Travelinn en M\u00e9xico y PriceAgencies en Colombia, Estados Unidos y Latinoam\u00e9rica. Tambi\u00e9n se ofrecer\u00e1n en su unidad de negocio B2B2C, para los afiliados de la marca B2BTravel Program.<\/p>\n<p>Con este convenio, PriceTravel Holding se compromete a otorgar capacitaci\u00f3n constante; adem\u00e1s, colocar\u00e1 un equipo de expertos en viajes, dedicado para la venta de los productos Universal Parks &amp; Resorts.<\/p>\n<p>Gabriella Cavalheiro,\u00a0Directora de Desarrollo de Negocios para Am\u00e9rica Latina\u00a0de Universal Parks &amp; Resorts concluye: \u201cEstamos muy entusiasmados con esta alianza y confiamos en que PriceTravel Holding nos ayudar\u00e1 a expandir la venta de nuestros productos en toda la regi\u00f3n&#8221;.\u00a0<a title=\"PriceTravel Holding lleva su robusta plataforma de viajes a FITUR\" href=\"https:\/\/www.dev.nitu.mx\/index.php\/2023\/01\/18\/pricetravel-holding-lleva-su-robusta-plataforma-de-viajes-a-fitur\/\" rel=\"bookmark\">(PriceTravel Holding lleva su robusta plataforma de viajes a FITUR<\/a>).<\/p>\n","protected":false},"excerpt":{"rendered":"<p>PriceTravel Holding firma acuerdo comercial con Universal Parks &amp; Resorts, en el cual el grupo tur\u00edstico se posiciona como la empresa mayorista en Latinoam\u00e9rica que puede vender a trav\u00e9s de sus diferentes unidades de negocio todos los productos de los parques tem\u00e1ticos de Universal con ofertas exclusivas. Adem\u00e1s, el Holding podr\u00e1 ofrecer el producto Express [&hellip;]<\/p>\n","protected":false},"author":17,"featured_media":63282,"comment_status":"open","ping_status":"open","sticky":false,"template":"","format":"standard","meta":{"footnotes":""},"categories":[3],"tags":[23767,10682,2840,23766],"yoast_head":"<!-- This site is optimized with the Yoast SEO plugin v22.2 - https:\/\/yoast.com\/wordpress\/plugins\/seo\/ -->\n<title>PriceTravel Holding comercializar\u00e1 los productos de Universal Park &amp; Resorts - Nitu - Noticias de la Industria Turistica<\/title>\n<meta name=\"robots\" content=\"index, follow, max-snippet:-1, max-image-preview:large, max-video-preview:-1\" \/>\n<link rel=\"canonical\" href=\"https:\/\/nitu.mx\/index.php\/2023\/02\/07\/pricetravel-holding-comercializara-los-productos-de-universal-park-resorts\/\" \/>\n<meta name=\"twitter:card\" content=\"summary_large_image\" \/>\n<meta name=\"twitter:title\" content=\"PriceTravel Holding comercializar\u00e1 los productos de Universal Park &amp; Resorts - Nitu - Noticias de la Industria Turistica\" \/>\n<meta name=\"twitter:description\" content=\"PriceTravel Holding firma acuerdo comercial con Universal Parks &amp; Resorts, en el cual el grupo tur\u00edstico se posiciona como la empresa mayorista en Latinoam\u00e9rica que puede vender a trav\u00e9s de sus diferentes unidades de negocio todos los productos de los parques tem\u00e1ticos de Universal con ofertas exclusivas. Adem\u00e1s, el Holding podr\u00e1 ofrecer el producto Express [&hellip;]\" \/>\n<meta name=\"twitter:image\" content=\"https:\/\/nitu.mx\/wp-content\/uploads\/2023\/02\/PriceTravel-Universal-Parks.jpg\" \/>\n<meta name=\"twitter:creator\" content=\"@NITUmx\" \/>\n<meta name=\"twitter:site\" content=\"@Arturo_Medina_G\" \/>\n<meta name=\"twitter:label1\" content=\"Escrito por\" \/>\n\t<meta name=\"twitter:data1\" content=\"Redacci\u00f3n\" \/>\n\t<meta name=\"twitter:label2\" content=\"Tiempo de lectura\" \/>\n\t<meta name=\"twitter:data2\" content=\"2 minutos\" \/>\n<script type=\"application\/ld+json\" class=\"yoast-schema-graph\">{\"@context\":\"https:\/\/schema.org\",\"@graph\":[{\"@type\":\"Article\",\"@id\":\"https:\/\/nitu.mx\/index.php\/2023\/02\/07\/pricetravel-holding-comercializara-los-productos-de-universal-park-resorts\/#article\",\"isPartOf\":{\"@id\":\"https:\/\/nitu.mx\/index.php\/2023\/02\/07\/pricetravel-holding-comercializara-los-productos-de-universal-park-resorts\/\"},\"author\":{\"name\":\"Redacci\u00f3n\",\"@id\":\"https:\/\/nitu.mx\/#\/schema\/person\/4a28fe9bd65924f7c90623773daf1b0b\"},\"headline\":\"PriceTravel Holding comercializar\u00e1 los productos de Universal Park &#038; Resorts\",\"datePublished\":\"2023-02-08T04:09:11+00:00\",\"dateModified\":\"2023-02-08T05:39:33+00:00\",\"mainEntityOfPage\":{\"@id\":\"https:\/\/nitu.mx\/index.php\/2023\/02\/07\/pricetravel-holding-comercializara-los-productos-de-universal-park-resorts\/\"},\"wordCount\":376,\"commentCount\":0,\"publisher\":{\"@id\":\"https:\/\/nitu.mx\/#\/schema\/person\/ae7a53426417292d3dd07b45a33e01bc\"},\"image\":{\"@id\":\"https:\/\/nitu.mx\/index.php\/2023\/02\/07\/pricetravel-holding-comercializara-los-productos-de-universal-park-resorts\/#primaryimage\"},\"thumbnailUrl\":\"https:\/\/nitu.mx\/wp-content\/uploads\/2023\/02\/PriceTravel-Universal-Parks.jpg\",\"keywords\":[\"Gabriella Cavalheiro\",\"Jorge Restrepo\",\"PriceTravel Holding\",\"Universal Parks &amp; Resorts\"],\"articleSection\":[\"Agencias de Viajes\"],\"inLanguage\":\"es-MX\",\"potentialAction\":[{\"@type\":\"CommentAction\",\"name\":\"Comment\",\"target\":[\"https:\/\/nitu.mx\/index.php\/2023\/02\/07\/pricetravel-holding-comercializara-los-productos-de-universal-park-resorts\/#respond\"]}]},{\"@type\":\"WebPage\",\"@id\":\"https:\/\/nitu.mx\/index.php\/2023\/02\/07\/pricetravel-holding-comercializara-los-productos-de-universal-park-resorts\/\",\"url\":\"https:\/\/nitu.mx\/index.php\/2023\/02\/07\/pricetravel-holding-comercializara-los-productos-de-universal-park-resorts\/\",\"name\":\"PriceTravel Holding comercializar\u00e1 los productos de Universal Park & Resorts - Nitu - Noticias de la Industria Turistica\",\"isPartOf\":{\"@id\":\"https:\/\/nitu.mx\/#website\"},\"primaryImageOfPage\":{\"@id\":\"https:\/\/nitu.mx\/index.php\/2023\/02\/07\/pricetravel-holding-comercializara-los-productos-de-universal-park-resorts\/#primaryimage\"},\"image\":{\"@id\":\"https:\/\/nitu.mx\/index.php\/2023\/02\/07\/pricetravel-holding-comercializara-los-productos-de-universal-park-resorts\/#primaryimage\"},\"thumbnailUrl\":\"https:\/\/nitu.mx\/wp-content\/uploads\/2023\/02\/PriceTravel-Universal-Parks.jpg\",\"datePublished\":\"2023-02-08T04:09:11+00:00\",\"dateModified\":\"2023-02-08T05:39:33+00:00\",\"breadcrumb\":{\"@id\":\"https:\/\/nitu.mx\/index.php\/2023\/02\/07\/pricetravel-holding-comercializara-los-productos-de-universal-park-resorts\/#breadcrumb\"},\"inLanguage\":\"es-MX\",\"potentialAction\":[{\"@type\":\"ReadAction\",\"target\":[\"https:\/\/nitu.mx\/index.php\/2023\/02\/07\/pricetravel-holding-comercializara-los-productos-de-universal-park-resorts\/\"]}]},{\"@type\":\"ImageObject\",\"inLanguage\":\"es-MX\",\"@id\":\"https:\/\/nitu.mx\/index.php\/2023\/02\/07\/pricetravel-holding-comercializara-los-productos-de-universal-park-resorts\/#primaryimage\",\"url\":\"https:\/\/nitu.mx\/wp-content\/uploads\/2023\/02\/PriceTravel-Universal-Parks.jpg\",\"contentUrl\":\"https:\/\/nitu.mx\/wp-content\/uploads\/2023\/02\/PriceTravel-Universal-Parks.jpg\",\"width\":1200,\"height\":675,\"caption\":\"PriceTravel Holding\"},{\"@type\":\"BreadcrumbList\",\"@id\":\"https:\/\/nitu.mx\/index.php\/2023\/02\/07\/pricetravel-holding-comercializara-los-productos-de-universal-park-resorts\/#breadcrumb\",\"itemListElement\":[{\"@type\":\"ListItem\",\"position\":1,\"name\":\"Inicio\",\"item\":\"https:\/\/nitu.mx\/\"},{\"@type\":\"ListItem\",\"position\":2,\"name\":\"PriceTravel Holding comercializar\u00e1 los productos de Universal Park &#038; Resorts\"}]},{\"@type\":\"WebSite\",\"@id\":\"https:\/\/nitu.mx\/#website\",\"url\":\"https:\/\/nitu.mx\/\",\"name\":\"Nitu - Noticias de la Industria Turistica\",\"description\":\"Noticias de la Industria Turistica\",\"publisher\":{\"@id\":\"https:\/\/nitu.mx\/#\/schema\/person\/ae7a53426417292d3dd07b45a33e01bc\"},\"alternateName\":\"Noticias de la Industria Turistica\",\"potentialAction\":[{\"@type\":\"SearchAction\",\"target\":{\"@type\":\"EntryPoint\",\"urlTemplate\":\"https:\/\/nitu.mx\/?s={search_term_string}\"},\"query-input\":\"required name=search_term_string\"}],\"inLanguage\":\"es-MX\"},{\"@type\":[\"Person\",\"Organization\"],\"@id\":\"https:\/\/nitu.mx\/#\/schema\/person\/ae7a53426417292d3dd07b45a33e01bc\",\"name\":\"Arturo Medina\",\"image\":{\"@type\":\"ImageObject\",\"inLanguage\":\"es-MX\",\"@id\":\"https:\/\/nitu.mx\/#\/schema\/person\/image\/\",\"url\":\"https:\/\/nitu.mx\/wp-content\/uploads\/2024\/04\/4A315622-1904-4D5C-B022-878CDC840E04-90x90-1.jpeg\",\"contentUrl\":\"https:\/\/nitu.mx\/wp-content\/uploads\/2024\/04\/4A315622-1904-4D5C-B022-878CDC840E04-90x90-1.jpeg\",\"width\":90,\"height\":90,\"caption\":\"Arturo Medina\"},\"logo\":{\"@id\":\"https:\/\/nitu.mx\/#\/schema\/person\/image\/\"},\"description\":\"Director NITU.mx, Egresado de la Escuela de Periodismo Carlos Septi\u00e9n Garc\u00eda. Periodista y analista especializado en turismo desde hace 35 a\u00f1os, radicado en Canc\u00fan Q.Roo. arturo@nitu.mx\",\"sameAs\":[\"https:\/\/nitu.mx\",\"https:\/\/www.facebook.com\/NITUmx\/\",\"medinacancun\",\"https:\/\/twitter.com\/@Arturo_Medina_G\"]},{\"@type\":\"Person\",\"@id\":\"https:\/\/nitu.mx\/#\/schema\/person\/4a28fe9bd65924f7c90623773daf1b0b\",\"name\":\"Redacci\u00f3n\",\"image\":{\"@type\":\"ImageObject\",\"inLanguage\":\"es-MX\",\"@id\":\"https:\/\/nitu.mx\/#\/schema\/person\/image\/\",\"url\":\"https:\/\/secure.gravatar.com\/avatar\/5dd011c8ccfc5cd7e4c81e42252aab38?s=96&d=mm&r=g\",\"contentUrl\":\"https:\/\/secure.gravatar.com\/avatar\/5dd011c8ccfc5cd7e4c81e42252aab38?s=96&d=mm&r=g\",\"caption\":\"Redacci\u00f3n\"},\"url\":\"https:\/\/nitu.mx\/index.php\/author\/redaccion\/\"}]}<\/script>\n<!-- \/ Yoast SEO plugin. -->","yoast_head_json":{"title":"PriceTravel Holding comercializar\u00e1 los productos de Universal Park & Resorts - Nitu - Noticias de la Industria Turistica","robots":{"index":"index","follow":"follow","max-snippet":"max-snippet:-1","max-image-preview":"max-image-preview:large","max-video-preview":"max-video-preview:-1"},"canonical":"https:\/\/nitu.mx\/index.php\/2023\/02\/07\/pricetravel-holding-comercializara-los-productos-de-universal-park-resorts\/","twitter_card":"summary_large_image","twitter_title":"PriceTravel Holding comercializar\u00e1 los productos de Universal Park & Resorts - Nitu - Noticias de la Industria Turistica","twitter_description":"PriceTravel Holding firma acuerdo comercial con Universal Parks &amp; Resorts, en el cual el grupo tur\u00edstico se posiciona como la empresa mayorista en Latinoam\u00e9rica que puede vender a trav\u00e9s de sus diferentes unidades de negocio todos los productos de los parques tem\u00e1ticos de Universal con ofertas exclusivas. Adem\u00e1s, el Holding podr\u00e1 ofrecer el producto Express [&hellip;]","twitter_image":"https:\/\/nitu.mx\/wp-content\/uploads\/2023\/02\/PriceTravel-Universal-Parks.jpg","twitter_creator":"@NITUmx","twitter_site":"@Arturo_Medina_G","twitter_misc":{"Escrito por":"Redacci\u00f3n","Tiempo de lectura":"2 minutos"},"schema":{"@context":"https:\/\/schema.org","@graph":[{"@type":"Article","@id":"https:\/\/nitu.mx\/index.php\/2023\/02\/07\/pricetravel-holding-comercializara-los-productos-de-universal-park-resorts\/#article","isPartOf":{"@id":"https:\/\/nitu.mx\/index.php\/2023\/02\/07\/pricetravel-holding-comercializara-los-productos-de-universal-park-resorts\/"},"author":{"name":"Redacci\u00f3n","@id":"https:\/\/nitu.mx\/#\/schema\/person\/4a28fe9bd65924f7c90623773daf1b0b"},"headline":"PriceTravel Holding comercializar\u00e1 los productos de Universal Park &#038; Resorts","datePublished":"2023-02-08T04:09:11+00:00","dateModified":"2023-02-08T05:39:33+00:00","mainEntityOfPage":{"@id":"https:\/\/nitu.mx\/index.php\/2023\/02\/07\/pricetravel-holding-comercializara-los-productos-de-universal-park-resorts\/"},"wordCount":376,"commentCount":0,"publisher":{"@id":"https:\/\/nitu.mx\/#\/schema\/person\/ae7a53426417292d3dd07b45a33e01bc"},"image":{"@id":"https:\/\/nitu.mx\/index.php\/2023\/02\/07\/pricetravel-holding-comercializara-los-productos-de-universal-park-resorts\/#primaryimage"},"thumbnailUrl":"https:\/\/nitu.mx\/wp-content\/uploads\/2023\/02\/PriceTravel-Universal-Parks.jpg","keywords":["Gabriella Cavalheiro","Jorge Restrepo","PriceTravel Holding","Universal Parks &amp; Resorts"],"articleSection":["Agencias de Viajes"],"inLanguage":"es-MX","potentialAction":[{"@type":"CommentAction","name":"Comment","target":["https:\/\/nitu.mx\/index.php\/2023\/02\/07\/pricetravel-holding-comercializara-los-productos-de-universal-park-resorts\/#respond"]}]},{"@type":"WebPage","@id":"https:\/\/nitu.mx\/index.php\/2023\/02\/07\/pricetravel-holding-comercializara-los-productos-de-universal-park-resorts\/","url":"https:\/\/nitu.mx\/index.php\/2023\/02\/07\/pricetravel-holding-comercializara-los-productos-de-universal-park-resorts\/","name":"PriceTravel Holding comercializar\u00e1 los productos de Universal Park & Resorts - Nitu - Noticias de la Industria Turistica","isPartOf":{"@id":"https:\/\/nitu.mx\/#website"},"primaryImageOfPage":{"@id":"https:\/\/nitu.mx\/index.php\/2023\/02\/07\/pricetravel-holding-comercializara-los-productos-de-universal-park-resorts\/#primaryimage"},"image":{"@id":"https:\/\/nitu.mx\/index.php\/2023\/02\/07\/pricetravel-holding-comercializara-los-productos-de-universal-park-resorts\/#primaryimage"},"thumbnailUrl":"https:\/\/nitu.mx\/wp-content\/uploads\/2023\/02\/PriceTravel-Universal-Parks.jpg","datePublished":"2023-02-08T04:09:11+00:00","dateModified":"2023-02-08T05:39:33+00:00","breadcrumb":{"@id":"https:\/\/nitu.mx\/index.php\/2023\/02\/07\/pricetravel-holding-comercializara-los-productos-de-universal-park-resorts\/#breadcrumb"},"inLanguage":"es-MX","potentialAction":[{"@type":"ReadAction","target":["https:\/\/nitu.mx\/index.php\/2023\/02\/07\/pricetravel-holding-comercializara-los-productos-de-universal-park-resorts\/"]}]},{"@type":"ImageObject","inLanguage":"es-MX","@id":"https:\/\/nitu.mx\/index.php\/2023\/02\/07\/pricetravel-holding-comercializara-los-productos-de-universal-park-resorts\/#primaryimage","url":"https:\/\/nitu.mx\/wp-content\/uploads\/2023\/02\/PriceTravel-Universal-Parks.jpg","contentUrl":"https:\/\/nitu.mx\/wp-content\/uploads\/2023\/02\/PriceTravel-Universal-Parks.jpg","width":1200,"height":675,"caption":"PriceTravel Holding"},{"@type":"BreadcrumbList","@id":"https:\/\/nitu.mx\/index.php\/2023\/02\/07\/pricetravel-holding-comercializara-los-productos-de-universal-park-resorts\/#breadcrumb","itemListElement":[{"@type":"ListItem","position":1,"name":"Inicio","item":"https:\/\/nitu.mx\/"},{"@type":"ListItem","position":2,"name":"PriceTravel Holding comercializar\u00e1 los productos de Universal Park &#038; Resorts"}]},{"@type":"WebSite","@id":"https:\/\/nitu.mx\/#website","url":"https:\/\/nitu.mx\/","name":"Nitu - Noticias de la Industria Turistica","description":"Noticias de la Industria Turistica","publisher":{"@id":"https:\/\/nitu.mx\/#\/schema\/person\/ae7a53426417292d3dd07b45a33e01bc"},"alternateName":"Noticias de la Industria Turistica","potentialAction":[{"@type":"SearchAction","target":{"@type":"EntryPoint","urlTemplate":"https:\/\/nitu.mx\/?s={search_term_string}"},"query-input":"required name=search_term_string"}],"inLanguage":"es-MX"},{"@type":["Person","Organization"],"@id":"https:\/\/nitu.mx\/#\/schema\/person\/ae7a53426417292d3dd07b45a33e01bc","name":"Arturo Medina","image":{"@type":"ImageObject","inLanguage":"es-MX","@id":"https:\/\/nitu.mx\/#\/schema\/person\/image\/","url":"https:\/\/nitu.mx\/wp-content\/uploads\/2024\/04\/4A315622-1904-4D5C-B022-878CDC840E04-90x90-1.jpeg","contentUrl":"https:\/\/nitu.mx\/wp-content\/uploads\/2024\/04\/4A315622-1904-4D5C-B022-878CDC840E04-90x90-1.jpeg","width":90,"height":90,"caption":"Arturo Medina"},"logo":{"@id":"https:\/\/nitu.mx\/#\/schema\/person\/image\/"},"description":"Director NITU.mx, Egresado de la Escuela de Periodismo Carlos Septi\u00e9n Garc\u00eda. Periodista y analista especializado en turismo desde hace 35 a\u00f1os, radicado en Canc\u00fan Q.Roo. arturo@nitu.mx","sameAs":["https:\/\/nitu.mx","https:\/\/www.facebook.com\/NITUmx\/","medinacancun","https:\/\/twitter.com\/@Arturo_Medina_G"]},{"@type":"Person","@id":"https:\/\/nitu.mx\/#\/schema\/person\/4a28fe9bd65924f7c90623773daf1b0b","name":"Redacci\u00f3n","image":{"@type":"ImageObject","inLanguage":"es-MX","@id":"https:\/\/nitu.mx\/#\/schema\/person\/image\/","url":"https:\/\/secure.gravatar.com\/avatar\/5dd011c8ccfc5cd7e4c81e42252aab38?s=96&d=mm&r=g","contentUrl":"https:\/\/secure.gravatar.com\/avatar\/5dd011c8ccfc5cd7e4c81e42252aab38?s=96&d=mm&r=g","caption":"Redacci\u00f3n"},"url":"https:\/\/nitu.mx\/index.php\/author\/redaccion\/"}]}},"views":316,"_links":{"self":[{"href":"https:\/\/nitu.mx\/index.php\/wp-json\/wp\/v2\/posts\/63280"}],"collection":[{"href":"https:\/\/nitu.mx\/index.php\/wp-json\/wp\/v2\/posts"}],"about":[{"href":"https:\/\/nitu.mx\/index.php\/wp-json\/wp\/v2\/types\/post"}],"author":[{"embeddable":true,"href":"https:\/\/nitu.mx\/index.php\/wp-json\/wp\/v2\/users\/17"}],"replies":[{"embeddable":true,"href":"https:\/\/nitu.mx\/index.php\/wp-json\/wp\/v2\/comments?post=63280"}],"version-history":[{"count":1,"href":"https:\/\/nitu.mx\/index.php\/wp-json\/wp\/v2\/posts\/63280\/revisions"}],"predecessor-version":[{"id":63284,"href":"https:\/\/nitu.mx\/index.php\/wp-json\/wp\/v2\/posts\/63280\/revisions\/63284"}],"wp:featuredmedia":[{"embeddable":true,"href":"https:\/\/nitu.mx\/index.php\/wp-json\/wp\/v2\/media\/63282"}],"wp:attachment":[{"href":"https:\/\/nitu.mx\/index.php\/wp-json\/wp\/v2\/media?parent=63280"}],"wp:term":[{"taxonomy":"category","embeddable":true,"href":"https:\/\/nitu.mx\/index.php\/wp-json\/wp\/v2\/categories?post=63280"},{"taxonomy":"post_tag","embeddable":true,"href":"https:\/\/nitu.mx\/index.php\/wp-json\/wp\/v2\/tags?post=63280"}],"curies":[{"name":"wp","href":"https:\/\/api.w.org\/{rel}","templated":true}]}}